{"id":126225,"date":"2026-01-12T13:10:16","date_gmt":"2026-01-12T11:10:16","guid":{"rendered":"https:\/\/factorialhr.com\/blog\/?p=126225"},"modified":"2026-01-12T14:13:08","modified_gmt":"2026-01-12T12:13:08","slug":"minijob","status":"publish","type":"post","link":"https:\/\/factorialhr.de\/blog\/minijob\/","title":{"rendered":"Minijob 2026: Das sollten Arbeitgebende wissen"},"content":{"rendered":"<p>Mit der Einf\u00fchrung der Minijobs im Jahr 2003 im Rahmen der Hartz-IV-Reformen wurde eine flexible Besch\u00e4ftigungsform geschaffen, bei der Arbeitnehmende <strong>seit dem 01.01.2026 bis zu 603 Euro im Monat<\/strong> <strong>steuer- und sozialversicherungsfrei<\/strong> verdienen k\u00f6nnen. Die neue Verdienstgrenze resultiert aus der Erh\u00f6hung des gesetzlichen <a href=\"https:\/\/factorialhr.de\/blog\/mindestlohn-2023\/\">Mindestlohns<\/a> auf 13,90 Euro pro Stunde, die zum ersten Januar 2026 in Kraft trat.<\/p>\n<p>In diesem Beitrag erl\u00e4utern wir alle Neuregelungen und geben einen allgemeinen \u00dcberblick \u00fcber die Besch\u00e4ftigungsform Minijob.<\/p>\n<h2>Kurz erkl\u00e4rt:<\/h2>\n<ol>\n<li><strong>Minijob Erh\u00f6hung 2026<\/strong>: Die Einkommensgrenze wurde am <strong>01. Januar 2026 auf 603 Euro angehoben<\/strong> (2027: 633 Euro). Dies ist auf die Erh\u00f6hung des gesetzlichen Mindestlohns zur\u00fcckzuf\u00fchren.<\/li>\n<li>Minijobs sind f\u00fcr Arbeitnehmende <strong>steuer- und sozialversicherungsfrei,<\/strong> der Arbeitgebende zahlt <strong>Pauschalbeitr\u00e4ge zur Kranken- und Rentenversicherung.<\/strong><\/li>\n<li>F\u00fcr Arbeitgebende sind Minijobs eine kosteng\u00fcnstige und flexible Besch\u00e4ftigungsm\u00f6glichkeit, die insbesondere in der <a href=\"https:\/\/factorialhr.de\/blog\/saisonarbeit\/\">Saisonarbeit<\/a> oder bei Engp\u00e4ssen und Auftragsspitzen von Vorteil ist.<\/li>\n<\/ol>\n<div class=\"factorial-banner inline-banner banner-other category-unternehmensvorschriften-gesetze\"\n    data-banner-id=\"174085\"\n    data-banner-type=\"other\"\n    data-category=\"Unternehmensvorschriften &amp; Gesetze\">\n    <div class=\"banner-content\">\n        <div class=\"banner-text\">\n                            <h4>HR Trends 2026<\/h4>\n            \n                            <p>2026 wir IHR HR-Jahr!  Mit diesen Trends, Expertenmeinungen und Gesetzesupdates sind Sie bestens auf alle Bewegungen im n\u00e4chsten Jahr vorbereitet!<\/p>\n            \n                            <a href=\"https:\/\/factorialhr.de\/vorlagen\/hr-trends-2026\"\n                    class=\"factorial-cta-button not-prose freebie\" data-cta=\"other\" data-cta-position=\"inline-banner\">\n                    Kostenlos herunterladen                <\/a>\n                    <\/div>\n\n        <div class=\"banner-image no-image\">\n            <img decoding=\"async\" src=\"https:\/\/factorialhr.de\/blog\/app\/plugins\/factorial-utilities\/assets\/images\/banners\/inline\/backgrounds\/default_image.svg\" class=\"not-prose\" \/>\n        <\/div>\n    <\/div>\n<\/div>\n<h2>Definition: Was ist ein Minijob?<\/h2>\n<h3><strong>Geringf\u00fcgige Besch\u00e4ftigung<\/strong><\/h3>\n<p>Laut aktuellen <a href=\"https:\/\/www.minijob-zentrale.de\/SharedDocs\/Downloads\/DE\/Quartalsbericht\/2025\/QB_III_2025_PDF?nn=69281542401de22f3aa24bed\" target=\"_blank\" rel=\"noopener\">Daten der Minijob-Zentrale<\/a> (Q3 2025) sind in Deutschland rund 6,9 Millionen Menschen geringf\u00fcgig besch\u00e4ftigt \u2013 davon 6,7 Millionen im gewerblichen Bereich und rund 256.000 in Privathaushalten.<\/p>\n<p>Ein Minijob ist die von den Minijobbenden ausge\u00fcbte Besch\u00e4ftigungsform. Minijobs sind <strong>eine Form<\/strong> der <strong>geringf\u00fcgigen Besch\u00e4ftigung.<\/strong> Gesetzlich sind diese Besch\u00e4ftigungsformen in \u00a7 8 Abs. 1 des Vierten Sozialgesetzbuches (<a href=\"https:\/\/www.gesetze-im-internet.de\/sgb_4\/__8.html\" target=\"_blank\" rel=\"noopener noreferrer\">SGB IV<\/a>) geregelt. Diese Form der Besch\u00e4ftigung ist f\u00fcr Arbeitnehmende <strong>steuer- und sozialversicherungsfrei,<\/strong> w\u00e4hrend Arbeitgebende<strong> Pauschalbeitr\u00e4ge zur Kranken- und Rentenversicherung<\/strong> entrichtet.<\/p>\n<h3><strong>Welche Minijob-Grenze gilt aktuell?<\/strong><\/h3>\n<p>Im Unterschied zu anderen Formen geringf\u00fcgiger Besch\u00e4ftigung ist der Minijob dadurch gekennzeichnet, dass er mit einem monatlichen Arbeitsentgelt <strong>von bis zu 603 Euro (Stand 2026) bzw. 7.236 Euro j\u00e4hrlich<\/strong> oder einer <strong>Arbeitszeit von bis zu 70 Tagen im Kalenderjahr<\/strong> ausge\u00fcbt werden kann.<\/p>\n<h3><strong>Geschichte: Minijob, die geringf\u00fcgige Besch\u00e4ftigung<\/strong><\/h3>\n<p>Eingef\u00fchrt wurde der Minijob im Jahr 2003 im Zuge der Hartz-IV Reformen. Damals lag die H\u00f6chstgrenze des monatlichen Einkommens bei 450 Euro. Lange war der Minijob deshalb auch unter dem Namen <strong>450-Euro-Job<\/strong> bekannt.<\/p>\n<h3><strong>Welche Arten von Minijobs gibt es?<\/strong><\/h3>\n<p>Es gibt zwei Arten von Minijobs. Bei ersterem ist die <strong>H\u00f6he des Einkommens<\/strong> entscheidend, bei letzterem die <strong>Dauer der Besch\u00e4ftigung<\/strong>:<\/p>\n<ul>\n<li><strong>Geringf\u00fcgig entlohnte Besch\u00e4ftigung<\/strong>: Beim 603-Euro-Minijob darf das monatliche Arbeitsentgelt 603 Euro nicht \u00fcberschritten werden (ab 2027: 633 Euro). Aus dem Stundenlohn ergibt sich die zul\u00e4ssige monatliche Arbeitszeit f\u00fcr Minijobbende. Der gesetzliche Mindestlohn gilt auch f\u00fcr Minijobs.<\/li>\n<li><a href=\"https:\/\/factorialhr.de\/blog\/kurzfristige-beschaeftigung\/\">Kurzfristige Besch\u00e4ftigung<\/a>: Bei <strong>kurzfristigen Minijobs<\/strong> darf die Besch\u00e4ftigung innerhalb eines Kalenderjahres 3 Monate oder insgesamt 70 Tage nicht \u00fcberschreiten. Das monatliche Arbeitsentgelt kann variieren.<\/li>\n<\/ul>\n<h3><strong>Was sind typische Beispiele f\u00fcr Minijobs?<\/strong><\/h3>\n<ul>\n<li>Ein Einzelhandelsunternehmen kann Minijobbende einsetzen, um auf das erh\u00f6hte Kundenaufkommen in der Vorweihnachtszeit zu reagieren.<\/li>\n<li>Auch beliebt sind Minijobbende im Saisongesch\u00e4ft. So stellen Restaurants oder Caf\u00e9s h\u00e4ufig mehr Personal ein, um das G\u00e4steaufkommen im Sommer zu bew\u00e4ltigen.<\/li>\n<li>Ein Handwerksbetrieb kann mit Minijobbenden kurzfristige Auftragsspitzen bew\u00e4ltigen.<\/li>\n<\/ul>\n<h2>Wird der Minijob 2026 erh\u00f6ht?: Bis 603 Euro statt 556 Euro (Minijob 2025) abgabefrei verdienen verdienen<\/h2>\n<p>Im neuen Jahr gibt es einige \u00c4nderungen bei den Minijobs. Wir geben einen \u00dcberblick:<\/p>\n<h3><strong>Erh\u00f6hung des gesetzlichen Mindestlohns: Was \u00e4ndert sich 2026 bei den Minijobs?<\/strong><\/h3>\n<p>Am 1. Januar 2026 wurde die Verdienstgrenze von zuvor 556 Euro (Minijob Grenze 2025) f\u00fcr Minijobs auf 603 Euro angehoben. Zum 1. Januar 2027 erfolgt eine weitere Erh\u00f6hung auf 633 Euro. Diese Anstiege erfolgen aufgrund der Erh\u00f6hung des gesetzlichen Mindestlohns auf 13,90 Euro pro Stunde (2026) bzw. 14,60 Euro (2027). Arbeitgebende, die aktuell den Mindestlohn zahlen, m\u00fcssen auch den Verdienst f\u00fcr Minijobbende entsprechend anpassen.<\/p>\n<p><strong>Wichtig beim Mindestlohn im Minijob:<\/strong> Seit Oktober 2022 ist die Verdienstgrenze f\u00fcr Minijobs ein <strong>dynamischer Wert<\/strong>, der <strong>an den gesetzlichen Mindestlohn gekoppelt ist<\/strong>.<\/p>\n<p>Die Berechnung erfolgt nach der Formel: Mindestlohn \u00d7 130 \u00f7 3 (aufgerundet). Das hei\u00dft: Erh\u00f6ht sich der Mindestlohn, steigt automatisch auch die Verdienstgrenze im Minijob.<\/p>\n<p><img decoding=\"async\" class=\"alignnone size-large wp-image-176907\" src=\"https:\/\/factorialhr.de\/wp-content\/uploads\/2024\/02\/12135105\/Verdienstgrenze-Minijob-1024x748.webp\" alt=\"Verdienstgrenze Minijob\" width=\"1024\" height=\"748\" srcset=\"https:\/\/factorialhr.de\/wp-content\/uploads\/2024\/02\/12135105\/Verdienstgrenze-Minijob-1024x748.webp 1024w, https:\/\/factorialhr.de\/wp-content\/uploads\/2024\/02\/12135105\/Verdienstgrenze-Minijob-300x219.webp 300w, https:\/\/factorialhr.de\/wp-content\/uploads\/2024\/02\/12135105\/Verdienstgrenze-Minijob-768x561.webp 768w, https:\/\/factorialhr.de\/wp-content\/uploads\/2024\/02\/12135105\/Verdienstgrenze-Minijob.webp 1500w\" sizes=\"(max-width: 1024px) 100vw, 1024px\" \/><\/p>\n<h3><strong>Minijob: Wie viele Stunden ab 2026?<\/strong><\/h3>\n<p>Bei einem gesetzlichen Mindestlohn von 13,90 Euro pro Stunde k\u00f6nnen Minijobbende\u00a0<strong>rund 43 Stunden im Monat arbeiten<\/strong> (603 Euro : 13,90 = 43,38 Stunden). Dank der dynamischen Anpassung bleibt die maximale Arbeitszeit konstant. Liegt der Stundenlohn \u00fcber dem Mindestlohn, reduziert sich die maximale Arbeitszeit im Minijob entsprechend<\/p>\n<p>Aufgrund der Koppelung von Mindestlohn und Minijob-Verdienstgrenze seit Oktober 2022 bleibt die maximal zul\u00e4ssige Arbeitszeit im Minijob ab dem 1. Januar 2026 konstant. D. h. auch bei einem Mindestlohn von 13,90 Euro pro Stunde k\u00f6nnen weiterhin rund <strong>43 Stunden im Monat gearbeitet werden<\/strong> (603 Euro : 13,90 = 43 Stunden und 23 Minuten).<\/p>\n<p>Gut f\u00fcr Arbeitgebende: Die Umlage U1 (<a href=\"https:\/\/factorialhr.de\/blog\/entgeltfortzahlungsgesetz\/\">Entgeltfortzahlung bei Krankheit<\/a>) sinkt zum 1. Januar 2026 von 1,1 Prozent auf 0,8 Prozent. Die Umlage U2 (Mutterschaft) bleibt unver\u00e4ndert bei 0,22 Prozent. Dies bedeutet f\u00fcr Arbeitgebende eine Kostenentlastung bei der Besch\u00e4ftigung von Minijobbenden.<\/p>\n<h3>Ausblick 2027: Weitere Erh\u00f6hung geplant<\/h3>\n<p>Bereits jetzt steht fest: <strong>Zum 1. Januar 2027<\/strong> erfolgt eine weitere Anhebung der <strong>Minijob-Grenze auf 633 Euro<\/strong> monatlich bzw. 7.596 Euro j\u00e4hrlich. Diese Erh\u00f6hung geht einher mit dem dann geltenden Mindestlohn von 14,60 Euro pro Stunde. Die maximale Arbeitszeit bleibt bei etwa 43 Stunden im Monat konstant. Arbeitgebende sollten ihre <a href=\"https:\/\/factorialhr.de\/blog\/personalplanung\/\">Personalpla\u00adnung<\/a> bereits jetzt auf diese \u00c4nderungen ausrichten und gegebenenfalls <a href=\"https:\/\/factorialhr.de\/blog\/aenderung-von-arbeitsvertraegen\/\">Vertr\u00e4ge<\/a> entsprechend anpassen. Der Midijob-Bereich verschiebt sich dann auf 633,01 bis 2.000 Euro.<\/p>\n<p>Tipp: Mit der <a href=\"https:\/\/factorialhr.de\/\">HR-Software von Factorial<\/a> verwalten Sie alle Vertr\u00e4ge und Dokumente Ihrer Mitarbeitenden zentral, digital und rechtssicher an einem Ort.<\/p>\n<div class=\"factorial-banner inline-banner banner-other category-unternehmensvorschriften-gesetze\"\n    data-banner-id=\"170500\"\n    data-banner-type=\"other\"\n    data-category=\"Unternehmensvorschriften &amp; Gesetze\">\n    <div class=\"banner-content\">\n        <div class=\"banner-text\">\n                            <h4>Eine einzige Plattform f\u00fcr alle Ihre Dokumente<\/h4>\n            \n                            <p>Dokumente einfach anfordern, speichern, bearbeiten &amp; versenden \u2013 f\u00fcr reibungslose Workflows und schnelle Kommunikationswege.<\/p>\n            \n                            <a href=\"https:\/\/factorialhr.de\/dokumentenmanagement\"\n                    class=\"factorial-cta-button not-prose freebie\" data-cta=\"other\" data-cta-position=\"inline-banner\">\n                    Mehr erfahren                <\/a>\n                    <\/div>\n\n        <div class=\"banner-image has-image\">\n            <img decoding=\"async\" src=\"https:\/\/factorialhr.com\/wp-content\/uploads\/2025\/10\/14124441\/doc-sign-for-marketing-banner-1.png\" class=\"not-prose\" \/>\n        <\/div>\n    <\/div>\n<\/div>\n<h3><strong>\u00dcbergangsregeln f\u00fcr fr\u00fchere Midijobbende fallen weg<\/strong><\/h3>\n<p>Seit dem 1. Januar 2026 sind alle Besch\u00e4ftigungen mit einem regelm\u00e4\u00dfigen monatlichen Verdienst bis 603 Euro Minijobs. Der \u00dcbergangsbereich (<a href=\"https:\/\/factorialhr.de\/blog\/midijob\/\">Midijob<\/a>) beginnt bei 603,01 Euro und endet bei 2.000 Euro.<\/p>\n<h3><strong>Exkurs: Was ist ein Midijob?<\/strong><\/h3>\n<p>Ein <strong>Midijob liegt vor<\/strong>, wenn das Arbeitsentgelt durchschnittlich <strong>zwischen 603,01 Euro (ab 2027: 633,01 Euro) und 2.000,00 Euro im Monat betr\u00e4gt<\/strong>. Midijobbende sind <strong>sozialversicherungspflichtig<\/strong> und melden sich <strong>nicht bei der Minijob-Zentrale<\/strong>, sondern bei ihrer <strong>Krankenkasse an<\/strong>. Die Beitr\u00e4ge zur Sozialversicherung sind reduziert und Midijobbende k\u00f6nnen die vollen Leistungen der Kranken-, Pflege- und Arbeitslosenversicherung in Anspruch nehmen. Die reduzierten Beitr\u00e4ge zur Rentenversicherung wirken sich nicht auf die Rentenanspr\u00fcche der Arbeitnehmenden aus.<\/p>\n<p><strong>Wichtig!<\/strong><\/p>\n<p>Durch das Ende der \u00dcbergangsregelungen m\u00fcssen Arbeitgebende neue Meldungen erstellen. Bei einem Verdienst bis 603 Euro im Monat ist die Besch\u00e4ftigung seit 1. Januar 2026 ausschlie\u00dflich bei der Minijob-Zentrale zu melden. Bei einem h\u00f6heren Verdienst als 603 Euro handelt es sich bis zur H\u00f6he von 2.000 Euro um einen Midijob.<\/p>\n<h3><strong>Neue Termine f\u00fcr Beitragszahlungen<\/strong><\/h3>\n<p>Unabh\u00e4ngig davon, ob es sich um einen Minijob oder eine sozialversicherungspflichtige Besch\u00e4ftigung handelt, m\u00fcssen Arbeitgebende bestimmte Fristen f\u00fcr die Abf\u00fchrung der Abgaben und die \u00dcbermittlung der Beitragsnachweise beachten. Die aktuellen Termine f\u00fcr diese Fristen finden Sie auf der <a href=\"https:\/\/magazin.minijob-zentrale.de\/minijobs-2025-aenderungen\/#faelligkeitstermine-fuer-beitragsnachweise-2025\" target=\"_blank\" rel=\"noopener\">Seite der Minijob-Zentrale<\/a>.<\/p>\n<h3><strong>Hinzuverdienst von Rentner*innen<\/strong><\/h3>\n<p>Bezieher*innen einer Altersrente d\u00fcrfen grunds\u00e4tzlich unbegrenzt hinzuverdienen. \u00dcben Sie jedoch einen Minijob mit Verdienstgrenze aus, m\u00fcssen sie die entsprechenden Minijob-Regelungen beachten. Wer einen Minijob mit Verdienstgrenze aus\u00fcbt, darf ab dem 1. Januar 2026 durchschnittlich nicht mehr als 603 Euro im Monat bzw. 7.236 Euro im Jahr verdienen.<\/p>\n<p>F\u00fcr Personen mit teilweiser oder voller Erwerbsminderung gelten Hinzuverdienstgrenzen. Diese Grenzen wurden auch im Jahr 2026 erh\u00f6ht. Die neuen Grenzen finden Sie auf <a href=\"https:\/\/magazin.minijob-zentrale.de\/minijob-rente-hinzuverdienstgrenze-2025\/\" target=\"_blank\" rel=\"noopener\">dieser Seite der Minijiob-Zentrale.<\/a><\/p>\n<p>Wichtige Neuerung: Ab 1. Juli 2026 k\u00f6nnen Minijobbende, die sich von der Rentenversicherungspflicht befreien lie\u00dfen, diese Befreiung einmalig r\u00fcckg\u00e4ngig machen. Der Antrag ist beim Arbeitgebenden zu stellen. Eine erneute Befreiung ist danach nicht mehr m\u00f6glich.<\/p>\n<h3><strong>Wichtig! Rechtskreistrennung Ost\/West entf\u00e4llt<\/strong><\/h3>\n<p>Ab dem 1. Januar 2026 ist bei Beitragsnachweisen <a href=\"https:\/\/www.sbk.org\/arbeitgeberservice\/fachthemen\/beitraege\/beitragsnachweis-rechtskreistrennung-entfaellt\/\" target=\"_blank\" rel=\"noopener\">keine Unterscheidung zwischen den Rechtskreisen Ost und West mehr<\/a> erforderlich. Arbeitgebende mit bisherigen Dauer-Beitragsnachweisen m\u00fcssen ab dem Beitragsmonat Januar 2026 einen neuen Dauer-Beitragsnachweis ohne Rechtskreistrennung einreichen.<\/p>\n<p>Mit Factorial und dem Compliance-Kit k\u00f6nnen Sie sichergehen, dass Sie immer auf dem aktuellen Stand bei den rechtlichen Regelungen rund um <b data-path-to-node=\"1\" data-index-in-node=\"140\">Minijobs und die geringf\u00fcgige Besch\u00e4ftigung sind.<\/b><\/p>\n<div class=\"factorial-banner inline-banner banner-other category-unternehmensvorschriften-gesetze\"\n    data-banner-id=\"174763\"\n    data-banner-type=\"other\"\n    data-category=\"Unternehmensvorschriften &amp; Gesetze\">\n    <div class=\"banner-content\">\n        <div class=\"banner-text\">\n                            <h4>Compliance &amp; Datenschutz 2026<\/h4>\n            \n                            <p>Stellen Sie sicher, dass Ihre Personalprozesse rechtskonform sind! Dieses Kit gibt Ihnen einen \u00dcberblick \u00fcber Gesetze, Tipps und L\u00f6sungen f\u00fcr 2026.<\/p>\n            \n                            <a href=\"https:\/\/factorialhr.de\/vorlagen\/compliance-kit\"\n                    class=\"factorial-cta-button not-prose freebie\" data-cta=\"other\" data-cta-position=\"inline-banner\">\n                    Kostenlos herunterladen                <\/a>\n                    <\/div>\n\n        <div class=\"banner-image no-image\">\n            <img decoding=\"async\" src=\"https:\/\/factorialhr.de\/blog\/app\/plugins\/factorial-utilities\/assets\/images\/banners\/inline\/backgrounds\/default_image.svg\" class=\"not-prose\" \/>\n        <\/div>\n    <\/div>\n<\/div>\n<h2>\u00dcberblick Regeln Minijob \u2013 Welche Grundregeln gelten?<\/h2>\n<p>Nachdem wir nun die wichtigsten \u00c4nderungen ab 2025 erl\u00e4utert haben, nutzen wir die Gelegenheit und stellen die Grundregeln und Besonderheiten von Minijobs f\u00fcr Arbeitgebende vor.<\/p>\n<h3>Verdienstgrenze f\u00fcr Minijobs und Besonderheiten<\/h3>\n<p>Wie bereits oben erw\u00e4hnt, gibt es zwei Arten von Minijobs. Eine Form des Minijobs ist ein sogenannter<strong> Minijob mit Verdienstgrenze<\/strong> und das andere eine sogenannte <strong>kurzfristige Besch\u00e4ftigung.<\/strong><\/p>\n<p>Wir erkl\u00e4ren im Folgenden die Besonderheiten beider Typen.<\/p>\n<h3><strong>Typ 1: Minijob mit Verdienstgrenze<\/strong><\/h3>\n<p>Personen, die einen Minijob mit Verdienstgrenze aus\u00fcben, gehen einer geringf\u00fcgig entlohnten Besch\u00e4ftigung nach. Die entscheidende Einschr\u00e4nkung besteht darin, dass sie durchschnittlich nicht mehr als 603 Euro im Monat (ab 2027: 633 Euro) verdienen d\u00fcrfen. <strong>Arbeitszeit, -dauer und -h\u00e4ufigkeit k\u00f6nnen flexibel gestaltet werden<\/strong>. Unter bestimmten Voraussetzungen k\u00f6nnen auch mehrere Minijobs gleichzeitig ausge\u00fcbt werden. Wann diese Voraussetzungen erf\u00fcllt sind, lesen Sie auf der <a href=\"https:\/\/www.minijob-zentrale.de\/DE\/die-minijobs\/mehrere-jobs\/mehrere-jobs_node.html#:~:text=mehr%20anzeigen-,Mehrere%20Minijobs%20bei%20unterschiedlichen%20Arbeitgebern,520%20Euro%20monatlich%20nicht%20%C3%BCbersteigt.\" target=\"_blank\" rel=\"noopener noreferrer\">Seite der Minijob-Zentrale<\/a>.<\/p>\n<p>(Minijob Knappschaft: Die Minijob-Zentrale ist eine Abteilung der Deutschen Rentenversicherung Knappschaft-Bahn-See)<\/p>\n<p><strong>Minijob als abh\u00e4ngiges Besch\u00e4ftigungsverh\u00e4ltnis<\/strong><\/p>\n<p>Ein Minijob ist ein abh\u00e4ngiges Besch\u00e4ftigungsverh\u00e4ltnis, bei der der Arbeitgebende Ort, Zeit, Dauer und T\u00e4tigkeit bestimmt.<\/p>\n<p><strong>Geringf\u00fcgigkeitsrichtlinien<\/strong><\/p>\n<p>Ob ein Minijob oder eine sozialversicherungspflichtige Besch\u00e4ftigung vorliegt, pr\u00fcfen Arbeitgebende anhand der<strong> Geringf\u00fcgigkeitsrichtlinien.<\/strong> Dabei werden entweder alle Eink\u00fcnfte aus der Besch\u00e4ftigung zur Berechnung des zu erwartenden <a href=\"https:\/\/factorialhr.de\/blog\/lohn\/\">Arbeitsentgelts<\/a> herangezogen oder es wird gepr\u00fcft, ob die Zeitgrenzen eingehalten werden. In den Geringf\u00fcgigkeitsrichtlinien ist genau festgelegt, was Arbeitgebende bei einem Minijob beachten m\u00fcssen.<\/p>\n<p>Die aktuellen Geringf\u00fcgigkeitsrichtlinien finden Sie <a href=\"https:\/\/www.minijob-zentrale.de\/DE\/service\/geringfuegigkeits-richtlinien\/geringfuegigkeits-richtlinien_node.html\" target=\"_blank\" rel=\"noopener\">hier<\/a>.<\/p>\n<h3><strong>Minijobs in Privathaushalten oder im Gewerbe<\/strong><\/h3>\n<p>Minijobbende haben die M\u00f6glichkeit, sowohl in Privathaushalten als auch in Betrieben zu arbeiten. Die Jobs unterscheiden sich nicht nur in den T\u00e4tigkeiten, sondern auch in der Anmeldung und den damit verbundenen Abgaben.<\/p>\n<ol>\n<li><strong>Minijobs in Privathaushalten: <\/strong>Im Haushalt fallen viele Arbeiten an, f\u00fcr die Unterst\u00fctzung ben\u00f6tigt wird. Bei einem Minijob im Privathaushalt muss es sich jedoch um eine <strong>haushaltsnahe T\u00e4tigkeit handeln.<\/strong> Dazu geh\u00f6ren allt\u00e4gliche Arbeiten wie Putzen, Einkaufen, Gartenarbeit oder die Betreuung von Kindern, Pflegebed\u00fcrftigen oder Haustieren. Eine Liste der haushaltsnahen T\u00e4tigkeiten k\u00f6nnen Sie als <a href=\"https:\/\/www.minijob-zentrale.de\/SharedDocs\/Downloads\/DE\/Broschueren_Merkblaetter\/privat\/T%C3%A4tigkeiten_im_Haushaltsscheckverfahren.html?nn=4f6ea982-f627-43a9-8410-6bda7b9289ce\" target=\"_blank\" rel=\"noopener noreferrer\">PDF<\/a> herunterladen.<\/li>\n<li><strong>Minijobs im Gewerbe: <\/strong>Gewerbliche T\u00e4tigkeiten liegen insbesondere dann vor, wenn sie <strong>nicht im Privathaushalt ausge\u00fcbt werden<\/strong>. In diesem Fall sind die Arbeitgebenden Gewerbetreibende. Gewerbliche T\u00e4tigkeiten im Rahmen von Minijobs sind sehr vielf\u00e4ltig. Minijobbende k\u00f6nnen beispielsweise im Einzelhandel aushelfen, in der Gastronomie arbeiten, bei industriellen Fertigungsprozessen mithelfen oder im kaufm\u00e4nnischen Bereich unterst\u00fctzen. Bei gewerblichen Minijobs tr\u00e4gt der Arbeitgebende den gr\u00f6\u00dften Teil der Abgaben. Dazu geh\u00f6ren pauschale Beitr\u00e4ge zur Kranken- und Rentenversicherung, Umlagen sowie Steuern an die Minijob-Zentrale. Dar\u00fcber hinaus sind Beitr\u00e4ge zur Unfallversicherung an den Unfallversicherungstr\u00e4ger zu entrichten.<\/li>\n<\/ol>\n<p>Ein wesentlicher Unterschied zwischen beiden Formen ist, dass die <strong>Abgaben f\u00fcr Minijobs im Haushalt deutlich reduziert sind.<\/strong> Zudem ist die Anmeldung f\u00fcr Minijobs im Haushalt unkomplizierter.<\/p>\n<h3><strong>Typ 2: Die kurzfristige Besch\u00e4ftigung<\/strong><\/h3>\n<p>Eine kurzfristige Besch\u00e4ftigung darf<strong> innerhalb eines Kalenderjahres drei Monate oder 70 Arbeitstage nicht \u00fcberschreiten.<\/strong> Die Besch\u00e4ftigung darf also nicht dauernd oder regelm\u00e4\u00dfig, sondern nur gelegentlich ausge\u00fcbt werden. Die H\u00f6he des Verdienstes spielt dabei keine Rolle.<\/p>\n<p>Es ist zudem m\u00f6glich, mehrere kurzfristige Besch\u00e4ftigungen nebeneinander auszu\u00fcben. Dabei gilt jedoch: Alle Zeiten werden zusammengerechnet.<\/p>\n<p><strong>Kurzfristige oder berufsm\u00e4\u00dfige Besch\u00e4ftigung?<\/strong><\/p>\n<p><strong>Kurzfristige Besch\u00e4ftigungen sind zeitlich begrenzt<\/strong> und d\u00fcrfen <strong>daher nicht die Haupteinnahmequelle<\/strong> einer Person sein, mit der sie ihren Lebensunterhalt bestreitet. Andernfalls w\u00fcrde es sich um eine regul\u00e4re Erwerbst\u00e4tigkeit handeln. Typische Beispiele f\u00fcr kurzfristige Besch\u00e4ftigungsverh\u00e4ltnisse sind Aushilfskr\u00e4fte bei Produktionsspitzen in der Industrie oder in der Landwirtschaft \u2013 zum Beispiel Erntehelfer*innen.<\/p>\n<p>Bei kurzfristigen Besch\u00e4ftigungen gibt es zwar grunds\u00e4tzlich keine Verdienstgrenzen. Verdienen Minijobbende aber mehr als 603 Euro monatlich, m\u00fcssen Arbeitgebende pr\u00fcfen, ob die Besch\u00e4ftigung berufsm\u00e4\u00dfig ausge\u00fcbt wird.<\/p>\n<p>Sonderregelung Landwirtschaft: F\u00fcr landwirtschaftliche Betriebe gelten ab dem 1. Januar 2026 erweiterte Zeitgrenzen von 15 Wochen oder 90 Arbeitstagen (statt 3 Monate\/70 Tage; Quelle: <a href=\"https:\/\/www.deutsche-rentenversicherung.de\/SharedDocs\/Downloads\/DE\/Fachliteratur_Kommentare_Gesetzestexte\/summa_summarum\/rundschreiben\/2026\/geringfuegigkeits-richtlinien.html\" target=\"_blank\" rel=\"noopener\">Deutsche Rentenversicherung<\/a>).<\/p>\n<h4><strong>Wichtig:<\/strong><\/h4>\n<p>Die kurzfristige Besch\u00e4ftigung ist automatisch nicht berufsm\u00e4\u00dfig, wenn Minijobbende:<\/p>\n<ul>\n<li>eine Hauptbesch\u00e4ftigung aus\u00fcben<\/li>\n<li>eine selbstst\u00e4ndige T\u00e4tigkeit aus\u00fcben<\/li>\n<li>ein freiwilliges soziales oder \u00f6kologisches Jahr leisten<\/li>\n<li>einen Bundesfreiwilligendienst leisten<\/li>\n<li>Vorruhestandsgeld beziehen.<\/li>\n<\/ul>\n<p>Tipp: Behalten Sie die Arbeitszeiten Ihrer Mitarbeitenden stets im Blick. Mit dem <a href=\"https:\/\/factorialhr.de\/arbeitszeit-verwaltung\" target=\"_blank\" rel=\"noopener\">Zeitmanagement-Tool von Factorial<\/a> erkennen Sie sofort, wenn Minijobbende oder andere Angestellte zu viele Stunden leisten.<\/p>\n<p><a href=\"https:\/\/factorialhr.de\/arbeitszeit-verwaltung\"><img decoding=\"async\" class=\"alignnone size-large wp-image-168629\" src=\"https:\/\/factorialhr.de\/wp-content\/uploads\/2025\/09\/15170735\/time-tracking-app-product-screen-1024x651.webp\" alt=\"time tracking app product screen\" width=\"1024\" height=\"651\" srcset=\"https:\/\/factorialhr.de\/wp-content\/uploads\/2025\/09\/15170735\/time-tracking-app-product-screen-1024x651.webp 1024w, https:\/\/factorialhr.de\/wp-content\/uploads\/2025\/09\/15170735\/time-tracking-app-product-screen-300x191.webp 300w, https:\/\/factorialhr.de\/wp-content\/uploads\/2025\/09\/15170735\/time-tracking-app-product-screen-768x488.webp 768w, https:\/\/factorialhr.de\/wp-content\/uploads\/2025\/09\/15170735\/time-tracking-app-product-screen-1536x976.webp 1536w, https:\/\/factorialhr.de\/wp-content\/uploads\/2025\/09\/15170735\/time-tracking-app-product-screen.webp 1800w\" sizes=\"(max-width: 1024px) 100vw, 1024px\" \/><\/a><\/p>\n<h2>Minijobbende einstellen: Rentenversicherungsbeitrag und Krankenversicherungsbeitrag<\/h2>\n<h3><strong>Minijob: Rentenversicherung, Krankenversicherung und weitere Versicherungen<\/strong><\/h3>\n<p>Die H\u00f6he der Abgaben h\u00e4ngt davon ab, ob es sich um einen Minijob mit Verdienstgrenze oder um eine kurzfristige Besch\u00e4ftigung handelt. Au\u00dferdem unterscheiden sich die Abgaben je nachdem, ob es ein Minijob im Haushalt oder im Gewerbe ist.<\/p>\n<h4><strong>Minijob: Kosten f\u00fcr Arbeitgebende<\/strong><\/h4>\n<ol>\n<li><strong>Minijob mit Verdienstgrenze<br \/>\n<\/strong><strong>a.) Minijob im Privathaushalt: <\/strong>Hier gilt eine Rentenversicherungspflicht. Arbeitgebende zahlen einen Anteil von 5 Prozent, die Minijobbenden einen Eigenanteil von 13,6 Prozent. Dar\u00fcber hinaus zahlen Arbeitgebende einen Pauschalbeitrag von 5 Prozent in die Krankenversicherung ein.<br \/>\n<strong>b.) Minijob im Gewerbe: <\/strong>Auch hier gilt eine Rentenversicherungspflicht. Arbeitgebende zahlen einen Anteil von 15 Prozent, die Minijobbenden einen Eigenanteil von 3,6 Prozent.<\/li>\n<li><strong>Minijob als kurzfristige Besch\u00e4ftigung<br \/>\n<\/strong><strong>a.) Minijob im Privathaushalt: <\/strong>Diese Form ist sozialversicherungsfrei.<br \/>\n<strong>b.) Minijob im Gewerbe: <\/strong>Diese Form ist nicht rentenversicherungs- und krankenversicherungspflichtig. Auch zahlen weder Arbeitgebende noch Minijobbende Beitr\u00e4ge f\u00fcr Arbeitslosen- oder Pflegeversicherung. Aber: Arbeitgebende leisten f\u00fcr Minijobbende im Gewerbe in der kurzfristigen Besch\u00e4ftigung Abgaben an die Unfallversicherung. Die Anmeldung bei einer Unfallversicherung ist Pflicht.<\/li>\n<\/ol>\n<p><strong>Befreiung von der Rentenversicherung im Minijob:<\/strong> Eine Befreiung von der Beitragspflicht f\u00fcr Minijobbende ist m\u00f6glich. Dies sollte aber zuvor bei der <a href=\"https:\/\/www.minijob-zentrale.de\/DE\/die-minijobs\/rentenversicherungspflicht\/rentenversicherungspflicht_node.html#doc4b388a6a-85f8-44ad-b260-c5d97de1d15fbodyText4\" target=\"_blank\" rel=\"noopener noreferrer\">Minijob-Zentrale<\/a> abgekl\u00e4rt werden.<\/p>\n<h3><strong>Besonderheit: Minijob und Krankenversicherung<\/strong><\/h3>\n<p>Bei einem Minijob zahlen Vorgesetzte<strong> nur Pauschalbetr\u00e4ge<\/strong> als Beitr\u00e4ge zur Kranken- und Pflegeversicherung f\u00fcr ihre Besch\u00e4ftigten. Die Minijobbenden sind von eigenen Beitr\u00e4gen zur Kranken- und Pflegeversicherung befreit und ihr bisheriger Krankenversicherungsschutz bleibt bestehen. Die Besch\u00e4ftigten sind durch einen Minijob also nicht krankenversichert. Sie m\u00fcssen sich also anderweitig krankenversichern.<\/p>\n<p>Sind Minijobbende privat versichert, entf\u00e4llt der Pauschalbeitrag f\u00fcr Arbeitgebende.<\/p>\n<p>Es gibt folgende 3 M\u00f6glichkeiten, wie Minijobbende krankenversichert werden k\u00f6nnen:<\/p>\n<ul>\n<li><strong>\u00fcber die eigene Krankenversicherung: <\/strong>Wenn jemand bei Ihnen als Minijobbender angestellt ist und daneben noch eine sozialversicherungspflichtige Hauptbesch\u00e4ftigung aus\u00fcbt, ist er*sie \u00fcber diese versichert.<\/li>\n<li><strong>\u00fcber die Familienversicherung: <\/strong>Minijobbende k\u00f6nnen \u00fcber ein Familienmitglied wie den*die Ehepartner*in oder die Eltern kostenlos mitversichert sein.<\/li>\n<li><strong>\u00fcber die studentische Krankenversicherung: <\/strong>Studierende sind an einer deutschen Hochschule immatrikuliert und zahlen einen erm\u00e4\u00dfigten Preis f\u00fcr den monatlichen Krankenversicherungsbeitrag.<\/li>\n<\/ul>\n<h2>Wie einen Minijob anmelden?<\/h2>\n<p>Arbeitgebende sind verpflichtet, den Minijob bei der <a href=\"https:\/\/www.minijob-zentrale.de\/DE\/minijob-anmelden\/minijob-anmelden_node.html\" target=\"_blank\" rel=\"noopener noreferrer\">Minijob-Zentrale<\/a> anzumelden.<\/p>\n<p>Zu Beginn der Besch\u00e4ftigung m\u00fcssen Arbeitgebende eine sogenannte <strong>versicherungsrechtliche Beurteilung der Besch\u00e4ftigung<\/strong> vornehmen. Das hei\u00dft, es wird folgendes beurteilt: Handelt es sich wirklich um einen Minijob? Wenn ja, handelt es sich um eine kurzfristige Besch\u00e4ftigung oder um einen Minijob mit Verdienstgrenze? Grundlage daf\u00fcr sind die <a href=\"https:\/\/www.minijob-zentrale.de\/SharedDocs\/Downloads\/DE\/Rundschreiben\/Geringf%C3%BCgigkeitsrichtlinien-2023.html?nn=4f6ea982-f627-43a9-8410-6bda7b9289ce\" target=\"_blank\" rel=\"noopener noreferrer\">Geringf\u00fcgigkeitsrichtlinien<\/a>.<\/p>\n<p>Die Minijob-Zentrale leitet die Daten der Minijobbenden an die zust\u00e4ndige Krankenkasse weiter. Die Krankenkasse meldet die Minijobbenden dann bei der Rentenversicherung an.<\/p>\n<p>Tipp: Zus\u00e4tzliche Unterst\u00fctzung bei der Personalsuche bieten die <a href=\"https:\/\/www.arbeitsagentur.de\/jobsuche\/\" target=\"_blank\" rel=\"noopener\">Agentur f\u00fcr Arbeit<\/a> (vormals \u00fcber das eingestellte Portal Jobb\u00f6rse) sowie die lokalen Beratungsstellen der Arbeitsagentur.<\/p>\n<h3><strong>Lohnsteuer<\/strong><\/h3>\n<p>Minijobs sind grunds\u00e4tzlich steuerpflichtig.<\/p>\n<h4><strong>Lohnsteuerbescheinigung beim Minijob<\/strong><\/h4>\n<p>Minijobbende erhalten von ihrem Arbeitgebenden eine Lohnsteuerbescheinigung, wenn sie nach den individuellen <strong>Lohnsteuerabzugsmerkmalen<\/strong> abgerechnet werden.<\/p>\n<p>Minijobbende, die pauschal besteuert werden, erhalten keine Lohnsteuerbescheinigung. In diesem Fall sind Arbeitgebende verpflichtet, den Arbeitnehmenden eine Bescheinigung \u00fcber die pauschalen Besteuerungsmerkmale auszuh\u00e4ndigen.<\/p>\n<h3><strong>Wie viel Urlaub bei einem Minijob?<\/strong><\/h3>\n<p>Das Thema Urlaub und Minijob mag auf den ersten Blick etwas kompliziert erscheinen. Grunds\u00e4tzlich\u00a0haben Minijobbende <strong>Anspruch auf bezahlten Urlaub.<\/strong> Die Dauer des Urlaubs richtet sich nach der Dauer der Besch\u00e4ftigung.<\/p>\n<p>Weil das Ganze etwas komplizierter ist, haben wir diesem Thema einen eigenen Blogartikel gewidmet. Hier erhalten Sie alle Antworten zum Thema <a href=\"https:\/\/factorialhr.de\/blog\/urlaubsanspruch-minijobber\/\">Urlaubsanspruch<\/a> und Berechnung desselben bei Minijobbenden.<\/p>\n<h3>Minijob im Homeoffice?<\/h3>\n<p>Es spricht nichts dagegen, einen Minijob remote auszu\u00fcben.<\/p>\n<h3><strong>Lohnfortzahlung Minijob<\/strong><\/h3>\n<p>Minijobbende haben Anspruch auf <a href=\"https:\/\/factorialhr.de\/blog\/entgeltfortzahlungsgesetz\/\">Entgeltfortzahlung<\/a> im Krankheitsfall. Arbeitgebende m\u00fcssen in der Regel bis zu sechs Wochen im Jahr Entgeltfortzahlung leisten.<\/p>\n<p>Besch\u00e4ftigte in einem Minijob genie\u00dfen arbeitsrechtlich<strong> nahezu die gleichen Rechte wie Vollzeitbesch\u00e4ftigte.<\/strong> So haben sie auch bei kurzfristigen Besch\u00e4ftigungen oder Minijobs mit Verdienstgrenze nicht nur im Krankheitsfall Anspruch auf Lohnfortzahlung, sondern dar\u00fcber hinaus auch:<\/p>\n<ul>\n<li><strong>bei Krankheit des eigenen Kindes:<\/strong><\/li>\n<li><strong>bei Schwangerschaft und Mutterschaft<\/strong><\/li>\n<li><strong>an Feiertagen: <\/strong>Wenn der regul\u00e4re Arbeitstag von Minijobbenden auf einen Feiertag f\u00e4llt, ist der Arbeitgebende verpflichtet, das \u00fcbliche Arbeitsentgelt zu zahlen. Wichtig ist, dass er die Entgeltfortzahlung f\u00fcr Feiertage nicht dadurch umgehen kann, dass der Minijobbende die ausgefallene Arbeitszeit an einem sonst arbeitsfreien Tag vor- oder nacharbeitet. Ausf\u00fchrliche Informationen dazu finden Sie in unserem <a href=\"https:\/\/factorialhr.de\/blog\/urlaubsanspruch-minijobber\/\" target=\"_blank\" rel=\"noopener noreferrer\">Artikel<\/a> zum Thema Urlaub und Feiertage bei Minijobs.<\/li>\n<\/ul>\n<h2>Arbeitsvertrag Minijob \u2013 Vertrag ist optional<\/h2>\n<p>Vor dem ersten Arbeitstag sollten Arbeitgebende die Arbeitsbedingungen mit den Minijobbenden besprechen. Auch wenn ein <a href=\"https:\/\/factorialhr.de\/blog\/arbeitsvertrag-minijob\/\">Arbeitsvertrag<\/a> im Minijob optional ist, sind Arbeitgebende verpflichtet, die wesentlichen Arbeitsbedingungen schriftlich in einem Nachweis festzuhalten, zu unterschreiben und den Besch\u00e4ftigten auszuh\u00e4ndigen. Diese Verpflichtung ist im <a href=\"https:\/\/www.gesetze-im-internet.de\/nachwg\/__2.html\" target=\"_blank\" rel=\"noopener noreferrer\">Nachweisgesetz<\/a> verankert und gilt f\u00fcr alle Arbeitnehmenden.<\/p>\n<h3>Checkliste Minijob-Vertrag: Was muss der schriftliche Nachweis enthalten?<\/h3>\n<p>Der schriftliche Nachweis f\u00fcr Minijobbende <strong>muss folgende Angaben enthalten:<\/strong><\/p>\n<ul>\n<li>Name und Anschrift des Arbeitgebenden und Arbeitnehmenden<\/li>\n<li>Beginn des Minijobs<\/li>\n<li>Ende bzw. Dauer bei befristeten Minijobs<\/li>\n<li>Art der T\u00e4tigkeit<\/li>\n<li>Arbeitsort<\/li>\n<li>Dauer der Probezeit (falls vereinbart)<\/li>\n<li>Monatslohn (einschlie\u00dflich \u00dcberstunden, Zuschl\u00e4ge usw.)<\/li>\n<li>Arbeitszeit, Pausen und Ruhezeiten<\/li>\n<li>Bedingungen f\u00fcr Arbeit auf Abruf<\/li>\n<li>M\u00f6glichkeit, \u00dcberstunden zu leisten (falls vereinbart)<\/li>\n<li>Eventueller Anspruch auf Weiterbildung durch den Arbeitgebenden<\/li>\n<li>bei betrieblicher Altersvorsorge Angaben zur Vorsorgeeinrichtung<\/li>\n<li>J\u00e4hrlicher Urlaubsanspruch<\/li>\n<li>Verfahren bei K\u00fcndigung<\/li>\n<li>geltende Tarifvertr\u00e4ge, Betriebs- oder Dienstvereinbarungen<\/li>\n<\/ul>\n<p><span data-color=\"transparent\"><strong>Auch wenn ein Arbeitsvertrag f\u00fcr den Minijob nicht vorgeschrieben ist, ist er empfehlenswert.<\/strong> Er regelt die Rechte und Pflichten sowohl des Arbeitgebenden als auch der Minijobbenden. Der Abschluss eines Arbeitsvertrages ist daher ratsam, da er f\u00fcr Transparenz sorgt und m\u00f6gliche Meinungsverschiedenheiten \u00fcber die Arbeitsbedingungen von vornherein vermeidet. Ob der Vertrag schriftlich oder m\u00fcndlich abgeschlossen wird, bleibt den Parteien selbst \u00fcberlassen. Der Vertrag ist g\u00fcltig, sobald beide sich \u00fcber seinen Inhalt einig sind.<\/span><\/p>\n<h3><strong>Arbeitsvertrag Minijob: Muster<\/strong><\/h3>\n<p>Die Minijobzentrale hat ein <a href=\"https:\/\/www.minijob-zentrale.de\/SharedDocs\/Downloads\/DE\/Formulare\/gewerblich\/merkblatt-arbeitsvertrag.pdf?__blob=publicationFile&amp;v=1\" target=\"_blank\" rel=\"noopener noreferrer\">Merkblatt<\/a> mit allen wichtigen Eckdaten zum Rahmenvertrag zur Verf\u00fcgung gestellt.<\/p>\n<div class=\"factorial-banner inline-banner banner-other category-unternehmensvorschriften-gesetze\"\n    data-banner-id=\"164356\"\n    data-banner-type=\"other\"\n    data-category=\"Unternehmensvorschriften &amp; Gesetze\">\n    <div class=\"banner-content\">\n        <div class=\"banner-text\">\n                            <h4>Vorlage: Ordentliche K\u00fcndigung<\/h4>\n            \n                            <p>Eine faire K\u00fcndigung geh\u00f6rt zu moderner F\u00fchrung \u2013 klar, transparent &amp; respektvoll. Nutzen Sie diese Vorlage f\u00fcr einen professionellen Prozess.<\/p>\n            \n                            <a href=\"https:\/\/4960096.fs1.hubspotusercontent-na1.net\/hubfs\/4960096\/DACH%20Marketing\/Vorlage_ordentliche_Ku%CC%88ndigung%20NEW25.docx\"\n                    class=\"factorial-cta-button not-prose freebie\" data-cta=\"other\" data-cta-position=\"inline-banner\">\n                    Kostenlos herunterladen                <\/a>\n                    <\/div>\n\n        <div class=\"banner-image no-image\">\n            <img decoding=\"async\" src=\"https:\/\/factorialhr.de\/blog\/app\/plugins\/factorial-utilities\/assets\/images\/banners\/inline\/backgrounds\/default_image.svg\" class=\"not-prose\" \/>\n        <\/div>\n    <\/div>\n<\/div>\n<h2><strong>K\u00fcndigungsfrist Minijob<\/strong><\/h2>\n<p>Minijobbende genie\u00dfen einen umfassenden <a href=\"https:\/\/factorialhr.de\/blog\/kuendigungsschutzgesetz\/\">K\u00fcndigungsschutz<\/a>, unabh\u00e4ngig davon, ob sie in einem Privathaushalt oder in einem Unternehmen besch\u00e4ftigt sind. Grundlage ist der allgemeine K\u00fcndigungsschutz, wobei bestimmte Personengruppen zus\u00e4tzlich einen besonderen K\u00fcndigungsschutz genie\u00dfen.<\/p>\n<h3><strong>Allgemeiner K\u00fcndigungsschutz bei Minijobs:<\/strong><\/h3>\n<p>Im gewerblichen Bereich gilt der allgemeine K\u00fcndigungsschutz nach dem K\u00fcndigungsschutzgesetz, im Privathaushalt sch\u00fctzt das B\u00fcrgerliche Gesetzbuch die Minijobbenden. Dieser Schutz verhindert, dass Arbeitgebende den Minijobbenden ohne weiteres k\u00fcndigen k\u00f6nnen.<\/p>\n<h3><strong>Besonderer K\u00fcndigungsschutz bei Minijobs:<\/strong><\/h3>\n<p>Neben dem allgemeinen K\u00fcndigungsschutz gibt es f\u00fcr bestimmte Personengruppen einen besonderen K\u00fcndigungsschutz. Dazu geh\u00f6ren werdende M\u00fctter (Mutterschutzgesetz), Personen in <a href=\"https:\/\/factorialhr.de\/blog\/elternzeit\/\">Elternzeit<\/a> (Bundeselterngeld- und Elternzeitgesetz) und Menschen mit Behinderung (Neuntes Sozialgesetzbuch).<\/p>\n<p>Welchen K\u00fcndigungsregeln gelten nun konkret in den zwei Bereichen des Minijobs?<\/p>\n<h3><strong>K\u00fcndigungsschutz bei Minijobs im gewerblichen Bereich:<\/strong><\/h3>\n<p>F\u00fcr Minijobbende im gewerblichen Bereich regelt das allgemeine K\u00fcndigungsschutzgesetz die Rechte und Pflichten von Arbeitgebenden. Dieser Schutz greift, wenn Minijobbenede mindestens sechs Monate ununterbrochen im Betrieb gearbeitet haben und der Betrieb mehr als zehn Arbeitnehmende (ohne Auszubildende) besch\u00e4ftigt.<\/p>\n<p>Nach dem K\u00fcndigungsschutzgesetz (<a href=\"https:\/\/www.gesetze-im-internet.de\/kschg\/\" target=\"_blank\" rel=\"noopener noreferrer\">KSchG<\/a>) muss eine K\u00fcndigung sozial gerechtfertigt sein, um wirksam zu sein. Das bedeutet, dass entweder in der Person oder im Verhalten der Minijobbenden ein wichtiger Grund f\u00fcr die K\u00fcndigung vorliegt oder betriebliche Gr\u00fcnde eine Weiterbesch\u00e4ftigung unm\u00f6glich machen.<\/p>\n<p>Ist die K\u00fcndigung sozial ungerechtfertigt oder aus anderen Gr\u00fcnden rechtsunwirksam, steht es den Minijobbenden frei, K\u00fcndigungsschutzklage beim Arbeitsgericht zu erheben.<\/p>\n<p>In unserem <a href=\"https:\/\/factorialhr.de\/blog\/kuendigung\/\" target=\"_blank\" rel=\"noopener noreferrer\">Artikel zum Thema K\u00fcndigung<\/a> erkl\u00e4ren wir f\u00fcr Arbeitgebende alle Regeln, die sich aus dem K\u00fcndigungsschutzgesetz ergeben.<\/p>\n<h3><strong>K\u00fcndigungsschutz bei Minijobs in Privathaushalten:<\/strong><\/h3>\n<p>Auch Minijobbende in Privathaushalten sind vor K\u00fcndigung gesch\u00fctzt, allerdings gilt hier nicht das K\u00fcndigungsschutzgesetz. Stattdessen sch\u00fctzt sie das <a href=\"https:\/\/dejure.org\/gesetze\/BGB\/242.html\" target=\"_blank\" rel=\"noopener noreferrer\">B\u00fcrgerliche Gesetzbuch<\/a>.<\/p>\n<p>Laut Minijobzentrale ist eine K\u00fcndigung eines Minijobs im Privathaushalt nur wirksam, wenn sie nicht gegen folgende rechtliche Aspekte verst\u00f6\u00dft:<\/p>\n<ul>\n<li><strong>Treu und Glauben:<\/strong> Die K\u00fcndigung darf nicht gegen Treu und Glauben (<a href=\"https:\/\/www.gesetze-im-internet.de\/bgb\/__242.html#:~:text=%C2%A7%20242%20Leistung%20nach%20Treu,auf%20die%20Verkehrssitte%20es%20erfordern.\" target=\"_blank\" rel=\"noopener noreferrer\">\u00a7 242 BGB<\/a>) versto\u00dfen.<\/li>\n<li><strong>Gesetzliches Verbot:<\/strong> Die K\u00fcndigung darf nicht gegen ein gesetzliches Verbot versto\u00dfen (<a href=\"https:\/\/www.gesetze-im-internet.de\/bgb\/__134.html\" target=\"_blank\" rel=\"noopener noreferrer\">\u00a7 134 BGB<\/a>).<\/li>\n<li><strong>Sittenwidrigkeit:<\/strong> Die K\u00fcndigung darf nicht gegen die guten Sitten versto\u00dfen (<a href=\"https:\/\/www.gesetze-im-internet.de\/bgb\/__138.html#:~:text=B%C3%BCrgerliches%20Gesetzbuch%20(BGB),guten%20Sitten%20verst%C3%B6%C3%9Ft%2C%20ist%20nichtig.\" target=\"_blank\" rel=\"noopener noreferrer\">\u00a7 138 BGB<\/a>).<\/li>\n<li><strong>Diskriminierungsfreiheit:<\/strong> Die K\u00fcndigung darf nicht diskriminierend sein (<a href=\"https:\/\/www.gesetze-im-internet.de\/agg\/__7.html\" target=\"_blank\" rel=\"noopener noreferrer\">\u00a7 7 AGG)<\/a>.<\/li>\n<li><strong>Grundrechte: <\/strong>Die K\u00fcndigung darf nicht gegen Grundrechte versto\u00dfen.<\/li>\n<\/ul>\n<p>Auch im Privathaushalt k\u00f6nnen Minijobbende innerhalb von drei Wochen nach Zugang der K\u00fcndigung K\u00fcndigungsschutzklage beim Arbeitsgericht erheben.<\/p>\n<h3><strong>Gesetzliche K\u00fcndigungsfristen im Minijob:<\/strong><\/h3>\n<p>Die gesetzliche <a href=\"https:\/\/factorialhr.de\/blog\/kuendigungsfrist\/\">K\u00fcndigungsfrist<\/a> betr\u00e4gt vier Wochen zum 15. oder zum Monatsende. Dies gilt sowohl f\u00fcr Arbeitgebende als auch f\u00fcr Minijobbende im gewerblichen Bereich oder in Privathaushalten.<\/p>\n<h3><strong>Fristlose K\u00fcndigung im Minijob:<\/strong><\/h3>\n<p>Arbeitgebende und Minijobbende k\u00f6nnen das Arbeitsverh\u00e4ltnis <a href=\"https:\/\/factorialhr.de\/blog\/fristlose-kuendigung\/\">fristlos k\u00fcndigen<\/a>, wenn ein wichtiger Grund vorliegt (<a href=\"https:\/\/www.buzer.de\/626_BGB.htm#:~:text=%C2%A7%20626%20Fristlose%20K%C3%BCndigung%20aus%20wichtigem%20Grund&amp;text=(2)%201Die%20K%C3%BCndigung%20kann,K%C3%BCndigung%20ma%C3%9Fgebenden%20Tatsachen%20Kenntnis%20erlangt.\" target=\"_blank\" rel=\"noopener noreferrer\">\u00a7 626 BGB<\/a>).<\/p>\n<h3><strong>Gesetzliche K\u00fcndigungsfristen im gewerblichen Bereich:<\/strong><\/h3>\n<p>Im gewerblichen Bereich verl\u00e4ngern sich die K\u00fcndigungsfristen automatisch nach zwei Jahren <a href=\"https:\/\/factorialhr.de\/blog\/betriebszugehoerigkeit\/\">Betriebszugeh\u00f6rigkeit<\/a>. Diese Verl\u00e4ngerung gilt nicht f\u00fcr Privathaushalte.<\/p>\n<p>Dauer des Arbeitsverh\u00e4ltnisses \/ K\u00fcndigungsfrist:<\/p>\n<ul>\n<li>2 Jahre: 1 Monat<\/li>\n<li>5 Jahre: 2 Monate<\/li>\n<li>8 Jahre: 3 Monate<\/li>\n<li>10 Jahre: 4 Monate<\/li>\n<li>12 Jahre: 5 Monate<\/li>\n<li>15 Jahre: 6 Monate<\/li>\n<li>20 Jahre: 7 Monate<\/li>\n<\/ul>\n<h3><strong>Probezeit \u2013 <\/strong><strong>K\u00fcndigungsfrist Minijob: 14 Tage<\/strong><\/h3>\n<p>W\u00e4hrend der <a href=\"https:\/\/factorialhr.de\/blog\/kuendigung-in-der-probezeit\/\">Probezeit<\/a>, die bei Minijobs maximal sechs Wochen betr\u00e4gt, kann das Arbeitsverh\u00e4ltnis mit einer Frist von zwei Wochen gek\u00fcndigt werden.<\/p>\n<h3><strong>Andere K\u00fcndigungsfristen<\/strong><\/h3>\n<p data-start=\"158\" data-end=\"249\">Im Arbeitsvertrag k\u00f6nnen andere K\u00fcndigungsfristen als die gesetzlichen vereinbart werden.<\/p>\n<ul data-start=\"250\" data-end=\"574\">\n<li data-start=\"250\" data-end=\"356\">\n<p data-start=\"252\" data-end=\"356\"><strong data-start=\"252\" data-end=\"271\">K\u00fcrzere Fristen<\/strong> als gesetzlich vorgesehen sind nur zul\u00e4ssig, wenn sie <strong data-start=\"326\" data-end=\"346\">f\u00fcr beide Seiten<\/strong> gelten.<\/p>\n<\/li>\n<li data-start=\"357\" data-end=\"574\">\n<p data-start=\"359\" data-end=\"574\"><strong data-start=\"359\" data-end=\"378\">L\u00e4ngere Fristen<\/strong> k\u00f6nnen vereinbart werden, aber f\u00fcr Arbeitgebende gelten sie <strong data-start=\"441\" data-end=\"486\">einseitig nur, wenn dies im Vertrag steht<\/strong>; f\u00fcr Arbeitnehmende muss eine l\u00e4ngere Frist ebenfalls <strong data-start=\"543\" data-end=\"566\">explizit vereinbart<\/strong> sein.<\/p>\n<\/li>\n<\/ul>\n<h3><strong>K\u00fcndigung muss in Schriftform erfolgen<\/strong><\/h3>\n<p>Die K\u00fcndigung bedarf <a href=\"https:\/\/www.gesetze-im-internet.de\/bgb\/__623.html\">\u00a7\u202f623 des B\u00fcrgerlichen Gesetzbuchs (BGB)<\/a> der Schriftform. Eine K\u00fcndigung per SMS, E-Mail oder Fax ist unwirksam.<\/p>\n<h2>Zum Schluss: Welche Vorteile bringen Minijobbende f\u00fcr Arbeitgebende?<\/h2>\n<p>Minijobbende bieten Arbeitgebenden eine Reihe von Vorteilen:<\/p>\n<ul>\n<li><strong>Kostenersparnis:<\/strong> Die Beitr\u00e4ge zur Sozialversicherung sind f\u00fcr Minijobbende deutlich niedriger als f\u00fcr Vollzeitbesch\u00e4ftigte. Dadurch k\u00f6nnen Arbeitgebende Kosten sparen.<\/li>\n<li><strong>Flexibilit\u00e4t:<\/strong> Minijobbende k\u00f6nnen kurzfristig eingestellt und wieder entlassen werden. Das bietet Arbeitgebenden ein hohes Ma\u00df an Flexibilit\u00e4t.<\/li>\n<li><strong>Abdeckung von Engp\u00e4ssen<\/strong>: Minijobbenden k\u00f6nnen zur \u00dcberbr\u00fcckung von Personalengp\u00e4ssen eingesetzt werden.<\/li>\n<\/ul>\n<p>Die Vorteile von Minijobs f\u00fcr Arbeitgebende k\u00f6nnen je nach Branche und Betriebsgr\u00f6\u00dfe variieren. Besonders attraktiv sind Minijobbende in Branchen mit starkem Saisongesch\u00e4ft oder h\u00e4ufigen Engp\u00e4ssen.<!-- end HubSpot Call-to-Action Code --><\/p>\n<p><iframe title=\"Entdecken Sie Factorial: eine All-in-One-Plattform f\u00fcr das Personalmanagement\" width=\"500\" height=\"281\" src=\"https:\/\/www.youtube.com\/embed\/o2fcz_nORaw?feature=oembed\" frameborder=\"0\" allow=\"accelerometer; autoplay; clipboard-write; encrypted-media; gyroscope; picture-in-picture; web-share\" referrerpolicy=\"strict-origin-when-cross-origin\" allowfullscreen><\/iframe><\/p>\n<p><script type=\"application\/ld+json\">\n{\n  \"@context\": \"https:\/\/schema.org\",\n  \"@type\": \"FAQPage\",\n  \"mainEntity\": [{\n    \"@type\": \"Question\",\n    \"name\": \"Welche Minijob-Grenze gilt aktuell?\",\n    \"acceptedAnswer\": {\n      \"@type\": \"Answer\",\n      \"text\": \"Im Unterschied zu anderen Formen geringf\u00fcgiger Besch\u00e4ftigung ist der Minijob dadurch gekennzeichnet, dass er mit einem monatlichen Arbeitsentgelt von bis zu 603 Euro (Stand 2026) bzw. 7.236 Euro j\u00e4hrlich oder einer Arbeitszeit von bis zu 70 Tagen im Kalenderjahr ausge\u00fcbt werden kann.\"\n    }\n  },{\n    \"@type\": \"Question\",\n    \"name\": \"Welche Arten von Minijobs gibt es?\",\n    \"acceptedAnswer\": {\n      \"@type\": \"Answer\",\n      \"text\": \"Geringf\u00fcgig entlohnte Besch\u00e4ftigung: Beim 603-Euro-Minijob darf das monatliche Arbeitsentgelt 603 Euro nicht \u00fcberschritten werden (ab 2027: 633 Euro). Aus dem Stundenlohn ergibt sich die zul\u00e4ssige monatliche Arbeitszeit f\u00fcr Minijobbende. Der gesetzliche Mindestlohn gilt auch f\u00fcr Minijobs.\nKurzfristige Besch\u00e4ftigung: Bei kurzfristigen Minijobs darf die Besch\u00e4ftigung innerhalb eines Kalenderjahres 3 Monate oder insgesamt 70 Tage nicht \u00fcberschreiten. Das monatliche Arbeitsentgelt kann variieren.\"\n    }\n  },{\n    \"@type\": \"Question\",\n    \"name\": \"Was sind typische Beispiele f\u00fcr Minijobs?\",\n    \"acceptedAnswer\": {\n      \"@type\": \"Answer\",\n      \"text\": \"Ein Einzelhandelsunternehmen kann Minijobbende einsetzen, um auf das erh\u00f6hte Kundenaufkommen in der Vorweihnachtszeit zu reagieren.\nAuch beliebt sind Minijobbende im Saisongesch\u00e4ft. So stellen Restaurants oder Caf\u00e9s h\u00e4ufig mehr Personal ein, um das G\u00e4steaufkommen im Sommer zu bew\u00e4ltigen.\nEin Handwerksbetrieb kann mit Minijobbenden kurzfristige Auftragsspitzen bew\u00e4ltigen.\"\n    }\n  },{\n    \"@type\": \"Question\",\n    \"name\": \"Wird der Minijob 2026 erh\u00f6ht?\",\n    \"acceptedAnswer\": {\n      \"@type\": \"Answer\",\n      \"text\": \"Im neuen Jahr gibt es einige \u00c4nderungen bei den Minijobs. Wir geben einen \u00dcberblick:<\/p>\n<p>Erh\u00f6hung des gesetzlichen Mindestlohns: Was \u00e4ndert sich 2026 bei den Minijobs?<\/p>\n<p>Am 1. Januar 2026 wurde die Verdienstgrenze von zuvor 556 Euro (Minijob Grenze 2025) f\u00fcr Minijobs auf 603 Euro angehoben. Zum 1. Januar 2027 erfolgt eine weitere Erh\u00f6hung auf 633 Euro. Diese Anstiege erfolgen aufgrund der Erh\u00f6hung des gesetzlichen Mindestlohns auf 13,90 Euro pro Stunde (2026) bzw. 14,60 Euro (2027). Arbeitgebende, die aktuell den Mindestlohn zahlen, m\u00fcssen auch den Verdienst f\u00fcr Minijobbende entsprechend anpassen.<\/p>\n<p>Wichtig beim Mindestlohn im Minijob: Seit Oktober 2022 ist die Verdienstgrenze f\u00fcr Minijobs ein dynamischer Wert, der an den gesetzlichen Mindestlohn gekoppelt ist.<\/p>\n<p>Die Berechnung erfolgt nach der Formel: Mindestlohn \u00d7 130 \u00f7 3 (aufgerundet). Das hei\u00dft: Erh\u00f6ht sich der Mindestlohn, steigt automatisch auch die Verdienstgrenze im Minijob.\"\n    }\n  },{\n    \"@type\": \"Question\",\n    \"name\": \"Minijob: Wie viele Stunden ab 2026?\",\n    \"acceptedAnswer\": {\n      \"@type\": \"Answer\",\n      \"text\": \"Bei einem gesetzlichen Mindestlohn von 13,90 Euro pro Stunde k\u00f6nnen Minijobbende\u00a0rund 43 Stunden im Monat arbeiten (603 Euro : 13,90 = 43,38 Stunden). Dank der dynamischen Anpassung bleibt die maximale Arbeitszeit konstant. Liegt der Stundenlohn \u00fcber dem Mindestlohn, reduziert sich die maximale Arbeitszeit im Minijob entsprechend<\/p>\n<p>Aufgrund der Koppelung von Mindestlohn und Minijob-Verdienstgrenze seit Oktober 2022 bleibt die maximal zul\u00e4ssige Arbeitszeit im Minijob ab dem 1. Januar 2026 konstant. D. h. auch bei einem Mindestlohn von 13,90 Euro pro Stunde k\u00f6nnen weiterhin rund 43 Stunden im Monat gearbeitet werden (603 Euro : 13,90 = 43 Stunden und 23 Minuten).<\/p>\n<p>Gut f\u00fcr Arbeitgebende: Die Umlage U1 (Entgeltfortzahlung bei Krankheit) sinkt zum 1. Januar 2026 von 1,1 Prozent auf 0,8 Prozent. Die Umlage U2 (Mutterschaft) bleibt unver\u00e4ndert bei 0,22 Prozent. Dies bedeutet f\u00fcr Arbeitgebende eine Kostenentlastung bei der Besch\u00e4ftigung von Minijobbenden.\"\n    }\n  },{\n    \"@type\": \"Question\",\n    \"name\": \"Was ist ein Midijob?\",\n    \"acceptedAnswer\": {\n      \"@type\": \"Answer\",\n      \"text\": \"Ein Midijob liegt vor, wenn das Arbeitsentgelt durchschnittlich zwischen 603,01 Euro (ab 2027: 633,01 Euro) und 2.000,00 Euro im Monat betr\u00e4gt. Midijobbende sind sozialversicherungspflichtig und melden sich nicht bei der Minijob-Zentrale, sondern bei ihrer Krankenkasse an. Die Beitr\u00e4ge zur Sozialversicherung sind reduziert und Midijobbende k\u00f6nnen die vollen Leistungen der Kranken-, Pflege- und Arbeitslosenversicherung in Anspruch nehmen. Die reduzierten Beitr\u00e4ge zur Rentenversicherung wirken sich nicht auf die Rentenanspr\u00fcche der Arbeitnehmenden aus.<\/p>\n<p>Wichtig!<\/p>\n<p>Durch das Ende der \u00dcbergangsregelungen m\u00fcssen Arbeitgebende neue Meldungen erstellen. Bei einem Verdienst bis 603 Euro im Monat ist die Besch\u00e4ftigung seit 1. Januar 2026 ausschlie\u00dflich bei der Minijob-Zentrale zu melden. Bei einem h\u00f6heren Verdienst als 603 Euro handelt es sich bis zur H\u00f6he von 2.000 Euro um einen Midijob.\"\n    }\n  },{\n    \"@type\": \"Question\",\n    \"name\": \"Wie einen Minijob anmelden?\",\n    \"acceptedAnswer\": {\n      \"@type\": \"Answer\",\n      \"text\": \"Arbeitgebende sind verpflichtet, den Minijob bei der Minijob-Zentrale anzumelden.<\/p>\n<p>Zu Beginn der Besch\u00e4ftigung m\u00fcssen Arbeitgebende eine sogenannte versicherungsrechtliche Beurteilung der Besch\u00e4ftigung vornehmen. Das hei\u00dft, es wird folgendes beurteilt: Handelt es sich wirklich um einen Minijob? Wenn ja, handelt es sich um eine kurzfristige Besch\u00e4ftigung oder um einen Minijob mit Verdienstgrenze? Grundlage daf\u00fcr sind die Geringf\u00fcgigkeitsrichtlinien.<\/p>\n<p>Die Minijob-Zentrale leitet die Daten der Minijobbenden an die zust\u00e4ndige Krankenkasse weiter. Die Krankenkasse meldet die Minijobbenden dann bei der Rentenversicherung an.<\/p>\n<p>Tipp: Zus\u00e4tzliche Unterst\u00fctzung bei der Personalsuche bieten die Agentur f\u00fcr Arbeit (vormals \u00fcber das eingestellte Portal Jobb\u00f6rse) sowie die lokalen Beratungsstellen der Arbeitsagentur.\"\n    }\n  },{\n    \"@type\": \"Question\",\n    \"name\": \"Wie viel Urlaub bei einem Minijob?\",\n    \"acceptedAnswer\": {\n      \"@type\": \"Answer\",\n      \"text\": \"Das Thema Urlaub und Minijob mag auf den ersten Blick etwas kompliziert erscheinen. Grunds\u00e4tzlich\u00a0haben Minijobbende Anspruch auf bezahlten Urlaub. Die Dauer des Urlaubs richtet sich nach der Dauer der Besch\u00e4ftigung.<\/p>\n<p>Weil das Ganze etwas komplizierter ist, haben wir diesem Thema einen eigenen Blogartikel gewidmet. Hier erhalten Sie alle Antworten zum Thema Urlaubsanspruch und Berechnung desselben bei Minijobbenden.\"\n    }\n  },{\n    \"@type\": \"Question\",\n    \"name\": \"\",\n    \"acceptedAnswer\": {\n      \"@type\": \"Answer\",\n      \"text\": \"\"\n    }\n  }]\n}\n<\/script><\/p>\n","protected":false},"excerpt":{"rendered":"<p>Mit der Einf\u00fchrung der Minijobs im Jahr 2003 im Rahmen der Hartz-IV-Reformen wurde eine flexible Besch\u00e4ftigungsform geschaffen, bei der Arbeitnehmende seit dem 01.01.2026 bis zu 603 Euro im Monat steuer- und sozialversicherungsfrei verdienen k\u00f6nnen. Die neue Verdienstgrenze resultiert aus der Erh\u00f6hung des gesetzlichen Mindestlohns auf 13,90 Euro pro Stunde, die zum ersten Januar 2026 in<a href=\"https:\/\/factorialhr.de\/blog\/minijob\/\" class=\"read-more\"> [&#8230;]<\/a><\/p>\n","protected":false},"author":215,"featured_media":176723,"comment_status":"closed","ping_status":"closed","sticky":false,"template":"","format":"standard","meta":{"_acf_changed":false,"footnotes":""},"categories":[393],"tags":[],"class_list":["post-126225","post","type-post","status-publish","format-standard","has-post-thumbnail","hentry","category-unternehmensvorschriften-und-gesetze"],"acf":{"topics":"hr-software"},"yoast_head":"<!-- This site is optimized with the Yoast SEO Premium plugin v21.5 (Yoast SEO v21.9.1) - https:\/\/yoast.com\/wordpress\/plugins\/seo\/ -->\n<title>Minijob 2026: Informationen f\u00fcr Vorgesetzte | Factorial<\/title>\n<meta name=\"description\" content=\"Verschaffen Sie sich einen \u00dcberblick \u00fcber alles, was Sie als Arbeitgebender zum Thema Minijob im Jahr 2026 wissen m\u00fcssen.\" \/>\n<meta name=\"robots\" content=\"index, follow, max-snippet:-1, max-image-preview:large, max-video-preview:-1\" \/>\n<link rel=\"canonical\" href=\"https:\/\/factorialhr.de\/blog\/minijob\/\" \/>\n<meta property=\"og:locale\" content=\"de_DE\" \/>\n<meta property=\"og:type\" content=\"article\" \/>\n<meta property=\"og:title\" content=\"Minijob 2026: Das sollten Arbeitgebende wissen\" \/>\n<meta property=\"og:description\" content=\"Verschaffen Sie sich einen \u00dcberblick \u00fcber alles, was Sie als Arbeitgebender zum Thema Minijob im Jahr 2026 wissen m\u00fcssen.\" \/>\n<meta property=\"og:url\" content=\"https:\/\/factorialhr.de\/blog\/minijob\/\" \/>\n<meta property=\"og:site_name\" content=\"Factorial\" \/>\n<meta property=\"article:publisher\" content=\"https:\/\/www.facebook.com\/people\/Factorial\/100064908455810\/\" \/>\n<meta property=\"article:published_time\" content=\"2026-01-12T11:10:16+00:00\" \/>\n<meta property=\"article:modified_time\" content=\"2026-01-12T12:13:08+00:00\" \/>\n<meta property=\"og:image\" content=\"https:\/\/factorialhr.de\/wp-content\/uploads\/2024\/02\/09172300\/blog_thumbnail_conceptual-4.webp\" \/>\n\t<meta property=\"og:image:width\" content=\"2560\" \/>\n\t<meta property=\"og:image:height\" content=\"1440\" \/>\n\t<meta property=\"og:image:type\" content=\"image\/webp\" \/>\n<meta name=\"author\" content=\"Maria Macher\" \/>\n<meta name=\"twitter:card\" content=\"summary_large_image\" \/>\n<meta name=\"twitter:creator\" content=\"@factorialapp\" \/>\n<meta name=\"twitter:site\" content=\"@factorialapp\" \/>\n<meta name=\"twitter:label1\" content=\"Written by\" \/>\n\t<meta name=\"twitter:data1\" content=\"Maria Macher\" \/>\n\t<meta name=\"twitter:label2\" content=\"Est. reading time\" \/>\n\t<meta name=\"twitter:data2\" content=\"16 Minuten\" \/>\n<script type=\"application\/ld+json\" class=\"yoast-schema-graph\">{\"@context\":\"https:\/\/schema.org\",\"@graph\":[{\"@type\":\"Article\",\"@id\":\"https:\/\/factorialhr.de\/blog\/minijob\/#article\",\"isPartOf\":{\"@id\":\"https:\/\/factorialhr.de\/blog\/minijob\/\"},\"author\":{\"name\":\"Maria Macher\",\"@id\":\"https:\/\/factorialhr.de\/blog\/#\/schema\/person\/cc345cca0e195019cb3253bc5d14c7d8\"},\"headline\":\"Minijob 2026: Das sollten Arbeitgebende wissen\",\"datePublished\":\"2026-01-12T11:10:16+00:00\",\"dateModified\":\"2026-01-12T12:13:08+00:00\",\"mainEntityOfPage\":{\"@id\":\"https:\/\/factorialhr.de\/blog\/minijob\/\"},\"wordCount\":3709,\"publisher\":{\"@id\":\"https:\/\/factorialhr.de\/blog\/#organization\"},\"articleSection\":[\"Unternehmensvorschriften &amp; Gesetze\"],\"inLanguage\":\"de-DE\"},{\"@type\":\"WebPage\",\"@id\":\"https:\/\/factorialhr.de\/blog\/minijob\/\",\"url\":\"https:\/\/factorialhr.de\/blog\/minijob\/\",\"name\":\"Minijob 2026: Informationen f\u00fcr Vorgesetzte | Factorial\",\"isPartOf\":{\"@id\":\"https:\/\/factorialhr.de\/blog\/#website\"},\"datePublished\":\"2026-01-12T11:10:16+00:00\",\"dateModified\":\"2026-01-12T12:13:08+00:00\",\"description\":\"Verschaffen Sie sich einen \u00dcberblick \u00fcber alles, was Sie als Arbeitgebender zum Thema Minijob im Jahr 2026 wissen m\u00fcssen.\",\"inLanguage\":\"de-DE\",\"potentialAction\":[{\"@type\":\"ReadAction\",\"target\":[\"https:\/\/factorialhr.de\/blog\/minijob\/\"]}]},{\"@type\":\"WebSite\",\"@id\":\"https:\/\/factorialhr.de\/blog\/#website\",\"url\":\"https:\/\/factorialhr.de\/blog\/\",\"name\":\"Factorial\",\"description\":\"\",\"publisher\":{\"@id\":\"https:\/\/factorialhr.de\/blog\/#organization\"},\"potentialAction\":[{\"@type\":\"SearchAction\",\"target\":{\"@type\":\"EntryPoint\",\"urlTemplate\":\"https:\/\/factorialhr.de\/blog\/?s={search_term_string}\"},\"query-input\":\"required name=search_term_string\"}],\"inLanguage\":\"de-DE\"},{\"@type\":\"Organization\",\"@id\":\"https:\/\/factorialhr.de\/blog\/#organization\",\"name\":\"All-in-one business management software - Factorial\",\"url\":\"https:\/\/factorialhr.de\/blog\/\",\"logo\":{\"@type\":\"ImageObject\",\"inLanguage\":\"de-DE\",\"@id\":\"https:\/\/factorialhr.de\/blog\/#\/schema\/logo\/image\/\",\"url\":\"https:\/\/factorialhr.de\/wp-content\/uploads\/2023\/07\/18155144\/factorial-logo.png\",\"contentUrl\":\"https:\/\/factorialhr.de\/wp-content\/uploads\/2023\/07\/18155144\/factorial-logo.png\",\"width\":946,\"height\":880,\"caption\":\"All-in-one business management software - Factorial\"},\"image\":{\"@id\":\"https:\/\/factorialhr.de\/blog\/#\/schema\/logo\/image\/\"},\"sameAs\":[\"https:\/\/www.facebook.com\/people\/Factorial\/100064908455810\/\",\"https:\/\/twitter.com\/factorialapp\",\"https:\/\/www.linkedin.com\/company\/factorialhr\",\"https:\/\/www.youtube.com\/@factorialmedia\",\"https:\/\/www.instagram.com\/factorial\/#\"]},{\"@type\":\"Person\",\"@id\":\"https:\/\/factorialhr.de\/blog\/#\/schema\/person\/cc345cca0e195019cb3253bc5d14c7d8\",\"name\":\"Maria Macher\",\"image\":{\"@type\":\"ImageObject\",\"inLanguage\":\"de-DE\",\"@id\":\"https:\/\/factorialhr.de\/blog\/#\/schema\/person\/image\/\",\"url\":\"https:\/\/secure.gravatar.com\/avatar\/d610ed43323bc8b4183030875c1b92a1?s=96&d=identicon&r=g\",\"contentUrl\":\"https:\/\/secure.gravatar.com\/avatar\/d610ed43323bc8b4183030875c1b92a1?s=96&d=identicon&r=g\",\"caption\":\"Maria Macher\"},\"description\":\"Als Content Managerin bei Factorial bringt Maria Macher umfassende Erfahrung in der internen und externen HR-Kommunikation mit. Gepr\u00e4gt durch ihre akademische Laufbahn in Wien und Barcelona sowie durch berufliche Stationen in diversen Unternehmensstrukturen bereitet sie gezielt Wissen rund ums Personalmanagement auf und beh\u00e4lt dabei den Fokus auf der wichtigsten Ressource f\u00fcr Unternehmen: den Menschen.\",\"sameAs\":[\"https:\/\/www.linkedin.com\/in\/maria-macher\/\"],\"url\":\"https:\/\/factorialhr.de\/blog\/author\/maria-macher\/\"}]}<\/script>\n<!-- \/ Yoast SEO Premium plugin. -->","yoast_head_json":{"title":"Minijob 2026: Informationen f\u00fcr Vorgesetzte | Factorial","description":"Verschaffen Sie sich einen \u00dcberblick \u00fcber alles, was Sie als Arbeitgebender zum Thema Minijob im Jahr 2026 wissen m\u00fcssen.","robots":{"index":"index","follow":"follow","max-snippet":"max-snippet:-1","max-image-preview":"max-image-preview:large","max-video-preview":"max-video-preview:-1"},"canonical":"https:\/\/factorialhr.de\/blog\/minijob\/","og_locale":"de_DE","og_type":"article","og_title":"Minijob 2026: Das sollten Arbeitgebende wissen","og_description":"Verschaffen Sie sich einen \u00dcberblick \u00fcber alles, was Sie als Arbeitgebender zum Thema Minijob im Jahr 2026 wissen m\u00fcssen.","og_url":"https:\/\/factorialhr.de\/blog\/minijob\/","og_site_name":"Factorial","article_publisher":"https:\/\/www.facebook.com\/people\/Factorial\/100064908455810\/","article_published_time":"2026-01-12T11:10:16+00:00","article_modified_time":"2026-01-12T12:13:08+00:00","og_image":[{"width":2560,"height":1440,"url":"https:\/\/factorialhr.de\/wp-content\/uploads\/2024\/02\/09172300\/blog_thumbnail_conceptual-4.webp","type":"image\/webp"}],"author":"Maria Macher","twitter_card":"summary_large_image","twitter_creator":"@factorialapp","twitter_site":"@factorialapp","twitter_misc":{"Written by":"Maria Macher","Est. reading time":"16 Minuten"},"schema":{"@context":"https:\/\/schema.org","@graph":[{"@type":"Article","@id":"https:\/\/factorialhr.de\/blog\/minijob\/#article","isPartOf":{"@id":"https:\/\/factorialhr.de\/blog\/minijob\/"},"author":{"name":"Maria Macher","@id":"https:\/\/factorialhr.de\/blog\/#\/schema\/person\/cc345cca0e195019cb3253bc5d14c7d8"},"headline":"Minijob 2026: Das sollten Arbeitgebende wissen","datePublished":"2026-01-12T11:10:16+00:00","dateModified":"2026-01-12T12:13:08+00:00","mainEntityOfPage":{"@id":"https:\/\/factorialhr.de\/blog\/minijob\/"},"wordCount":3709,"publisher":{"@id":"https:\/\/factorialhr.de\/blog\/#organization"},"articleSection":["Unternehmensvorschriften &amp; Gesetze"],"inLanguage":"de-DE"},{"@type":"WebPage","@id":"https:\/\/factorialhr.de\/blog\/minijob\/","url":"https:\/\/factorialhr.de\/blog\/minijob\/","name":"Minijob 2026: Informationen f\u00fcr Vorgesetzte | Factorial","isPartOf":{"@id":"https:\/\/factorialhr.de\/blog\/#website"},"datePublished":"2026-01-12T11:10:16+00:00","dateModified":"2026-01-12T12:13:08+00:00","description":"Verschaffen Sie sich einen \u00dcberblick \u00fcber alles, was Sie als Arbeitgebender zum Thema Minijob im Jahr 2026 wissen m\u00fcssen.","inLanguage":"de-DE","potentialAction":[{"@type":"ReadAction","target":["https:\/\/factorialhr.de\/blog\/minijob\/"]}]},{"@type":"WebSite","@id":"https:\/\/factorialhr.de\/blog\/#website","url":"https:\/\/factorialhr.de\/blog\/","name":"Factorial","description":"","publisher":{"@id":"https:\/\/factorialhr.de\/blog\/#organization"},"potentialAction":[{"@type":"SearchAction","target":{"@type":"EntryPoint","urlTemplate":"https:\/\/factorialhr.de\/blog\/?s={search_term_string}"},"query-input":"required name=search_term_string"}],"inLanguage":"de-DE"},{"@type":"Organization","@id":"https:\/\/factorialhr.de\/blog\/#organization","name":"All-in-one business management software - Factorial","url":"https:\/\/factorialhr.de\/blog\/","logo":{"@type":"ImageObject","inLanguage":"de-DE","@id":"https:\/\/factorialhr.de\/blog\/#\/schema\/logo\/image\/","url":"https:\/\/factorialhr.de\/wp-content\/uploads\/2023\/07\/18155144\/factorial-logo.png","contentUrl":"https:\/\/factorialhr.de\/wp-content\/uploads\/2023\/07\/18155144\/factorial-logo.png","width":946,"height":880,"caption":"All-in-one business management software - Factorial"},"image":{"@id":"https:\/\/factorialhr.de\/blog\/#\/schema\/logo\/image\/"},"sameAs":["https:\/\/www.facebook.com\/people\/Factorial\/100064908455810\/","https:\/\/twitter.com\/factorialapp","https:\/\/www.linkedin.com\/company\/factorialhr","https:\/\/www.youtube.com\/@factorialmedia","https:\/\/www.instagram.com\/factorial\/#"]},{"@type":"Person","@id":"https:\/\/factorialhr.de\/blog\/#\/schema\/person\/cc345cca0e195019cb3253bc5d14c7d8","name":"Maria Macher","image":{"@type":"ImageObject","inLanguage":"de-DE","@id":"https:\/\/factorialhr.de\/blog\/#\/schema\/person\/image\/","url":"https:\/\/secure.gravatar.com\/avatar\/d610ed43323bc8b4183030875c1b92a1?s=96&d=identicon&r=g","contentUrl":"https:\/\/secure.gravatar.com\/avatar\/d610ed43323bc8b4183030875c1b92a1?s=96&d=identicon&r=g","caption":"Maria Macher"},"description":"Als Content Managerin bei Factorial bringt Maria Macher umfassende Erfahrung in der internen und externen HR-Kommunikation mit. Gepr\u00e4gt durch ihre akademische Laufbahn in Wien und Barcelona sowie durch berufliche Stationen in diversen Unternehmensstrukturen bereitet sie gezielt Wissen rund ums Personalmanagement auf und beh\u00e4lt dabei den Fokus auf der wichtigsten Ressource f\u00fcr Unternehmen: den Menschen.","sameAs":["https:\/\/www.linkedin.com\/in\/maria-macher\/"],"url":"https:\/\/factorialhr.de\/blog\/author\/maria-macher\/"}]}},"_links":{"self":[{"href":"https:\/\/factorialhr.de\/blog\/wp-json\/wp\/v2\/posts\/126225"}],"collection":[{"href":"https:\/\/factorialhr.de\/blog\/wp-json\/wp\/v2\/posts"}],"about":[{"href":"https:\/\/factorialhr.de\/blog\/wp-json\/wp\/v2\/types\/post"}],"author":[{"embeddable":true,"href":"https:\/\/factorialhr.de\/blog\/wp-json\/wp\/v2\/users\/215"}],"replies":[{"embeddable":true,"href":"https:\/\/factorialhr.de\/blog\/wp-json\/wp\/v2\/comments?post=126225"}],"version-history":[{"count":26,"href":"https:\/\/factorialhr.de\/blog\/wp-json\/wp\/v2\/posts\/126225\/revisions"}],"predecessor-version":[{"id":176715,"href":"https:\/\/factorialhr.de\/blog\/wp-json\/wp\/v2\/posts\/126225\/revisions\/176715"}],"wp:featuredmedia":[{"embeddable":true,"href":"https:\/\/factorialhr.de\/blog\/wp-json\/wp\/v2\/media\/176723"}],"wp:attachment":[{"href":"https:\/\/factorialhr.de\/blog\/wp-json\/wp\/v2\/media?parent=126225"}],"wp:term":[{"taxonomy":"category","embeddable":true,"href":"https:\/\/factorialhr.de\/blog\/wp-json\/wp\/v2\/categories?post=126225"},{"taxonomy":"post_tag","embeddable":true,"href":"https:\/\/factorialhr.de\/blog\/wp-json\/wp\/v2\/tags?post=126225"}],"curies":[{"name":"wp","href":"https:\/\/api.w.org\/{rel}","templated":true}]}}