{"id":129770,"date":"2025-12-24T19:06:48","date_gmt":"2025-12-24T17:06:48","guid":{"rendered":"https:\/\/factorialhr.com\/blog\/?p=129770"},"modified":"2025-12-24T20:04:35","modified_gmt":"2025-12-24T18:04:35","slug":"urlaubsanspruch-bei-kuendigung","status":"publish","type":"post","link":"https:\/\/factorialhr.de\/blog\/urlaubsanspruch-bei-kuendigung\/","title":{"rendered":"Urlaubsanspruch bei K\u00fcndigung richtig berechnen"},"content":{"rendered":"<p>Der Urlaubsanspruch ist ein wichtiger Bestandteil des Arbeitsrechts und kann bei K\u00fcndigungen zu Unsicherheiten f\u00fchren. Um sowohl Arbeitnehmende als auch Arbeitgebende zu sch\u00fctzen, ist es wichtig, die gesetzlichen Regelungen zum Urlaubsanspruch bei Beendigung des Arbeitsverh\u00e4ltnisses genau zu kennen.<\/p>\n<h2>Das Wichtigste in K\u00fcrze:<\/h2>\n<ol>\n<li>Der Urlaubsanspruch richtet sich u.a. nach dem K\u00fcndigungszeitpunkt. <strong>Bei einer K\u00fcndigung nach dem 30.06 eines Kalenderjahres haben Arbeitnehmende vollen Urlaubsanspruch<\/strong>.<\/li>\n<li>Der Urlaubsanspruch bei K\u00fcndigung <strong>besteht unabh\u00e4ngig davon, ob es sich um eine fristlose oder ordentliche K\u00fcndigung<\/strong> handelt oder ob die jeweiligen Mitarbeitende sich noch <strong>in der Probezeit befinden.<\/strong><\/li>\n<\/ol>\n<h2>Gesetzliche Grundlage:<\/h2>\n<ol>\n<li><strong>Nicht genommener Urlaub ist abzugelten<\/strong>, sofern er wegen Beendigung des Arbeitsverh\u00e4ltnisses nicht mehr genommen werden kann (<a href=\"https:\/\/www.gesetze-im-internet.de\/burlg\/__7.html\" target=\"_blank\" rel=\"noopener\">\u00a7 7 Abs. 4 Bundesurlaubsgesetz &#8211; BUrlG<\/a>). Die Abgeltung erfolgt auf <strong>Basis des durchschnittlichen Bruttoarbeitsentgelts der letzten 13 Wochen<\/strong> vor Urlaubsbeginn.<\/li>\n<\/ol>\n<div class=\"factorial-banner inline-banner banner-freebie category-unternehmensvorschriften-gesetze\"\n    data-banner-id=\"164293\"\n    data-banner-type=\"freebie\"\n    data-category=\"Unternehmensvorschriften &amp; Gesetze\">\n    <div class=\"banner-content\">\n        <div class=\"banner-text\">\n                            <h4>Vorlage: Urlaubsplaner 2026<\/h4>\n            \n                            <p>Haben Sie alle Urlaubszeiten im Blick? Nutzen Sie unsere kostenlose Vorlage und verwalten Sie Abwesenheiten effizient, um Engp\u00e4sse zu vermeiden!<\/p>\n            \n                            <a href=\"https:\/\/factorialhr.de\/vorlagen\/urlaub-excel-2024-download\"\n                    class=\"factorial-cta-button not-prose freebie\" data-cta=\"freebie\" data-cta-position=\"inline-banner\">\n                    Kostenlos herunterladen                <\/a>\n                    <\/div>\n\n        <div class=\"banner-image no-image\">\n            <img decoding=\"async\" src=\"https:\/\/factorialhr.de\/blog\/app\/plugins\/factorial-utilities\/assets\/images\/banners\/inline\/backgrounds\/default_image.svg\" class=\"not-prose\" \/>\n        <\/div>\n    <\/div>\n<\/div>\n<h2>Urlaubsanspruch bei K\u00fcndigung &#8211; Rechtliche Regelungen<\/h2>\n<h3><strong>Urlaubstage Anspruch<\/strong><\/h3>\n<p>Grunds\u00e4tzlich gilt bei K\u00fcndigung des Arbeitsverh\u00e4ltnisses folgender Grundsatz:<\/p>\n<p>Bei Beendigung des Arbeitsverh\u00e4ltnisses haben die Arbeitnehmenden Anspruch auf ihren vollen <a href=\"https:\/\/factorialhr.de\/blog\/erholungsurlaub\/\">Urlaub<\/a>. Dies gilt sowohl f\u00fcr den gesetzlichen Mindesturlaub als auch f\u00fcr zus\u00e4tzlichen Urlaub, der z. B. im <a href=\"https:\/\/factorialhr.de\/blog\/arbeitsvertrag\/\">Arbeitsvertrag<\/a> oder in einem <a href=\"https:\/\/factorialhr.de\/blog\/tarifvertrag\/\">Tarifvertrag<\/a> vereinbart wurde.<\/p>\n<p>Laut <a href=\"https:\/\/www.destatis.de\/DE\/Themen\/Arbeit\/Arbeitsmarkt\/Qualitaet-Arbeit\/Dimension-2\/genommene-Urlaubstage.html?utm_source=chatgpt.com\" target=\"_blank\" rel=\"noopener\">Statistischem Bundesamt<\/a> nahmen deutsche Arbeitnehmende 2023 durchschnittlich 31,0 Urlaubstage \u2013 dieser Wert bleibt 2024 konstant.<\/p>\n<h3><strong>Gesetzlicher Mindestanspruch Urlaubstage &#8211; \u00a7 3 BUrlG<\/strong><\/h3>\n<p>Der Urlaubsanspruch berechnet sich nach dem Bundesurlaubsgesetz (<a href=\"https:\/\/www.gesetze-im-internet.de\/burlg\/\" rel=\"noopener noreferrer\">\u00a7 3 BUrlG<\/a>). Der gesetzliche Mindesturlaub betr\u00e4gt bei einer 6-Tage-Woche 24 Tage pro Jahr. Bei einer 5-Tage-Woche betr\u00e4gt der Mindesturlaub 20 Tage.<\/p>\n<h3><strong>Resturlaub<\/strong><\/h3>\n<p>Nach dem Bundesurlaubsgesetz <strong>muss der gesamte Urlaub im laufenden Kalenderjahr genommen werden<\/strong> (<a href=\"https:\/\/www.gesetze-im-internet.de\/burlg\/__7.html\" target=\"_blank\" rel=\"noopener\">\u00a7 7 BUrlG<\/a>). Es kann jedoch vorkommen, dass am Ende des Jahres noch Urlaubstage \u00fcbrig bleiben, der sogenannte Resturlaub. Das Gesetz sieht vor, dass der Resturlaub in das n\u00e4chste Kalenderjahr \u00fcbertragen werden kann, allerdings nur f\u00fcr die ersten drei Monate des folgenden Kalenderjahres. Dies ist jedoch nur zul\u00e4ssig, wenn dringende betriebliche oder in der Person der Arbeitnehmenden liegende Gr\u00fcnde dies rechtfertigen (<a href=\"https:\/\/www.gesetze-im-internet.de\/burlg\/__7.html\" target=\"_blank\" rel=\"noopener\">\u00a7 7 Abs. 3 BUrlG<\/a>).<\/p>\n<p><strong>Wichtig:<\/strong> Arbeitgebende m\u00fcssen Besch\u00e4ftigte rechtzeitig und konkret auf den drohenden Urlaubsverfall zum 31. M\u00e4rz hinweisen. Ohne diese Hinweispflicht verf\u00e4llt der Urlaub nicht und die Verj\u00e4hrungsfrist beginnt nicht (BAG, Urteil vom 20.12.2022, <a href=\"https:\/\/www.bundesarbeitsgericht.de\/entscheidung\/9-azr-266-20\/\" target=\"_blank\" rel=\"noopener\">9 AZR 266\/20<\/a>).<\/p>\n<h3><strong>Regelung Mindesturlaubsanspruch<\/strong><\/h3>\n<p>Allgemeine Informationen zum Urlaubsanspruch und dessen Berechnung k\u00f6nnen Sie auch unserem Artikel zum Thema \u201e<a href=\"https:\/\/factorialhr.de\/blog\/urlaubsanspruch-berechnen\/\" rel=\"noopener noreferrer\">Urlaubsanspruch berechnen<\/a>\u201c entnehmen.<\/p>\n<h3><strong>Freistellung w\u00e4hrend der K\u00fcndigungsfrist<\/strong><\/h3>\n<p class=\"font-claude-response-body break-words whitespace-normal leading-[1.7]\">Grunds\u00e4tzlich haben Besch\u00e4ftigte das Recht, ihre Urlaubstage innerhalb der <a href=\"https:\/\/factorialhr.de\/blog\/kuendigungsfrist\/\">K\u00fcndigungsfrist<\/a> zu nehmen. Arbeitgebende k\u00f6nnen den Urlaub jedoch aus dringenden betrieblichen Gr\u00fcnden verweigern \u2013 etwa wenn Mitarbeitende eine*n Nachfolger*in einarbeiten m\u00fcssen oder der <a href=\"https:\/\/factorialhr.de\/blog\/krankheitsquote\/\">Krankenstand<\/a> zu hoch ist.<\/p>\n<p class=\"font-claude-response-body break-words whitespace-normal leading-[1.7]\"><strong>Unterschied unwiderrufliche vs. widerrufliche Freistellung:<\/strong> Bei einer unwiderruflichen Freistellung k\u00f6nnen die restlichen Urlaubstage mit den Freistellungstagen verrechnet werden, sofern das Urlaubsentgelt gezahlt oder vorbehaltlos zugesagt wird (BAG, Urteil vom 19.08.2025, <a href=\"https:\/\/www.bundesarbeitsgericht.de\/entscheidung\/9-azr-216-24\/\" target=\"_blank\" rel=\"noopener\">9 AZR 216\/24<\/a>). Bei widerruflicher Freistellung bleibt der Urlaubsanspruch vollst\u00e4ndig bestehen.<\/p>\n<h3 class=\"font-claude-response-body break-words whitespace-normal leading-[1.7]\">Arbeitgeber-Hinweispflicht: Wann verf\u00e4llt Urlaub wirklich?<\/h3>\n<p class=\"font-claude-response-body break-words whitespace-normal leading-[1.7]\">Seit dem BAG-Urteil vom 20.12.2022 (<a href=\"https:\/\/www.bundesarbeitsgericht.de\/entscheidung\/9-azr-266-20\/\" target=\"_blank\" rel=\"noopener\">9 AZR 266\/20<\/a>) m\u00fcssen Arbeitgebende ihre Besch\u00e4ftigten konkret und rechtzeitig \u00fcber folgende Punkte informieren:<\/p>\n<ul class=\"[li_&amp;]:mb-0 [li_&amp;]:mt-1.5 [li_&amp;]:gap-1.5 [&amp;:not(:last-child)_ul]:pb-1 [&amp;:not(:last-child)_ol]:pb-1 list-disc flex flex-col gap-2 pl-8 mb-3\">\n<li class=\"whitespace-normal break-words pl-2\">Den genauen Urlaubsanspruch (Anzahl der Tage)<\/li>\n<li class=\"whitespace-normal break-words pl-2\">Die Aufforderung, den Urlaub zu nehmen<\/li>\n<li class=\"whitespace-normal break-words pl-2\">Den Hinweis auf den drohenden Verfall zum Jahresende bzw. 31. M\u00e4rz des Folgejahres<\/li>\n<\/ul>\n<p class=\"font-claude-response-body break-words whitespace-normal leading-[1.7]\"><strong>Ohne diese Hinweise:<\/strong> Der Urlaub verf\u00e4llt nicht, die Verj\u00e4hrungsfrist beginnt nicht, und Urlaubsanspr\u00fcche k\u00f6nnen sich \u00fcber Jahre ansammeln. Das kann f\u00fcr Arbeitgebende zu erheblichen Nachzahlungen bei K\u00fcndigung f\u00fchren.<\/p>\n<h3><strong>Abgeltung von Resturlaub<\/strong><\/h3>\n<p>K\u00f6nnen Mitarbeitende ihren Resturlaub nicht mehr nehmen, so muss er von den Vorgesetzten abgegolten werden. Die H\u00f6he der Abgeltung entspricht dem durchschnittlichen Bruttolohn. Dies ist nicht zu verwechseln mit dem sogenannten <a href=\"https:\/\/factorialhr.de\/blog\/urlaubsgeld\/\">Urlaubsgeld<\/a> \u2013 einer freiwilligen Leistung der Arbeitgebenden.<\/p>\n<h3><strong>Besondere Regelungen<\/strong><\/h3>\n<p>In einigen Tarifvertr\u00e4gen oder Arbeitsvertr\u00e4gen gibt es Sonderregelungen zum Urlaubsanspruch bei Beendigung des Arbeitsverh\u00e4ltnisses. Diese Sonderregelungen k\u00f6nnen z.B. vorsehen, dass die Urlaubstage anteilig gek\u00fcrzt werden, wenn Arbeitnehmende das Arbeitsverh\u00e4ltnis vorzeitig beenden.<\/p>\n<h3><strong>Unbezahlter Urlaub<\/strong><\/h3>\n<p>Neben diesen gesetzlichen Mindesturlaubsanspr\u00fcchen gibt es auch die M\u00f6glichkeit eines <a href=\"https:\/\/factorialhr.de\/blog\/unbezahlter-urlaub\/\">unbezahlten Urlaubs<\/a> f\u00fcr Mitarbeitende.<\/p>\n<h3>Verzicht auf Urlaubsabgeltung ist unwirksam<\/h3>\n<p>Ein wichtiges aktuelles BAG-Urteil vom 03.06.2025 (<a href=\"https:\/\/www.bundesarbeitsgericht.de\/entscheidung\/9-azr-104-24\/\" target=\"_blank\" rel=\"noopener\">9 AZR 104\/24<\/a>) stellt klar: Arbeitnehmende k\u00f6nnen selbst im Rahmen eines gerichtlichen Vergleichs nicht wirksam auf ihren gesetzlichen Mindesturlaub oder dessen Abgeltung verzichten, solange das Arbeitsverh\u00e4ltnis besteht. Dies gilt auch dann, wenn bereits feststeht, dass der Urlaub krankheitsbedingt nicht mehr genommen werden kann. Sogenannte \u201eUrlaubsklauseln\u201c in <a href=\"https:\/\/factorialhr.de\/blog\/aufhebungsvertrag\/\">Aufhebungsvertr\u00e4gen<\/a>, die besagen \u201eUrlaub ist in natura gew\u00e4hrt\u201c, sind nichtig, wenn dies offensichtlich nicht den Tatsachen entspricht<\/p>\n<div class=\"factorial-banner inline-banner banner-freebie category-unternehmensvorschriften-gesetze\"\n    data-banner-id=\"164342\"\n    data-banner-type=\"freebie\"\n    data-category=\"Unternehmensvorschriften &amp; Gesetze\">\n    <div class=\"banner-content\">\n        <div class=\"banner-text\">\n                            <h4>Vorlage: Urlaubsantrag<\/h4>\n            \n                            <p>Verwenden Sie unsere kostenlose Vorlage, um Ihren Urlaubsantrag korrekt und unkompliziert einzureichen. Jetzt herunterladen und ausf\u00fcllen!<\/p>\n            \n                            <a href=\"https:\/\/factorialhr.de\/vorlagen\/vorlage-urlaubsantrag\"\n                    class=\"factorial-cta-button not-prose freebie\" data-cta=\"freebie\" data-cta-position=\"inline-banner\">\n                    Kostenlos herunterladen                <\/a>\n                    <\/div>\n\n        <div class=\"banner-image no-image\">\n            <img decoding=\"async\" src=\"https:\/\/factorialhr.de\/blog\/app\/plugins\/factorial-utilities\/assets\/images\/banners\/inline\/backgrounds\/default_image.svg\" class=\"not-prose\" \/>\n        <\/div>\n    <\/div>\n<\/div>\n<h2>Urlaubsanspruch \u2013 Was f\u00fcr Besch\u00e4ftigte gilt<\/h2>\n<p>Der genaue Resturlaub bei K\u00fcndigung, der Mitarbeitenden bei einer K\u00fcndigung noch zusteht, h\u00e4ngt von verschiedenen Faktoren ab, wie z. B. dem Zeitpunkt der K\u00fcndigung, der Art der K\u00fcndigung und dem Vorliegen besonderer arbeitsvertraglicher oder tarifvertraglicher Regelungen.<\/p>\n<p>Im Folgenden spielen wir verschiedene Situationen durch.<\/p>\n<h3>Urlaubsanspruch bei einer ordentlichen K\u00fcndigung<\/h3>\n<p>Bei einer ordentlichen K\u00fcndigung haben Arbeitnehmende Anspruch auf ihren vollen Urlaub. Dies gilt sowohl f\u00fcr den gesetzlichen Mindesturlaub als auch f\u00fcr zus\u00e4tzlichen Urlaub, der z. B. im Arbeitsvertrag oder in einem Tarifvertrag vereinbart wurde.<\/p>\n<p>Generell sollte der K\u00fcndigungstermin so gew\u00e4hlt werden, dass der Resturlaub noch vor Ablauf des Austrittsdatums genommen werden kann. So vermeiden Sie als Arbeitgebender, dass der Resturlaub abgegolten werden muss.<\/p>\n<p>Sie d\u00fcrfen die Urlaubstage den ausscheidenden Mitarbeitenden nur dann verweigern, wenn dringende betriebliche Gr\u00fcnde es erfordern.<\/p>\n<p>Wann genau solche dringenden betrieblichen Gr\u00fcnde vorliegen, haben wir in einem weiteren <a href=\"https:\/\/factorialhr.de\/blog\/urlaubssperre\/#:~:text=Ein%20dringender%20betrieblicher%20Grund%20stellt,im%20Einkauf%20oder%20die%20Erntezeit.\" rel=\"noopener noreferrer\">Blogartikel<\/a> erkl\u00e4rt.<\/p>\n<h3>Urlaubsanspruch bei au\u00dferordentlicher K\u00fcndigung\/fristloser K\u00fcndigung<\/h3>\n<p>Unabh\u00e4ngig davon, ob die K\u00fcndigung von den Arbeitgebenden oder von Arbeitnehmenden ausgesprochen wird, bleibt der Urlaubsanspruch der Arbeitnehmenden bestehen. Es spielt auch keine Rolle, ob es sich um eine <a href=\"https:\/\/factorialhr.de\/blog\/ordentliche-kuendigung\/\">ordentliche<\/a> oder <a href=\"https:\/\/factorialhr.de\/blog\/ausserordentliche-kuendigung\/\">au\u00dferordentlich<\/a>e (fristlose) K\u00fcndigung handelt.<\/p>\n<h3>Urlaubsanspruch bei K\u00fcndigung bis einschlie\u00dflich 30. Juni:<\/h3>\n<p>Bei einer K\u00fcndigung bis zum 30. Juni des Jahres haben Besch\u00e4ftigte Anspruch auf anteiligen Urlaub.<\/p>\n<p><strong>Der Anspruch wird nach folgenden Grunds\u00e4tzen berechnet:<\/strong><\/p>\n<ul>\n<li><strong>Zw\u00f6lftel des Jahresurlaubs pro gearbeitetem Monat: <\/strong>Arbeitnehmende haben Anspruch auf ein Zw\u00f6lftel ihres Jahresurlaubs f\u00fcr jeden vollen Monat, den sie im Unternehmen gearbeitet hat.<\/li>\n<li><strong>Beispiel:<\/strong> Bei einem gesetzlichen Mindesturlaub von 20 Tagen und einer K\u00fcndigung zum 31. Mai haben Arbeitnehmende Anspruch auf 8,33 Urlaubstage (20 Tage \/ 12 Monate \u00d7 5 Monate). <strong>Wichtig:<\/strong> Bereits im ersten Besch\u00e4ftigungsmonat entsteht anteilig Urlaubsanspruch \u2013 die 6-monatige Wartezeit gilt nur f\u00fcr den vollen Jahresurlaub.<\/li>\n<li><strong>Aufrunden:<\/strong> Der Urlaubsanspruch wird auf volle Tage auf- bzw. abgerundet. Im obigen Beispiel h\u00e4tten die Arbeitnehmenden also Anspruch auf 8 Urlaubstage.<\/li>\n<\/ul>\n<h3>Urlaubsanspruch bei K\u00fcndigung nach dem 30. Juni &#8211; voller Urlaubsanspruch bei K\u00fcndigung im 2. Halbjahr<\/h3>\n<p>Bei einer K\u00fcndigung in der zweiten Jahresh\u00e4lfte des Jahres haben Mitarbeitende grunds\u00e4tzlich Anspruch auf den vollen Jahresurlaub.<\/p>\n<p>Voraussetzung:<\/p>\n<ul>\n<li>6-monatige Wartezeit: Der*die jeweilige Mitarbeiter*in muss mindestens 6 Monate im Unternehmen besch\u00e4ftigt sein, um den vollen Urlaubsanspruch zu erwerben.<\/li>\n<\/ul>\n<h3><strong>Pro Rata Temporis Regelung<\/strong><\/h3>\n<p>Ob den Mitarbeitenden ein \u00fcber den gesetzlichen Mindesturlaub hinausgehender Zusatzurlaub bei K\u00fcndigung gew\u00e4hrt wird, h\u00e4ngt davon ab, ob der <strong>Arbeitsvertrag eine \u201epro rata temporis\u201c-Regelung enth\u00e4lt.<\/strong><\/p>\n<p>Bei Anwendung der \u201ePro-rata-temporis\u201c-Regel <strong>sammeln Arbeitnehmende Urlaubstage nur im Verh\u00e4ltnis zu der tats\u00e4chlich gearbeiteten Zeit<\/strong>. F\u00e4ngt ein*eine Arbeitnehmer*in beispielsweise erst im Juli an zu arbeiten, so hat er*sie mit dieser Klausel nicht Anspruch auf den gesamten Jahresurlaub, sondern nur auf einen Bruchteil, der sich nach den verbleibenden Monaten richtet.<\/p>\n<p>Wichtig ist jedoch, dass <strong>trotz einer bestehenden pro rata temporis-Regelung der gesetzliche Mindesturlaubsanspruch nicht unterschritten<\/strong> werden darf.<\/p>\n<h3><strong>Urlaubsanspruch K\u00fcndigung in der Probezeit<\/strong><\/h3>\n<p>Auch w\u00e4hrend der Probezeit haben Mitarbeiter*innen Anspruch auf Urlaub, also auch im Falle einer <a href=\"https:\/\/factorialhr.de\/blog\/kuendigung-in-der-probezeit\/\">Probezeitk\u00fcndigung<\/a>. Der Urlaubsanspruch bemisst sich nach der Dauer der <a href=\"https:\/\/factorialhr.de\/blog\/betriebszugehoerigkeit\/\">Betriebszugeh\u00f6rigkeit<\/a>.<\/p>\n<h2>Urlaubsanspruch bei K\u00fcndigung berechnen<\/h2>\n<h3><strong>So berechnen Sie die restlichen Urlaubstage Ihrer Mitarbeitenden ganz unkompliziert.<\/strong><\/h3>\n<p>Um den Resturlaub zu berechnen, gehen Sie wie folgt vor:<\/p>\n<ul>\n<li><strong>Ermitteln Sie den gesetzlichen Mindesturlaub<\/strong>: Der gesetzliche Mindesturlaub betr\u00e4gt 24 Tage pro Jahr bei einer 6-Tage-Woche und 20 Tage pro Jahr bei einer 5-Tage-Woche.<\/li>\n<li><strong>Bestimmen Sie den Zusatzurlaub:<\/strong> Zus\u00e4tzlicher Urlaub kann sich aus dem Arbeitsvertrag, einem Tarifvertrag oder einer <a href=\"https:\/\/factorialhr.de\/blog\/betriebsvereinbarung\/\">Betriebsvereinbarung<\/a> ergeben.<\/li>\n<li><strong>Berechnen Sie den anteiligen Urlaub:<\/strong> Dies h\u00e4ngt wie oben beschrieben von K\u00fcndigungsdatum und Betriebszugeh\u00f6rigkeit ab.<\/li>\n<li><strong>Ziehen Sie den bereits genommenen Urlaub ab:<\/strong> Vom errechneten Urlaubsanspruch m\u00fcssen Sie den Urlaub abziehen, den die Arbeitnehmenden bereits genommen haben.<\/li>\n<\/ul>\n<h3>Beispiel Berechnung Urlaubsanspruch:<\/h3>\n<p>Eine Besch\u00e4ftigte mit einer 5-Tage-Woche hat einen gesetzlichen Mindesturlaub von 20 Tagen und einen Zusatzurlaub von 6 Tagen. Sie k\u00fcndigt am 31. Mai.<\/p>\n<p>Berechnung des Resturlaubs:<\/p>\n<ul>\n<li>Gesetzlicher Mindesturlaub: 20 Tage<\/li>\n<li>Zusatzurlaub: 6 Tage<\/li>\n<li>Gesamturlaubsanspruch: 26 Tage<\/li>\n<li>Anteiliger Urlaubsanspruch: 26 Tage \/ 12 * 5 = 10,83 Tage (gerundet 11 Tage)<\/li>\n<li>Bereits genommener Urlaub: 10 Tage<\/li>\n<li>Resturlaub: 11 Tage &#8211; 10 Tage = 1 Tag<\/li>\n<\/ul>\n<p>Tipp: Mit Factorial ganz einfach die <a href=\"https:\/\/factorialhr.de\/urlaubsverwaltung-software-1\">An- und Abwesenheiten Ihrer Mitarbeitenden<\/a> berechnen und einsehen.<\/p>\n<p><iframe src=\"\/\/www.youtube.com\/embed\/qMVpdZndkiQ\" width=\"560\" height=\"314\" allowfullscreen=\"allowfullscreen\" data-mce-fragment=\"1\"><\/iframe><\/p>\n<h2>Abgeltung Urlaubsanspruch bei K\u00fcndigung<\/h2>\n<p>K\u00f6nnen Besch\u00e4ftigte bei Beendigung des Arbeitsverh\u00e4ltnisses ihren Resturlaub nicht mehr nehmen, so ist dieser von den Vorgesetzten abzugelten. Die Abgeltung erfolgt in H\u00f6he des durchschnittlichen Bruttoverdienstes.<\/p>\n<h3>Berechnung der Abgeltung:<\/h3>\n<p>Die Abgeltung des Urlaubsanspruchs wird wie folgt berechnet:<\/p>\n<ul>\n<li>Bestimmen Sie den gesetzlichen Mindesturlaub.<\/li>\n<li>Bestimmen Sie den zus\u00e4tzlichen Urlaub.<\/li>\n<li>Den anteiligen Urlaub berechnen.<\/li>\n<li>Den bereits genommenen Urlaub abziehen.<\/li>\n<li>Berechnen Sie den durchschnittlichen Bruttolohn: Der durchschnittliche Bruttolohn errechnet sich aus den letzten drei Bruttomonatsgeh\u00e4ltern vor der K\u00fcndigung.<\/li>\n<\/ul>\n<p>Die Urlaubsabgeltung wird wie folgt berechnet:<\/p>\n<p>Resturlaub x durchschnittliches Bruttogehalt \/ Anzahl der Arbeitstage im Jahr.<\/p>\n<h3>Beispiel Berechnung Urlaubsabgeltung<\/h3>\n<p data-path-to-node=\"3\">Eine Arbeitnehmerin mit einer 5-Tage-Woche hat einen gesetzlichen Mindesturlaub von 20 Tagen und einen Zusatzurlaub von 6 Tagen. Sie k\u00fcndigt zum 31. Mai. Ihr Resturlaub betr\u00e4gt 5 Tage. Ihr durchschnittliches Bruttogehalt der letzten 13 Wochen betr\u00e4gt monatlich 2.500 Euro.<\/p>\n<p><strong>Berechnung der Verg\u00fctung:<\/strong><\/p>\n<p>Um den Wert eines einzelnen Urlaubstages zu ermitteln, wird das Quartalsgehalt (3 Monate) durch 65 Arbeitstage (13 Wochen \u00e0 5 Tage) geteilt.<\/p>\n<ul data-path-to-node=\"5\">\n<li>\n<p data-path-to-node=\"5,0,0\"><b data-path-to-node=\"5,0,0\" data-index-in-node=\"0\">Resturlaub:<\/b> 5 Tage<\/p>\n<\/li>\n<li>\n<p data-path-to-node=\"5,1,0\"><b data-path-to-node=\"5,1,0\" data-index-in-node=\"0\">Quartalsgehalt:<\/b> 7.500 Euro (3 x 2.500 Euro)<\/p>\n<\/li>\n<li>\n<p data-path-to-node=\"5,2,0\"><b data-path-to-node=\"5,2,0\" data-index-in-node=\"0\">Wert pro Urlaubstag:<\/b> <span class=\"math-inline\" data-math=\"7.500 \\text{ Euro} \/ 65 \\text{ Tage} = 115,38 \\text{ Euro}\" data-index-in-node=\"21\">7.500 Euro \/ 65 Tage = 115,38 Euro<\/span><\/p>\n<\/li>\n<li>\n<p data-path-to-node=\"5,3,0\"><b data-path-to-node=\"5,3,0\" data-index-in-node=\"0\">Gesamtverg\u00fctung:<\/b> <span class=\"math-inline\" data-math=\"5 \\text{ Tage} \\times 115,38 \\text{ Euro} = \\mathbf{576,90 \\text{ Euro}}\" data-index-in-node=\"17\">5 Tage x 115,38 Euro = 576,90 Euro<\/span><\/p>\n<\/li>\n<\/ul>\n<p data-path-to-node=\"6\">Die Urlaubsabgeltung betr\u00e4gt in diesem Beispiel <b data-path-to-node=\"6\" data-index-in-node=\"48\">576,90 Euro<\/b> brutto.<\/p>\n<h3>Urlaubsanspruch bei K\u00fcndigung Rechner<\/h3>\n<p>Online finden Sie auch viele <a href=\"https:\/\/www.smart-rechner.de\/urlaubsanspruch\/rechner.php\" rel=\"noopener noreferrer\">Tools<\/a>, die Ihnen die Berechnung noch einfacher machen.<\/p>\n<h3>Ausnahmen<\/h3>\n<p>Die Urlaubsabgeltung ist die Regel, wenn Arbeitnehmende bei Beendigung des Arbeitsverh\u00e4ltnisses ihren Resturlaub nicht mehr nehmen k\u00f6nnen. Es gibt jedoch einige Ausnahmen, in denen der Urlaub nicht abgegolten werden muss.<\/p>\n<p><strong>1. Der Urlaubsanspruch ist vor Beendigung des Arbeitsverh\u00e4ltnisses verfallen:<\/strong><\/p>\n<p data-path-to-node=\"4\">Ein Urlaubsanspruch aus dem Vorjahr verf\u00e4llt in der Regel am 31. M\u00e4rz des Folgejahres (<a href=\"https:\/\/www.gesetze-im-internet.de\/burlg\/__7.html\" target=\"_blank\" rel=\"noopener\">\u00a7 7 Abs. 3 BUrlG<\/a>).<\/p>\n<p data-path-to-node=\"4\"><b data-path-to-node=\"4\" data-index-in-node=\"139\">Wichtig:<\/b> Dies geschieht jedoch <b data-path-to-node=\"4\" data-index-in-node=\"170\">nur dann<\/b>, wenn Arbeitgebende ihre Mitwirkungspflichten erf\u00fcllt haben. Das bedeutet, sie m\u00fcssen die Besch\u00e4ftigten rechtzeitig und konkret darauf hingewiesen haben, wie viele Urlaubstage noch offen sind und dass diese zum Stichtag verfallen, wenn sie nicht genommen werden (BAG, Urteil vom 20.12.2022,<a href=\"https:\/\/www.bundesarbeitsgericht.de\/entscheidung\/9-azr-266-20\/\" target=\"_blank\" rel=\"noopener\"> 9 AZR 266\/20<\/a>). Ohne diesen Hinweis bleibt der Anspruch bestehen und muss bei einer K\u00fcndigung abgegolten werden.<\/p>\n<p><strong>2. Langzeiterkrankung<\/strong>:<\/p>\n<p>Sind Arbeitnehmende so schwer erkrankt, dass sie ihren Urlaub bis zum Ende des Jahres oder des \u00dcbertragungszeitraums nicht nehmen k\u00f6nnen, verf\u00e4llt der gesetzliche Mindesturlaub nicht sofort. Er bleibt bis zu <b data-path-to-node=\"5\" data-index-in-node=\"231\">15 Monate<\/b> nach Ablauf des Urlaubsjahres bestehen (BAG, Urteil vom 07.08.2012, <a href=\"https:\/\/www.bundesarbeitsgericht.de\/entscheidung\/9-azr-353-10\/\" target=\"_blank\" rel=\"noopener\">9 AZR 353\/10<\/a>). Endet das Arbeitsverh\u00e4ltnis w\u00e4hrend dieser Zeit, muss dieser angesammelte Urlaub in voller H\u00f6he finanziell abgegolten werden. Ein Verzicht auf diese Abgeltung im Arbeitsvertrag oder in Vergleichen ist f\u00fcr den gesetzlichen Mindesturlaub unwirksam.<\/p>\n<p><strong>3. Tarifvertr\u00e4ge oder Zusatzvereinbarungen<\/strong><\/p>\n<p>In Tarifvertr\u00e4gen oder Arbeitsvertr\u00e4gen k\u00f6nnen f\u00fcr den <b data-path-to-node=\"6\" data-index-in-node=\"94\">\u00fcbergesetzlichen Zusatzurlaub<\/b> (also die Tage, die \u00fcber die gesetzlichen 20 bzw. 24 Tage hinausgehen) abweichende Regeln vereinbart werden. So kann zum Beispiel festgelegt werden, dass dieser Zusatzurlaub bei einer K\u00fcndigung ohne Einhaltung der Hinweispflichten verf\u00e4llt oder nicht abgegolten werden muss. Der gesetzliche Mindesturlaub darf durch solche Klauseln jedoch niemals unterschritten oder ausgeschlossen werden.<\/p>\n<p data-path-to-node=\"1\">Mit der <a href=\"https:\/\/factorialhr.de\/\">HR-Software von Factorial<\/a> haben Sie und Ihre Mitarbeitenden alle wichtigen Dokumente sowie Informationen zu An- und Abwesenheiten und Urlaub direkt im Dashboard im Blick und k\u00f6nnen einfach auf alle wichtigen Unterlagen zugreifen.<\/p>\n<p><a href=\"https:\/\/factorialhr.de\/\"><img decoding=\"async\" class=\"alignnone size-large wp-image-169682\" src=\"https:\/\/factorialhr.de\/wp-content\/uploads\/2025\/09\/30182333\/general-dashboard-screen-1024x651.webp\" alt=\"general dashboard screen\" width=\"1024\" height=\"651\" srcset=\"https:\/\/factorialhr.de\/wp-content\/uploads\/2025\/09\/30182333\/general-dashboard-screen-1024x651.webp 1024w, https:\/\/factorialhr.de\/wp-content\/uploads\/2025\/09\/30182333\/general-dashboard-screen-300x191.webp 300w, https:\/\/factorialhr.de\/wp-content\/uploads\/2025\/09\/30182333\/general-dashboard-screen-768x488.webp 768w, https:\/\/factorialhr.de\/wp-content\/uploads\/2025\/09\/30182333\/general-dashboard-screen-1536x976.webp 1536w, https:\/\/factorialhr.de\/wp-content\/uploads\/2025\/09\/30182333\/general-dashboard-screen.webp 1800w\" sizes=\"(max-width: 1024px) 100vw, 1024px\" \/><\/a><\/p>\n<h2>FAQ: H\u00e4ufige Fragen und Antworten zu Urlaubsanspruch bei K\u00fcndigung<\/h2>\n<h3>Wann steht mir der komplette Jahresurlaub bei K\u00fcndigung zu?<\/h3>\n<p>Bei einer ordentlichen K\u00fcndigung haben Arbeitnehmende Anspruch auf ihren vollen Urlaub. Dies gilt sowohl f\u00fcr den gesetzlichen Mindesturlaub als auch f\u00fcr zus\u00e4tzlichen Urlaub, der z. B. im Arbeitsvertrag oder in einem Tarifvertrag vereinbart wurde. Generell sollte der K\u00fcndigungstermin so gew\u00e4hlt werden, dass der Resturlaub noch vor Ablauf des Austrittsdatums genommen werden kann.<\/p>\n<h3><strong>Wie viel Urlaub steht Arbeitnehmenden zu, wenn sie in der ersten Jahresh\u00e4lfte k\u00fcndigen?<\/strong><\/h3>\n<p>Bei einem Ausscheiden bis zum 30.06. besteht ein Anspruch auf <b data-path-to-node=\"1\" data-index-in-node=\"150\">anteiligen Urlaub<\/b> (ein Zw\u00f6lftel des Jahresurlaubs f\u00fcr jeden vollen Monat der Besch\u00e4ftigung).<\/p>\n<h3><strong>Welchen Urlaubsanspruch hat man bei einer K\u00fcndigung in der zweiten Jahresh\u00e4lfte?<\/strong><\/h3>\n<p>Wer nach dem 30.06. ausscheidet und l\u00e4nger als 6 Monate im Betrieb ist, hat Anspruch auf den <b data-path-to-node=\"2\" data-index-in-node=\"174\">vollen gesetzlichen Mindesturlaub<\/b> (z. B. 20 Tage bei einer 5-Tage-Woche). Vertraglicher Zusatzurlaub kann je nach Arbeitsvertrag anteilig gek\u00fcrzt werden.<\/p>\n<h3>Wie berechnet man den Resturlaub bei einer K\u00fcndigung?<\/h3>\n<p class=\"font-claude-response-body break-words whitespace-normal leading-[1.7]\">Ermitteln Sie den Jahresurlaub (Mindesturlaub + Zusatzurlaub) Ihrer Besch\u00e4ftigten. Bei K\u00fcndigung bis 30.06.: (gearbeitete Monate \u00f7 12) \u00d7 Jahresurlaub. Ab 01.07.: voller Mindesturlaub plus anteiliger Zusatzurlaub. Ziehen Sie bereits genommene Tage ab. Bruchteile \u00fcber 0,5 werden aufgerundet.<\/p>\n<h3 class=\"font-claude-response-body break-words whitespace-normal leading-[1.7]\"><strong>Was passiert mit meinem Urlaub, wenn ich selber k\u00fcndige?<\/strong><\/h3>\n<p class=\"font-claude-response-body break-words whitespace-normal leading-[1.7]\">Der Urlaubsanspruch von Arbeitnehmenden bleibt vollst\u00e4ndig bestehen, unabh\u00e4ngig davon, wer k\u00fcndigt. Kann der Resturlaub nicht mehr genommen werden, m\u00fcssen Arbeitgebende ihn auszahlen. Ein Verzicht auf die Urlaubsabgeltung ist unwirksam, auch bei Eigenk\u00fcndigung.<\/p>\n<p><script type=\"application\/ld+json\">\n{\n  \"@context\": \"https:\/\/schema.org\",\n  \"@type\": \"FAQPage\",\n  \"mainEntity\": [{\n    \"@type\": \"Question\",\n    \"name\": \"Wann steht mir der komplette Jahresurlaub bei K\u00fcndigung zu?\",\n    \"acceptedAnswer\": {\n      \"@type\": \"Answer\",\n      \"text\": \"Bei einer ordentlichen K\u00fcndigung haben Arbeitnehmende Anspruch auf ihren vollen Urlaub. Dies gilt sowohl f\u00fcr den gesetzlichen Mindesturlaub als auch f\u00fcr zus\u00e4tzlichen Urlaub, der z. B. im Arbeitsvertrag oder in einem Tarifvertrag vereinbart wurde. Generell sollte der K\u00fcndigungstermin so gew\u00e4hlt werden, dass der Resturlaub noch vor Ablauf des Austrittsdatums genommen werden kann.\"\n    }\n  },{\n    \"@type\": \"Question\",\n    \"name\": \"Wie viel Urlaub steht Arbeitnehmenden zu, wenn sie in der ersten Jahresh\u00e4lfte k\u00fcndigen?\",\n    \"acceptedAnswer\": {\n      \"@type\": \"Answer\",\n      \"text\": \"Bei einem Ausscheiden bis zum 30.06. besteht ein Anspruch auf anteiligen Urlaub (ein Zw\u00f6lftel des Jahresurlaubs f\u00fcr jeden vollen Monat der Besch\u00e4ftigung).\"\n    }\n  },{\n    \"@type\": \"Question\",\n    \"name\": \"Welchen Urlaubsanspruch hat man bei einer K\u00fcndigung in der zweiten Jahresh\u00e4lfte?\",\n    \"acceptedAnswer\": {\n      \"@type\": \"Answer\",\n      \"text\": \"Wer nach dem 30.06. ausscheidet und l\u00e4nger als 6 Monate im Betrieb ist, hat Anspruch auf den vollen gesetzlichen Mindesturlaub (z. B. 20 Tage bei einer 5-Tage-Woche). Vertraglicher Zusatzurlaub kann je nach Arbeitsvertrag anteilig gek\u00fcrzt werden.\"\n    }\n  },{\n    \"@type\": \"Question\",\n    \"name\": \"Wie berechnet man den Resturlaub bei einer K\u00fcndigung?\",\n    \"acceptedAnswer\": {\n      \"@type\": \"Answer\",\n      \"text\": \"Ermitteln Sie den Jahresurlaub (Mindesturlaub + Zusatzurlaub) Ihrer Besch\u00e4ftigten. Bei K\u00fcndigung bis 30.06.: (gearbeitete Monate \u00f7 12) \u00d7 Jahresurlaub. Ab 01.07.: voller Mindesturlaub plus anteiliger Zusatzurlaub. Ziehen Sie bereits genommene Tage ab. Bruchteile \u00fcber 0,5 werden aufgerundet.\"\n    }\n  },{\n    \"@type\": \"Question\",\n    \"name\": \"Was passiert mit meinem Urlaub, wenn ich selber k\u00fcndige?\",\n    \"acceptedAnswer\": {\n      \"@type\": \"Answer\",\n      \"text\": \"Der Urlaubsanspruch von Arbeitnehmenden bleibt vollst\u00e4ndig bestehen, unabh\u00e4ngig davon, wer k\u00fcndigt. Kann der Resturlaub nicht mehr genommen werden, m\u00fcssen Arbeitgebende ihn auszahlen. Ein Verzicht auf die Urlaubsabgeltung ist unwirksam, auch bei Eigenk\u00fcndigung.\"\n    }\n  }]\n}\n<\/script><\/p>\n<div class=\"factorial-banner inline-banner banner-discover category-unternehmensvorschriften-gesetze\"\n    data-banner-id=\"164393\"\n    data-banner-type=\"discover\"\n    data-category=\"Unternehmensvorschriften &amp; Gesetze\">\n    <div class=\"banner-content\">\n        <div class=\"banner-text\">\n                            <h4>Die Software, die alles verbindet, was Sie f\u00fcr das Management Ihres Teams brauchen.<\/h4>\n            \n                            <p>Entdecken Sie jetzt Factorial und erfahren Sie, wie Sie Ihre Prozesse effizienter gestalten.<\/p>\n            \n                            <a href=\"https:\/\/factorialhr.de\/entdecken-factorial-software\"\n                    class=\"factorial-cta-button not-prose demo btn-brand\" data-cta=\"discover\" data-cta-position=\"inline-banner\">\n                    Factorial entdecken                <\/a>\n                    <\/div>\n\n        <div class=\"banner-image has-image\">\n            <img decoding=\"async\" src=\"https:\/\/factorialhr.com\/wp-content\/uploads\/2025\/07\/18113357\/Laptop_screen-3-1.png\" class=\"not-prose\" \/>\n        <\/div>\n    <\/div>\n<\/div>\n","protected":false},"excerpt":{"rendered":"<p>Der Urlaubsanspruch ist ein wichtiger Bestandteil des Arbeitsrechts und kann bei K\u00fcndigungen zu Unsicherheiten f\u00fchren. Um sowohl Arbeitnehmende als auch Arbeitgebende zu sch\u00fctzen, ist es wichtig, die gesetzlichen Regelungen zum Urlaubsanspruch bei Beendigung des Arbeitsverh\u00e4ltnisses genau zu kennen. Das Wichtigste in K\u00fcrze: Der Urlaubsanspruch richtet sich u.a. nach dem K\u00fcndigungszeitpunkt. Bei einer K\u00fcndigung nach dem<a href=\"https:\/\/factorialhr.de\/blog\/urlaubsanspruch-bei-kuendigung\/\" class=\"read-more\"> [&#8230;]<\/a><\/p>\n","protected":false},"author":253,"featured_media":176036,"comment_status":"closed","ping_status":"closed","sticky":false,"template":"","format":"standard","meta":{"_acf_changed":false,"footnotes":""},"categories":[393],"tags":[],"class_list":["post-129770","post","type-post","status-publish","format-standard","has-post-thumbnail","hentry","category-unternehmensvorschriften-und-gesetze"],"acf":{"topics":"time-time-off"},"yoast_head":"<!-- This site is optimized with the Yoast SEO Premium plugin v21.5 (Yoast SEO v21.9.1) - https:\/\/yoast.com\/wordpress\/plugins\/seo\/ -->\n<title>Resturlaub bei K\u00fcndigung | Factorial<\/title>\n<meta name=\"description\" content=\"Der Urlaubsanspruch kann bei K\u00fcndigung zu Unsicherheiten f\u00fchren. Erfahren Sie in unserem Artikel mehr zu den gesetzlichen Regelungen!\" \/>\n<meta name=\"robots\" content=\"index, follow, max-snippet:-1, max-image-preview:large, max-video-preview:-1\" \/>\n<link rel=\"canonical\" href=\"https:\/\/factorialhr.de\/blog\/urlaubsanspruch-bei-kuendigung\/\" \/>\n<meta property=\"og:locale\" content=\"de_DE\" \/>\n<meta property=\"og:type\" content=\"article\" \/>\n<meta property=\"og:title\" content=\"Urlaubsanspruch bei K\u00fcndigung richtig berechnen\" \/>\n<meta property=\"og:description\" content=\"Der Urlaubsanspruch kann bei K\u00fcndigung zu Unsicherheiten f\u00fchren. Erfahren Sie in unserem Artikel mehr zu den gesetzlichen Regelungen!\" \/>\n<meta property=\"og:url\" content=\"https:\/\/factorialhr.de\/blog\/urlaubsanspruch-bei-kuendigung\/\" \/>\n<meta property=\"og:site_name\" content=\"Factorial\" \/>\n<meta property=\"article:publisher\" content=\"https:\/\/www.facebook.com\/people\/Factorial\/100064908455810\/\" \/>\n<meta property=\"article:published_time\" content=\"2025-12-24T17:06:48+00:00\" \/>\n<meta property=\"article:modified_time\" content=\"2025-12-24T18:04:35+00:00\" \/>\n<meta property=\"og:image\" content=\"https:\/\/factorialhr.de\/wp-content\/uploads\/2024\/03\/23181456\/blog_thumbnail_image.webp\" \/>\n\t<meta property=\"og:image:width\" content=\"2560\" \/>\n\t<meta property=\"og:image:height\" content=\"1440\" \/>\n\t<meta property=\"og:image:type\" content=\"image\/webp\" \/>\n<meta name=\"author\" content=\"Elisa-Mariebelle Haus\" \/>\n<meta name=\"twitter:card\" content=\"summary_large_image\" \/>\n<meta name=\"twitter:creator\" content=\"@factorialapp\" \/>\n<meta name=\"twitter:site\" content=\"@factorialapp\" \/>\n<meta name=\"twitter:label1\" content=\"Written by\" \/>\n\t<meta name=\"twitter:data1\" content=\"Elisa-Mariebelle Haus\" \/>\n\t<meta name=\"twitter:label2\" content=\"Est. reading time\" \/>\n\t<meta name=\"twitter:data2\" content=\"10 Minuten\" \/>\n<script type=\"application\/ld+json\" class=\"yoast-schema-graph\">{\"@context\":\"https:\/\/schema.org\",\"@graph\":[{\"@type\":\"Article\",\"@id\":\"https:\/\/factorialhr.de\/blog\/urlaubsanspruch-bei-kuendigung\/#article\",\"isPartOf\":{\"@id\":\"https:\/\/factorialhr.de\/blog\/urlaubsanspruch-bei-kuendigung\/\"},\"author\":{\"name\":\"Elisa-Mariebelle Haus\",\"@id\":\"https:\/\/factorialhr.de\/blog\/#\/schema\/person\/be92ed59ee3b54627fa4ab80d2a3030c\"},\"headline\":\"Urlaubsanspruch bei K\u00fcndigung richtig berechnen\",\"datePublished\":\"2025-12-24T17:06:48+00:00\",\"dateModified\":\"2025-12-24T18:04:35+00:00\",\"mainEntityOfPage\":{\"@id\":\"https:\/\/factorialhr.de\/blog\/urlaubsanspruch-bei-kuendigung\/\"},\"wordCount\":2203,\"publisher\":{\"@id\":\"https:\/\/factorialhr.de\/blog\/#organization\"},\"articleSection\":[\"Unternehmensvorschriften &amp; Gesetze\"],\"inLanguage\":\"de-DE\"},{\"@type\":\"WebPage\",\"@id\":\"https:\/\/factorialhr.de\/blog\/urlaubsanspruch-bei-kuendigung\/\",\"url\":\"https:\/\/factorialhr.de\/blog\/urlaubsanspruch-bei-kuendigung\/\",\"name\":\"Resturlaub bei K\u00fcndigung | Factorial\",\"isPartOf\":{\"@id\":\"https:\/\/factorialhr.de\/blog\/#website\"},\"datePublished\":\"2025-12-24T17:06:48+00:00\",\"dateModified\":\"2025-12-24T18:04:35+00:00\",\"description\":\"Der Urlaubsanspruch kann bei K\u00fcndigung zu Unsicherheiten f\u00fchren. Erfahren Sie in unserem Artikel mehr zu den gesetzlichen Regelungen!\",\"inLanguage\":\"de-DE\",\"potentialAction\":[{\"@type\":\"ReadAction\",\"target\":[\"https:\/\/factorialhr.de\/blog\/urlaubsanspruch-bei-kuendigung\/\"]}]},{\"@type\":\"WebSite\",\"@id\":\"https:\/\/factorialhr.de\/blog\/#website\",\"url\":\"https:\/\/factorialhr.de\/blog\/\",\"name\":\"Factorial\",\"description\":\"\",\"publisher\":{\"@id\":\"https:\/\/factorialhr.de\/blog\/#organization\"},\"potentialAction\":[{\"@type\":\"SearchAction\",\"target\":{\"@type\":\"EntryPoint\",\"urlTemplate\":\"https:\/\/factorialhr.de\/blog\/?s={search_term_string}\"},\"query-input\":\"required name=search_term_string\"}],\"inLanguage\":\"de-DE\"},{\"@type\":\"Organization\",\"@id\":\"https:\/\/factorialhr.de\/blog\/#organization\",\"name\":\"All-in-one business management software - Factorial\",\"url\":\"https:\/\/factorialhr.de\/blog\/\",\"logo\":{\"@type\":\"ImageObject\",\"inLanguage\":\"de-DE\",\"@id\":\"https:\/\/factorialhr.de\/blog\/#\/schema\/logo\/image\/\",\"url\":\"https:\/\/factorialhr.de\/wp-content\/uploads\/2023\/07\/18155144\/factorial-logo.png\",\"contentUrl\":\"https:\/\/factorialhr.de\/wp-content\/uploads\/2023\/07\/18155144\/factorial-logo.png\",\"width\":946,\"height\":880,\"caption\":\"All-in-one business management software - Factorial\"},\"image\":{\"@id\":\"https:\/\/factorialhr.de\/blog\/#\/schema\/logo\/image\/\"},\"sameAs\":[\"https:\/\/www.facebook.com\/people\/Factorial\/100064908455810\/\",\"https:\/\/twitter.com\/factorialapp\",\"https:\/\/www.linkedin.com\/company\/factorialhr\",\"https:\/\/www.youtube.com\/@factorialmedia\",\"https:\/\/www.instagram.com\/factorial\/#\"]},{\"@type\":\"Person\",\"@id\":\"https:\/\/factorialhr.de\/blog\/#\/schema\/person\/be92ed59ee3b54627fa4ab80d2a3030c\",\"name\":\"Elisa-Mariebelle Haus\",\"image\":{\"@type\":\"ImageObject\",\"inLanguage\":\"de-DE\",\"@id\":\"https:\/\/factorialhr.de\/blog\/#\/schema\/person\/image\/\",\"url\":\"https:\/\/secure.gravatar.com\/avatar\/31c4395025b7a21818036f8b8d66f3e9?s=96&d=identicon&r=g\",\"contentUrl\":\"https:\/\/secure.gravatar.com\/avatar\/31c4395025b7a21818036f8b8d66f3e9?s=96&d=identicon&r=g\",\"caption\":\"Elisa-Mariebelle Haus\"},\"description\":\"Elisa-Mariebelle Haus ist im Digital Marketing t\u00e4tig und verbindet wirtschaftliches Know-how mit einem Fokus auf Unternehmenskultur und Kommunikation. Mit ihrem Hintergrund in International Business entwickelt sie Inhalte, die strategisch ausgerichtet sind und den Menschen im Unternehmen sichtbar machen.\",\"sameAs\":[\"https:\/\/www.linkedin.com\/in\/elisamariebellehaus\/\"],\"url\":\"https:\/\/factorialhr.de\/blog\/author\/elisa-haus\/\"}]}<\/script>\n<!-- \/ Yoast SEO Premium plugin. -->","yoast_head_json":{"title":"Resturlaub bei K\u00fcndigung | Factorial","description":"Der Urlaubsanspruch kann bei K\u00fcndigung zu Unsicherheiten f\u00fchren. Erfahren Sie in unserem Artikel mehr zu den gesetzlichen Regelungen!","robots":{"index":"index","follow":"follow","max-snippet":"max-snippet:-1","max-image-preview":"max-image-preview:large","max-video-preview":"max-video-preview:-1"},"canonical":"https:\/\/factorialhr.de\/blog\/urlaubsanspruch-bei-kuendigung\/","og_locale":"de_DE","og_type":"article","og_title":"Urlaubsanspruch bei K\u00fcndigung richtig berechnen","og_description":"Der Urlaubsanspruch kann bei K\u00fcndigung zu Unsicherheiten f\u00fchren. Erfahren Sie in unserem Artikel mehr zu den gesetzlichen Regelungen!","og_url":"https:\/\/factorialhr.de\/blog\/urlaubsanspruch-bei-kuendigung\/","og_site_name":"Factorial","article_publisher":"https:\/\/www.facebook.com\/people\/Factorial\/100064908455810\/","article_published_time":"2025-12-24T17:06:48+00:00","article_modified_time":"2025-12-24T18:04:35+00:00","og_image":[{"width":2560,"height":1440,"url":"https:\/\/factorialhr.de\/wp-content\/uploads\/2024\/03\/23181456\/blog_thumbnail_image.webp","type":"image\/webp"}],"author":"Elisa-Mariebelle Haus","twitter_card":"summary_large_image","twitter_creator":"@factorialapp","twitter_site":"@factorialapp","twitter_misc":{"Written by":"Elisa-Mariebelle Haus","Est. reading time":"10 Minuten"},"schema":{"@context":"https:\/\/schema.org","@graph":[{"@type":"Article","@id":"https:\/\/factorialhr.de\/blog\/urlaubsanspruch-bei-kuendigung\/#article","isPartOf":{"@id":"https:\/\/factorialhr.de\/blog\/urlaubsanspruch-bei-kuendigung\/"},"author":{"name":"Elisa-Mariebelle Haus","@id":"https:\/\/factorialhr.de\/blog\/#\/schema\/person\/be92ed59ee3b54627fa4ab80d2a3030c"},"headline":"Urlaubsanspruch bei K\u00fcndigung richtig berechnen","datePublished":"2025-12-24T17:06:48+00:00","dateModified":"2025-12-24T18:04:35+00:00","mainEntityOfPage":{"@id":"https:\/\/factorialhr.de\/blog\/urlaubsanspruch-bei-kuendigung\/"},"wordCount":2203,"publisher":{"@id":"https:\/\/factorialhr.de\/blog\/#organization"},"articleSection":["Unternehmensvorschriften &amp; Gesetze"],"inLanguage":"de-DE"},{"@type":"WebPage","@id":"https:\/\/factorialhr.de\/blog\/urlaubsanspruch-bei-kuendigung\/","url":"https:\/\/factorialhr.de\/blog\/urlaubsanspruch-bei-kuendigung\/","name":"Resturlaub bei K\u00fcndigung | Factorial","isPartOf":{"@id":"https:\/\/factorialhr.de\/blog\/#website"},"datePublished":"2025-12-24T17:06:48+00:00","dateModified":"2025-12-24T18:04:35+00:00","description":"Der Urlaubsanspruch kann bei K\u00fcndigung zu Unsicherheiten f\u00fchren. Erfahren Sie in unserem Artikel mehr zu den gesetzlichen Regelungen!","inLanguage":"de-DE","potentialAction":[{"@type":"ReadAction","target":["https:\/\/factorialhr.de\/blog\/urlaubsanspruch-bei-kuendigung\/"]}]},{"@type":"WebSite","@id":"https:\/\/factorialhr.de\/blog\/#website","url":"https:\/\/factorialhr.de\/blog\/","name":"Factorial","description":"","publisher":{"@id":"https:\/\/factorialhr.de\/blog\/#organization"},"potentialAction":[{"@type":"SearchAction","target":{"@type":"EntryPoint","urlTemplate":"https:\/\/factorialhr.de\/blog\/?s={search_term_string}"},"query-input":"required name=search_term_string"}],"inLanguage":"de-DE"},{"@type":"Organization","@id":"https:\/\/factorialhr.de\/blog\/#organization","name":"All-in-one business management software - Factorial","url":"https:\/\/factorialhr.de\/blog\/","logo":{"@type":"ImageObject","inLanguage":"de-DE","@id":"https:\/\/factorialhr.de\/blog\/#\/schema\/logo\/image\/","url":"https:\/\/factorialhr.de\/wp-content\/uploads\/2023\/07\/18155144\/factorial-logo.png","contentUrl":"https:\/\/factorialhr.de\/wp-content\/uploads\/2023\/07\/18155144\/factorial-logo.png","width":946,"height":880,"caption":"All-in-one business management software - Factorial"},"image":{"@id":"https:\/\/factorialhr.de\/blog\/#\/schema\/logo\/image\/"},"sameAs":["https:\/\/www.facebook.com\/people\/Factorial\/100064908455810\/","https:\/\/twitter.com\/factorialapp","https:\/\/www.linkedin.com\/company\/factorialhr","https:\/\/www.youtube.com\/@factorialmedia","https:\/\/www.instagram.com\/factorial\/#"]},{"@type":"Person","@id":"https:\/\/factorialhr.de\/blog\/#\/schema\/person\/be92ed59ee3b54627fa4ab80d2a3030c","name":"Elisa-Mariebelle Haus","image":{"@type":"ImageObject","inLanguage":"de-DE","@id":"https:\/\/factorialhr.de\/blog\/#\/schema\/person\/image\/","url":"https:\/\/secure.gravatar.com\/avatar\/31c4395025b7a21818036f8b8d66f3e9?s=96&d=identicon&r=g","contentUrl":"https:\/\/secure.gravatar.com\/avatar\/31c4395025b7a21818036f8b8d66f3e9?s=96&d=identicon&r=g","caption":"Elisa-Mariebelle Haus"},"description":"Elisa-Mariebelle Haus ist im Digital Marketing t\u00e4tig und verbindet wirtschaftliches Know-how mit einem Fokus auf Unternehmenskultur und Kommunikation. Mit ihrem Hintergrund in International Business entwickelt sie Inhalte, die strategisch ausgerichtet sind und den Menschen im Unternehmen sichtbar machen.","sameAs":["https:\/\/www.linkedin.com\/in\/elisamariebellehaus\/"],"url":"https:\/\/factorialhr.de\/blog\/author\/elisa-haus\/"}]}},"_links":{"self":[{"href":"https:\/\/factorialhr.de\/blog\/wp-json\/wp\/v2\/posts\/129770"}],"collection":[{"href":"https:\/\/factorialhr.de\/blog\/wp-json\/wp\/v2\/posts"}],"about":[{"href":"https:\/\/factorialhr.de\/blog\/wp-json\/wp\/v2\/types\/post"}],"author":[{"embeddable":true,"href":"https:\/\/factorialhr.de\/blog\/wp-json\/wp\/v2\/users\/253"}],"replies":[{"embeddable":true,"href":"https:\/\/factorialhr.de\/blog\/wp-json\/wp\/v2\/comments?post=129770"}],"version-history":[{"count":30,"href":"https:\/\/factorialhr.de\/blog\/wp-json\/wp\/v2\/posts\/129770\/revisions"}],"predecessor-version":[{"id":176051,"href":"https:\/\/factorialhr.de\/blog\/wp-json\/wp\/v2\/posts\/129770\/revisions\/176051"}],"wp:featuredmedia":[{"embeddable":true,"href":"https:\/\/factorialhr.de\/blog\/wp-json\/wp\/v2\/media\/176036"}],"wp:attachment":[{"href":"https:\/\/factorialhr.de\/blog\/wp-json\/wp\/v2\/media?parent=129770"}],"wp:term":[{"taxonomy":"category","embeddable":true,"href":"https:\/\/factorialhr.de\/blog\/wp-json\/wp\/v2\/categories?post=129770"},{"taxonomy":"post_tag","embeddable":true,"href":"https:\/\/factorialhr.de\/blog\/wp-json\/wp\/v2\/tags?post=129770"}],"curies":[{"name":"wp","href":"https:\/\/api.w.org\/{rel}","templated":true}]}}