{"id":136589,"date":"2024-06-28T13:47:55","date_gmt":"2024-06-28T11:47:55","guid":{"rendered":"https:\/\/factorialhr.com\/blog\/?p=136589"},"modified":"2025-12-22T09:49:27","modified_gmt":"2025-12-22T07:49:27","slug":"peter-prinzip","status":"publish","type":"post","link":"https:\/\/factorialhr.de\/blog\/peter-prinzip\/","title":{"rendered":"Das Peter-Prinzip leicht erkl\u00e4rt"},"content":{"rendered":"<h2>Key Facts<\/h2>\n<ol>\n<li><strong>Bef\u00f6rderte Unf\u00e4higkeit:<\/strong> Kernaussage des Peter-Prinzips ist, dass Mitarbeiter*innen in der Hierarchie so lange bef\u00f6rdert werden, bis sie eine Position erreichen, f\u00fcr die sie inkompetent sind.<\/li>\n<li>Falsche Bef\u00f6rderungen f\u00fchren jedoch zu <strong>Ineffizienz<\/strong> und <strong>Unproduktivit\u00e4t<\/strong> und schaden dem Unternehmen.<\/li>\n<li>Klare und transparente Bef\u00f6rderungsregeln, <a href=\"https:\/\/factorialhr.de\/blog\/potenzialanalyse\/\">Potenzialanalysen<\/a> und <a href=\"https:\/\/factorialhr.de\/blog\/selbsteinschaetzung-schreiben\/\">Selbsteinsch\u00e4tzung<\/a>stests f\u00fcr die Mitarbeiter*innen k\u00f6nnen u.a. helfen, das Peter-Prinzip zu vermeiden.<\/li>\n<\/ol>\n<ul>\n<li><a href=\"#definition\">Was ist das Peter-Prinzip?<\/a><\/li>\n<li><a href=\"#paula-prinzip\">Bedeutung des Paula-Prinzips<\/a><\/li>\n<li><a href=\"#gr\u00fcnde\">Erkl\u00e4rung f\u00fcr falsche Bef\u00f6rderung: Gr\u00fcnde f\u00fcr das Peter-Prinzip<\/a><\/li>\n<li><a href=\"#ma\u00dfnahmen\">So verhindern Sie das Peter-Prinzip in Ihrem Unternehmen &#8211; Ma\u00dfnahmen und Leitfaden<\/a><\/li>\n<\/ul>\n<div class=\"factorial-banner inline-banner banner-freebie category-alles-wissenswerte-fuer-das-management\"\n    data-banner-id=\"164339\"\n    data-banner-type=\"freebie\"\n    data-category=\"Alles Wissenswerte f\u00fcr das Management\">\n    <div class=\"banner-content\">\n        <div class=\"banner-text\">\n                            <h4>Test: Stresslevel im Unternehmen ermitteln<\/h4>\n            \n                            <p>Sind Ihre Mitarbeitenden gestresst? Nutzen Sie den einfachen Test, um Anzeichen von Stress, \u00dcberforderung oder schlechter Kommunikation zu erkennen.<\/p>\n            \n                            <a href=\"https:\/\/4960096.fs1.hubspotusercontent-na1.net\/hubfs\/4960096\/DACH%20Marketing\/Test%20Stress%20am%20Arbeitsplatz%20NEW25.docx\"\n                    class=\"factorial-cta-button not-prose freebie\" data-cta=\"freebie\" data-cta-position=\"inline-banner\">\n                    Kostenlos herunterladen                <\/a>\n                    <\/div>\n\n        <div class=\"banner-image no-image\">\n            <img decoding=\"async\" src=\"https:\/\/factorialhr.de\/blog\/app\/plugins\/factorial-utilities\/assets\/images\/banners\/inline\/backgrounds\/default_image.svg\" class=\"not-prose\" \/>\n        <\/div>\n    <\/div>\n<\/div>\n<h2>Definition: Was ist das Peter-Prinzip?<\/h2>\n<h3>Das Peter-Prinzip leicht erkl\u00e4rt<\/h3>\n<p>Das Peter-Prinzip besagt, dass Mitarbeiter*innen in der Hierarchie eines Unternehmens meistens <strong>so lange bef\u00f6rdert<\/strong> werden, bis sie ihre Stufe der <strong>Inkompetenz<\/strong> erreicht haben. Es beschreibt also das Ph\u00e4nomen, dass die <a href=\"https:\/\/factorialhr.de\/blog\/befoerderung\/\">Bef\u00f6rderung von Arbeitnehmenden<\/a> so oft erfolgt, bis sie auf einer Stufe arbeiten, die ihre F\u00e4higkeiten \u00fcberschreitet.<\/p>\n<p>Sie gelangen also an eine Position, f\u00fcr die sie nicht mehr die richtigen F\u00e4higkeiten und Kompetenzen besitzen. Die mangelnde Qualifikation f\u00fcr den neuen Verantwortungsbereich f\u00fchrt dazu, dass sich die Mitarbeiter*innen weder voll entfalten noch beruflich weiterentwickeln k\u00f6nnen, da sie schlichtweg \u00fcberfordert sind.<\/p>\n<h3>Namensherkunft<\/h3>\n<p>Das Peter-Prinzip wurde nach dem US-amerikanischen Psychologen und Professor Laurence J. Peter benannt. In seinem gleichnamigen Buch \u201eDas Peter-Prinzip\u201c (auf Englisch: <em>The Peter Principle<\/em>) mit Co-Autor Raymond Hull wird genau beschrieben, warum im <strong>Organisationsmanagement<\/strong> bei der <strong>Bef\u00f6rderung<\/strong> so viel schiefl\u00e4uft.<\/p>\n<p>Ein ber\u00fchmtes Zitat aus diesem Buch fasst das Ph\u00e4nomen gut zusammen:<\/p>\n<p>\u201eIn a hierarchy, every employee tends to rise to his level of incompetence.\u201c<\/p>\n<p>(zu Deutsch: In einer Hierarchie neigt jeder Mitarbeitende dazu, auf die Ebene seiner Inkompetenz aufzusteigen.)<\/p>\n<p>Peter folgert daraus im Weiteren: \u201e[I]n time every post tends to be occupied by an employee who is incompetent to carry out its duties &#8230; Work is accomplished by those employees who have not yet reached their level of incompetence.\u201c<\/p>\n<p>(zu Deutsch: \u201e[I]m Laufe der Zeit wird jede Stelle mit einem Arbeitnehmenden besetzt, der nicht in der Lage ist, seine Aufgaben zu erf\u00fcllen &#8230; Die Arbeit wird von den Arbeitnehmenden erledigt, die noch nicht das Niveau ihrer Unf\u00e4higkeit erreicht haben.\u201c)<\/p>\n<p>Hier beschreibt Peter also das Problem des Peter-Prinzips. Die fortlaufende Bef\u00f6rderung, die scheinbar <strong>losgel\u00f6st von den tats\u00e4chlichen Leistungen<\/strong> der Mitarbeiter*innen stattfindet, f\u00fchrt zu einem System der Ineffizienz und Unproduktivit\u00e4t. Dies liegt daran, dass die durch Bef\u00f6rderung aufgestiegenen Mitarbeiter*innen in der Position der Inkompetenz, die sie erreicht haben, nicht mehr wirklich arbeiten und produktiv sind, da ihnen die f\u00fcr diese Position erforderlichen <strong>Kompetenzen fehlen.<\/strong><\/p>\n<h3>Fehlbesetzungen: Fehlgeleitete Personalpolitik in Organisationen<\/h3>\n<p>Das Peter-Prinzip ist also ein gro\u00dfes Problem f\u00fcr Unternehmen. Es erfordert von der <a href=\"https:\/\/factorialhr.de\/blog\/personalabteilung-aufgaben\/\">Personalabteilung<\/a> eine sorgf\u00e4ltige und \u00fcberlegte Arbeit, um falsche Personalentscheidungen zu vermeiden.<\/p>\n<p>Das Peter-Prinzip ist letztlich eine <strong>falsche Personalpolitik,<\/strong> die dem Unternehmen <strong>schadet.<\/strong> Es zeigt sich vor allem dort, wo f\u00e4hige Fachkr\u00e4fte in F\u00fchrungspositionen aufsteigen, in dieser Rolle aber \u00fcberfordert sind. In diesem Zusammenhang wird auch oft von <strong>Spitzenunf\u00e4higkeit<\/strong> gesprochen.<\/p>\n<h3>Studie: F\u00fchrungskr\u00e4fte berichten von \u00dcberforderung<\/h3>\n<p>So zeigen zahlreiche Studien, dass F\u00fchrungskr\u00e4fte h\u00e4ufig zuf\u00e4llig in Positionen gelangen und nicht, weil sie f\u00fcr eine bestimmte Position besonders geeignet sind. So ergab eine englischsprachige <a href=\"https:\/\/www.managers.org.uk\/about-cmi\/media-centre\/press-releases\/bad-managers-and-toxic-work-culture-causing-one-in-three-staff-to-walk\/\" target=\"_blank\" rel=\"noopener noreferrer\">Studie des Chartered Management Institutes (CMI)<\/a>, dass in Gro\u00dfbritannien 82 % der F\u00fchrungskr\u00e4fte keine formale Ausbildung, Erfahrung oder Schulung in F\u00fchrungsverhalten und -kompetenzen haben und eher zuf\u00e4llig in ihre Position gelangt sind.<\/p>\n<p>Gleichzeitig ist schlechte F\u00fchrung oft der Hauptgrund, weshalb Mitarbeiter*innen ihren Arbeitsplatz zu wechseln gedenken.<\/p>\n<p>Auch andere Studien, wie z. B. diese <a href=\"https:\/\/www2.deloitte.com\/us\/en\/insights\/topics\/leadership\/employee-wellness-in-the-corporate-workplace.html\" target=\"_blank\" rel=\"noopener noreferrer\">Deloitte-Studie<\/a>, zeigen immer wieder, dass F\u00fchrungskr\u00e4fte in ihren Positionen \u00fcberfordert sind. Laut der Deloitte-Studie gaben ca. 1\/3 der befragten F\u00fchrungskr\u00e4fte an, dass sie in ihrer Position <strong>\u00fcberfordert, gestresst<\/strong> und <strong>ersch\u00f6pft<\/strong> sind.<\/p>\n<h3>Beispiel Peter-Prinzip<\/h3>\n<p>Stellen wir uns folgenden Mitarbeiter vor: Es handelt sich um den Lehrer XY. Er ist ein sehr guter P\u00e4dagoge, ist fachlich enorm kompetent und hat einen wunderbaren Draht zu den Kindern. Seine Arbeit bringt ihm Freude und er ist bei Kollegium und Sch\u00fclerschaft beliebt. Aufgrund seiner Kompetenzen wird er zum Schulleiter der Schule bef\u00f6rdert.<\/p>\n<p>Allerdings hat er in dieser Position viel weniger Kontakt zu den Kindern, was ihm sehr viel Spa\u00df gemacht hat. Er ist nun viel mehr mit administrativen Aufgaben betraut und muss vor allem die anderen Mitarbeiter*innen anleiten. Eine F\u00e4higkeit, die er nicht besitzt, denn er ist keine F\u00fchrungskraft. Die Folge davon ist, dass in der Schule vieles schleppend l\u00e4uft. Er f\u00fchlt sich mit den F\u00fchrungsaufgaben \u00fcberfordert und erf\u00fcllt sie unzufriedenstellend. Die Bef\u00f6rderung zur F\u00fchrungskraft war daher eine falsche Personalentscheidung.<\/p>\n<p><a name=\"paula-prinzip\"><\/a><img decoding=\"async\" class=\"alignnone size-full wp-image-136702\" src=\"https:\/\/factorialhr.de\/wp-content\/uploads\/2024\/06\/28133755\/peter-prinzip-bild.webp\" alt=\"\u00dcberforderte und ungl\u00fcckliche Frau am Arbeitsplatz\" width=\"1660\" height=\"1024\" srcset=\"https:\/\/factorialhr.de\/wp-content\/uploads\/2024\/06\/28133755\/peter-prinzip-bild.webp 1660w, https:\/\/factorialhr.de\/wp-content\/uploads\/2024\/06\/28133755\/peter-prinzip-bild-300x185.webp 300w, https:\/\/factorialhr.de\/wp-content\/uploads\/2024\/06\/28133755\/peter-prinzip-bild-1024x632.webp 1024w, https:\/\/factorialhr.de\/wp-content\/uploads\/2024\/06\/28133755\/peter-prinzip-bild-768x474.webp 768w, https:\/\/factorialhr.de\/wp-content\/uploads\/2024\/06\/28133755\/peter-prinzip-bild-1536x948.webp 1536w\" sizes=\"(max-width: 1660px) 100vw, 1660px\" \/><\/p>\n<h2>Bedeutung des Paula-Prinzips<\/h2>\n<p>Das Paula-Prinzip ist das <strong>Gegenst\u00fcck zum Peter-Prinzip.<\/strong> Es beschreibt ein Ph\u00e4nomen, das ausschlie\u00dflich bei <strong>weiblichen Besch\u00e4ftigten<\/strong> auftritt. Nach dem Paula-Prinzip werden Mitarbeiterinnen aus strukturellen, pers\u00f6nlichen und sozialen Gr\u00fcnden <strong>trotz Eignung<\/strong>\u00a0f\u00fcr eine Stelle eher <strong>nicht bef\u00f6rdert.<\/strong><\/p>\n<p>Es handelt sich hierbei also um <strong>diskriminierendes Verhalten,<\/strong> das per Grundgesetz und nach dem Allgemeinen Gleichbehandlungsgesetz (<a href=\"https:\/\/sozialministerium.baden-wuerttemberg.de\/de\/ministerium\/antidiskriminierungsstelle-des-landes-baden-wuerttemberg\/agg#:~:text=Das%20Allgemeine%20Gleichbehandlungsgesetz%20(AGG)%20gibt,Entsch%C3%A4digung%20(%C2%A7%2015%20AGG).\" target=\"_blank\" rel=\"noopener noreferrer\">AGG<\/a>) verboten sind. Die Jahrtausende des Patriarchats sitzen jedoch tief und sind strukturell weiterhin fest verankert. Daher ist es bisher immer noch nicht gelungen, diese Ungerechtigkeiten zu beseitigen.<\/p>\n<h3>Studien zum Paula-Prinzip<\/h3>\n<p>Frauen <strong>verdienen<\/strong> immer noch <strong>weniger<\/strong> als M\u00e4nner in gleichen Positionen mit \u00e4hnlichen T\u00e4tigkeiten. Dar\u00fcber hinaus sto\u00dfen Frauen nach wie vor an die gl\u00e4serne Decke, ein Synonym f\u00fcr das Paula-Prinzip, das besagt, dass Frauen aufgrund ihres Geschlechts an einem bestimmten Punkt der Karriereleiter nicht weiter aufsteigen k\u00f6nnen.<\/p>\n<p>So sind laut <a href=\"https:\/\/de.statista.com\/statistik\/daten\/studie\/182510\/umfrage\/frauenanteil-in-fuehrungspositionen-nach-unternehmensgroesse\/#:~:text=Im%20M%C3%A4rz%202023%20betrug%20der,1%2C2%20Millionen%20Unternehmen%20ausgewertet.\" target=\"_blank\" rel=\"noopener noreferrer\">Statista<\/a> gerade einmal ein Viertel der Posten in F\u00fchrungspositionen in Deutschland von Frauen besetzt (Stand: 2023).<\/p>\n<h3>Unternehmen entgeht viel Potenzial<\/h3>\n<p>Wie das Peter-Prinzip schadet auch das Paula-Prinzip den Unternehmen. Viel Potenzial und wertvolles Know-how gehen verloren, wenn auf die Bef\u00f6rderung einer Mitarbeiterin in eine F\u00fchrungsposition verzichtet wird.<\/p>\n<p><a name=\"gr\u00fcnde\"><\/a><\/p>\n<h2>Erkl\u00e4rung f\u00fcr falsche Bef\u00f6rderung: Gr\u00fcnde f\u00fcr das Peter-Prinzip<\/h2>\n<p>Bevor wir uns die Ma\u00dfnahmen anschauen, die Sie anwenden k\u00f6nnen, um sowohl Peter- als auch Paula-Prinzip in Ihrem Unternehmen zu vermeiden, werfen wir zun\u00e4chst einen Blick auf die h\u00e4ufigen Gr\u00fcnde f\u00fcr das Peter-Prinzip:<\/p>\n<h3>Positive Vorgeschichte<\/h3>\n<p>Die Annahme, dass ein Mitarbeiter oder eine Mitarbeiterin, weil er oder sie bisher gute Leistungen erbracht hat, dies auch in einer h\u00f6heren Position tun wird, ist oft ein Trugschluss. Diese Auffassung verleitet jedoch viele HR-Manager*innen zu einer Bef\u00f6rderung.<\/p>\n<h3>Rollenfindungsprobleme<\/h3>\n<p>Mitarbeitenden, die lange Zeit in ihrer Rolle als Besch\u00e4ftigte ohne F\u00fchrungsverantwortung exzellente Leistungen gezeigt haben, kann es au\u00dferdem passieren, dass sie mit dem Rollenwechsel nicht zurechtkommen. Sie m\u00fcssen pl\u00f6tzlich Aufgaben an ihre vormaligen Teamkolleg*innen delegieren und diese f\u00fchren. Diese Umstellung f\u00e4llt einigen Personen sehr schwer.<\/p>\n<h3>Falsche Bef\u00f6rderungskriterien<\/h3>\n<p>Die im Unternehmen angewandten Bef\u00f6rderungskriterien sind f\u00fcr die Feststellung der Kompetenz f\u00fcr die Stelle ungeeignet. Eine Bef\u00f6rderung wird so z. B. aus politischen oder auch pers\u00f6nlichen Gr\u00fcnden angeboten und nicht auf Basis fachlicher Eignung.<\/p>\n<h3>Fehlende Schulungen<\/h3>\n<p>Im Idealfall werden den Mitarbeitenden, die in ihrem Unternehmen in eine F\u00fchrungsposition aufsteigen, entsprechende Fort- und Weiterbildungen angeboten. Hierbei k\u00f6nnen sie begleitend die Anforderungen und Techniken erlernen, die als F\u00fchrungspers\u00f6nlichkeit wichtig sind.<\/p>\n<h3>Angst vor Verlust der Arbeitskraft<\/h3>\n<p>Nicht selten haben Personalverantwortliche und Arbeitgebende Angst, gute Fachkr\u00e4fte zu verlieren, wenn sie diese nicht von Zeit zu Zeit bef\u00f6rdern. Gerade in Zeiten des Fachkr\u00e4ftemangels unternehmen Betriebe viel, um ihre Mitarbeitenden zu halten. Bef\u00f6rderung als falsch verstandene Bindungsma\u00dfnahme kann jedoch letztlich das Gegenteil von dem bewirken, was die Personalverantwortlichen beabsichtigt haben.<\/p>\n<p><a name=\"ma\u00dfnahmen\"><\/a><\/p>\n<h2>So verhindern Sie das Peter-Prinzip in Ihrem Unternehmen \u2013 Ma\u00dfnahmen<\/h2>\n<p>Wie k\u00f6nnen Sie nun verhindern, dass sich unbewusst das Peter-Prinzip in Ihrem Unternehmen einschleicht?<\/p>\n<h3>Kriterien im Unternehmen<\/h3>\n<p>Das A und O einer guten Personalpolitik sind klare und transparente Bef\u00f6rderungsregeln. Dazu muss zun\u00e4chst festgelegt werden, welche Kompetenzen und F\u00e4higkeiten f\u00fcr welche Positionen essenziell sind.<\/p>\n<p>Dabei ist es wichtig, sich nicht nur auf die <strong>fachlichen Qualifikationen<\/strong> zu beziehen, sondern auch die <strong>charakterlichen Eigenschaften<\/strong> zu ber\u00fccksichtigen, die f\u00fcr diese Position erforderlich sind. Dies geschieht in der Regel im Rahmen einer <a href=\"https:\/\/factorialhr.de\/blog\/interne-stellenausschreibung\/\">Stellenbeschreibung<\/a>.<\/p>\n<p>Beispielsweise mangelt es F\u00fchrungskr\u00e4ften h\u00e4ufig an Empathie, wie verschiedene Studien immer wieder zeigen. Empathie ist allerdings eine der Grundeigenschaften f\u00fcr gutes F\u00fchrungsverhalten. Wenn aber nach dem Gutsherrenprinzip nach pers\u00f6nlicher Sympathie und ausschlie\u00dflich nach fachlicher Eignung bef\u00f6rdert wird, ist die Wahrscheinlichkeit gro\u00df, dass die falsche Personalentscheidung getroffen wird. Langfristig ist eine F\u00fchrungskraft ohne Empathie keine gute F\u00fchrungskraft und schadet ihrem Unternehmen.<\/p>\n<h3>Potenzialanalyse<\/h3>\n<p>Um Fehlentscheidungen zu vermeiden, k\u00f6nnen Sie zum Beispiel eine Potenzialanalyse Ihrer Mitarbeiter*innen durchf\u00fchren.<\/p>\n<p>Die Potenzialanalyse ist ein Instrument des <a href=\"https:\/\/factorialhr.de\/blog\/nachhaltiges-personalmanagement\/\">Personalmanagements.<\/a> Hierbei handelt es sich um eine strukturierte Analyse bestimmter F\u00e4higkeiten und Eigenschaften von Besch\u00e4ftigten oder auch Bewerber*innen. Die Potenzialanalyse erm\u00f6glicht Ihnen herauszufinden, welche Mitarbeitenden f\u00fcr einen bestimmten Posten geeignet sind.<\/p>\n<p>Wie Sie so eine <a href=\"https:\/\/factorialhr.de\/blog\/potenzialanalyse\/\" rel=\"noopener noreferrer\">Potenzialanalyse<\/a> durchf\u00fchren k\u00f6nnen, erkl\u00e4ren wir in unserem Blogartikel.<\/p>\n<h3>Personalgespr\u00e4che und Feedback<\/h3>\n<p>F\u00fchren Sie vor der Bef\u00f6rderung mit potenziellen Kandidat*innen ein Gespr\u00e4ch und lassen Sie diese einen <strong>Selbsteinsch\u00e4tzungsbogen<\/strong> ausf\u00fcllen. Dies hilft Ihnen und den m\u00f6glichen Kandidat*innen, sich \u00fcber die Kompetenzen und die Eignung f\u00fcr eine Stelle klar zu werden.<\/p>\n<p>Dar\u00fcber hinaus ist es immer gut, sich <strong>Feedback<\/strong> von Kolleg*innen des*der jeweiligen Bewerber*innen einzuholen. Wie sch\u00e4tzen diese ihren Mitarbeitenden ein? Wie l\u00e4uft die Zusammenarbeit und Kommunikation im Team? Was sehen diese als St\u00e4rken und Schw\u00e4chen der Person an?<\/p>\n<h3>Selbsteinsch\u00e4tzungstest<\/h3>\n<p>Lassen Sie m\u00f6gliche Kandidat*innen eine Selbsteinsch\u00e4tzung vornehmen. In dieser \u00dcbung, die teilweise schriftlich erfolgen kann, sollen Ihre Mitarbeiter*innen sich mit Ihren realistischen, positiven und negativen Seiten auseinandersetzen. Dabei lernen diese, wie sie ihre St\u00e4rken und Entwicklungsfelder am besten beschreiben.<\/p>\n<p>Auf diese Weise wird ein<strong> realistisches Selbstbild<\/strong> entwickelt. Kandidat*innen k\u00f6nnen in diesem Zuge feststellen, ob sie tats\u00e4chlich f\u00fcr eine bestimmte Stelle mit einem gewissen Anforderungsprofil geeignet sind oder nicht.<\/p>\n<p>Die genaue Vorgehensweise bei einer Selbsteinsch\u00e4tzung k\u00f6nnen Sie auf unserem Factorial-Blog zum Thema <a href=\"https:\/\/factorialhr.de\/blog\/selbsteinschaetzung-schreiben\/\" rel=\"noopener noreferrer\">Selbsteinsch\u00e4tzung<\/a> nachlesen.<\/p>\n<h3>Reflexion: Geschlecht, Behinderung und Ethnie<\/h3>\n<p>Viele Menschen neigen dazu, Personen zu bef\u00f6rdern und einzustellen, die ihnen \u00e4hnlich sind. Das bedeutet allerdings, dass ein m\u00e4nnlicher Chef auch eher einen Mann bef\u00f6rdern wird, der ihm \u00e4hnlich ist \u2013 unabh\u00e4ngig davon, ob dieser tats\u00e4chlich f\u00fcr eine bestimmte Position geeignet ist. Umso schwerer wird es, die patriarchalische Struktur in der Arbeitswelt zu durchbrechen.<\/p>\n<p>Das Ergebnis ist eine wenig vielf\u00e4ltige Unternehmenskultur. Achten Sie also darauf, regelm\u00e4\u00dfig zu \u00fcberpr\u00fcfen, wie es in Sachen <a href=\"https:\/\/factorialhr.de\/blog\/diversity-management\/\" rel=\"noopener noreferrer\">Diversity<\/a> in Ihrem Unternehmen bestellt ist.<\/p>\n","protected":false},"excerpt":{"rendered":"<p>Key Facts Bef\u00f6rderte Unf\u00e4higkeit: Kernaussage des Peter-Prinzips ist, dass Mitarbeiter*innen in der Hierarchie so lange bef\u00f6rdert werden, bis sie eine Position erreichen, f\u00fcr die sie inkompetent sind. Falsche Bef\u00f6rderungen f\u00fchren jedoch zu Ineffizienz und Unproduktivit\u00e4t und schaden dem Unternehmen. Klare und transparente Bef\u00f6rderungsregeln, Potenzialanalysen und Selbsteinsch\u00e4tzungstests f\u00fcr die Mitarbeiter*innen k\u00f6nnen u.a. helfen, das Peter-Prinzip zu<a href=\"https:\/\/factorialhr.de\/blog\/peter-prinzip\/\" class=\"read-more\"> [&#8230;]<\/a><\/p>\n","protected":false},"author":263,"featured_media":136691,"comment_status":"closed","ping_status":"closed","sticky":false,"template":"","format":"standard","meta":{"_acf_changed":false,"footnotes":""},"categories":[396],"tags":[],"class_list":["post-136589","post","type-post","status-publish","format-standard","has-post-thumbnail","hentry","category-wissenswertes-fuer-fuehrungskraefte"],"acf":{"topics":"brand-content"},"yoast_head":"<!-- This site is optimized with the Yoast SEO Premium plugin v21.5 (Yoast SEO v21.9.1) - https:\/\/yoast.com\/wordpress\/plugins\/seo\/ -->\n<title>Das Peter-Prinzip: Definition, Gr\u00fcnde und Ma\u00dfnahmen | Factorial<\/title>\n<meta name=\"description\" content=\"Das Peter-Prinzip richtet oft Schaden in Unternehmen an, wenn Mitarbeitende bis zur Inkompetenz bef\u00f6rdert werden.\" \/>\n<meta name=\"robots\" content=\"index, follow, max-snippet:-1, max-image-preview:large, max-video-preview:-1\" \/>\n<link rel=\"canonical\" href=\"https:\/\/factorialhr.de\/blog\/peter-prinzip\/\" \/>\n<meta property=\"og:locale\" content=\"de_DE\" \/>\n<meta property=\"og:type\" content=\"article\" \/>\n<meta property=\"og:title\" content=\"Das Peter-Prinzip leicht erkl\u00e4rt\" \/>\n<meta property=\"og:description\" content=\"Das Peter-Prinzip richtet oft Schaden in Unternehmen an, wenn Mitarbeitende bis zur Inkompetenz bef\u00f6rdert werden.\" \/>\n<meta property=\"og:url\" content=\"https:\/\/factorialhr.de\/blog\/peter-prinzip\/\" \/>\n<meta property=\"og:site_name\" content=\"Factorial\" \/>\n<meta property=\"article:publisher\" content=\"https:\/\/www.facebook.com\/people\/Factorial\/100064908455810\/\" \/>\n<meta property=\"article:published_time\" content=\"2024-06-28T11:47:55+00:00\" \/>\n<meta property=\"article:modified_time\" content=\"2025-12-22T07:49:27+00:00\" \/>\n<meta property=\"og:image\" content=\"https:\/\/factorialhr.de\/wp-content\/uploads\/2024\/06\/28131545\/peter-prinzip.webp\" \/>\n\t<meta property=\"og:image:width\" content=\"2206\" \/>\n\t<meta property=\"og:image:height\" content=\"1160\" \/>\n\t<meta property=\"og:image:type\" content=\"image\/webp\" \/>\n<meta name=\"author\" content=\"Julia Lehmann\" \/>\n<meta name=\"twitter:card\" content=\"summary_large_image\" \/>\n<meta name=\"twitter:creator\" content=\"@factorialapp\" \/>\n<meta name=\"twitter:site\" content=\"@factorialapp\" \/>\n<meta name=\"twitter:label1\" content=\"Written by\" \/>\n\t<meta name=\"twitter:data1\" content=\"Julia Lehmann\" \/>\n\t<meta name=\"twitter:label2\" content=\"Est. reading time\" \/>\n\t<meta name=\"twitter:data2\" content=\"8 Minuten\" \/>\n<script type=\"application\/ld+json\" class=\"yoast-schema-graph\">{\"@context\":\"https:\/\/schema.org\",\"@graph\":[{\"@type\":\"Article\",\"@id\":\"https:\/\/factorialhr.de\/blog\/peter-prinzip\/#article\",\"isPartOf\":{\"@id\":\"https:\/\/factorialhr.de\/blog\/peter-prinzip\/\"},\"author\":{\"name\":\"Julia Lehmann\",\"@id\":\"https:\/\/factorialhr.de\/blog\/#\/schema\/person\/cc74934c5d0462bc4a5b17a931fedb66\"},\"headline\":\"Das Peter-Prinzip leicht erkl\u00e4rt\",\"datePublished\":\"2024-06-28T11:47:55+00:00\",\"dateModified\":\"2025-12-22T07:49:27+00:00\",\"mainEntityOfPage\":{\"@id\":\"https:\/\/factorialhr.de\/blog\/peter-prinzip\/\"},\"wordCount\":1823,\"publisher\":{\"@id\":\"https:\/\/factorialhr.de\/blog\/#organization\"},\"articleSection\":[\"Alles Wissenswerte f\u00fcr das Management\"],\"inLanguage\":\"de-DE\"},{\"@type\":\"WebPage\",\"@id\":\"https:\/\/factorialhr.de\/blog\/peter-prinzip\/\",\"url\":\"https:\/\/factorialhr.de\/blog\/peter-prinzip\/\",\"name\":\"Das Peter-Prinzip: Definition, Gr\u00fcnde und Ma\u00dfnahmen | Factorial\",\"isPartOf\":{\"@id\":\"https:\/\/factorialhr.de\/blog\/#website\"},\"datePublished\":\"2024-06-28T11:47:55+00:00\",\"dateModified\":\"2025-12-22T07:49:27+00:00\",\"description\":\"Das Peter-Prinzip richtet oft Schaden in Unternehmen an, wenn Mitarbeitende bis zur Inkompetenz bef\u00f6rdert werden.\",\"inLanguage\":\"de-DE\",\"potentialAction\":[{\"@type\":\"ReadAction\",\"target\":[\"https:\/\/factorialhr.de\/blog\/peter-prinzip\/\"]}]},{\"@type\":\"WebSite\",\"@id\":\"https:\/\/factorialhr.de\/blog\/#website\",\"url\":\"https:\/\/factorialhr.de\/blog\/\",\"name\":\"Factorial\",\"description\":\"\",\"publisher\":{\"@id\":\"https:\/\/factorialhr.de\/blog\/#organization\"},\"potentialAction\":[{\"@type\":\"SearchAction\",\"target\":{\"@type\":\"EntryPoint\",\"urlTemplate\":\"https:\/\/factorialhr.de\/blog\/?s={search_term_string}\"},\"query-input\":\"required name=search_term_string\"}],\"inLanguage\":\"de-DE\"},{\"@type\":\"Organization\",\"@id\":\"https:\/\/factorialhr.de\/blog\/#organization\",\"name\":\"All-in-one business management software - Factorial\",\"url\":\"https:\/\/factorialhr.de\/blog\/\",\"logo\":{\"@type\":\"ImageObject\",\"inLanguage\":\"de-DE\",\"@id\":\"https:\/\/factorialhr.de\/blog\/#\/schema\/logo\/image\/\",\"url\":\"https:\/\/factorialhr.de\/wp-content\/uploads\/2023\/07\/18155144\/factorial-logo.png\",\"contentUrl\":\"https:\/\/factorialhr.de\/wp-content\/uploads\/2023\/07\/18155144\/factorial-logo.png\",\"width\":946,\"height\":880,\"caption\":\"All-in-one business management software - Factorial\"},\"image\":{\"@id\":\"https:\/\/factorialhr.de\/blog\/#\/schema\/logo\/image\/\"},\"sameAs\":[\"https:\/\/www.facebook.com\/people\/Factorial\/100064908455810\/\",\"https:\/\/twitter.com\/factorialapp\",\"https:\/\/www.linkedin.com\/company\/factorialhr\",\"https:\/\/www.youtube.com\/@factorialmedia\",\"https:\/\/www.instagram.com\/factorial\/#\"]},{\"@type\":\"Person\",\"@id\":\"https:\/\/factorialhr.de\/blog\/#\/schema\/person\/cc74934c5d0462bc4a5b17a931fedb66\",\"name\":\"Julia Lehmann\",\"image\":{\"@type\":\"ImageObject\",\"inLanguage\":\"de-DE\",\"@id\":\"https:\/\/factorialhr.de\/blog\/#\/schema\/person\/image\/\",\"url\":\"https:\/\/secure.gravatar.com\/avatar\/fe45cbfea7568e6654345d1539ff6270?s=96&d=identicon&r=g\",\"contentUrl\":\"https:\/\/secure.gravatar.com\/avatar\/fe45cbfea7568e6654345d1539ff6270?s=96&d=identicon&r=g\",\"caption\":\"Julia Lehmann\"},\"description\":\"Julia Lehmann ist Schriftstellerin, Philosophin, K\u00fcnstlerin und \u00dcbersetzerin. Seit \u00fcber drei Jahren setzt sie sich intensiv mit aktuellen Entwicklungen im Bereich Human Resources und der Arbeitswelt auseinander. Mit ihrem interdisziplin\u00e4ren Hintergrund analysiert sie Themen wie Unternehmenskultur, F\u00fchrung, Wandel in der Arbeitsorganisation und rechtliche Rahmenbedingungen \u2013 und liefert dabei Impulse, die sowohl in Fachkreisen als auch in der unternehmerischen Praxis Anklang finden.\",\"url\":\"https:\/\/factorialhr.de\/blog\/author\/julia-lehmann\/\"}]}<\/script>\n<!-- \/ Yoast SEO Premium plugin. -->","yoast_head_json":{"title":"Das Peter-Prinzip: Definition, Gr\u00fcnde und Ma\u00dfnahmen | Factorial","description":"Das Peter-Prinzip richtet oft Schaden in Unternehmen an, wenn Mitarbeitende bis zur Inkompetenz bef\u00f6rdert werden.","robots":{"index":"index","follow":"follow","max-snippet":"max-snippet:-1","max-image-preview":"max-image-preview:large","max-video-preview":"max-video-preview:-1"},"canonical":"https:\/\/factorialhr.de\/blog\/peter-prinzip\/","og_locale":"de_DE","og_type":"article","og_title":"Das Peter-Prinzip leicht erkl\u00e4rt","og_description":"Das Peter-Prinzip richtet oft Schaden in Unternehmen an, wenn Mitarbeitende bis zur Inkompetenz bef\u00f6rdert werden.","og_url":"https:\/\/factorialhr.de\/blog\/peter-prinzip\/","og_site_name":"Factorial","article_publisher":"https:\/\/www.facebook.com\/people\/Factorial\/100064908455810\/","article_published_time":"2024-06-28T11:47:55+00:00","article_modified_time":"2025-12-22T07:49:27+00:00","og_image":[{"width":2206,"height":1160,"url":"https:\/\/factorialhr.de\/wp-content\/uploads\/2024\/06\/28131545\/peter-prinzip.webp","type":"image\/webp"}],"author":"Julia Lehmann","twitter_card":"summary_large_image","twitter_creator":"@factorialapp","twitter_site":"@factorialapp","twitter_misc":{"Written by":"Julia Lehmann","Est. reading time":"8 Minuten"},"schema":{"@context":"https:\/\/schema.org","@graph":[{"@type":"Article","@id":"https:\/\/factorialhr.de\/blog\/peter-prinzip\/#article","isPartOf":{"@id":"https:\/\/factorialhr.de\/blog\/peter-prinzip\/"},"author":{"name":"Julia Lehmann","@id":"https:\/\/factorialhr.de\/blog\/#\/schema\/person\/cc74934c5d0462bc4a5b17a931fedb66"},"headline":"Das Peter-Prinzip leicht erkl\u00e4rt","datePublished":"2024-06-28T11:47:55+00:00","dateModified":"2025-12-22T07:49:27+00:00","mainEntityOfPage":{"@id":"https:\/\/factorialhr.de\/blog\/peter-prinzip\/"},"wordCount":1823,"publisher":{"@id":"https:\/\/factorialhr.de\/blog\/#organization"},"articleSection":["Alles Wissenswerte f\u00fcr das Management"],"inLanguage":"de-DE"},{"@type":"WebPage","@id":"https:\/\/factorialhr.de\/blog\/peter-prinzip\/","url":"https:\/\/factorialhr.de\/blog\/peter-prinzip\/","name":"Das Peter-Prinzip: Definition, Gr\u00fcnde und Ma\u00dfnahmen | Factorial","isPartOf":{"@id":"https:\/\/factorialhr.de\/blog\/#website"},"datePublished":"2024-06-28T11:47:55+00:00","dateModified":"2025-12-22T07:49:27+00:00","description":"Das Peter-Prinzip richtet oft Schaden in Unternehmen an, wenn Mitarbeitende bis zur Inkompetenz bef\u00f6rdert werden.","inLanguage":"de-DE","potentialAction":[{"@type":"ReadAction","target":["https:\/\/factorialhr.de\/blog\/peter-prinzip\/"]}]},{"@type":"WebSite","@id":"https:\/\/factorialhr.de\/blog\/#website","url":"https:\/\/factorialhr.de\/blog\/","name":"Factorial","description":"","publisher":{"@id":"https:\/\/factorialhr.de\/blog\/#organization"},"potentialAction":[{"@type":"SearchAction","target":{"@type":"EntryPoint","urlTemplate":"https:\/\/factorialhr.de\/blog\/?s={search_term_string}"},"query-input":"required name=search_term_string"}],"inLanguage":"de-DE"},{"@type":"Organization","@id":"https:\/\/factorialhr.de\/blog\/#organization","name":"All-in-one business management software - Factorial","url":"https:\/\/factorialhr.de\/blog\/","logo":{"@type":"ImageObject","inLanguage":"de-DE","@id":"https:\/\/factorialhr.de\/blog\/#\/schema\/logo\/image\/","url":"https:\/\/factorialhr.de\/wp-content\/uploads\/2023\/07\/18155144\/factorial-logo.png","contentUrl":"https:\/\/factorialhr.de\/wp-content\/uploads\/2023\/07\/18155144\/factorial-logo.png","width":946,"height":880,"caption":"All-in-one business management software - Factorial"},"image":{"@id":"https:\/\/factorialhr.de\/blog\/#\/schema\/logo\/image\/"},"sameAs":["https:\/\/www.facebook.com\/people\/Factorial\/100064908455810\/","https:\/\/twitter.com\/factorialapp","https:\/\/www.linkedin.com\/company\/factorialhr","https:\/\/www.youtube.com\/@factorialmedia","https:\/\/www.instagram.com\/factorial\/#"]},{"@type":"Person","@id":"https:\/\/factorialhr.de\/blog\/#\/schema\/person\/cc74934c5d0462bc4a5b17a931fedb66","name":"Julia Lehmann","image":{"@type":"ImageObject","inLanguage":"de-DE","@id":"https:\/\/factorialhr.de\/blog\/#\/schema\/person\/image\/","url":"https:\/\/secure.gravatar.com\/avatar\/fe45cbfea7568e6654345d1539ff6270?s=96&d=identicon&r=g","contentUrl":"https:\/\/secure.gravatar.com\/avatar\/fe45cbfea7568e6654345d1539ff6270?s=96&d=identicon&r=g","caption":"Julia Lehmann"},"description":"Julia Lehmann ist Schriftstellerin, Philosophin, K\u00fcnstlerin und \u00dcbersetzerin. Seit \u00fcber drei Jahren setzt sie sich intensiv mit aktuellen Entwicklungen im Bereich Human Resources und der Arbeitswelt auseinander. Mit ihrem interdisziplin\u00e4ren Hintergrund analysiert sie Themen wie Unternehmenskultur, F\u00fchrung, Wandel in der Arbeitsorganisation und rechtliche Rahmenbedingungen \u2013 und liefert dabei Impulse, die sowohl in Fachkreisen als auch in der unternehmerischen Praxis Anklang finden.","url":"https:\/\/factorialhr.de\/blog\/author\/julia-lehmann\/"}]}},"_links":{"self":[{"href":"https:\/\/factorialhr.de\/blog\/wp-json\/wp\/v2\/posts\/136589"}],"collection":[{"href":"https:\/\/factorialhr.de\/blog\/wp-json\/wp\/v2\/posts"}],"about":[{"href":"https:\/\/factorialhr.de\/blog\/wp-json\/wp\/v2\/types\/post"}],"author":[{"embeddable":true,"href":"https:\/\/factorialhr.de\/blog\/wp-json\/wp\/v2\/users\/263"}],"replies":[{"embeddable":true,"href":"https:\/\/factorialhr.de\/blog\/wp-json\/wp\/v2\/comments?post=136589"}],"version-history":[{"count":19,"href":"https:\/\/factorialhr.de\/blog\/wp-json\/wp\/v2\/posts\/136589\/revisions"}],"predecessor-version":[{"id":175839,"href":"https:\/\/factorialhr.de\/blog\/wp-json\/wp\/v2\/posts\/136589\/revisions\/175839"}],"wp:featuredmedia":[{"embeddable":true,"href":"https:\/\/factorialhr.de\/blog\/wp-json\/wp\/v2\/media\/136691"}],"wp:attachment":[{"href":"https:\/\/factorialhr.de\/blog\/wp-json\/wp\/v2\/media?parent=136589"}],"wp:term":[{"taxonomy":"category","embeddable":true,"href":"https:\/\/factorialhr.de\/blog\/wp-json\/wp\/v2\/categories?post=136589"},{"taxonomy":"post_tag","embeddable":true,"href":"https:\/\/factorialhr.de\/blog\/wp-json\/wp\/v2\/tags?post=136589"}],"curies":[{"name":"wp","href":"https:\/\/api.w.org\/{rel}","templated":true}]}}