{"id":137836,"date":"2025-11-21T15:11:34","date_gmt":"2025-11-21T13:11:34","guid":{"rendered":"https:\/\/factorialhr.com\/blog\/?p=137836"},"modified":"2025-11-25T14:49:18","modified_gmt":"2025-11-25T12:49:18","slug":"rueckwirkend-krankschreiben","status":"publish","type":"post","link":"https:\/\/factorialhr.de\/blog\/rueckwirkend-krankschreiben\/","title":{"rendered":"R\u00fcckwirkend krankschreiben: Diese M\u00f6glichkeiten gibt es"},"content":{"rendered":"<p>Es kommt vor, dass Arbeitnehmende krank sind, aber nicht zu \u00c4rzt*innen gehen k\u00f6nnen. Viele Arbeitgebende verlangen jedoch manchmal eine <strong>Arbeitsunf\u00e4higkeitsbescheinigung<\/strong> ab dem ersten Tag der Erkrankung.<br \/>\nWas m\u00fcssen Besch\u00e4ftigte beachten, wenn sie sich r\u00fcckwirkend krankschreiben lassen? Als Arbeitgebender sollten Sie alle Regeln kennen. Im folgenden Artikel kl\u00e4ren wir alle Details rund um die r\u00fcckwirkende Krankschreibung.<\/p>\n<h2>Das Wichtigste in K\u00fcrze:<\/h2>\n<ol>\n<li>Eine r\u00fcckwirkende Krankschreibung ist eine \u00e4rztliche Bescheinigung, die nachtr\u00e4glich Arbeitsunf\u00e4higkeit f\u00fcr maximal drei Kalendertage vor dem Arztbesuch attestiert.<\/li>\n<li>Sie wird nur in Ausnahmef\u00e4llen nach gewissenhafter \u00e4rztlicher Pr\u00fcfung ausgestellt, etwa wenn Patient*innen zu krank waren oder die Praxis geschlossen hatte.<\/li>\n<li>Die oft genannte \u201e7-Tage-Regel\u201c existiert nicht f\u00fcr r\u00fcckwirkende Krankschreibungen.<\/li>\n<\/ol>\n<div class=\"factorial-banner inline-banner banner-other category-urlaub-und-abwesenheiten\"\n    data-banner-id=\"164661\"\n    data-banner-type=\"other\"\n    data-category=\"Urlaub und Abwesenheiten\">\n    <div class=\"banner-content\">\n        <div class=\"banner-text\">\n                            <h4>Gesundheit &amp; Mitarbeiterbindung: Kit<\/h4>\n            \n                            <p>Motivierte und zufriedene Mitarbeitende? In diesem Kit teilen wir Tipps und Best Practices f\u00fcr eine hohe Mitarbeitergesundheit &amp; Retention Rate.<\/p>\n            \n                            <a href=\"https:\/\/factorialhr.de\/vorlagen\/mitarbeitergesundheit-kit\"\n                    class=\"factorial-cta-button not-prose freebie\" data-cta=\"other\" data-cta-position=\"inline-banner\">\n                    Kostenlos herunterladen                <\/a>\n                    <\/div>\n\n        <div class=\"banner-image no-image\">\n            <img decoding=\"async\" src=\"https:\/\/factorialhr.de\/blog\/app\/plugins\/factorial-utilities\/assets\/images\/banners\/inline\/backgrounds\/default_image.svg\" class=\"not-prose\" \/>\n        <\/div>\n    <\/div>\n<\/div>\n<h2>R\u00fcckwirkende Krankschreibung: Was ist das?<\/h2>\n<p>Eine r\u00fcckwirkende Krankschreibung ist ein <a href=\"https:\/\/factorialhr.de\/blog\/aerztliches-attest\/\">\u00e4rztliches Attest<\/a>, das <strong>nachtr\u00e4glich ausgestellt<\/strong> wird und bescheinigt, dass Patient*innen bereits in der Vergangenheit arbeitsunf\u00e4hig waren. Die Ausstellung einer r\u00fcckwirkenden Krankschreibung ist nur unter bestimmten Bedingungen m\u00f6glich und setzt in der Regel voraus, dass der Arzt bzw. die \u00c4rztin die Krankheit <strong>r\u00fcckwirkend eindeutig diagnostizieren<\/strong> kann.<\/p>\n<p>Die Option der r\u00fcckwirkenden Krankschreibung soll es Arbeitnehmenden erm\u00f6glichen, sich im Krankheitsfall auszukurieren und erst dann zum Arzt bzw. zur \u00c4rztin zu gehen, wenn es der Zustand der Erkrankung tats\u00e4chlich zul\u00e4sst.<\/p>\n<h2>Krankschreibung vs. Krankmeldung<\/h2>\n<p>Eine <a href=\"https:\/\/factorialhr.de\/blog\/krankmeldung\/\">Krankmeldung<\/a> ist nicht dasselbe wie eine <a href=\"https:\/\/factorialhr.de\/blog\/arbeiten-trotz-krankschreibung\/\">Krankschreibung<\/a>. Aber was genau ist der Unterschied?<\/p>\n<h3>Krankmeldung<\/h3>\n<p>Eine Krankmeldung ist die <strong>Mitteilung<\/strong> des Mitarbeitenden an den Arbeitgebenden, dass er krank ist. Die Krankmeldung ist also lediglich die \u00dcbermittlung der Information. Dies geschieht f\u00fcr gew\u00f6hnlich telefonisch, mittlerweile aber auch h\u00e4ufig direkt online \u00fcber ein <a href=\"https:\/\/factorialhr.de\/blog\/hr-system\/\">HR-System<\/a> oder per E-Mail. Die Krankmeldung erfolgt also in der Regel zum Zeitpunkt der Krankheit \u2013 meistens am ersten Krankheitstag vor Arbeitsbeginn. Sie erfolgt ebenfalls, wenn man zu geschw\u00e4cht ist, um zum Arzt oder zur \u00c4rztin zu gehen.<\/p>\n<p>Laut <a href=\"https:\/\/www.destatis.de\/DE\/Themen\/Arbeit\/Arbeitsmarkt\/Qualitaet-Arbeit\/Dimension-2\/krankenstand.html\" target=\"_blank\" rel=\"noopener noreferrer\">Statistischem Bundesamt<\/a> waren im Jahr 2024 Arbeitnehmende durchschnittlich 19,7 Tage im Jahr krankgemeldet \u2013 ein R\u00fcckgang von 20,1 Tagen im Rekordjahr 2023.<\/p>\n<h3>Krankschreibung<\/h3>\n<p>Eine Krankschreibung hingegen wird durch die behandelnden<strong> \u00c4rzt*innen ausgestellt.<\/strong> Die Krankschreibung wird offiziell <strong>Arbeitsunf\u00e4higkeitsbescheinigung<\/strong> oder AU (auch <strong>Attest<\/strong>) genannt. Es handelt sich dabei um ein Dokument, auf dem die behandelnden \u00c4rzt*innen die Krankheit der Arbeitnehmenden best\u00e4tigen.<\/p>\n<p>Die Arbeitsunf\u00e4higkeitsbescheinigung wird anschlie\u00dfend dem Arbeitgebenden vorgelegt. Seit Januar 2023 ist die <a href=\"https:\/\/factorialhr.de\/blog\/elektronische-arbeitsunfaehigkeitsbescheinigung\/\">elektronische Arbeitsunf\u00e4higkeitsbescheinigung<\/a> (eAU) Pflicht. Arbeitgebende m\u00fcssen diese bei der Krankenkasse abrufen. Arbeitnehmende m\u00fcssen keinen \u201egelben Schein\u201c mehr vorlegen, nur noch die Krankmeldung durchf\u00fchren.<\/p>\n<p>Der Ablauf:<\/p>\n<ol>\n<li>\u00c4rzt*in stellt AU elektronisch aus.<\/li>\n<li>Daten gehen automatisch an die Krankenkasse.<\/li>\n<li>Arbeitgebende rufen AU-Daten bei der Krankenkasse ab.<\/li>\n<li>Arbeitnehmende m\u00fcssen nur noch die Krankmeldung (Information \u00fcber Arbeitsunf\u00e4higkeit) an den Arbeitgebenden senden, nicht mehr die Bescheinigung selbst.<\/li>\n<\/ol>\n<p style=\"padding-left: 40px;\">Ausnahmen: Privatversicherte, <a href=\"https:\/\/factorialhr.de\/blog\/minijob\/\">Minijobs<\/a> in Privathaushalten und Behandlungen im Ausland ben\u00f6tigen weiterhin Papierform.<\/p>\n<p>Ausf\u00fchrlichere Infos rund um die <a href=\"https:\/\/factorialhr.de\/blog\/elektronische-arbeitsunfaehigkeitsbescheinigung\/\" rel=\"noopener noreferrer\">eAU<\/a> finden Sie auf unserem <a href=\"https:\/\/factorialhr.de\/blog\/\">Factorial-Blog<\/a>.<\/p>\n<div class=\"factorial-banner inline-banner banner-discover category-urlaub-und-abwesenheiten\"\n    data-banner-id=\"164393\"\n    data-banner-type=\"discover\"\n    data-category=\"Urlaub und Abwesenheiten\">\n    <div class=\"banner-content\">\n        <div class=\"banner-text\">\n                            <h4>Die Software, die alles verbindet, was Sie f\u00fcr das Management Ihres Teams brauchen.<\/h4>\n            \n                            <p>Entdecken Sie jetzt Factorial und erfahren Sie, wie Sie Ihre Prozesse effizienter gestalten.<\/p>\n            \n                            <a href=\"https:\/\/factorialhr.de\/entdecken-factorial-software\"\n                    class=\"factorial-cta-button not-prose demo btn-brand\" data-cta=\"discover\" data-cta-position=\"inline-banner\">\n                    Factorial entdecken                <\/a>\n                    <\/div>\n\n        <div class=\"banner-image has-image\">\n            <img decoding=\"async\" src=\"https:\/\/factorialhr.com\/wp-content\/uploads\/2025\/07\/18113357\/Laptop_screen-3-1.png\" class=\"not-prose\" \/>\n        <\/div>\n    <\/div>\n<\/div>\n<h2>Telefonische Krankschreibung und Videosprechstunde<\/h2>\n<p>Seit Dezember 2023 ist die telefonische Krankschreibung dauerhaft m\u00f6glich: Bekannte Patient*innen k\u00f6nnen sich bei leichten Erkrankungen bis zu <b>5 Tage<\/b> telefonisch krankschreiben lassen. Per Videosprechstunde sind sogar bis zu <b>7 Tage<\/b> m\u00f6glich. Wichtig: Diese Regelungen gelten nur f\u00fcr zuk\u00fcnftige, nicht f\u00fcr r\u00fcckwirkende Krankschreibungen. Eine r\u00fcckwirkende Krankschreibung erfordert weiterhin eine <b>eindringliche Begutachtung durch den Arzt<\/b> und ist auf maximal <b>3 Tage<\/b> begrenzt.<\/p>\n<p>Grundlage hierf\u00fcr ist die <a href=\"https:\/\/www.g-ba.de\/richtlinien\/2\/\" target=\"_blank\" rel=\"noopener\">Arbeitsunf\u00e4higkeits-Richtlinie (AU-RL)<\/a>.<\/p>\n<h2>Krankschreibung: Diese Regeln gelten<\/h2>\n<p>Grunds\u00e4tzlich gilt f\u00fcr Angestellte im Falle einer Krankheit folgendes:<\/p>\n<p>Eine Krankschreibung muss dem Arbeitgebenden <strong>sp\u00e4testens ab dem vierten Kalendertag der Krankheit vorliegen.<\/strong> Das ist gesetzlich im <a href=\"https:\/\/www.gesetze-im-internet.de\/entgfg\/__5.html\" target=\"_blank\" rel=\"noopener noreferrer\">Entgeltfortzahlungsgesetz<\/a> geregelt.<\/p>\n<p>Unternehmen k\u00f6nnen jedoch vertraglich oder in einer <a href=\"https:\/\/factorialhr.de\/blog\/zusatzvereinbarung-arbeitsvertrag\/\">Zusatzvereinbarung<\/a> festlegen, dass die Besch\u00e4ftigten schon fr\u00fcher eine Bescheinigung \u00fcber die Arbeitsunf\u00e4higkeit vorlegen m\u00fcssen, sogar schon ab dem ersten Krankheitstag.<\/p>\n<p>Viele Arbeitgebende verzichten jedoch darauf, um ihren Mitarbeitenden im Krankheitsfall den Gang zur \u00c4rzt*in zu ersparen und auch um m\u00f6gliche l\u00e4ngere <a href=\"https:\/\/factorialhr.de\/blog\/fehlzeitenmanagement\/\">Fehlzeiten<\/a> auf der Arbeit zu vermeiden.<\/p>\n<p>Wichtig: Sind Besch\u00e4ftigte nach Ablauf der Arbeitsunf\u00e4higkeitsbescheinigung weiterhin erkrankt, m\u00fcssen sie sich erneut \u00e4rztlich untersuchen lassen, um eine <strong>Folgebescheinigung<\/strong> zu erhalten. Auch in diesem Fall ist der Arbeitgebende \u00fcber die weitere Abwesenheit von der Arbeit zu informieren.<\/p>\n<p>Generell sollten Arbeitnehmende auf eine <strong>l\u00fcckenlose Dokumentation<\/strong> der \u00e4rztlichen Bescheinigungen achten, um negative Folgen in Bezug auf Entgeltfortzahlung und Sozialversicherungsleistungen zu vermeiden. Auch Unternehmen sollten stets transparente und klare Regelungen zur Arbeitsunf\u00e4higkeit treffen und diese entsprechend an ihre Mitarbeitenden kommunizieren.<\/p>\n<p><strong>Tipp f\u00fcr Arbeitgebende:\u00a0<\/strong>Mit einer <a href=\"https:\/\/factorialhr.de\/zeiterfassung-mitarbeiter\">Zeiterfassungssoftware<\/a> wie der von Factorial k\u00f6nnen Sie nicht nur rechtskonform die Arbeitszeiten Ihrer Mitarbeitenden tracken, sondern auch Abwesenheiten unkompliziert managen. Profitieren Sie von einer automatisierten eAU-Verarbeitung bei der <a href=\"https:\/\/factorialhr.de\/lohn-und-gehaltsabrechnung\">Lohnabrechnung<\/a> mit unserem <a href=\"https:\/\/www.datev.de\/web\/de\/marktplatz\/factorial\" target=\"_blank\" rel=\"noopener\">Schnittstellen-Partner DATEV<\/a>!<\/p>\n<p><img decoding=\"async\" class=\"alignnone size-full wp-image-173624\" src=\"https:\/\/factorialhr.de\/wp-content\/uploads\/2020\/06\/14181717\/time-tracking-app-product-screen.png\" alt=\"Mit der Factorial App ganz einfach Zeit erfassen\" width=\"1800\" height=\"1144\" srcset=\"https:\/\/factorialhr.de\/wp-content\/uploads\/2020\/06\/14181717\/time-tracking-app-product-screen.png 1800w, https:\/\/factorialhr.de\/wp-content\/uploads\/2020\/06\/14181717\/time-tracking-app-product-screen-300x191.png 300w, https:\/\/factorialhr.de\/wp-content\/uploads\/2020\/06\/14181717\/time-tracking-app-product-screen-1024x651.png 1024w, https:\/\/factorialhr.de\/wp-content\/uploads\/2020\/06\/14181717\/time-tracking-app-product-screen-768x488.png 768w, https:\/\/factorialhr.de\/wp-content\/uploads\/2020\/06\/14181717\/time-tracking-app-product-screen-1536x976.png 1536w\" sizes=\"(max-width: 1800px) 100vw, 1800px\" \/><\/p>\n<h2>Kann man sich r\u00fcckwirkend krankschreiben lassen?<\/h2>\n<p>Wie sieht es nun im Arbeitsrecht mit F\u00e4llen aus, in denen Arbeitnehmende sich r\u00fcckwirkend krankschreiben lassen m\u00fcssen? Das kann zum Beispiel der Fall sein, wenn man seit Tagen so krank ist, dass ein Gang in die Praxis nicht m\u00f6glich war. Welche Regelungen gelten bei r\u00fcckwirkenden Krankschreibungen?<\/p>\n<h3>R\u00fcckwirkende Krankschreibung bei Arbeitsunf\u00e4higkeit<\/h3>\n<p>Die Regeln, die \u00c4rzt*innen f\u00fcr eine Krankschreibung beachten m\u00fcssen, sind in den von den Krankenkassen erstellten Arbeitsunf\u00e4higkeits-Richtlinien (<a href=\"https:\/\/www.g-ba.de\/richtlinien\/2\/\" target=\"_blank\" rel=\"noopener noreferrer\">AU-RL<\/a>) festgelegt.<\/p>\n<p>Laut \u00a7 5 Abs. 3 der AU-RL gilt:<\/p>\n<p>In der Regel d\u00fcrfen \u00c4rzte Patient*innen bei einer Erkrankung nicht f\u00fcr einen Zeitraum krankschreiben, der vor dem ersten Arztbesuch liegt. Eine r\u00fcckwirkende Krankschreibung ist hiernach nicht m\u00f6glich.<\/p>\n<p>Aber: In Ausnahmen darf eine r\u00fcckwirkende Krankschreibung erfolgen.<\/p>\n<h3>Wie lange darf man r\u00fcckwirkend krankschreiben?<\/h3>\n<p data-path-to-node=\"3,1\">Die r\u00fcckwirkende Krankschreibung darf maximal <b>drei Kalendertage<\/b> zur\u00fcckliegen (inklusive Wochenende und Feiertage). Dies ist die gesetzliche Obergrenze f\u00fcr die R\u00fcckdatierung.<\/p>\n<p data-path-to-node=\"3,2\"><b>H\u00e4ufiger Irrtum: Die \u201e7-Tage-Regel\u201c: <\/b>Die oft f\u00e4lschlicherweise im Zusammenhang mit der R\u00fcckdatierung genannte <b>\u201e7-Tage-Regel\u201c<\/b> beschreibt die <b>maximale Dauer<\/b> der Krankschreibung, die \u00c4rzte bei einer <b>Erstbescheinigung per Videosprechstunde<\/b> ausstellen d\u00fcrfen (maximal 7 Kalendertage). Diese Regel ist also von der 3-Tage-Regel zur R\u00fcckdatierung <b>unabh\u00e4ngig<\/b>.<\/p>\n<p>\u00c4rzt*innen d\u00fcrfen die Ausstellung einer Krankschreibung allerdings auch verweigern, wenn sie feststellen, dass ein Gang in die Praxis tats\u00e4chlich fr\u00fcher h\u00e4tte erfolgen k\u00f6nnen.<\/p>\n<p>Eine r\u00fcckwirkende Krankschreibung ist f\u00fcr <strong>maximal drei Tage<\/strong> m\u00f6glich. Alles dar\u00fcber hinaus ist nicht zul\u00e4ssig.<\/p>\n<h3>Wann d\u00fcrfen \u00c4rzt*innen eine r\u00fcckwirkende Krankschreibung vornehmen?<\/h3>\n<p>\u00c4rzt*innen sind angehalten, genau zu \u00fcberpr\u00fcfen, wann eine r\u00fcckwirkende Krankschreibung wirklich angebracht ist. Sie m\u00fcssen also untersuchen, ob ein Gang zum Arzt bzw. zur \u00c4rztin vorher tats\u00e4chlich nicht m\u00f6glich war. Erst dann d\u00fcrfen sie die Krankschreibung r\u00fcckwirkend ausstellen.<\/p>\n<p>\u00c4rzte, die zu gro\u00dfz\u00fcgig r\u00fcckwirkende Krankschreibungen ausstellen oder die 3-Tage-Grenze \u00fcberschreiten, m\u00fcssen mit rechtlichen Konsequenzen rechnen.<\/p>\n<h3>Wer kann Patient*innen r\u00fcckwirkend krankschreiben?<\/h3>\n<p>Es ist ausschlie\u00dflich \u00c4rzt*innen vorbehalten, eine r\u00fcckwirkende Krankschreibung auszustellen.<\/p>\n<h3>Was tun, wenn die \u00c4rzt*innen nicht r\u00fcckwirkend krank schreiben?<\/h3>\n<p>Wenn Besch\u00e4ftigte krankheitsbedingt der Arbeit fernbleiben und erst sp\u00e4t einen Arzt bzw. eine \u00c4rztin aufsuchen, welche*r ihnen die r\u00fcckwirkende Krankschreibung verweigert, kann dies f\u00fcr die Mitarbeitenden Konsequenzen haben:<\/p>\n<p>Sie gelten f\u00fcr die vers\u00e4umten Tage offiziell als unentschuldigt. Das bedeutet, dass Arbeitnehmende f\u00fcr diese Zeit kein Arbeitsentgelt erhalten k\u00f6nnen.<\/p>\n<p>Bei h\u00e4ufigen <strong>unentschuldigten Fehlzeiten<\/strong> kann der Arbeitgebende die Besch\u00e4ftigten abmahnen oder im schlimmsten Fall sogar k\u00fcndigen.<br \/>\n<script type=\"application\/ld+json\">\n{\n  \"@context\": \"https:\/\/schema.org\",\n  \"@type\": \"FAQPage\",\n  \"mainEntity\": [{\n    \"@type\": \"Question\",\n    \"name\": \"Kann man sich r\u00fcckwirkend krankschreiben lassen?\",\n    \"acceptedAnswer\": {\n      \"@type\": \"Answer\",\n      \"text\": \"Minijobber*innen haben grunds\u00e4tzlich Anspruch auf bezahlte Feiertage \u2013 allerdings nur dann, wenn der Feiertag auf einen Tag f\u00e4llt, an dem sie normalerweise arbeiten w\u00fcrden. Dies regelt das Ausfallprinzip nach \u00a7 2 Entgeltfortzahlungsgesetz (EFZG).<\/p>\n<p>Konkret bedeutet das:<\/p>\n<p>Arbeiten Minijobber*innen beispielsweise jeden Montag und ein Feiertag f\u00e4llt auf einen Montag, erhalten diese ihr Entgelt f\u00fcr diesen Tag weiter. Vorgesetzte m\u00fcsen dann den Betrag, den die Besch\u00e4ftigten im Minijob an diesem Tag normalerweise verdient h\u00e4tten, zahlen. F\u00e4llt der Feiertag jedoch auf einen Dienstag und die jeweiligen Minijobber*innen arbeiten nie dienstags, haben diese auch keinen Anspruch auf Bezahlung.<\/p>\n<p>Wichtig: Die Feiertagsverg\u00fctung darf bei der Pr\u00fcfung der 556-Euro-Grenze nicht zum regelm\u00e4\u00dfigen Arbeitsentgelt gez\u00e4hlt werden, da Feiertage unvorhersehbar und nicht planbar sind. Der Minijob bleibt auch dann sozialversicherungsfrei, wenn Sie durch Feiertagszahlungen gelegentlich \u00fcber die Verdienstgrenze kommen.<\/p>\n<p>Berechnungsbeispiel:\nMinijobber X arbeitet jeden Freitag 5 Stunden \u00e0 12,82 Euro = 64,10 Euro. Pfingstmontag f\u00e4llt auf seinen regul\u00e4ren Arbeitstag. Er erh\u00e4lt 64,10 Euro Feiertagsverg\u00fctung, ohne dass dies seinen Minijob-Status gef\u00e4hrdet.<\/p>\n<p>Im Zusammenhang mit den Minijobs ergeben sich oft rechtliche Fragen, so beispielsweise zur Umsetzung und rechtlichen Lage bzgl. des Urlaubsanspruchs bei Minijobs.<\/p>\n<p>Denn: Grunds\u00e4tzlich haben Arbeitnehmende auch bei Teilzeit einen Urlaubsanspruch. Der gesetzliche Urlaubsanspruch auf bezahlten Urlaub gilt damit auch f\u00fcr geringf\u00fcgig Besch\u00e4ftigte. Dieser h\u00e4ngt jedoch von ganz bestimmten Faktoren ab, die wir im Folgenden erl\u00e4utern.<\/p>\n<p>Minijob Urlaub: Wie viele Urlaubstage hat man bei 556-Euro-Jobs?<\/p>\n<p>Nach dem Bundesurlaubsgesetz steht jedem Besch\u00e4ftigten grunds\u00e4tzlich ein Urlaub von mindestens 4 Wochen bzw. 24 Tagen zu.<\/p>\n<p>Prinzipiell gilt dieses Gesetz gem\u00e4\u00df dem Grundsatz der Gleichbehandlung auch f\u00fcr Minijobber*innen. Entscheidend ist in diesem Zusammenhang nicht, wie viele Stunden die Arbeitnehmenden arbeiten, sondern an wie vielen Tagen sie einer Arbeit nachgehen.<\/p>\n<p>Dennoch sollten Arbeitgebende auch hier die Arbeitsstunden Ihrer Mitarbeitenden z. B. mit einer Software f\u00fcr Arbeitszeiterfassung festhalten.<\/p>\n<p>Das Bundesurlaubsgesetz geht von einer 6-Tage-Woche aus. Nur, wenn Minijobber*innen also an 6 Tagen in der Woche arbeiten, haben sie einen Urlaubsanspruch auf 24 Tage Urlaub im Jahr. Die Berechnung des Urlaubsanspruchs im Minijob kann, \u00e4hnlich wie bei Teilzeitbesch\u00e4ftigten, etwas knifflig sein. Das trifft besonders dann zu, wenn an unregelm\u00e4\u00dfigen Tagen gearbeitet wird.<\/p>\n<p>Hinweis: Wenn Sie mit Ihren Besch\u00e4ftigten einen Urlaubsanspruch \u00fcber dem gesetzlichen Minimum festgelegt haben, erh\u00f6ht sich auch der prozentuale Urlaubsanspruch der Mitarbeitenden.<\/p>\n<p>Abhilfe beim \u00dcberblick \u00fcber die Urlaubsanspr\u00fcche aller Ihrer Mitarbeitenden kann eine HR-Software wie die von Factorial schaffen.<\/p>\n\n<p>556-Euro-Job Urlaub Unbezahlt<\/p>\n<p>Minijobber*innen d\u00fcrfen auch unbezahlten Urlaub nehmen. Dies allerdings nur in Absprache mit dem Arbeitgebenden. <\/p>\n<p>Wie sieht es nun im Arbeitsrecht mit F\u00e4llen aus, in denen Arbeitnehmende sich r\u00fcckwirkend krankschreiben lassen m\u00fcssen? Das kann zum Beispiel der Fall sein, wenn man seit Tagen so krank ist, dass ein Gang in die Praxis nicht m\u00f6glich war. Welche Regelungen gelten bei r\u00fcckwirkenden Krankschreibungen?<\/p>\n<p>R\u00fcckwirkende Krankschreibung bei Arbeitsunf\u00e4higkeit<\/p>\n<p>Die Regeln, die \u00c4rzt*innen f\u00fcr eine Krankschreibung beachten m\u00fcssen, sind in den von den Krankenkassen erstellten Arbeitsunf\u00e4higkeits-Richtlinien (AU-RL) festgelegt.<\/p>\n<p>Laut \u00a7 5 Abs. 3 der AU-RL gilt:<\/p>\n<p>In der Regel d\u00fcrfen \u00c4rzte Patient*innen bei einer Erkrankung nicht f\u00fcr einen Zeitraum krankschreiben, der vor dem ersten Arztbesuch liegt. Eine r\u00fcckwirkende Krankschreibung ist hiernach nicht m\u00f6glich.<\/p>\n<p>Aber: In Ausnahmen darf eine r\u00fcckwirkende Krankschreibung erfolgen.\"\n    }\n  },{\n    \"@type\": \"Question\",\n    \"name\": \"Wie lange darf man r\u00fcckwirkend krankschreiben?\",\n    \"acceptedAnswer\": {\n      \"@type\": \"Answer\",\n      \"text\": \"Die r\u00fcckwirkende Krankschreibung darf maximal drei Kalendertage zur\u00fcckliegen (inklusive Wochenende und Feiertage). Dies ist die gesetzliche Obergrenze f\u00fcr die R\u00fcckdatierung.<\/p>\n<p>H\u00e4ufiger Irrtum: Die \u201e7-Tage-Regel\u201c: Die oft f\u00e4lschlicherweise im Zusammenhang mit der R\u00fcckdatierung genannte \u201e7-Tage-Regel\u201c beschreibt die maximale Dauer der Krankschreibung, die \u00c4rzte bei einer Erstbescheinigung per Videosprechstunde ausstellen d\u00fcrfen (maximal 7 Kalendertage). Diese Regel ist also von der 3-Tage-Regel zur R\u00fcckdatierung unabh\u00e4ngig.<\/p>\n<p>\u00c4rzt*innen d\u00fcrfen die Ausstellung einer Krankschreibung allerdings auch verweigern, wenn sie feststellen, dass ein Gang in die Praxis tats\u00e4chlich fr\u00fcher h\u00e4tte erfolgen k\u00f6nnen.<\/p>\n<p>Eine r\u00fcckwirkende Krankschreibung ist f\u00fcr maximal drei Tage m\u00f6glich. Alles dar\u00fcber hinaus ist nicht zul\u00e4ssig.\"\n    }\n  },{\n    \"@type\": \"Question\",\n    \"name\": \"Wann d\u00fcrfen \u00c4rzt*innen eine r\u00fcckwirkende Krankschreibung vornehmen?\",\n    \"acceptedAnswer\": {\n      \"@type\": \"Answer\",\n      \"text\": \"Arbeitgebende d\u00fcrfen den gesetzlichen Jahresurlaub f\u00fcr jeden vollen Kalendermonat der Elternzeit um 1\/12 k\u00fcrzen, m\u00fcssen dies aber schriftlich und ausdr\u00fccklich erkl\u00e4ren (\u00a7 17 BEEG).<\/p>\n<p>Formel zur K\u00fcrzung:Jahresurlaubstage \/ 12 x Anzahl voller Kalendermonate = K\u00fcrzung<\/p>\n<p>\u00c4rzt*innen sind angehalten, genau zu \u00fcberpr\u00fcfen, wann eine r\u00fcckwirkende Krankschreibung wirklich angebracht ist. Sie m\u00fcssen also untersuchen, ob ein Gang zum Arzt bzw. zur \u00c4rztin vorher tats\u00e4chlich nicht m\u00f6glich war. Erst dann d\u00fcrfen sie die Krankschreibung r\u00fcckwirkend ausstellen.<\/p>\n<p>\u00c4rzte, die zu gro\u00dfz\u00fcgig r\u00fcckwirkende Krankschreibungen ausstellen oder die 3-Tage-Grenze \u00fcberschreiten, m\u00fcssen mit rechtlichen Konsequenzen rechnen.\"\n    }\n  },{\n    \"@type\": \"Question\",\n    \"name\": \"Wer kann Patient*innen r\u00fcckwirkend krankschreiben?\",\n    \"acceptedAnswer\": {\n      \"@type\": \"Answer\",\n      \"text\": \"Es ist ausschlie\u00dflich \u00c4rzt*innen vorbehalten, eine r\u00fcckwirkende Krankschreibung auszustellen.\"\n    }\n  },{\n    \"@type\": \"Question\",\n    \"name\": \"Was tun, wenn die \u00c4rzt*innen nicht r\u00fcckwirkend krank schreiben?\",\n    \"acceptedAnswer\": {\n      \"@type\": \"Answer\",\n      \"text\": \"Nach der Elternzeit steht Mitarbeitenden der gesamte nicht genommene Resturlaub zu plus der Urlaub, der w\u00e4hrend der Elternzeit entstanden ist (Wenn Besch\u00e4ftigte krankheitsbedingt der Arbeit fernbleiben und erst sp\u00e4t einen Arzt bzw. eine \u00c4rztin aufsuchen, welche*r ihnen die r\u00fcckwirkende Krankschreibung verweigert, kann dies f\u00fcr die Mitarbeitenden Konsequenzen haben:<\/p>\n<p>Sie gelten f\u00fcr die vers\u00e4umten Tage offiziell als unentschuldigt. Das bedeutet, dass Arbeitnehmende f\u00fcr diese Zeit kein Arbeitsentgelt erhalten k\u00f6nnen.<\/p>\n<p>Bei h\u00e4ufigen unentschuldigten Fehlzeiten kann der Arbeitgebende die Besch\u00e4ftigten abmahnen oder im schlimmsten Fall sogar k\u00fcndigen.\"\n    }\n  }]\n}\n<\/script><\/p>\n<h2>R\u00fcckwirkend krankschreiben: Wochenende<\/h2>\n<p>Viele Arztpraxen haben am Wochenende geschlossen \u2013 viele Arbeitnehmende m\u00fcssen jedoch auch am Wochenende arbeiten. In diesem Fall k\u00f6nnen Besch\u00e4ftigte ihren Arbeitgebenden zun\u00e4chst \u00fcber ihre Krankheit informieren. Sie sollten anschlie\u00dfend am darauffolgenden Montag eine Arztpraxis aufsuchen. In der Regel stellen \u00c4rzte dann eine r\u00fcckwirkende Krankschreibung aus, wenn sie dies aus medizinischer Sicht f\u00fcr gerechtfertigt halten. Aber auch hier gilt: Patient*innen k\u00f6nnen nicht l\u00e4nger als drei Tage r\u00fcckwirkend krankgeschrieben werden.<\/p>\n<h2>Besonderheiten f\u00fcr Minijobber*innen und Teilzeitbesch\u00e4ftigte<\/h2>\n<h3>Minijobber*innen<\/h3>\n<p data-path-to-node=\"8\">F\u00fcr <a href=\"https:\/\/factorialhr.de\/blog\/minijob\/\">Minijobber*innen<\/a> gelten dieselben Regeln zur r\u00fcckwirkenden Krankschreibung wie f\u00fcr Vollzeitbesch\u00e4ftigte: maximal <b>3 Tage r\u00fcckwirkend<\/b>.<\/p>\n<ul data-path-to-node=\"9\">\n<li>\n<p data-path-to-node=\"9,0,0\"><b><a href=\"https:\/\/factorialhr.de\/blog\/entgeltfortzahlungsgesetz\/\">Entgeltfortzahlung<\/a>:<\/b> Minijobber*innen haben wie alle anderen Arbeitnehmenden erst <b>nach vierw\u00f6chiger ununterbrochener Besch\u00e4ftigung<\/b> Anspruch auf Entgeltfortzahlung im Krankheitsfall (<a href=\"https:\/\/www.gesetze-im-internet.de\/entgfg\/__3.html\" target=\"_blank\" rel=\"noopener\">\u00a7 3 Abs. 3 EFZG<\/a>).<\/p>\n<\/li>\n<li>\n<p data-path-to-node=\"9,0,0\"><b>eAU-Ausnahme:<\/b> Bei Minijobber*innen in Privathaushalten gilt eine Ausnahme: Hier muss weiterhin die <b>Papierform<\/b> der AU eingereicht werden, da diese nicht an die eAU angebunden sind.<\/p>\n<\/li>\n<\/ul>\n<h3>Teilzeitbesch\u00e4ftigte<\/h3>\n<ul>\n<li data-path-to-node=\"11\">F\u00fcr <a href=\"https:\/\/factorialhr.de\/blog\/recht-auf-teilzeit\/\">Teilzeitbesch\u00e4ftigte<\/a> gelten die gleichen allgemeinen Regeln zur Krankschreibung (3 Tage r\u00fcckwirkend, eAU-Pflicht).<\/li>\n<li data-path-to-node=\"12\">Der Anspruch auf <b>Entgeltfortzahlung<\/b> richtet sich nach den <a href=\"https:\/\/factorialhr.de\/blog\/arbeitsstunden-arbeitswochen-pro-jahr\/\">vertraglich vereinbarten Arbeitstagen und Stunden<\/a>. Ihnen wird die Verg\u00fctung fortgezahlt, die sie durch ihre Teilzeitarbeit ohne die Krankheit erhalten h\u00e4tten.<\/li>\n<\/ul>\n<h2>Folgebescheinigungen und r\u00fcckwirkende Krankschreibung<\/h2>\n<p>Wenn Besch\u00e4ftigte bereits krankgeschrieben sind und es vers\u00e4umen oder nicht in der Lage sind, innerhalb der ausgestellten AU-Frist eine Arztpraxis aufzusuchen, k\u00f6nnen \u00c4rzt*innen unter bestimmten Umst\u00e4nden auch eine Folgebescheinigung r\u00fcckwirkend ausstellen. Hier gelten die gleichen Regelungen wie bei einer Erstausstellung.<\/p>\n<p>&nbsp;<\/p>\n","protected":false},"excerpt":{"rendered":"<p>Es kommt vor, dass Arbeitnehmende krank sind, aber nicht zu \u00c4rzt*innen gehen k\u00f6nnen. Viele Arbeitgebende verlangen jedoch manchmal eine Arbeitsunf\u00e4higkeitsbescheinigung ab dem ersten Tag der Erkrankung. Was m\u00fcssen Besch\u00e4ftigte beachten, wenn sie sich r\u00fcckwirkend krankschreiben lassen? Als Arbeitgebender sollten Sie alle Regeln kennen. Im folgenden Artikel kl\u00e4ren wir alle Details rund um die r\u00fcckwirkende Krankschreibung.<a href=\"https:\/\/factorialhr.de\/blog\/rueckwirkend-krankschreiben\/\" class=\"read-more\"> [&#8230;]<\/a><\/p>\n","protected":false},"author":263,"featured_media":174144,"comment_status":"closed","ping_status":"closed","sticky":false,"template":"","format":"standard","meta":{"_acf_changed":false,"footnotes":""},"categories":[188],"tags":[],"class_list":["post-137836","post","type-post","status-publish","format-standard","has-post-thumbnail","hentry","category-urlaubsmanagement"],"acf":{"topics":"brand-content"},"yoast_head":"<!-- This site is optimized with the Yoast SEO Premium plugin v21.5 (Yoast SEO v21.9.1) - https:\/\/yoast.com\/wordpress\/plugins\/seo\/ -->\n<title>R\u00fcckwirkend krankschreiben: Das m\u00fcssen Sie beachten | Factorial<\/title>\n<meta name=\"description\" content=\"R\u00fcckwirkend krankschreiben \u2713 Maximal 3 Tage m\u00f6glich (nicht 7!) \u2713 Aktuelle Regeln \u2713 eAU-Prozess \u2713 Rechte &amp; Pflichten f\u00fcr Arbeitgebende erkl\u00e4rt\" \/>\n<meta name=\"robots\" content=\"index, follow, max-snippet:-1, max-image-preview:large, max-video-preview:-1\" \/>\n<link rel=\"canonical\" href=\"https:\/\/factorialhr.de\/blog\/rueckwirkend-krankschreiben\/\" \/>\n<meta property=\"og:locale\" content=\"de_DE\" \/>\n<meta property=\"og:type\" content=\"article\" \/>\n<meta property=\"og:title\" content=\"R\u00fcckwirkend krankschreiben: Diese M\u00f6glichkeiten gibt es\" \/>\n<meta property=\"og:description\" content=\"R\u00fcckwirkend krankschreiben \u2713 Maximal 3 Tage m\u00f6glich (nicht 7!) \u2713 Aktuelle Regeln \u2713 eAU-Prozess \u2713 Rechte &amp; Pflichten f\u00fcr Arbeitgebende erkl\u00e4rt\" \/>\n<meta property=\"og:url\" content=\"https:\/\/factorialhr.de\/blog\/rueckwirkend-krankschreiben\/\" \/>\n<meta property=\"og:site_name\" content=\"Factorial\" \/>\n<meta property=\"article:publisher\" content=\"https:\/\/www.facebook.com\/people\/Factorial\/100064908455810\/\" \/>\n<meta property=\"article:published_time\" content=\"2025-11-21T13:11:34+00:00\" \/>\n<meta property=\"article:modified_time\" content=\"2025-11-25T12:49:18+00:00\" \/>\n<meta property=\"og:image\" content=\"https:\/\/factorialhr.de\/wp-content\/uploads\/2025\/11\/25144736\/blog_thumbnail_image-2.webp\" \/>\n\t<meta property=\"og:image:width\" content=\"2560\" \/>\n\t<meta property=\"og:image:height\" content=\"1440\" \/>\n\t<meta property=\"og:image:type\" content=\"image\/webp\" \/>\n<meta name=\"author\" content=\"Julia Lehmann\" \/>\n<meta name=\"twitter:card\" content=\"summary_large_image\" \/>\n<meta name=\"twitter:creator\" content=\"@factorialapp\" \/>\n<meta name=\"twitter:site\" content=\"@factorialapp\" \/>\n<meta name=\"twitter:label1\" content=\"Written by\" \/>\n\t<meta name=\"twitter:data1\" content=\"Julia Lehmann\" \/>\n\t<meta name=\"twitter:label2\" content=\"Est. reading time\" \/>\n\t<meta name=\"twitter:data2\" content=\"7 Minuten\" \/>\n<script type=\"application\/ld+json\" class=\"yoast-schema-graph\">{\"@context\":\"https:\/\/schema.org\",\"@graph\":[{\"@type\":\"Article\",\"@id\":\"https:\/\/factorialhr.de\/blog\/rueckwirkend-krankschreiben\/#article\",\"isPartOf\":{\"@id\":\"https:\/\/factorialhr.de\/blog\/rueckwirkend-krankschreiben\/\"},\"author\":{\"name\":\"Julia Lehmann\",\"@id\":\"https:\/\/factorialhr.de\/blog\/#\/schema\/person\/cc74934c5d0462bc4a5b17a931fedb66\"},\"headline\":\"R\u00fcckwirkend krankschreiben: Diese M\u00f6glichkeiten gibt es\",\"datePublished\":\"2025-11-21T13:11:34+00:00\",\"dateModified\":\"2025-11-25T12:49:18+00:00\",\"mainEntityOfPage\":{\"@id\":\"https:\/\/factorialhr.de\/blog\/rueckwirkend-krankschreiben\/\"},\"wordCount\":1499,\"publisher\":{\"@id\":\"https:\/\/factorialhr.de\/blog\/#organization\"},\"articleSection\":[\"Urlaub und Abwesenheiten\"],\"inLanguage\":\"de-DE\"},{\"@type\":\"WebPage\",\"@id\":\"https:\/\/factorialhr.de\/blog\/rueckwirkend-krankschreiben\/\",\"url\":\"https:\/\/factorialhr.de\/blog\/rueckwirkend-krankschreiben\/\",\"name\":\"R\u00fcckwirkend krankschreiben: Das m\u00fcssen Sie beachten | Factorial\",\"isPartOf\":{\"@id\":\"https:\/\/factorialhr.de\/blog\/#website\"},\"datePublished\":\"2025-11-21T13:11:34+00:00\",\"dateModified\":\"2025-11-25T12:49:18+00:00\",\"description\":\"R\u00fcckwirkend krankschreiben \u2713 Maximal 3 Tage m\u00f6glich (nicht 7!) \u2713 Aktuelle Regeln \u2713 eAU-Prozess \u2713 Rechte & Pflichten f\u00fcr Arbeitgebende erkl\u00e4rt\",\"inLanguage\":\"de-DE\",\"potentialAction\":[{\"@type\":\"ReadAction\",\"target\":[\"https:\/\/factorialhr.de\/blog\/rueckwirkend-krankschreiben\/\"]}]},{\"@type\":\"WebSite\",\"@id\":\"https:\/\/factorialhr.de\/blog\/#website\",\"url\":\"https:\/\/factorialhr.de\/blog\/\",\"name\":\"Factorial\",\"description\":\"\",\"publisher\":{\"@id\":\"https:\/\/factorialhr.de\/blog\/#organization\"},\"potentialAction\":[{\"@type\":\"SearchAction\",\"target\":{\"@type\":\"EntryPoint\",\"urlTemplate\":\"https:\/\/factorialhr.de\/blog\/?s={search_term_string}\"},\"query-input\":\"required name=search_term_string\"}],\"inLanguage\":\"de-DE\"},{\"@type\":\"Organization\",\"@id\":\"https:\/\/factorialhr.de\/blog\/#organization\",\"name\":\"All-in-one business management software - Factorial\",\"url\":\"https:\/\/factorialhr.de\/blog\/\",\"logo\":{\"@type\":\"ImageObject\",\"inLanguage\":\"de-DE\",\"@id\":\"https:\/\/factorialhr.de\/blog\/#\/schema\/logo\/image\/\",\"url\":\"https:\/\/factorialhr.de\/wp-content\/uploads\/2023\/07\/18155144\/factorial-logo.png\",\"contentUrl\":\"https:\/\/factorialhr.de\/wp-content\/uploads\/2023\/07\/18155144\/factorial-logo.png\",\"width\":946,\"height\":880,\"caption\":\"All-in-one business management software - Factorial\"},\"image\":{\"@id\":\"https:\/\/factorialhr.de\/blog\/#\/schema\/logo\/image\/\"},\"sameAs\":[\"https:\/\/www.facebook.com\/people\/Factorial\/100064908455810\/\",\"https:\/\/twitter.com\/factorialapp\",\"https:\/\/www.linkedin.com\/company\/factorialhr\",\"https:\/\/www.youtube.com\/@factorialmedia\",\"https:\/\/www.instagram.com\/factorial\/#\"]},{\"@type\":\"Person\",\"@id\":\"https:\/\/factorialhr.de\/blog\/#\/schema\/person\/cc74934c5d0462bc4a5b17a931fedb66\",\"name\":\"Julia Lehmann\",\"image\":{\"@type\":\"ImageObject\",\"inLanguage\":\"de-DE\",\"@id\":\"https:\/\/factorialhr.de\/blog\/#\/schema\/person\/image\/\",\"url\":\"https:\/\/secure.gravatar.com\/avatar\/fe45cbfea7568e6654345d1539ff6270?s=96&d=identicon&r=g\",\"contentUrl\":\"https:\/\/secure.gravatar.com\/avatar\/fe45cbfea7568e6654345d1539ff6270?s=96&d=identicon&r=g\",\"caption\":\"Julia Lehmann\"},\"description\":\"Julia Lehmann ist Schriftstellerin, Philosophin, K\u00fcnstlerin und \u00dcbersetzerin. Seit \u00fcber drei Jahren setzt sie sich intensiv mit aktuellen Entwicklungen im Bereich Human Resources und der Arbeitswelt auseinander. Mit ihrem interdisziplin\u00e4ren Hintergrund analysiert sie Themen wie Unternehmenskultur, F\u00fchrung, Wandel in der Arbeitsorganisation und rechtliche Rahmenbedingungen \u2013 und liefert dabei Impulse, die sowohl in Fachkreisen als auch in der unternehmerischen Praxis Anklang finden.\",\"url\":\"https:\/\/factorialhr.de\/blog\/author\/julia-lehmann\/\"}]}<\/script>\n<!-- \/ Yoast SEO Premium plugin. -->","yoast_head_json":{"title":"R\u00fcckwirkend krankschreiben: Das m\u00fcssen Sie beachten | Factorial","description":"R\u00fcckwirkend krankschreiben \u2713 Maximal 3 Tage m\u00f6glich (nicht 7!) \u2713 Aktuelle Regeln \u2713 eAU-Prozess \u2713 Rechte & Pflichten f\u00fcr Arbeitgebende erkl\u00e4rt","robots":{"index":"index","follow":"follow","max-snippet":"max-snippet:-1","max-image-preview":"max-image-preview:large","max-video-preview":"max-video-preview:-1"},"canonical":"https:\/\/factorialhr.de\/blog\/rueckwirkend-krankschreiben\/","og_locale":"de_DE","og_type":"article","og_title":"R\u00fcckwirkend krankschreiben: Diese M\u00f6glichkeiten gibt es","og_description":"R\u00fcckwirkend krankschreiben \u2713 Maximal 3 Tage m\u00f6glich (nicht 7!) \u2713 Aktuelle Regeln \u2713 eAU-Prozess \u2713 Rechte & Pflichten f\u00fcr Arbeitgebende erkl\u00e4rt","og_url":"https:\/\/factorialhr.de\/blog\/rueckwirkend-krankschreiben\/","og_site_name":"Factorial","article_publisher":"https:\/\/www.facebook.com\/people\/Factorial\/100064908455810\/","article_published_time":"2025-11-21T13:11:34+00:00","article_modified_time":"2025-11-25T12:49:18+00:00","og_image":[{"width":2560,"height":1440,"url":"https:\/\/factorialhr.de\/wp-content\/uploads\/2025\/11\/25144736\/blog_thumbnail_image-2.webp","type":"image\/webp"}],"author":"Julia Lehmann","twitter_card":"summary_large_image","twitter_creator":"@factorialapp","twitter_site":"@factorialapp","twitter_misc":{"Written by":"Julia Lehmann","Est. reading time":"7 Minuten"},"schema":{"@context":"https:\/\/schema.org","@graph":[{"@type":"Article","@id":"https:\/\/factorialhr.de\/blog\/rueckwirkend-krankschreiben\/#article","isPartOf":{"@id":"https:\/\/factorialhr.de\/blog\/rueckwirkend-krankschreiben\/"},"author":{"name":"Julia Lehmann","@id":"https:\/\/factorialhr.de\/blog\/#\/schema\/person\/cc74934c5d0462bc4a5b17a931fedb66"},"headline":"R\u00fcckwirkend krankschreiben: Diese M\u00f6glichkeiten gibt es","datePublished":"2025-11-21T13:11:34+00:00","dateModified":"2025-11-25T12:49:18+00:00","mainEntityOfPage":{"@id":"https:\/\/factorialhr.de\/blog\/rueckwirkend-krankschreiben\/"},"wordCount":1499,"publisher":{"@id":"https:\/\/factorialhr.de\/blog\/#organization"},"articleSection":["Urlaub und Abwesenheiten"],"inLanguage":"de-DE"},{"@type":"WebPage","@id":"https:\/\/factorialhr.de\/blog\/rueckwirkend-krankschreiben\/","url":"https:\/\/factorialhr.de\/blog\/rueckwirkend-krankschreiben\/","name":"R\u00fcckwirkend krankschreiben: Das m\u00fcssen Sie beachten | Factorial","isPartOf":{"@id":"https:\/\/factorialhr.de\/blog\/#website"},"datePublished":"2025-11-21T13:11:34+00:00","dateModified":"2025-11-25T12:49:18+00:00","description":"R\u00fcckwirkend krankschreiben \u2713 Maximal 3 Tage m\u00f6glich (nicht 7!) \u2713 Aktuelle Regeln \u2713 eAU-Prozess \u2713 Rechte & Pflichten f\u00fcr Arbeitgebende erkl\u00e4rt","inLanguage":"de-DE","potentialAction":[{"@type":"ReadAction","target":["https:\/\/factorialhr.de\/blog\/rueckwirkend-krankschreiben\/"]}]},{"@type":"WebSite","@id":"https:\/\/factorialhr.de\/blog\/#website","url":"https:\/\/factorialhr.de\/blog\/","name":"Factorial","description":"","publisher":{"@id":"https:\/\/factorialhr.de\/blog\/#organization"},"potentialAction":[{"@type":"SearchAction","target":{"@type":"EntryPoint","urlTemplate":"https:\/\/factorialhr.de\/blog\/?s={search_term_string}"},"query-input":"required name=search_term_string"}],"inLanguage":"de-DE"},{"@type":"Organization","@id":"https:\/\/factorialhr.de\/blog\/#organization","name":"All-in-one business management software - Factorial","url":"https:\/\/factorialhr.de\/blog\/","logo":{"@type":"ImageObject","inLanguage":"de-DE","@id":"https:\/\/factorialhr.de\/blog\/#\/schema\/logo\/image\/","url":"https:\/\/factorialhr.de\/wp-content\/uploads\/2023\/07\/18155144\/factorial-logo.png","contentUrl":"https:\/\/factorialhr.de\/wp-content\/uploads\/2023\/07\/18155144\/factorial-logo.png","width":946,"height":880,"caption":"All-in-one business management software - Factorial"},"image":{"@id":"https:\/\/factorialhr.de\/blog\/#\/schema\/logo\/image\/"},"sameAs":["https:\/\/www.facebook.com\/people\/Factorial\/100064908455810\/","https:\/\/twitter.com\/factorialapp","https:\/\/www.linkedin.com\/company\/factorialhr","https:\/\/www.youtube.com\/@factorialmedia","https:\/\/www.instagram.com\/factorial\/#"]},{"@type":"Person","@id":"https:\/\/factorialhr.de\/blog\/#\/schema\/person\/cc74934c5d0462bc4a5b17a931fedb66","name":"Julia Lehmann","image":{"@type":"ImageObject","inLanguage":"de-DE","@id":"https:\/\/factorialhr.de\/blog\/#\/schema\/person\/image\/","url":"https:\/\/secure.gravatar.com\/avatar\/fe45cbfea7568e6654345d1539ff6270?s=96&d=identicon&r=g","contentUrl":"https:\/\/secure.gravatar.com\/avatar\/fe45cbfea7568e6654345d1539ff6270?s=96&d=identicon&r=g","caption":"Julia Lehmann"},"description":"Julia Lehmann ist Schriftstellerin, Philosophin, K\u00fcnstlerin und \u00dcbersetzerin. Seit \u00fcber drei Jahren setzt sie sich intensiv mit aktuellen Entwicklungen im Bereich Human Resources und der Arbeitswelt auseinander. Mit ihrem interdisziplin\u00e4ren Hintergrund analysiert sie Themen wie Unternehmenskultur, F\u00fchrung, Wandel in der Arbeitsorganisation und rechtliche Rahmenbedingungen \u2013 und liefert dabei Impulse, die sowohl in Fachkreisen als auch in der unternehmerischen Praxis Anklang finden.","url":"https:\/\/factorialhr.de\/blog\/author\/julia-lehmann\/"}]}},"_links":{"self":[{"href":"https:\/\/factorialhr.de\/blog\/wp-json\/wp\/v2\/posts\/137836"}],"collection":[{"href":"https:\/\/factorialhr.de\/blog\/wp-json\/wp\/v2\/posts"}],"about":[{"href":"https:\/\/factorialhr.de\/blog\/wp-json\/wp\/v2\/types\/post"}],"author":[{"embeddable":true,"href":"https:\/\/factorialhr.de\/blog\/wp-json\/wp\/v2\/users\/263"}],"replies":[{"embeddable":true,"href":"https:\/\/factorialhr.de\/blog\/wp-json\/wp\/v2\/comments?post=137836"}],"version-history":[{"count":20,"href":"https:\/\/factorialhr.de\/blog\/wp-json\/wp\/v2\/posts\/137836\/revisions"}],"predecessor-version":[{"id":138021,"href":"https:\/\/factorialhr.de\/blog\/wp-json\/wp\/v2\/posts\/137836\/revisions\/138021"}],"wp:featuredmedia":[{"embeddable":true,"href":"https:\/\/factorialhr.de\/blog\/wp-json\/wp\/v2\/media\/174144"}],"wp:attachment":[{"href":"https:\/\/factorialhr.de\/blog\/wp-json\/wp\/v2\/media?parent=137836"}],"wp:term":[{"taxonomy":"category","embeddable":true,"href":"https:\/\/factorialhr.de\/blog\/wp-json\/wp\/v2\/categories?post=137836"},{"taxonomy":"post_tag","embeddable":true,"href":"https:\/\/factorialhr.de\/blog\/wp-json\/wp\/v2\/tags?post=137836"}],"curies":[{"name":"wp","href":"https:\/\/api.w.org\/{rel}","templated":true}]}}