{"id":138672,"date":"2024-08-02T12:19:17","date_gmt":"2024-08-02T10:19:17","guid":{"rendered":"https:\/\/factorialhr.com\/blog\/?p=138672"},"modified":"2025-01-27T12:58:58","modified_gmt":"2025-01-27T10:58:58","slug":"selbstkompetenz","status":"publish","type":"post","link":"https:\/\/factorialhr.de\/blog\/selbstkompetenz\/","title":{"rendered":"Selbstkompetenz entwickeln: Definition und Beispiele"},"content":{"rendered":"<p>Selbstkompetenz ist eine der zentralen F\u00e4higkeiten des Menschen. Sie ist nicht nur f\u00fcr die pers\u00f6nliche Entwicklung wichtig, sondern auch eine <strong>Schl\u00fcsselkompetenz im Beruf.<\/strong> Arbeitgebende sollten daher daran interessiert sein, Talente mit hoher Selbstkompetenz einzustellen und diese Qualit\u00e4t unter ihren Mitarbeitenden zu f\u00f6rdern. Wie das geht, erfahren Sie im folgenden Blogbeitrag.<\/p>\n<h2>Key Facts<\/h2>\n<ol>\n<li>Ein selbstkompetenter Mensch ist in der Lage, <strong>eigenverantwortlich und selbstreflektiert<\/strong> seine Gef\u00fchle, Bed\u00fcrfnisse und W\u00fcnsche zu verstehen und zu bewerten sowie ihre eigenen St\u00e4rken zu erkennen und weiterzuentwickeln.<\/li>\n<li>Menschen mit hoher Selbstkompetenz sind <strong>produktivere und zufriedenere Mitarbeitende.<\/strong><\/li>\n<li>Unternehmen k\u00f6nnen die Selbstkompetenz ihrer Mitarbeitenden durch Schulungen, Pers\u00f6nlichkeitstests und eine besondere Unternehmenskultur <strong>aktiv f\u00f6rdern.<\/strong><\/li>\n<\/ol>\n<ul>\n<li><a href=\"#definition\">Selbstkompetenz Definition<\/a><\/li>\n<li><a href=\"#abgrenzung\">Abgrenzung zu anderen Kompetenzen<\/a><\/li>\n<li><a href=\"#merkmale\">Selbstkompetenz: Merkmale<\/a><\/li>\n<li><a href=\"#beruf\">Selbstkompetenz im Beruf &#8211; Erfolgsfaktor<\/a><\/li>\n<li><a href=\"#f\u00f6rderung\">Selbstkompetenz entwickeln und f\u00f6rdern im Unternehmen<\/a><\/li>\n<\/ul>\n<p><a name=\"definition\"><\/a><a href=\"https:\/\/factorialhr.de\/vorlagen\/leitfaden-fuehrungskraefte-coaching\"><img decoding=\"async\" class=\"alignnone size-full wp-image-138770\" src=\"https:\/\/factorialhr.de\/wp-content\/uploads\/2024\/08\/02121706\/Blog-Banner-New-Design-Fuhrungskrafte-Coaching-1.webp\" alt=\"Download Leitfaden F\u00fchrungskr\u00e4fte Coaching\" width=\"1096\" height=\"616\" srcset=\"https:\/\/factorialhr.de\/wp-content\/uploads\/2024\/08\/02121706\/Blog-Banner-New-Design-Fuhrungskrafte-Coaching-1.webp 1096w, https:\/\/factorialhr.de\/wp-content\/uploads\/2024\/08\/02121706\/Blog-Banner-New-Design-Fuhrungskrafte-Coaching-1-300x169.webp 300w, https:\/\/factorialhr.de\/wp-content\/uploads\/2024\/08\/02121706\/Blog-Banner-New-Design-Fuhrungskrafte-Coaching-1-1024x576.webp 1024w, https:\/\/factorialhr.de\/wp-content\/uploads\/2024\/08\/02121706\/Blog-Banner-New-Design-Fuhrungskrafte-Coaching-1-768x432.webp 768w, https:\/\/factorialhr.de\/wp-content\/uploads\/2024\/08\/02121706\/Blog-Banner-New-Design-Fuhrungskrafte-Coaching-1-688x388.webp 688w\" sizes=\"(max-width: 1096px) 100vw, 1096px\" \/><\/a><\/p>\n<h2>Selbstkompetenz Definition<\/h2>\n<h3>Was ist Selbstkompetenz?<\/h3>\n<p>\u201e[Mit dem Begriff Selbstkompetenz wird die F\u00e4higkeit beschrieben], als individuelle Pers\u00f6nlichkeit die Entwicklungschancen, Anforderungen und Einschr\u00e4nkungen in Familie, Beruf und \u00f6ffentlichem Leben zu kl\u00e4ren, zu durchdenken und zu beurteilen, eigene Begabungen zu entfalten sowie Lebenspl\u00e4ne zu fassen und fortzuentwickeln.\u201c<\/p>\n<p>So liest sich jedenfalls die Definition der <a href=\"https:\/\/www.kmk.org\/fileadmin\/veroeffentlichungen_beschluesse\/2021\/2021_06_17-GEP-Handreichung.pdf\" target=\"_blank\" rel=\"noopener\">Deutschen Kultusministerkonferenz<\/a>.<\/p>\n<p>Selbstkompetenz ist somit eine <strong>menschliche Schl\u00fcsselkompetenz,<\/strong> die es uns erm\u00f6glicht, Verantwortung f\u00fcr uns selbst, unsere Bed\u00fcrfnisse und W\u00fcnsche zu \u00fcbernehmen. Es geht darum, diese zun\u00e4chst zu erkennen und wahrzunehmen, um sie dann selbstmotiviert umsetzen zu k\u00f6nnen.<\/p>\n<h3>Warum ist Selbstkompetenz so wichtig?<\/h3>\n<p>Selbstkompetenz tr\u00e4gt wesentlich F\u00e4higkeit zum Gl\u00fcck und der Zufriedenheit des Menschen bei. Dar\u00fcber hinaus ist diese Qualit\u00e4t entscheidend im beruflichen Kontext.<\/p>\n<p>Selbstkompetenz bef\u00e4higt n\u00e4mlich die Besch\u00e4ftigten, eigenverantwortlich zu handeln, sich einer beruflichen Arbeitsumgebung anzupassen und zur Weiterentwicklung des Unternehmens beizutragen.<\/p>\n<p>Die F\u00e4higkeit der Selbstkompetenz ist wie ein Kompass, dessen erfolgreiche Nutzung, Ausbildung und Anwendung in der Regel die folgenden positiven Auswirkungen auf unser Leben hat:<\/p>\n<ul>\n<li><strong>Pers\u00f6nliche Entwicklung:<\/strong> Selbstkompetenz ist die Grundlage f\u00fcr unsere pers\u00f6nliche Entwicklung, f\u00fcr das Erlernen von Neuem und f\u00fcr unser pers\u00f6nliches Wachstum insgesamt.<\/li>\n<li><strong>H\u00f6here Lebenszufriedenheit:<\/strong> Menschen mit einer hohen Selbstkompetenz sind in der Regel zufriedener und gl\u00fccklicher.<\/li>\n<li><strong>Erfolgreich im Beruf: <\/strong>Menschen mit hoher Selbstkompetenz sind in der Lage, ihr Berufs- und Arbeitsleben aktiv so zu gestalten, dass es ihnen Freude macht. Gleichzeitig geht dies meist mit einem allgemeinen beruflichen Erfolg einher.<\/li>\n<\/ul>\n<h3>Ursprung des Begriffs<\/h3>\n<p>Der Begriff Selbstkompetenz wurde in den 70er Jahren von dem deutschen Erziehungswissenschaftler Heinrich Roth gepr\u00e4gt. Er definierte diese als eine der Kompetenzen, die sich im Laufe der menschlichen Entwicklung herausbilden. Selbstkompetenz ist eine der wichtigsten F\u00e4higkeiten des Menschen, sich selbst zu verstehen, zu reflektieren und eigenst\u00e4ndig zu handeln.<br \/>\n<a name=\"abgrenzung\"><\/a><\/p>\n<h2>Abgrenzung zu anderen Kompetenzen<\/h2>\n<p>Neben der Selbstkompetenz bilden Menschen weitere F\u00e4higkeiten im Laufe ihrer Entwicklung aus. Dazu geh\u00f6ren:<\/p>\n<h3>Sozialkompetenz<\/h3>\n<p>Im Gegensatz zur Selbstkompetenz bezieht sich die Sozialkompetenz auf das Umfeld des Individuums und beschreibt die F\u00e4higkeit zur <strong>Kommunikation, Kooperation und Konfliktl\u00f6sung im sozialen Kontext.<\/strong> Menschen mit dieser Qualit\u00e4t sind also gut darin, Beziehungen zu anderen Menschen aufzubauen, in Gruppen zusammenzuarbeiten und gegebenenfalls Konflikte zu l\u00f6sen.<\/p>\n<p>Zu den wesentlichen Eigenschaften von Sozialkompetenz z\u00e4hlen:<\/p>\n<ul>\n<li>Empathie<\/li>\n<li>Kommunikationsf\u00e4higkeit<\/li>\n<li>Teamf\u00e4higkeit<\/li>\n<li>Beziehungsf\u00e4higkeit<\/li>\n<li>Konfliktf\u00e4higkeit<\/li>\n<\/ul>\n<h3>Fachkompetenz<\/h3>\n<p>Fachkompetenz ist die F\u00e4higkeit, sich<strong> Fachwissen anzueignen, es anzuwenden, zu verkn\u00fcpfen und kritisch zu reflektieren.<\/strong> Es handelt sich um berufliche Expertise, Erfahrungen und Kenntnisse, die vor allem in der Schule, in der Ausbildung und im weiteren Verlauf der Berufs- und Weiterbildung erworben werden.<\/p>\n<p>Wichtige Eigenschaften von Fachkompetenz sind beispielsweise:<\/p>\n<ul>\n<li>Probleml\u00f6sungsf\u00e4higkeit<\/li>\n<li>Kreativit\u00e4t<\/li>\n<li>Praktische Fertigkeiten<\/li>\n<li>Kritisches Denken<\/li>\n<li>Anwendungsorientierung<\/li>\n<li><a href=\"https:\/\/factorialhr.de\/blog\/analytisches-denken\/\">Analytische<\/a> F\u00e4higkeiten<\/li>\n<\/ul>\n<h2>Selbstkompetenz: Merkmale<\/h2>\n<p>Welche konkreten Merkmale machen nun Selbstkompetenz aus? Im Folgenden sollen einige ausgew\u00e4hlte Aspekte n\u00e4her betrachtet werden.<\/p>\n<h3>Selbstbewusstsein und Selbstwahrnehmung<\/h3>\n<p>Selbstbewusstsein beschreibt die F\u00e4higkeit, sich selbst und seinen eigenen St\u00e4rken und Schw\u00e4chen sowie Gef\u00fchlen und Vorstellungen zu vertrauen und sich dieser bewusst zu sein.<\/p>\n<h3>Selbstreflexion und Selbsteinsch\u00e4tzung<\/h3>\n<p>Dies ist die Kompetenz, sich selbst, seine Handlungen und sein Denken kritisch zu hinterfragen und zu reflektieren.<\/p>\n<h3>Selbstdisziplin und Selbstorganisation<\/h3>\n<p>Selbstdisziplin bedeutet, f\u00e4hig zu sein, sich selbst zu organisieren, Ziele zu verfolgen und zu erreichen sowie Ablenkungen und Hindernissen zu widerstehen.<\/p>\n<h3>Selbstmotivation<\/h3>\n<p>Selbstmotivation bezieht sich auf die Kompetenz, aus eigenem Antrieb zu handeln und sich zu motivieren.<\/p>\n<p>Weitere wichtige Eigenschaften, die im Rahmen der Selbstkompetenz ausgebildet werden, sind:<\/p>\n<ul>\n<li>Selbstregulation<\/li>\n<li>Zielorientierung<\/li>\n<li>Selbstwertgef\u00fchl<\/li>\n<li>Anpassungsf\u00e4higkeit<\/li>\n<li>Zeitmanagement<\/li>\n<li>Selbstwert<\/li>\n<li>Kritikf\u00e4higkeit<\/li>\n<li>Anpassungsf\u00e4higkeit<\/li>\n<li>Flexibilit\u00e4t<\/li>\n<li>Selbstvertrauen<\/li>\n<\/ul>\n<p>In einer aktuellen <a href=\"https:\/\/www.ifo.de\/DocDL\/kompetenzen-arbeitswelt-ihk-ifo-2023.pdf\" target=\"_blank\" rel=\"noopener noreferrer\">Studie des ifo-Instituts<\/a> wird deutlich, dass viele der in der Selbstkompetenz geb\u00fcndelten F\u00e4higkeiten von Arbeitgebenden besonders nachgefragt werden. Am h\u00e4ufigsten werden Anpassungsf\u00e4higkeit, Flexibilit\u00e4t und Teamf\u00e4higkeit genannt.<br \/>\n<a name=\"beruf\"><\/a><\/p>\n<h2>Selbstkompetenz im Beruf \u2013 Erfolgsfaktor<\/h2>\n<p>Wie Sie bereits an der obigen Aufz\u00e4hlung erkennen k\u00f6nnen, sind die meisten dieser Eigenschaften bedeutungsvolle Kompetenzen im Job.<\/p>\n<p>Menschen mit hoher Selbstkompetenz bringen alle relevanten Faktoren mit, um erfolgreiche Mitarbeitende zu sein. Sie sind nicht nur in der Lage, selbstdiszipliniert zu arbeiten, sich Ziele zu setzen und diese motiviert zu verfolgen, sondern sie handeln in der Regel auch <strong>selbst\u00e4ndiger, eigenverantwortlicher und initiativer.<\/strong><\/p>\n<p>Diese Pers\u00f6nlichkeitsmerkmale werden umso wichtiger, je h\u00f6her die Besch\u00e4ftigten auf der Karriereleiter im Job aufsteigen. Insbesondere f\u00fcr F\u00fchrungskr\u00e4fte ist die Selbstkompetenz von entscheidender Bedeutung. Oftmals wird die Meinung vertreten, dass es ohne ein gewisses Ma\u00df an Selbstkompetenz keine F\u00fchrungskraft geben kann, das Leitungspersonen in der Pflicht sind, eigenverantwortlich und selbstst\u00e4ndig handeln. Sie werden nicht getrieben, sondern sie treiben an. Selbstdisziplin und Selbstvertrauen sind daher essenzielle Eigenschaften.<\/p>\n<p>Wenn Sie mehr \u00fcber die wichtigsten F\u00e4higkeiten f\u00fcr <a href=\"https:\/\/factorialhr.de\/blog\/fuehrungskompetenz\/\" rel=\"noopener noreferrer\">F\u00fchrungskompetenz<\/a> erfahren m\u00f6chten, lesen Sie den Artikel zum Thema auf unserem Factorial-Blog.<\/p>\n<h3>Selbstkompetenz Beispiele: Darum sollten Unternehmen die Selbstkompetenz ihrer Besch\u00e4ftigten f\u00f6rdern<\/h3>\n<p>Es gibt aber noch weitere Gr\u00fcnde, warum Unternehmen ein Interesse daran haben sollten, die Selbst\u00e4ndigkeit ihrer Mitarbeitenden zu f\u00f6rdern:<\/p>\n<ul>\n<li><strong>H\u00f6here Leistungsf\u00e4higkeit:<\/strong> Besch\u00e4ftigte mit hoher Selbstkompetenz sind in der Regel produktiver und leistungsf\u00e4higer, weil sie ihre St\u00e4rken und Schw\u00e4chen, ihr Wissen und ihre F\u00e4higkeiten besser reflektieren, einsetzen und optimieren k\u00f6nnen.<\/li>\n<li><strong>Mehr Anpassungsf\u00e4higkeit:<\/strong> Selbstkompetente Personen sind eher in der Lage, sich an neue Situationen, Arbeitsweisen und Umgebungen anzupassen. Sie sind flexibler, was speziell in sich schnell wandelnden Branchen ein gro\u00dfer Vorteil ist.<\/li>\n<li><strong>H\u00f6here Arbeitszufriedenheit:<\/strong> Selbstkompetente Menschen sind oft zufriedener mit ihrer Arbeit, was sich wiederum positiv auf das Betriebsklima auswirkt.<\/li>\n<li><strong>Gesteigerte Motivation:<\/strong> Personen mit einem hohen Grad an Selbstkompetenz sind motivierter, handeln aus eigenem Antrieb und sind daher weniger auf externe Disziplin, Impulse u. \u00e4. angewiesen.<\/li>\n<li><strong>Gr\u00f6\u00dfere Eigenverantwortung:<\/strong> Menschen mit dieser Kompetenz sind eher bereit, Verantwortung zu \u00fcbernehmen und eigenverantwortlich zu handeln und zu arbeiten.<\/li>\n<li><strong>Bessere Probleml\u00f6sungsf\u00e4higkeiten:<\/strong> Selbstkompetenz f\u00fchrt dazu, dass Mitarbeitende besser in der Lage sind, Probleme zu verstehen und zu l\u00f6sen.<\/li>\n<\/ul>\n<p>Dies sind nur einige der positiven Auswirkungen, die ein hohes Ma\u00df an Selbstkompetenz bei Besch\u00e4ftigten im Arbeitsleben mit sich bringt. F\u00fcr Unternehmen und Arbeitgebende kann es daher nur im eigenen Interesse liegen, die Selbstkompetenz ihrer Mitarbeitenden zu f\u00f6rdern und weiterzuentwickeln.<\/p>\n<p>Doch welche M\u00f6glichkeiten haben Unternehmen in diesem Bereich? Im Folgenden werden einige Tipps und Methoden vorgestellt.<\/p>\n<p><iframe title=\"Autonomie und Respekt am Arbeitsplatz \u2728 #4\" width=\"500\" height=\"281\" src=\"https:\/\/www.youtube.com\/embed\/HX1lLEj__RA?feature=oembed\" frameborder=\"0\" allow=\"accelerometer; autoplay; clipboard-write; encrypted-media; gyroscope; picture-in-picture; web-share\" referrerpolicy=\"strict-origin-when-cross-origin\" allowfullscreen><\/iframe><\/p>\n<p><a name=\"f\u00f6rderung\"><\/a><\/p>\n<h2>Selbstkompetenz entwickeln und f\u00f6rdern im Unternehmen<\/h2>\n<p>Das Unternehmen, insbesondere die Personalabteilung, hat unter anderem folgende M\u00f6glichkeiten, die Selbstkompetenz der Mitarbeiter zu verbessern:<\/p>\n<h3>Individuelle Ebene<\/h3>\n<p>Die HR-Abteilung kann beispielsweise gezielt auf individueller Ebene ansetzen.<\/p>\n<p>Unternehmen k\u00f6nnen ihren Mitarbeitenden gezielte <a href=\"https:\/\/factorialhr.de\/blog\/mitarbeiter-weiterbildung\/\" rel=\"noopener noreferrer\">Weiterbildungen<\/a> oder Schulungen erm\u00f6glichen, um bestimmte Fertigkeiten zu erlernen oder sich spezielles Wissen anzueignen, das f\u00fcr die Erf\u00fcllung ihrer Aufgaben unerl\u00e4sslich ist.<\/p>\n<p>Weitere M\u00f6glichkeiten zur individuellen F\u00f6rderung k\u00f6nnen auch <a href=\"https:\/\/factorialhr.de\/blog\/mentoring\/\" rel=\"noopener noreferrer\">Mentoring-Programme<\/a> oder Coaching sein. Beispielsweise kann ein spezielles Coaching f\u00fcr F\u00fchrungskr\u00e4fte angeboten werden.<\/p>\n<p>Konkrete Instrumente wie Pers\u00f6nlichkeitstests, die den Mitarbeitenden die M\u00f6glichkeit geben, sich ihrer eigenen St\u00e4rken und Schw\u00e4chen bewusst zu werden, k\u00f6nnen ebenfalls hilfreich sein.<\/p>\n<h3>Unterst\u00fctzende Unternehmenskultur<\/h3>\n<p>Auch die Unternehmenskultur kann zur Entwicklung der Selbstkompetenz der Mitarbeitenden beitragen. <span style=\"font-weight: 400;\">Durch das Etablieren einer offenen Fehlerkultur, bei der Fehler nicht als Versagen, sondern als Chance zur pers\u00f6nlichen Weiterentwicklung gesehen werden, f\u00fchlen sich Mitarbeitende weniger angespannt und unter Druck gesetzt. <\/span>Eine solche Arbeitsatmosph\u00e4re st\u00e4rkt die Belastbarkeit der Besch\u00e4ftigten und f\u00fchrt langfristig zu besseren Ergebnissen.<\/p>\n<p>In diesen Bereich geh\u00f6rt auch die St\u00e4rkung einer transparenten Kommunikation und eines positiven Teamklimas.<\/p>\n<p>Hilfreich sind ebenfalls gemeinsam erarbeitete Zielvereinbarungen, an denen sich die Angestellten orientieren k\u00f6nnen. So lernen die Mitarbeitenden, sich Ziele zu setzen, diese zu erreichen und durch positive Erfahrungen gest\u00e4rkt aus der Herausforderung hervorzugehen.<\/p>\n","protected":false},"excerpt":{"rendered":"<p>Selbstkompetenz ist eine der zentralen F\u00e4higkeiten des Menschen. Sie ist nicht nur f\u00fcr die pers\u00f6nliche Entwicklung wichtig, sondern auch eine Schl\u00fcsselkompetenz im Beruf. Arbeitgebende sollten daher daran interessiert sein, Talente mit hoher Selbstkompetenz einzustellen und diese Qualit\u00e4t unter ihren Mitarbeitenden zu f\u00f6rdern. Wie das geht, erfahren Sie im folgenden Blogbeitrag. Key Facts Ein selbstkompetenter Mensch<a href=\"https:\/\/factorialhr.de\/blog\/selbstkompetenz\/\" class=\"read-more\"> [&#8230;]<\/a><\/p>\n","protected":false},"author":263,"featured_media":138769,"comment_status":"closed","ping_status":"closed","sticky":false,"template":"","format":"standard","meta":{"_acf_changed":false,"footnotes":""},"categories":[99],"tags":[],"class_list":["post-138672","post","type-post","status-publish","format-standard","has-post-thumbnail","hentry","category-factorial-tips"],"acf":{"topics":"brand-content"},"yoast_head":"<!-- This site is optimized with the Yoast SEO Premium plugin v21.5 (Yoast SEO v21.9.1) - https:\/\/yoast.com\/wordpress\/plugins\/seo\/ -->\n<title>So f\u00f6rdern Sie Selbstkompetenz in Ihrem Unternehmen | Factorial<\/title>\n<meta name=\"description\" content=\"Selbstkompetenz ist eine Schl\u00fcsselkompetenz f\u00fcr den pers\u00f6nlichen und beruflichen Erfolg. Wie etablieren und f\u00f6rdern Sie diese im Betrieb?\" \/>\n<meta name=\"robots\" content=\"index, follow, max-snippet:-1, max-image-preview:large, max-video-preview:-1\" \/>\n<link rel=\"canonical\" href=\"https:\/\/factorialhr.de\/blog\/selbstkompetenz\/\" \/>\n<meta property=\"og:locale\" content=\"de_DE\" \/>\n<meta property=\"og:type\" content=\"article\" \/>\n<meta property=\"og:title\" content=\"Selbstkompetenz entwickeln: Definition und Beispiele\" \/>\n<meta property=\"og:description\" content=\"Selbstkompetenz ist eine Schl\u00fcsselkompetenz f\u00fcr den pers\u00f6nlichen und beruflichen Erfolg. Wie etablieren und f\u00f6rdern Sie diese im Betrieb?\" \/>\n<meta property=\"og:url\" content=\"https:\/\/factorialhr.de\/blog\/selbstkompetenz\/\" \/>\n<meta property=\"og:site_name\" content=\"Factorial\" \/>\n<meta property=\"article:publisher\" content=\"https:\/\/www.facebook.com\/people\/Factorial\/100064908455810\/\" \/>\n<meta property=\"article:published_time\" content=\"2024-08-02T10:19:17+00:00\" \/>\n<meta property=\"article:modified_time\" content=\"2025-01-27T10:58:58+00:00\" \/>\n<meta property=\"og:image\" content=\"https:\/\/factorialhr.de\/wp-content\/uploads\/2024\/08\/02121640\/selbstkompetenz-1.webp\" \/>\n\t<meta property=\"og:image:width\" content=\"2206\" \/>\n\t<meta property=\"og:image:height\" content=\"1160\" \/>\n\t<meta property=\"og:image:type\" content=\"image\/webp\" \/>\n<meta name=\"author\" content=\"Julia Lehmann\" \/>\n<meta name=\"twitter:card\" content=\"summary_large_image\" \/>\n<meta name=\"twitter:creator\" content=\"@factorialapp\" \/>\n<meta name=\"twitter:site\" content=\"@factorialapp\" \/>\n<meta name=\"twitter:label1\" content=\"Written by\" \/>\n\t<meta name=\"twitter:data1\" content=\"Julia Lehmann\" \/>\n\t<meta name=\"twitter:label2\" content=\"Est. reading time\" \/>\n\t<meta name=\"twitter:data2\" content=\"7 Minuten\" \/>\n<script type=\"application\/ld+json\" class=\"yoast-schema-graph\">{\"@context\":\"https:\/\/schema.org\",\"@graph\":[{\"@type\":\"Article\",\"@id\":\"https:\/\/factorialhr.de\/blog\/selbstkompetenz\/#article\",\"isPartOf\":{\"@id\":\"https:\/\/factorialhr.de\/blog\/selbstkompetenz\/\"},\"author\":{\"name\":\"Julia Lehmann\",\"@id\":\"https:\/\/factorialhr.de\/blog\/#\/schema\/person\/cc74934c5d0462bc4a5b17a931fedb66\"},\"headline\":\"Selbstkompetenz entwickeln: Definition und Beispiele\",\"datePublished\":\"2024-08-02T10:19:17+00:00\",\"dateModified\":\"2025-01-27T10:58:58+00:00\",\"mainEntityOfPage\":{\"@id\":\"https:\/\/factorialhr.de\/blog\/selbstkompetenz\/\"},\"wordCount\":1444,\"publisher\":{\"@id\":\"https:\/\/factorialhr.de\/blog\/#organization\"},\"articleSection\":[\"Tipps\"],\"inLanguage\":\"de-DE\"},{\"@type\":\"WebPage\",\"@id\":\"https:\/\/factorialhr.de\/blog\/selbstkompetenz\/\",\"url\":\"https:\/\/factorialhr.de\/blog\/selbstkompetenz\/\",\"name\":\"So f\u00f6rdern Sie Selbstkompetenz in Ihrem Unternehmen | Factorial\",\"isPartOf\":{\"@id\":\"https:\/\/factorialhr.de\/blog\/#website\"},\"datePublished\":\"2024-08-02T10:19:17+00:00\",\"dateModified\":\"2025-01-27T10:58:58+00:00\",\"description\":\"Selbstkompetenz ist eine Schl\u00fcsselkompetenz f\u00fcr den pers\u00f6nlichen und beruflichen Erfolg. Wie etablieren und f\u00f6rdern Sie diese im Betrieb?\",\"inLanguage\":\"de-DE\",\"potentialAction\":[{\"@type\":\"ReadAction\",\"target\":[\"https:\/\/factorialhr.de\/blog\/selbstkompetenz\/\"]}]},{\"@type\":\"WebSite\",\"@id\":\"https:\/\/factorialhr.de\/blog\/#website\",\"url\":\"https:\/\/factorialhr.de\/blog\/\",\"name\":\"Factorial\",\"description\":\"\",\"publisher\":{\"@id\":\"https:\/\/factorialhr.de\/blog\/#organization\"},\"potentialAction\":[{\"@type\":\"SearchAction\",\"target\":{\"@type\":\"EntryPoint\",\"urlTemplate\":\"https:\/\/factorialhr.de\/blog\/?s={search_term_string}\"},\"query-input\":\"required name=search_term_string\"}],\"inLanguage\":\"de-DE\"},{\"@type\":\"Organization\",\"@id\":\"https:\/\/factorialhr.de\/blog\/#organization\",\"name\":\"All-in-one business management software - Factorial\",\"url\":\"https:\/\/factorialhr.de\/blog\/\",\"logo\":{\"@type\":\"ImageObject\",\"inLanguage\":\"de-DE\",\"@id\":\"https:\/\/factorialhr.de\/blog\/#\/schema\/logo\/image\/\",\"url\":\"https:\/\/factorialhr.de\/wp-content\/uploads\/2023\/07\/18155144\/factorial-logo.png\",\"contentUrl\":\"https:\/\/factorialhr.de\/wp-content\/uploads\/2023\/07\/18155144\/factorial-logo.png\",\"width\":946,\"height\":880,\"caption\":\"All-in-one business management software - Factorial\"},\"image\":{\"@id\":\"https:\/\/factorialhr.de\/blog\/#\/schema\/logo\/image\/\"},\"sameAs\":[\"https:\/\/www.facebook.com\/people\/Factorial\/100064908455810\/\",\"https:\/\/twitter.com\/factorialapp\",\"https:\/\/www.linkedin.com\/company\/factorialhr\",\"https:\/\/www.youtube.com\/@factorialmedia\",\"https:\/\/www.instagram.com\/factorial\/#\"]},{\"@type\":\"Person\",\"@id\":\"https:\/\/factorialhr.de\/blog\/#\/schema\/person\/cc74934c5d0462bc4a5b17a931fedb66\",\"name\":\"Julia Lehmann\",\"image\":{\"@type\":\"ImageObject\",\"inLanguage\":\"de-DE\",\"@id\":\"https:\/\/factorialhr.de\/blog\/#\/schema\/person\/image\/\",\"url\":\"https:\/\/secure.gravatar.com\/avatar\/fe45cbfea7568e6654345d1539ff6270?s=96&d=identicon&r=g\",\"contentUrl\":\"https:\/\/secure.gravatar.com\/avatar\/fe45cbfea7568e6654345d1539ff6270?s=96&d=identicon&r=g\",\"caption\":\"Julia Lehmann\"},\"description\":\"Julia Lehmann ist Schriftstellerin, Philosophin, K\u00fcnstlerin und \u00dcbersetzerin. Seit \u00fcber drei Jahren setzt sie sich intensiv mit aktuellen Entwicklungen im Bereich Human Resources und der Arbeitswelt auseinander. Mit ihrem interdisziplin\u00e4ren Hintergrund analysiert sie Themen wie Unternehmenskultur, F\u00fchrung, Wandel in der Arbeitsorganisation und rechtliche Rahmenbedingungen \u2013 und liefert dabei Impulse, die sowohl in Fachkreisen als auch in der unternehmerischen Praxis Anklang finden.\",\"url\":\"https:\/\/factorialhr.de\/blog\/author\/julia-lehmann\/\"}]}<\/script>\n<!-- \/ Yoast SEO Premium plugin. -->","yoast_head_json":{"title":"So f\u00f6rdern Sie Selbstkompetenz in Ihrem Unternehmen | Factorial","description":"Selbstkompetenz ist eine Schl\u00fcsselkompetenz f\u00fcr den pers\u00f6nlichen und beruflichen Erfolg. Wie etablieren und f\u00f6rdern Sie diese im Betrieb?","robots":{"index":"index","follow":"follow","max-snippet":"max-snippet:-1","max-image-preview":"max-image-preview:large","max-video-preview":"max-video-preview:-1"},"canonical":"https:\/\/factorialhr.de\/blog\/selbstkompetenz\/","og_locale":"de_DE","og_type":"article","og_title":"Selbstkompetenz entwickeln: Definition und Beispiele","og_description":"Selbstkompetenz ist eine Schl\u00fcsselkompetenz f\u00fcr den pers\u00f6nlichen und beruflichen Erfolg. Wie etablieren und f\u00f6rdern Sie diese im Betrieb?","og_url":"https:\/\/factorialhr.de\/blog\/selbstkompetenz\/","og_site_name":"Factorial","article_publisher":"https:\/\/www.facebook.com\/people\/Factorial\/100064908455810\/","article_published_time":"2024-08-02T10:19:17+00:00","article_modified_time":"2025-01-27T10:58:58+00:00","og_image":[{"width":2206,"height":1160,"url":"https:\/\/factorialhr.de\/wp-content\/uploads\/2024\/08\/02121640\/selbstkompetenz-1.webp","type":"image\/webp"}],"author":"Julia Lehmann","twitter_card":"summary_large_image","twitter_creator":"@factorialapp","twitter_site":"@factorialapp","twitter_misc":{"Written by":"Julia Lehmann","Est. reading time":"7 Minuten"},"schema":{"@context":"https:\/\/schema.org","@graph":[{"@type":"Article","@id":"https:\/\/factorialhr.de\/blog\/selbstkompetenz\/#article","isPartOf":{"@id":"https:\/\/factorialhr.de\/blog\/selbstkompetenz\/"},"author":{"name":"Julia Lehmann","@id":"https:\/\/factorialhr.de\/blog\/#\/schema\/person\/cc74934c5d0462bc4a5b17a931fedb66"},"headline":"Selbstkompetenz entwickeln: Definition und Beispiele","datePublished":"2024-08-02T10:19:17+00:00","dateModified":"2025-01-27T10:58:58+00:00","mainEntityOfPage":{"@id":"https:\/\/factorialhr.de\/blog\/selbstkompetenz\/"},"wordCount":1444,"publisher":{"@id":"https:\/\/factorialhr.de\/blog\/#organization"},"articleSection":["Tipps"],"inLanguage":"de-DE"},{"@type":"WebPage","@id":"https:\/\/factorialhr.de\/blog\/selbstkompetenz\/","url":"https:\/\/factorialhr.de\/blog\/selbstkompetenz\/","name":"So f\u00f6rdern Sie Selbstkompetenz in Ihrem Unternehmen | Factorial","isPartOf":{"@id":"https:\/\/factorialhr.de\/blog\/#website"},"datePublished":"2024-08-02T10:19:17+00:00","dateModified":"2025-01-27T10:58:58+00:00","description":"Selbstkompetenz ist eine Schl\u00fcsselkompetenz f\u00fcr den pers\u00f6nlichen und beruflichen Erfolg. Wie etablieren und f\u00f6rdern Sie diese im Betrieb?","inLanguage":"de-DE","potentialAction":[{"@type":"ReadAction","target":["https:\/\/factorialhr.de\/blog\/selbstkompetenz\/"]}]},{"@type":"WebSite","@id":"https:\/\/factorialhr.de\/blog\/#website","url":"https:\/\/factorialhr.de\/blog\/","name":"Factorial","description":"","publisher":{"@id":"https:\/\/factorialhr.de\/blog\/#organization"},"potentialAction":[{"@type":"SearchAction","target":{"@type":"EntryPoint","urlTemplate":"https:\/\/factorialhr.de\/blog\/?s={search_term_string}"},"query-input":"required name=search_term_string"}],"inLanguage":"de-DE"},{"@type":"Organization","@id":"https:\/\/factorialhr.de\/blog\/#organization","name":"All-in-one business management software - Factorial","url":"https:\/\/factorialhr.de\/blog\/","logo":{"@type":"ImageObject","inLanguage":"de-DE","@id":"https:\/\/factorialhr.de\/blog\/#\/schema\/logo\/image\/","url":"https:\/\/factorialhr.de\/wp-content\/uploads\/2023\/07\/18155144\/factorial-logo.png","contentUrl":"https:\/\/factorialhr.de\/wp-content\/uploads\/2023\/07\/18155144\/factorial-logo.png","width":946,"height":880,"caption":"All-in-one business management software - Factorial"},"image":{"@id":"https:\/\/factorialhr.de\/blog\/#\/schema\/logo\/image\/"},"sameAs":["https:\/\/www.facebook.com\/people\/Factorial\/100064908455810\/","https:\/\/twitter.com\/factorialapp","https:\/\/www.linkedin.com\/company\/factorialhr","https:\/\/www.youtube.com\/@factorialmedia","https:\/\/www.instagram.com\/factorial\/#"]},{"@type":"Person","@id":"https:\/\/factorialhr.de\/blog\/#\/schema\/person\/cc74934c5d0462bc4a5b17a931fedb66","name":"Julia Lehmann","image":{"@type":"ImageObject","inLanguage":"de-DE","@id":"https:\/\/factorialhr.de\/blog\/#\/schema\/person\/image\/","url":"https:\/\/secure.gravatar.com\/avatar\/fe45cbfea7568e6654345d1539ff6270?s=96&d=identicon&r=g","contentUrl":"https:\/\/secure.gravatar.com\/avatar\/fe45cbfea7568e6654345d1539ff6270?s=96&d=identicon&r=g","caption":"Julia Lehmann"},"description":"Julia Lehmann ist Schriftstellerin, Philosophin, K\u00fcnstlerin und \u00dcbersetzerin. Seit \u00fcber drei Jahren setzt sie sich intensiv mit aktuellen Entwicklungen im Bereich Human Resources und der Arbeitswelt auseinander. Mit ihrem interdisziplin\u00e4ren Hintergrund analysiert sie Themen wie Unternehmenskultur, F\u00fchrung, Wandel in der Arbeitsorganisation und rechtliche Rahmenbedingungen \u2013 und liefert dabei Impulse, die sowohl in Fachkreisen als auch in der unternehmerischen Praxis Anklang finden.","url":"https:\/\/factorialhr.de\/blog\/author\/julia-lehmann\/"}]}},"_links":{"self":[{"href":"https:\/\/factorialhr.de\/blog\/wp-json\/wp\/v2\/posts\/138672"}],"collection":[{"href":"https:\/\/factorialhr.de\/blog\/wp-json\/wp\/v2\/posts"}],"about":[{"href":"https:\/\/factorialhr.de\/blog\/wp-json\/wp\/v2\/types\/post"}],"author":[{"embeddable":true,"href":"https:\/\/factorialhr.de\/blog\/wp-json\/wp\/v2\/users\/263"}],"replies":[{"embeddable":true,"href":"https:\/\/factorialhr.de\/blog\/wp-json\/wp\/v2\/comments?post=138672"}],"version-history":[{"count":11,"href":"https:\/\/factorialhr.de\/blog\/wp-json\/wp\/v2\/posts\/138672\/revisions"}],"predecessor-version":[{"id":150268,"href":"https:\/\/factorialhr.de\/blog\/wp-json\/wp\/v2\/posts\/138672\/revisions\/150268"}],"wp:featuredmedia":[{"embeddable":true,"href":"https:\/\/factorialhr.de\/blog\/wp-json\/wp\/v2\/media\/138769"}],"wp:attachment":[{"href":"https:\/\/factorialhr.de\/blog\/wp-json\/wp\/v2\/media?parent=138672"}],"wp:term":[{"taxonomy":"category","embeddable":true,"href":"https:\/\/factorialhr.de\/blog\/wp-json\/wp\/v2\/categories?post=138672"},{"taxonomy":"post_tag","embeddable":true,"href":"https:\/\/factorialhr.de\/blog\/wp-json\/wp\/v2\/tags?post=138672"}],"curies":[{"name":"wp","href":"https:\/\/api.w.org\/{rel}","templated":true}]}}