{"id":140114,"date":"2024-09-09T12:57:47","date_gmt":"2024-09-09T10:57:47","guid":{"rendered":"https:\/\/factorialhr.com\/blog\/?p=140114"},"modified":"2025-12-16T10:55:07","modified_gmt":"2025-12-16T08:55:07","slug":"kuendigungsgruende-arbeitgeber","status":"publish","type":"post","link":"https:\/\/factorialhr.de\/blog\/kuendigungsgruende-arbeitgeber\/","title":{"rendered":"Die h\u00e4ufigsten K\u00fcndigungsgr\u00fcnde der Arbeitgeber"},"content":{"rendered":"<p>K\u00fcndigungsgr\u00fcnde Arbeitgeber \u2013 Nach dem Arbeitsrecht kann ein Arbeitsverh\u00e4ltnis nicht ohne Angabe eines K\u00fcndigungsgrundes seitens der Arbeitgeber beendet werden. Es ist wichtig, diese Gr\u00fcnde zu kennen, um m\u00f6gliche K\u00fcndigungsschutzklagen von Arbeitnehmerseite zu vermeiden.<\/p>\n<p>Im folgenden Beitrag erkl\u00e4ren wir Ihnen, welche Gr\u00fcnde zul\u00e4ssig sind und was Sie dar\u00fcber hinaus bei K\u00fcndigungen beachten m\u00fcssen.<\/p>\n<p>Disclaimer: Aus SEO-Gr\u00fcnden wird in diesem Artikel teilweise nicht gegendert. \u201eArbeitgeber\u201c und \u201eArbeitnehmer\u201c schlie\u00dft in diesem Fall ausnahmsweise alle Geschlechter mit ein.<\/p>\n<h2>Key Facts<\/h2>\n<ol>\n<li>Um willk\u00fcrliche und ungerechtfertigte K\u00fcndigungen zu vermeiden, sind Arbeitgeber nach dem K\u00fcndigungsschutzgesetz <strong>verpflichtet, einen wichtigen Grund f\u00fcr die K\u00fcndigung anzugeben<\/strong>.<\/li>\n<li>Es gibt <strong>verhaltensbedingte, betriebsbedingte und personenbedingte K\u00fcndigungsgr\u00fcnde<\/strong>, die je nach Fall zu einer ordentlichen oder au\u00dferordentlichen K\u00fcndigung f\u00fchren k\u00f6nnen.<\/li>\n<li>In der Praxis sind <strong>betriebsbedingte K\u00fcndigungen der h\u00e4ufigste K\u00fcndigungsgrund<\/strong>. Neuere Untersuchungen zeigen, dass f\u00fcr die Arbeitnehmer der Hauptgrund f\u00fcr eine K\u00fcndigung eine geringe Entlohnung ist.<\/li>\n<\/ol>\n<ul>\n<li><a href=\"#definition\">Was ist ein K\u00fcndigungsgrund und wozu ist er n\u00f6tig?<\/a><\/li>\n<li><a href=\"#k\u00fcndigungen\">Ordentliche und au\u00dferordentliche K\u00fcndigung<\/a><\/li>\n<li><a href=\"#ordentliche k\u00fcndigung\">K\u00fcndigungsgr\u00fcnde Arbeitgeber \u2013 ordentliche K\u00fcndigung<\/a><\/li>\n<li><a href=\"#studie\">Studie: K\u00fcndigungsgr\u00fcnde Arbeitgeber<\/a><\/li>\n<li><a href=\"#au\u00dferordentliche k\u00fcndigung\">K\u00fcndigungsgr\u00fcnde Arbeitgeber \u2013 au\u00dferordentliche K\u00fcndigung<\/a><\/li>\n<li><a href=\"#arbeitnehmer\">Warum k\u00fcndigen Arbeitnehmer?<\/a><\/li>\n<li><a href=\"#sonderf\u00e4lle\">K\u00fcndigungsgr\u00fcnde Arbeitgeber: Probezeit, Ausbildungszeit und Elternzeit<\/a><\/li>\n<\/ul>\n<div class=\"factorial-banner inline-banner banner-other category-unternehmensvorschriften-gesetze\"\n    data-banner-id=\"164356\"\n    data-banner-type=\"other\"\n    data-category=\"Unternehmensvorschriften &amp; Gesetze\">\n    <div class=\"banner-content\">\n        <div class=\"banner-text\">\n                            <h4>Vorlage: Ordentliche K\u00fcndigung<\/h4>\n            \n                            <p>Eine faire K\u00fcndigung geh\u00f6rt zu moderner F\u00fchrung \u2013 klar, transparent &amp; respektvoll. Nutzen Sie diese Vorlage f\u00fcr einen professionellen Prozess.<\/p>\n            \n                            <a href=\"https:\/\/4960096.fs1.hubspotusercontent-na1.net\/hubfs\/4960096\/DACH%20Marketing\/Vorlage_ordentliche_Ku%CC%88ndigung%20NEW25.docx\"\n                    class=\"factorial-cta-button not-prose freebie\" data-cta=\"other\" data-cta-position=\"inline-banner\">\n                    Kostenlos herunterladen                <\/a>\n                    <\/div>\n\n        <div class=\"banner-image no-image\">\n            <img decoding=\"async\" src=\"https:\/\/factorialhr.de\/blog\/app\/plugins\/factorial-utilities\/assets\/images\/banners\/inline\/backgrounds\/default_image.svg\" class=\"not-prose\" \/>\n        <\/div>\n    <\/div>\n<\/div>\n<h2>Was ist ein K\u00fcndigungsgrund und wozu ist er n\u00f6tig?<\/h2>\n<h3>K\u00fcndigungsgr\u00fcnde Arbeitgeber \u2013 Definition<\/h3>\n<p>Ein K\u00fcndigungsgrund ist ein Grund, den Arbeitgeber angeben, um ein bestehendes Arbeitsverh\u00e4ltnis zu beenden.<\/p>\n<p>Arbeitgeber m\u00fcssen laut Arbeitsrecht einen berechtigten K\u00fcndigungsgrund (oder mehrere K\u00fcndigungsgr\u00fcnde) angeben, um einen Arbeitsvertrag aufl\u00f6sen zu k\u00f6nnen.<\/p>\n<h3>K\u00fcndigungsschutz f\u00fcr Arbeitnehmer<\/h3>\n<p>Die Angabe eines K\u00fcndigungsgrundes ist obligatorisch. Dies soll Besch\u00e4ftigte davor sch\u00fctzen, dass Arbeitgeber wahllos und ungerechtfertigt k\u00fcndigen. Die Regeln sind im <a href=\"https:\/\/factorialhr.de\/blog\/kuendigungsschutzgesetz\/#:~:text=Im%20Falle%20einer%20K%C3%BCndigung%20k%C3%B6nnen,Factorial%2014%20Tage%20lang%20kostenlos.\" target=\"_blank\" rel=\"noopener noreferrer\">K\u00fcndigungsschutzgesetz<\/a> festgelegt.<\/p>\n<p>Das K\u00fcndigungsschutzgesetz legt die Regeln fest, unter denen Besch\u00e4ftigte gek\u00fcndigt werden k\u00f6nnen. Es gilt f\u00fcr Angestellte, die l\u00e4nger als sechs Monate im Betrieb besch\u00e4ftigt sind und in Betrieben mit mehr als zehn Besch\u00e4ftigten.<\/p>\n<p>Neben der Angabe eines K\u00fcndigungsgrundes m\u00fcssen Arbeitgeber bestimmte <a href=\"https:\/\/factorialhr.de\/blog\/kuendigungsfrist\/\" rel=\"noopener noreferrer\">K\u00fcndigungsfristen<\/a> einhalten. Diese Fristen verl\u00e4ngern sich mit der Dauer der Betriebszugeh\u00f6rigkeit.<\/p>\n<p>Aber auch in Unternehmen mit weniger als 10 Besch\u00e4ftigten muss ein K\u00fcndigungsgrund vorliegen.<\/p>\n<h3>Darum ist der richtige K\u00fcndigungsgrund so wichtig<\/h3>\n<p>Die Wahl des richtigen K\u00fcndigungsgrundes ist f\u00fcr Arbeitgeber von entscheidender Bedeutung. Ist der f\u00fcr die K\u00fcndigung angegebene Grund n\u00e4mlich nicht korrekt oder unzul\u00e4ssig, kann es schnell zu einer K\u00fcndigungsschutzklage seitens der gek\u00fcndigten Angestellten kommen. Diese kann von Besch\u00e4ftigten sp\u00e4testens drei Wochen nach Erhalt der K\u00fcndigung beim Arbeitsgericht eingereicht werden.<\/p>\n<p>Ein K\u00fcndigungsgrund, der auf einem diskriminierenden Merkmal wie der ethnischen Herkunft, der Religion oder dem Geschlecht beruht, ist beispielsweise unzul\u00e4ssig.<\/p>\n<p>Unverh\u00e4ltnism\u00e4\u00dfige K\u00fcndigungen sind z.\u00a0B. K\u00fcndigungen, die wegen Nichtigkeit ausgesprochen werden. Das bekannteste Beispiel ist der <a href=\"https:\/\/factorialhr.de\/blog\/verdachtskuendigung\/\" rel=\"noopener noreferrer\">Fall Emmely<\/a>. Solche F\u00e4lle landen aber immer wieder vor den Arbeitsgerichten. Ein anderes Beispiel ist eine Altenpflegerin aus Stuttgart, der 2013 fristlos gek\u00fcndigt wurde, weil sie Reste von Maultaschen aus der Gro\u00dfk\u00fcche des Altenheims mitgenommen hatte. Das Arbeitsgericht erkl\u00e4rte die K\u00fcndigung f\u00fcr unverh\u00e4ltnism\u00e4\u00dfig und unwirksam.<br \/>\n<a name=\"k\u00fcndigungen\"><\/a><\/p>\n<h2>Ordentliche und au\u00dferordentliche K\u00fcndigung<\/h2>\n<p>Eine K\u00fcndigung durch den Arbeitgeber kann ordentlich oder au\u00dferordentlich erfolgen. Auch hier legt das Arbeitsrecht genau fest, was unter diesen beiden K\u00fcndigungsformen zu verstehen ist.<\/p>\n<h3>Die ordentliche K\u00fcndigung<\/h3>\n<p>Bei einer <a href=\"https:\/\/factorialhr.de\/blog\/ordentliche-kuendigung\/\" rel=\"noopener noreferrer\">ordentlichen K\u00fcndigung<\/a> wird das Arbeitsverh\u00e4ltnis unter Einhaltung einer vertraglich oder gesetzlich festgelegten K\u00fcndigungsfrist beendet. Sowohl Arbeitgeber als auch Arbeitnehmer k\u00f6nnen ein Arbeitsverh\u00e4ltnis ordentlich k\u00fcndigen. Neben der Einhaltung der K\u00fcndigungsfrist m\u00fcssen Arbeitgeber einen wichtigen Grund angeben. Arbeitnehmer brauchen keinen Grund anzugeben, m\u00fcssen aber die K\u00fcndigungsfrist einhalten.<\/p>\n<h3>Au\u00dferordentliche K\u00fcndigung<\/h3>\n<p>Diese Form der K\u00fcndigung \u2013 auch <a href=\"https:\/\/factorialhr.de\/blog\/fristlose-kuendigung\/#:~:text=Wann%20darf%20ich%20fristlos%20k%C3%BCndigen,%2C%20Straftaten%20des%20Arbeitgebers%2C%20etc.\" rel=\"noopener noreferrer\">fristlose K\u00fcndigung<\/a> genannt \u2013 hat die sofortige Beendigung des Arbeitsverh\u00e4ltnisses zur Folge. K\u00fcndigungsfristen m\u00fcssen nicht eingehalten werden. Allerdings muss ein wichtiger Grund vorliegen. Dazu z\u00e4hlen beispielsweise strafbare Handlungen oder schwere Pflichtverletzungen.<\/p>\n<p>Auch bei einer au\u00dferordentlichen K\u00fcndigung muss also ein Grund angegeben werden.<br \/>\n<a name=\"ordentliche k\u00fcndigung\"><\/a><\/p>\n<h2>K\u00fcndigungsgr\u00fcnde Arbeitgeber \u2013 ordentliche K\u00fcndigung<\/h2>\n<p>Welche K\u00fcndigungsgr\u00fcnde gelten im Arbeitsrecht als wichtige Gr\u00fcnde f\u00fcr eine ordentliche K\u00fcndigung und welche sind besonders h\u00e4ufig? Dies soll im folgenden Abschnitt n\u00e4her beleuchtet werden.<\/p>\n<p>Die berechtigten K\u00fcndigungsgr\u00fcnde sind in <a href=\"https:\/\/www.gesetze-im-internet.de\/kschg\/BJNR004990951.html\" target=\"_blank\" rel=\"noopener noreferrer\">\u00a7\u00a01 des K\u00fcndigungsschutzgesetzes<\/a> festgelegt.<\/p>\n<h3>Verhaltensbedingte K\u00fcndigung<\/h3>\n<p>Eine <a href=\"https:\/\/factorialhr.de\/blog\/verhaltensbedingte-kuendigung\/\">verhaltensbedingte K\u00fcndigung<\/a> ist eine ordentliche K\u00fcndigung, bei der Arbeitnehmer gegen ihre arbeitsvertraglichen Pflichten versto\u00dfen. Diese Pflichtverletzung muss jedoch direkt auf das Verhalten der Arbeitnehmer zur\u00fcckzuf\u00fchren und steuerbar sein.<\/p>\n<p>Typische Beispiele f\u00fcr verhaltensbedingte K\u00fcndigungsgr\u00fcnde sind unter anderem:<\/p>\n<ul>\n<li>wiederholtes Zusp\u00e4tkommen auf der Arbeit<\/li>\n<li>Alkohol- oder Drogenkonsum (nicht bei Abh\u00e4ngigkeit!)<\/li>\n<li>Diebstahl oder andere strafbare Handlungen<\/li>\n<li>Mobbing und diskriminierendes Verhalten<\/li>\n<li><a href=\"https:\/\/factorialhr.de\/blog\/arbeitszeitbetrug\/\" rel=\"noopener noreferrer\">Arbeitszeitbetrug<\/a><\/li>\n<li>vorget\u00e4uschtes Krankseins<\/li>\n<li>unentschuldigtes Fehlen<\/li>\n<li>wiederholtes Fr\u00fchergehen von der Arbeit<\/li>\n<li><a href=\"https:\/\/factorialhr.de\/blog\/arbeitsverweigerung\/\">Arbeitsverweigerung<\/a><\/li>\n<li>st\u00e4ndige Nutzung von Telefon oder Internet f\u00fcr private Zwecke<\/li>\n<li>Konkurrenzt\u00e4tigkeiten oder Weitergabe von Betriebsgeheimnissen<\/li>\n<li>sexuelle Bel\u00e4stigung<\/li>\n<\/ul>\n<p>Trotz dieser Gr\u00fcnde m\u00fcssen Arbeitgeber eine bestimmte Vorgehensweise einhalten. So muss bei einer verhaltensbedingten K\u00fcndigung zun\u00e4chst eine Abmahnung ausgesprochen werden. Au\u00dferdem muss die K\u00fcndigung schriftlich und fristgerecht erfolgen.<\/p>\n<p>Zudem muss der Versto\u00df in der Regel von den Arbeitgebern bewiesen werden. Da dies nicht immer einfach ist, k\u00f6nnen diese auch von der <a href=\"https:\/\/factorialhr.de\/blog\/verdachtskuendigung\/#:~:text=Wann%20liegt%20eine%20Verdachtsk%C3%BCndigung%20vor,kann%20eine%20Verdachtsk%C3%BCndigung%20ausgesprochen%20werden.\" rel=\"noopener noreferrer\">Verdachtsk\u00fcndigung<\/a> Gebrauch machen.<\/p>\n<h3>Betriebsbedingte K\u00fcndigung<\/h3>\n<p>Eine <a href=\"https:\/\/factorialhr.de\/blog\/betriebsbedingte-kuendigung\/\" rel=\"noopener noreferrer\">betriebsbedingte K\u00fcndigung<\/a> ist eine Form der ordentlichen K\u00fcndigung. Hier liegt der Grund f\u00fcr die K\u00fcndigung nicht in den Besch\u00e4ftigten selbst, sondern vielmehr im Betrieb. Die betriebsbedingte K\u00fcndigung wird dann ausgesprochen, wenn wirtschaftliche oder organisatorische Gr\u00fcnde die Weiterbesch\u00e4ftigung der Mitarbeitenden nicht mehr m\u00f6glich machen.<\/p>\n<p>Auch f\u00fcr die betriebsbedingte K\u00fcndigung gelten strenge Vorschriften, die von Arbeitgebern eingehalten werden m\u00fcssen. So ist es beispielsweise zwingend erforderlich, eine <a href=\"https:\/\/factorialhr.de\/blog\/sozialauswahl-bei-kuendigung\/\">Sozialauswahl<\/a> durchzuf\u00fchren.<\/p>\n<p>Typische Gr\u00fcnde f\u00fcr betriebsbedingte K\u00fcndigungen k\u00f6nnen z.\u00a0B. sein:<\/p>\n<ul>\n<li><strong>Technologischer Wandel:<\/strong> Innovationen f\u00fchren dazu, dass bestimmte Arbeitspl\u00e4tze \u00fcberfl\u00fcssig werden und neue Qualifikationen erforderlich sind.<\/li>\n<li><strong>Umstrukturierungen\/neue Rahmenbedingungen:<\/strong> Organisatorische Ver\u00e4nderungen wie Fusionen, \u00dcbernahmen oder Neuausrichtung von Gesch\u00e4ftsbereichen sorgen f\u00fcr eine <a href=\"https:\/\/factorialhr.de\/blog\/restrukturierung-bedeutung\/\">Restrukturierung<\/a> des Betriebs und sorgen zwangsweise zu K\u00fcndigungen unter der Belegschaft.<\/li>\n<li><strong>Schlie\u00dfung des Betriebs:<\/strong> Ein Standort wird beispielsweise geschlossen und erfordert die K\u00fcndigung der Belegschaft.<\/li>\n<li><strong>H\u00f6here Gewalt:<\/strong> Ereignisse, auf die das Unternehmen keinen Einfluss hat, wie z. B. Pandemien oder Naturkatastrophen, k\u00f6nnen zu betriebsbedingten K\u00fcndigungen f\u00fchren. So mussten w\u00e4hrend der Coronakrise zahlreiche Betriebe vor\u00fcbergehend geschlossen werden. Nicht alle Betriebe erhielten staatliche Unterst\u00fctzung oder konnten ihre Mitarbeitenden in Kurzarbeit schicken.<\/li>\n<li><strong>Entlassung aus wirtschaftlichen Gr\u00fcnden:<\/strong> K\u00fcndigungen k\u00f6nnen unumg\u00e4nglich sein, wenn Unternehmen mit finanziellen Problemen konfrontiert sind, z.\u00a0B. durch Umsatzr\u00fcckgang, Verluste oder Auftragsmangel.<\/li>\n<\/ul>\n<p><iframe title=\"Offboarding: Darum ist es so wichtig\ud83d\udca1 HR KOMPAKT #6 | factorial\" width=\"500\" height=\"281\" src=\"https:\/\/www.youtube.com\/embed\/0adDBswaB-M?feature=oembed\" frameborder=\"0\" allow=\"accelerometer; autoplay; clipboard-write; encrypted-media; gyroscope; picture-in-picture; web-share\" referrerpolicy=\"strict-origin-when-cross-origin\" allowfullscreen><\/iframe><\/p>\n<h3>Personenbedingte K\u00fcndigung<\/h3>\n<p>Schlie\u00dflich gibt es noch die <a href=\"https:\/\/factorialhr.de\/blog\/personenbedingte-kuendigung\/\">personenbedingte K\u00fcndigung<\/a>. Diese sind am seltensten anzutreffen. Es ist auch sehr schwierig, sie aus Arbeitgebersicht durchzusetzen. K\u00fcndigungsschutzklagen sind in diesem Fall wahrscheinlich, insbesondere wenn die K\u00fcndigung auf eine Krankheit der Arbeitnehmer zur\u00fcckzuf\u00fchren ist.<\/p>\n<p>Grundlage f\u00fcr diese K\u00fcndigung ist in der Regel ein Wegfall bestimmter F\u00e4higkeiten und Fertigkeiten, die zur Erf\u00fcllung der Arbeitsleistung erforderlich sind.<\/p>\n<p>Der Grund f\u00fcr eine personenbedingte K\u00fcndigung liegt in der Person der Arbeitnehmer selbst. Sie ist m\u00f6glich, wenn die Angestellten \u00fcber einen l\u00e4ngeren Zeitraum nicht in der Lage sind, ihre arbeitsrechtlichen Pflichten zu erf\u00fcllen. Die personenbedingte K\u00fcndigung ist jedoch an erhebliche Voraussetzungen gekn\u00fcpft.<\/p>\n<h3>Welche Gr\u00fcnde fallen unter diese Form der K\u00fcndigung?<\/h3>\n<p>Die personenbedingte K\u00fcndigung kann in<strong> subjektive und objektive Leistungsm\u00e4ngel<\/strong> unterteilt werden:<\/p>\n<p>Zu den objektiven Leistungsm\u00e4ngeln geh\u00f6ren z. B.:<\/p>\n<ul>\n<li>Entzug der Fahrerlaubnis<\/li>\n<li>Krankheit<\/li>\n<li>Strafhaft<\/li>\n<li>fehlende Arbeitserlaubnis<\/li>\n<\/ul>\n<p>Wichtig: Eine Krankheit sch\u00fctzt nicht zwangsweise vor einer K\u00fcndigung. Wenn eine Negativprognose besteht, kann die <a href=\"https:\/\/factorialhr.de\/blog\/kuendigung-wegen-krankheit\/#:~:text=Eine%20K%C3%BCndigung%20wegen%20Krankheit%20ist,Es%20ist%20eine%20Interessenabw%C3%A4gung%20vorzunehmen.\" rel=\"noopener noreferrer\">K\u00fcndigung wegen Krankhei<\/a>t tats\u00e4chlich rechtens sein.<\/p>\n<p>Subjektive Leistungsm\u00e4ngel sind dagegen unter anderem:<\/p>\n<ul>\n<li>Glaubenshindernisse<\/li>\n<li>Schwierigkeiten bei der Zusammenarbeit mit Kolleg*innen<\/li>\n<li>mangelnde F\u00e4higkeiten<\/li>\n<\/ul>\n<p><a name=\"studie\"><\/a><\/p>\n<h2>Studie: K\u00fcndigungsgr\u00fcnde Arbeitgeber<\/h2>\n<p><a href=\"https:\/\/www.focus.de\/finanzen\/karriere\/arbeitsrecht\/studie-zu-kuendigungspraxis-welche-art-von-kuendigung-ist-die-haeufigste_id_3952083.html\" target=\"_blank\" rel=\"noopener noreferrer\">\u00c4ltere Studien<\/a> zeigen, dass betriebsbedingte K\u00fcndigungen der mit Abstand h\u00e4ufigste K\u00fcndigungsgrund von Arbeitgebern sind. Sie machen rund 70 Prozent der Arbeitgeberk\u00fcndigungen aus.<\/p>\n<p>Nur etwa 2 Prozent der Arbeitgeberk\u00fcndigungen sind personenbedingt, knapp 25 Prozent verhaltensbedingt. Neuere Studien f\u00fcr den deutschsprachigen Raum fehlen zu diesem Thema.<\/p>\n<h3>K\u00fcndigungsgr\u00fcnde Arbeitnehmer<\/h3>\n<p>Insgesamt k\u00fcndigen Besch\u00e4ftigte deutlich h\u00e4ufiger als Arbeitgeber. Nach einer aktuellen <a href=\"https:\/\/doku.iab.de\/politikbrief\/2023\/pb_Oktober_2023.pdf\" target=\"_blank\" rel=\"noopener noreferrer\">Studie des Instituts f\u00fcr Arbeitsmarkt- und Berufsforschung (IAB)<\/a> gingen im ersten Halbjahr dieses Jahres fast 49 Prozent der K\u00fcndigungen von den Arbeitnehmern selbst aus. Demgegen\u00fcber waren nur 21 Prozent der Personalabg\u00e4nge Resultat von K\u00fcndigungen seitens der Arbeitgeber.<\/p>\n<p>Zehn Prozent der Personalabg\u00e4nge waren auf den Eintritt in den Ruhestand bzw. die vorzeitige Erwerbsunf\u00e4higkeit zur\u00fcckzuf\u00fchren.<\/p>\n<p><a name=\"au\u00dferordentliche k\u00fcndigung\"><\/a><\/p>\n<h2>K\u00fcndigungsgr\u00fcnde Arbeitgeber \u2013 au\u00dferordentliche K\u00fcndigung<\/h2>\n<p>Gr\u00fcnde, die eine au\u00dferordentliche K\u00fcndigung rechtfertigen, m\u00fcssen schwerwiegende Folgen f\u00fcr das Unternehmen haben, damit sie gerechtfertigt sind.<\/p>\n<p>Das hei\u00dft, ein Grund, der eine verhaltensbedingte K\u00fcndigung rechtfertigt, kann je nach Schwere der Folgen sowohl eine au\u00dferordentliche als auch eine ordentliche K\u00fcndigung nach sich ziehen. Wann eine au\u00dferordentliche K\u00fcndigung gerechtfertigt ist, ergibt sich aus <a href=\"https:\/\/www.gesetze-im-internet.de\/bgb\/__626.html\" target=\"_blank\" rel=\"noopener noreferrer\">\u00a7 626 BGB<\/a>:<\/p>\n<p><em>\u201eDas Dienstverh\u00e4ltnis kann von jedem Vertragsteil aus wichtigem Grund ohne Einhaltung einer K\u00fcndigungsfrist gek\u00fcndigt werden, wenn Tatsachen vorliegen, auf Grund derer dem K\u00fcndigenden unter Ber\u00fccksichtigung aller Umst\u00e4nde des Einzelfalles und unter Abw\u00e4gung der Interessen beider Vertragsteile die Fortsetzung des Dienstverh\u00e4ltnisses bis zum Ablauf der K\u00fcndigungsfrist oder bis zu der vereinbarten Beendigung des Dienstverh\u00e4ltnisses nicht zugemutet werden kann.\u201c<\/em><\/p>\n<p>Alle weiter oben genannten Gr\u00fcnde k\u00f6nnen also unter Umst\u00e4nden eine fristlose K\u00fcndigung rechtfertigen, wenn die Folgen f\u00fcr das Unternehmen entsprechend schwerwiegend sind. Au\u00dferordentliche K\u00fcndigungen sind daher nicht selten Gegenstand von Gerichtsurteilen und oft Einzelfallentscheidungen.<\/p>\n<p><a name=\"arbeitnehmer\"><\/a><\/p>\n<h2>Warum k\u00fcndigen Arbeitnehmer?<\/h2>\n<p>Im Gegensatz zu Arbeitgebern gelten f\u00fcr Arbeitnehmer weniger strenge Regeln, wenn es um die Beendigung eines Arbeitsverh\u00e4ltnisses geht. So gilt f\u00fcr Arbeitnehmer (sofern der Arbeits- oder Tarifvertrag nichts anderes vorsieht) in der Regel eine <strong>maximale K\u00fcndigungsfrist von vier Wochen.<\/strong> Dar\u00fcber hinaus m\u00fcssen Arbeitnehmer bei der K\u00fcndigung <strong>keinen Grund<\/strong> angeben. Solange sie die Form und die Frist einhalten, ist alles in Ordnung.<\/p>\n<p>Obwohl Besch\u00e4ftigte ihre K\u00fcndigung nicht erkl\u00e4ren m\u00fcssen, m\u00f6chten Vorgesetzte nat\u00fcrlich gerne wissen, was die Gr\u00fcnde f\u00fcr die K\u00fcndigung sind, um Talente zu halten und anzuziehen. Darum gibt es auch zahlreiche Studien, die Arbeitnehmer nach ihren K\u00fcndigungsgr\u00fcnden befragen. Eine aktuelle Studie aus diesem Jahr liegt uns von <a href=\"https:\/\/www.stepstone.de\/e-recruiting\/hr-wissen\/arbeitsmarkt\/gruende-fuer-kuendigung-arbeitnehmer\/#:~:text=Geringe%20Bezahlung%20als%20meistgenannter%20K%C3%BCndigungsgrund&amp;text=Der%20Stepstone%20Gehaltsreport%20gibt%20Ihnen,nach%20Beruf%2C%20Region%20und%20Berufserfahrung.\" target=\"_blank\" rel=\"noopener noreferrer\">Stepstone<\/a> vor.<\/p>\n<p>Laut dieser sind die h\u00e4ufigsten Gr\u00fcnde (Mehrfachnennung m\u00f6glich) seitens der Angestellten folgende:<\/p>\n<ul>\n<li>geringe Bezahlung (49 Prozent)<\/li>\n<li>hoher Workload (34,3 Prozent)<\/li>\n<li>Unzufriedenheit (hierzu geh\u00f6ren beispielsweise fehlende Sinnhaftigkeit der T\u00e4tigkeit; 32, 6 Prozent)<\/li>\n<li>neues Jobangebot (28,9 Prozent)<\/li>\n<li>Umstrukturierungen im Betrieb, die zu Unzufriedenheit gef\u00fchrt haben (23 Prozent)<\/li>\n<li>neue F\u00fchrung (20,8 Prozent)<\/li>\n<li>fehlende Aufstiegsm\u00f6glichkeiten (20,5 Prozent)<\/li>\n<li>fehlende Flexibilit\u00e4t (17 Prozent)<\/li>\n<li>gesundheitliche Gr\u00fcnde (15,8 Prozent)<\/li>\n<\/ul>\n<h3>K\u00f6nnen Arbeitnehmer auch au\u00dferordentlich k\u00fcndigen? Und wenn ja, aus welchem Grund?<\/h3>\n<p>Ja, auch Besch\u00e4ftigte haben das Recht, ein Arbeitsverh\u00e4ltnis fristlos zu k\u00fcndigen. Aber auch sie brauchen daf\u00fcr einen wichtigen Grund. Das k\u00f6nnen z. B. Faktoren sein wie die Nichtzahlung des Lohnes oder die Anstiftung zu strafbaren Handlungen (z. B. Steuerhinterziehung). Auch Mobbing, ausgehend vom Arbeitgeber, kann ein Anlass f\u00fcr eine au\u00dferordentliche K\u00fcndigung seitens der Besch\u00e4ftigten sein.<\/p>\n<p><a name=\"sonderf\u00e4lle\"><\/a><\/p>\n<h2>K\u00fcndigungsgr\u00fcnde Arbeitgeber: Probezeit, Ausbildungszeit und Elternzeit<\/h2>\n<h3>Probezeit<\/h3>\n<p>W\u00e4hrend der Probezeit k\u00f6nnen Vorgesetzte den Mitarbeitenden OHNE Angabe von Gr\u00fcnden mit einer Frist von 14 Tagen k\u00fcndigen. Eine au\u00dferordentliche <a href=\"https:\/\/factorialhr.de\/blog\/kuendigung-in-der-probezeit\/\">K\u00fcndigung w\u00e4hrend der Probezeit<\/a> bedarf jedoch eines wichtigen Grundes.<\/p>\n<h3>Ausbildungszeit<\/h3>\n<p>W\u00e4hrend der Ausbildung gelten besondere K\u00fcndigungsregeln, die im <a href=\"https:\/\/www.gesetze-im-internet.de\/bbig_2005\/__22.html\" target=\"_blank\" rel=\"noopener noreferrer\">Berufsbildungsgesetz<\/a> festgelegt sind. So gelten die K\u00fcndigungsschutzfristen f\u00fcr Auszubildende bereits nach vier Monaten und nicht erst wie normal nach sechs Monaten. W\u00e4hrend der Probezeit (in der Regel ein bis vier Monate) k\u00f6nnen sowohl Arbeitgeber als auch der bzw. die Ausbildende das Ausbildungsverh\u00e4ltnis ohne Angabe von Gr\u00fcnden k\u00fcndigen. Nach Ablauf der Probezeit kann das Ausbildungsverh\u00e4ltnis nur noch aus wichtigem Grund gek\u00fcndigt werden, z. B. bei schweren Pflichtverletzungen oder wiederholtem Fehlverhalten.<br \/>\n<div class=\"factorial-banner inline-banner banner-freebie category-unternehmensvorschriften-gesetze\"\n    data-banner-id=\"164341\"\n    data-banner-type=\"freebie\"\n    data-category=\"Unternehmensvorschriften &amp; Gesetze\">\n    <div class=\"banner-content\">\n        <div class=\"banner-text\">\n                            <h4>Vorlage: K\u00fcndigung w\u00e4hrend der Probezeit<\/h4>\n            \n                            <p>M\u00fcssen Sie eine K\u00fcndigung in der Probezeit aussprechen? Verwenden Sie diese Vorlage, um den Prozess professionell und klar zu gestalten.<\/p>\n            \n                            <a href=\"https:\/\/4960096.fs1.hubspotusercontent-na1.net\/hubfs\/4960096\/DACH%20Marketing\/Vorlage_K%C3%BCndigung_Probezeit%20NEW25.docx\"\n                    class=\"factorial-cta-button not-prose freebie\" data-cta=\"freebie\" data-cta-position=\"inline-banner\">\n                    Kostenlos herunterladen                <\/a>\n                    <\/div>\n\n        <div class=\"banner-image no-image\">\n            <img decoding=\"async\" src=\"https:\/\/factorialhr.de\/blog\/app\/plugins\/factorial-utilities\/assets\/images\/banners\/inline\/backgrounds\/default_image.svg\" class=\"not-prose\" \/>\n        <\/div>\n    <\/div>\n<\/div><br \/>\n<!-- end HubSpot Call-to-Action Code --><\/p>\n<h3>Elternzeit<\/h3>\n<p>W\u00e4hrend der Elternzeit gilt ein <a href=\"https:\/\/factorialhr.de\/blog\/kuendigung-waehrend-elternzeit\/\">besonderer K\u00fcndigungsschutz<\/a>. Vorgesetzte k\u00f6nnen das Arbeitsverh\u00e4ltnis grunds\u00e4tzlich nur aus dringenden betrieblichen Gr\u00fcnden k\u00fcndigen, die unabh\u00e4ngig von der Elternzeit bestehen. Eine K\u00fcndigung w\u00e4hrend der Elternzeit bedarf der Zustimmung der zust\u00e4ndigen Beh\u00f6rde.<\/p>\n","protected":false},"excerpt":{"rendered":"<p>K\u00fcndigungsgr\u00fcnde Arbeitgeber \u2013 Nach dem Arbeitsrecht kann ein Arbeitsverh\u00e4ltnis nicht ohne Angabe eines K\u00fcndigungsgrundes seitens der Arbeitgeber beendet werden. Es ist wichtig, diese Gr\u00fcnde zu kennen, um m\u00f6gliche K\u00fcndigungsschutzklagen von Arbeitnehmerseite zu vermeiden. Im folgenden Beitrag erkl\u00e4ren wir Ihnen, welche Gr\u00fcnde zul\u00e4ssig sind und was Sie dar\u00fcber hinaus bei K\u00fcndigungen beachten m\u00fcssen. Disclaimer: Aus SEO-Gr\u00fcnden<a href=\"https:\/\/factorialhr.de\/blog\/kuendigungsgruende-arbeitgeber\/\" class=\"read-more\"> [&#8230;]<\/a><\/p>\n","protected":false},"author":263,"featured_media":140303,"comment_status":"closed","ping_status":"closed","sticky":false,"template":"","format":"standard","meta":{"_acf_changed":false,"footnotes":""},"categories":[393],"tags":[],"class_list":["post-140114","post","type-post","status-publish","format-standard","has-post-thumbnail","hentry","category-unternehmensvorschriften-und-gesetze"],"acf":{"topics":"brand-content"},"yoast_head":"<!-- This site is optimized with the Yoast SEO Premium plugin v21.5 (Yoast SEO v21.9.1) - https:\/\/yoast.com\/wordpress\/plugins\/seo\/ -->\n<title>Das sind die K\u00fcndigungsgr\u00fcnde der Arbeitgeber | Factorial<\/title>\n<meta name=\"description\" content=\"Die zul\u00e4ssigen K\u00fcndigungsgr\u00fcnde, aus denen Arbeitgeber ihre Besch\u00e4ftigten k\u00fcndigen, sind gesetzlich genau festgeschrieben.\" \/>\n<meta name=\"robots\" content=\"index, follow, max-snippet:-1, max-image-preview:large, max-video-preview:-1\" \/>\n<link rel=\"canonical\" href=\"https:\/\/factorialhr.de\/blog\/kuendigungsgruende-arbeitgeber\/\" \/>\n<meta property=\"og:locale\" content=\"de_DE\" \/>\n<meta property=\"og:type\" content=\"article\" \/>\n<meta property=\"og:title\" content=\"Die h\u00e4ufigsten K\u00fcndigungsgr\u00fcnde der Arbeitgeber\" \/>\n<meta property=\"og:description\" content=\"Die zul\u00e4ssigen K\u00fcndigungsgr\u00fcnde, aus denen Arbeitgeber ihre Besch\u00e4ftigten k\u00fcndigen, sind gesetzlich genau festgeschrieben.\" \/>\n<meta property=\"og:url\" content=\"https:\/\/factorialhr.de\/blog\/kuendigungsgruende-arbeitgeber\/\" \/>\n<meta property=\"og:site_name\" content=\"Factorial\" \/>\n<meta property=\"article:publisher\" content=\"https:\/\/www.facebook.com\/people\/Factorial\/100064908455810\/\" \/>\n<meta property=\"article:published_time\" content=\"2024-09-09T10:57:47+00:00\" \/>\n<meta property=\"article:modified_time\" content=\"2025-12-16T08:55:07+00:00\" \/>\n<meta property=\"og:image\" content=\"https:\/\/factorialhr.de\/wp-content\/uploads\/2024\/09\/09124928\/Die-haufigsten-Kundigungsgrunde-der-Arbeitgeber.webp\" \/>\n\t<meta property=\"og:image:width\" content=\"2206\" \/>\n\t<meta property=\"og:image:height\" content=\"1160\" \/>\n\t<meta property=\"og:image:type\" content=\"image\/webp\" \/>\n<meta name=\"author\" content=\"Julia Lehmann\" \/>\n<meta name=\"twitter:card\" content=\"summary_large_image\" \/>\n<meta name=\"twitter:creator\" content=\"@factorialapp\" \/>\n<meta name=\"twitter:site\" content=\"@factorialapp\" \/>\n<meta name=\"twitter:label1\" content=\"Written by\" \/>\n\t<meta name=\"twitter:data1\" content=\"Julia Lehmann\" \/>\n\t<meta name=\"twitter:label2\" content=\"Est. reading time\" \/>\n\t<meta name=\"twitter:data2\" content=\"8 Minuten\" \/>\n<script type=\"application\/ld+json\" class=\"yoast-schema-graph\">{\"@context\":\"https:\/\/schema.org\",\"@graph\":[{\"@type\":\"Article\",\"@id\":\"https:\/\/factorialhr.de\/blog\/kuendigungsgruende-arbeitgeber\/#article\",\"isPartOf\":{\"@id\":\"https:\/\/factorialhr.de\/blog\/kuendigungsgruende-arbeitgeber\/\"},\"author\":{\"name\":\"Julia Lehmann\",\"@id\":\"https:\/\/factorialhr.de\/blog\/#\/schema\/person\/cc74934c5d0462bc4a5b17a931fedb66\"},\"headline\":\"Die h\u00e4ufigsten K\u00fcndigungsgr\u00fcnde der Arbeitgeber\",\"datePublished\":\"2024-09-09T10:57:47+00:00\",\"dateModified\":\"2025-12-16T08:55:07+00:00\",\"mainEntityOfPage\":{\"@id\":\"https:\/\/factorialhr.de\/blog\/kuendigungsgruende-arbeitgeber\/\"},\"wordCount\":2144,\"publisher\":{\"@id\":\"https:\/\/factorialhr.de\/blog\/#organization\"},\"articleSection\":[\"Unternehmensvorschriften &amp; Gesetze\"],\"inLanguage\":\"de-DE\"},{\"@type\":\"WebPage\",\"@id\":\"https:\/\/factorialhr.de\/blog\/kuendigungsgruende-arbeitgeber\/\",\"url\":\"https:\/\/factorialhr.de\/blog\/kuendigungsgruende-arbeitgeber\/\",\"name\":\"Das sind die K\u00fcndigungsgr\u00fcnde der Arbeitgeber | Factorial\",\"isPartOf\":{\"@id\":\"https:\/\/factorialhr.de\/blog\/#website\"},\"datePublished\":\"2024-09-09T10:57:47+00:00\",\"dateModified\":\"2025-12-16T08:55:07+00:00\",\"description\":\"Die zul\u00e4ssigen K\u00fcndigungsgr\u00fcnde, aus denen Arbeitgeber ihre Besch\u00e4ftigten k\u00fcndigen, sind gesetzlich genau festgeschrieben.\",\"inLanguage\":\"de-DE\",\"potentialAction\":[{\"@type\":\"ReadAction\",\"target\":[\"https:\/\/factorialhr.de\/blog\/kuendigungsgruende-arbeitgeber\/\"]}]},{\"@type\":\"WebSite\",\"@id\":\"https:\/\/factorialhr.de\/blog\/#website\",\"url\":\"https:\/\/factorialhr.de\/blog\/\",\"name\":\"Factorial\",\"description\":\"\",\"publisher\":{\"@id\":\"https:\/\/factorialhr.de\/blog\/#organization\"},\"potentialAction\":[{\"@type\":\"SearchAction\",\"target\":{\"@type\":\"EntryPoint\",\"urlTemplate\":\"https:\/\/factorialhr.de\/blog\/?s={search_term_string}\"},\"query-input\":\"required name=search_term_string\"}],\"inLanguage\":\"de-DE\"},{\"@type\":\"Organization\",\"@id\":\"https:\/\/factorialhr.de\/blog\/#organization\",\"name\":\"All-in-one business management software - Factorial\",\"url\":\"https:\/\/factorialhr.de\/blog\/\",\"logo\":{\"@type\":\"ImageObject\",\"inLanguage\":\"de-DE\",\"@id\":\"https:\/\/factorialhr.de\/blog\/#\/schema\/logo\/image\/\",\"url\":\"https:\/\/factorialhr.de\/wp-content\/uploads\/2023\/07\/18155144\/factorial-logo.png\",\"contentUrl\":\"https:\/\/factorialhr.de\/wp-content\/uploads\/2023\/07\/18155144\/factorial-logo.png\",\"width\":946,\"height\":880,\"caption\":\"All-in-one business management software - Factorial\"},\"image\":{\"@id\":\"https:\/\/factorialhr.de\/blog\/#\/schema\/logo\/image\/\"},\"sameAs\":[\"https:\/\/www.facebook.com\/people\/Factorial\/100064908455810\/\",\"https:\/\/twitter.com\/factorialapp\",\"https:\/\/www.linkedin.com\/company\/factorialhr\",\"https:\/\/www.youtube.com\/@factorialmedia\",\"https:\/\/www.instagram.com\/factorial\/#\"]},{\"@type\":\"Person\",\"@id\":\"https:\/\/factorialhr.de\/blog\/#\/schema\/person\/cc74934c5d0462bc4a5b17a931fedb66\",\"name\":\"Julia Lehmann\",\"image\":{\"@type\":\"ImageObject\",\"inLanguage\":\"de-DE\",\"@id\":\"https:\/\/factorialhr.de\/blog\/#\/schema\/person\/image\/\",\"url\":\"https:\/\/secure.gravatar.com\/avatar\/fe45cbfea7568e6654345d1539ff6270?s=96&d=identicon&r=g\",\"contentUrl\":\"https:\/\/secure.gravatar.com\/avatar\/fe45cbfea7568e6654345d1539ff6270?s=96&d=identicon&r=g\",\"caption\":\"Julia Lehmann\"},\"description\":\"Julia Lehmann ist Schriftstellerin, Philosophin, K\u00fcnstlerin und \u00dcbersetzerin. Seit \u00fcber drei Jahren setzt sie sich intensiv mit aktuellen Entwicklungen im Bereich Human Resources und der Arbeitswelt auseinander. Mit ihrem interdisziplin\u00e4ren Hintergrund analysiert sie Themen wie Unternehmenskultur, F\u00fchrung, Wandel in der Arbeitsorganisation und rechtliche Rahmenbedingungen \u2013 und liefert dabei Impulse, die sowohl in Fachkreisen als auch in der unternehmerischen Praxis Anklang finden.\",\"url\":\"https:\/\/factorialhr.de\/blog\/author\/julia-lehmann\/\"}]}<\/script>\n<!-- \/ Yoast SEO Premium plugin. -->","yoast_head_json":{"title":"Das sind die K\u00fcndigungsgr\u00fcnde der Arbeitgeber | Factorial","description":"Die zul\u00e4ssigen K\u00fcndigungsgr\u00fcnde, aus denen Arbeitgeber ihre Besch\u00e4ftigten k\u00fcndigen, sind gesetzlich genau festgeschrieben.","robots":{"index":"index","follow":"follow","max-snippet":"max-snippet:-1","max-image-preview":"max-image-preview:large","max-video-preview":"max-video-preview:-1"},"canonical":"https:\/\/factorialhr.de\/blog\/kuendigungsgruende-arbeitgeber\/","og_locale":"de_DE","og_type":"article","og_title":"Die h\u00e4ufigsten K\u00fcndigungsgr\u00fcnde der Arbeitgeber","og_description":"Die zul\u00e4ssigen K\u00fcndigungsgr\u00fcnde, aus denen Arbeitgeber ihre Besch\u00e4ftigten k\u00fcndigen, sind gesetzlich genau festgeschrieben.","og_url":"https:\/\/factorialhr.de\/blog\/kuendigungsgruende-arbeitgeber\/","og_site_name":"Factorial","article_publisher":"https:\/\/www.facebook.com\/people\/Factorial\/100064908455810\/","article_published_time":"2024-09-09T10:57:47+00:00","article_modified_time":"2025-12-16T08:55:07+00:00","og_image":[{"width":2206,"height":1160,"url":"https:\/\/factorialhr.de\/wp-content\/uploads\/2024\/09\/09124928\/Die-haufigsten-Kundigungsgrunde-der-Arbeitgeber.webp","type":"image\/webp"}],"author":"Julia Lehmann","twitter_card":"summary_large_image","twitter_creator":"@factorialapp","twitter_site":"@factorialapp","twitter_misc":{"Written by":"Julia Lehmann","Est. reading time":"8 Minuten"},"schema":{"@context":"https:\/\/schema.org","@graph":[{"@type":"Article","@id":"https:\/\/factorialhr.de\/blog\/kuendigungsgruende-arbeitgeber\/#article","isPartOf":{"@id":"https:\/\/factorialhr.de\/blog\/kuendigungsgruende-arbeitgeber\/"},"author":{"name":"Julia Lehmann","@id":"https:\/\/factorialhr.de\/blog\/#\/schema\/person\/cc74934c5d0462bc4a5b17a931fedb66"},"headline":"Die h\u00e4ufigsten K\u00fcndigungsgr\u00fcnde der Arbeitgeber","datePublished":"2024-09-09T10:57:47+00:00","dateModified":"2025-12-16T08:55:07+00:00","mainEntityOfPage":{"@id":"https:\/\/factorialhr.de\/blog\/kuendigungsgruende-arbeitgeber\/"},"wordCount":2144,"publisher":{"@id":"https:\/\/factorialhr.de\/blog\/#organization"},"articleSection":["Unternehmensvorschriften &amp; Gesetze"],"inLanguage":"de-DE"},{"@type":"WebPage","@id":"https:\/\/factorialhr.de\/blog\/kuendigungsgruende-arbeitgeber\/","url":"https:\/\/factorialhr.de\/blog\/kuendigungsgruende-arbeitgeber\/","name":"Das sind die K\u00fcndigungsgr\u00fcnde der Arbeitgeber | Factorial","isPartOf":{"@id":"https:\/\/factorialhr.de\/blog\/#website"},"datePublished":"2024-09-09T10:57:47+00:00","dateModified":"2025-12-16T08:55:07+00:00","description":"Die zul\u00e4ssigen K\u00fcndigungsgr\u00fcnde, aus denen Arbeitgeber ihre Besch\u00e4ftigten k\u00fcndigen, sind gesetzlich genau festgeschrieben.","inLanguage":"de-DE","potentialAction":[{"@type":"ReadAction","target":["https:\/\/factorialhr.de\/blog\/kuendigungsgruende-arbeitgeber\/"]}]},{"@type":"WebSite","@id":"https:\/\/factorialhr.de\/blog\/#website","url":"https:\/\/factorialhr.de\/blog\/","name":"Factorial","description":"","publisher":{"@id":"https:\/\/factorialhr.de\/blog\/#organization"},"potentialAction":[{"@type":"SearchAction","target":{"@type":"EntryPoint","urlTemplate":"https:\/\/factorialhr.de\/blog\/?s={search_term_string}"},"query-input":"required name=search_term_string"}],"inLanguage":"de-DE"},{"@type":"Organization","@id":"https:\/\/factorialhr.de\/blog\/#organization","name":"All-in-one business management software - Factorial","url":"https:\/\/factorialhr.de\/blog\/","logo":{"@type":"ImageObject","inLanguage":"de-DE","@id":"https:\/\/factorialhr.de\/blog\/#\/schema\/logo\/image\/","url":"https:\/\/factorialhr.de\/wp-content\/uploads\/2023\/07\/18155144\/factorial-logo.png","contentUrl":"https:\/\/factorialhr.de\/wp-content\/uploads\/2023\/07\/18155144\/factorial-logo.png","width":946,"height":880,"caption":"All-in-one business management software - Factorial"},"image":{"@id":"https:\/\/factorialhr.de\/blog\/#\/schema\/logo\/image\/"},"sameAs":["https:\/\/www.facebook.com\/people\/Factorial\/100064908455810\/","https:\/\/twitter.com\/factorialapp","https:\/\/www.linkedin.com\/company\/factorialhr","https:\/\/www.youtube.com\/@factorialmedia","https:\/\/www.instagram.com\/factorial\/#"]},{"@type":"Person","@id":"https:\/\/factorialhr.de\/blog\/#\/schema\/person\/cc74934c5d0462bc4a5b17a931fedb66","name":"Julia Lehmann","image":{"@type":"ImageObject","inLanguage":"de-DE","@id":"https:\/\/factorialhr.de\/blog\/#\/schema\/person\/image\/","url":"https:\/\/secure.gravatar.com\/avatar\/fe45cbfea7568e6654345d1539ff6270?s=96&d=identicon&r=g","contentUrl":"https:\/\/secure.gravatar.com\/avatar\/fe45cbfea7568e6654345d1539ff6270?s=96&d=identicon&r=g","caption":"Julia Lehmann"},"description":"Julia Lehmann ist Schriftstellerin, Philosophin, K\u00fcnstlerin und \u00dcbersetzerin. Seit \u00fcber drei Jahren setzt sie sich intensiv mit aktuellen Entwicklungen im Bereich Human Resources und der Arbeitswelt auseinander. Mit ihrem interdisziplin\u00e4ren Hintergrund analysiert sie Themen wie Unternehmenskultur, F\u00fchrung, Wandel in der Arbeitsorganisation und rechtliche Rahmenbedingungen \u2013 und liefert dabei Impulse, die sowohl in Fachkreisen als auch in der unternehmerischen Praxis Anklang finden.","url":"https:\/\/factorialhr.de\/blog\/author\/julia-lehmann\/"}]}},"_links":{"self":[{"href":"https:\/\/factorialhr.de\/blog\/wp-json\/wp\/v2\/posts\/140114"}],"collection":[{"href":"https:\/\/factorialhr.de\/blog\/wp-json\/wp\/v2\/posts"}],"about":[{"href":"https:\/\/factorialhr.de\/blog\/wp-json\/wp\/v2\/types\/post"}],"author":[{"embeddable":true,"href":"https:\/\/factorialhr.de\/blog\/wp-json\/wp\/v2\/users\/263"}],"replies":[{"embeddable":true,"href":"https:\/\/factorialhr.de\/blog\/wp-json\/wp\/v2\/comments?post=140114"}],"version-history":[{"count":22,"href":"https:\/\/factorialhr.de\/blog\/wp-json\/wp\/v2\/posts\/140114\/revisions"}],"predecessor-version":[{"id":175392,"href":"https:\/\/factorialhr.de\/blog\/wp-json\/wp\/v2\/posts\/140114\/revisions\/175392"}],"wp:featuredmedia":[{"embeddable":true,"href":"https:\/\/factorialhr.de\/blog\/wp-json\/wp\/v2\/media\/140303"}],"wp:attachment":[{"href":"https:\/\/factorialhr.de\/blog\/wp-json\/wp\/v2\/media?parent=140114"}],"wp:term":[{"taxonomy":"category","embeddable":true,"href":"https:\/\/factorialhr.de\/blog\/wp-json\/wp\/v2\/categories?post=140114"},{"taxonomy":"post_tag","embeddable":true,"href":"https:\/\/factorialhr.de\/blog\/wp-json\/wp\/v2\/tags?post=140114"}],"curies":[{"name":"wp","href":"https:\/\/api.w.org\/{rel}","templated":true}]}}