{"id":140323,"date":"2025-10-17T15:30:35","date_gmt":"2025-10-17T13:30:35","guid":{"rendered":"https:\/\/factorialhr.com\/blog\/?p=140323"},"modified":"2025-10-17T16:09:28","modified_gmt":"2025-10-17T14:09:28","slug":"arbeitsstunden-arbeitswochen-pro-jahr","status":"publish","type":"post","link":"https:\/\/factorialhr.de\/blog\/arbeitsstunden-arbeitswochen-pro-jahr\/","title":{"rendered":"Arbeitsstunden &#038; Arbeitswochen pro Jahr einfach berechnen"},"content":{"rendered":"<p>Die Berechnung der geleisteten <strong>Arbeitsstunden bzw. Arbeitswochen pro Jahr<\/strong> kann ein n\u00fctzlicher Indikator f\u00fcr Arbeitgebende sein, R\u00fcckschl\u00fcsse auf die Arbeitsbelastung und Produktivit\u00e4t im Unternehmen geben und bei der Planung hilfreich sein. Im folgenden Artikel erkl\u00e4ren wir, wie die Jahresarbeitszeit der Besch\u00e4ftigten bei verschiedenen Arbeitszeitmodellen berechnet wird.<\/p>\n<h2>Key Facts<\/h2>\n<ol>\n<li>Die <strong>Jahresarbeitszeit<\/strong> ist die Summe aller Stunden, die die jeweiligen Mitarbeitenden innerhalb eines Jahres arbeiten. Sie wird von Faktoren wie <a href=\"https:\/\/factorialhr.de\/blog\/arbeitszeitmodelle\/\">Arbeitszeitmodell<\/a>, Krankheit, Urlaub und <a href=\"https:\/\/factorialhr.de\/blog\/feiertage-2024\/\">Feiertagen<\/a> beeinflusst wird.<\/li>\n<li>Im Jahr 2024 arbeiteten Vollzeitbesch\u00e4ftigte in Deutschland <a href=\"https:\/\/www.destatis.de\/DE\/Presse\/Pressemitteilungen\/2025\/06\/PD25_N033_13.html\" target=\"_blank\" rel=\"noopener\">laut Statistischem Bundesamt<\/a> durchschnittlich 1.650 Stunden pro Jahr (<strong>im Schnitt 40,2 Wochenstunden<\/strong>). Betrachtet man alle Erwerbst\u00e4tigen (inkl. <a href=\"https:\/\/factorialhr.de\/blog\/teilzeit\/\">Teilzeit<\/a>), liegen die tats\u00e4chlichen Wochenstunden 2024 bei 36,0. Das entspricht ca. 1.3oo Jahresstunden (die Zahlen variieren je nach Arbeitszeitmodell).<\/li>\n<li>Arbeitsstunden pro Jahr bei einer 40-Stunden-Woche: Bei <strong data-start=\"8513\" data-end=\"8529\">40 Std\/Woche<\/strong> ergeben sich <strong data-start=\"8543\" data-end=\"8564\">2.080 Sollstunden<\/strong> (52 \u00d7 40). Real geleistete Jahresstunden sind niedriger, weil Feiertage, Urlaub und Krankheitstage abgezogen werden. Ein konkretes Beispiel zur Berechnung finden Sie weiter unten im Artikel.<\/li>\n<\/ol>\n<p><div class=\"factorial-banner inline-banner banner-freebie category-arbeitszeiterfassung\"\n    data-banner-id=\"164347\"\n    data-banner-type=\"freebie\"\n    data-category=\"Arbeitszeiterfassung\">\n    <div class=\"banner-content\">\n        <div class=\"banner-text\">\n                            <h4>Zeitmanagement Kit 2025<\/h4>\n            \n                            <p>Welche Gesetze zur Arbeitszeiterfassung gelten aktuell? In diesem Kit erfahren Sie alles zur Zeiterfassung und Abwesenheitsverwaltung!<\/p>\n            \n                            <a href=\"https:\/\/factorialhr.de\/vorlagen\/time-kit\"\n                    class=\"factorial-cta-button not-prose freebie\" data-cta=\"freebie\" data-cta-position=\"inline-banner\">\n                    Kostenlos herunterladen                <\/a>\n                    <\/div>\n\n        <div class=\"banner-image no-image\">\n            <img decoding=\"async\" src=\"https:\/\/factorialhr.de\/blog\/app\/plugins\/factorial-utilities\/assets\/images\/banners\/inline\/backgrounds\/default_image.svg\" class=\"not-prose\" \/>\n        <\/div>\n    <\/div>\n<\/div><br \/>\n<!-- end HubSpot Call-to-Action Code --><\/p>\n<h2>Arbeitsstunden pro Jahr: Was ist das?<\/h2>\n<h3>Die Jahresarbeitszeit<\/h3>\n<p>Die <strong data-start=\"321\" data-end=\"360\">Jahresarbeitszeit je Erwerbst\u00e4tigen<\/strong> bezeichnet die tats\u00e4chlich <strong data-start=\"388\" data-end=\"427\">geleisteten Arbeitsstunden pro Jahr<\/strong>, gemittelt \u00fcber <strong data-start=\"444\" data-end=\"472\">alle Besch\u00e4ftigungsarten<\/strong> \u2013 also inklusive Vollzeit- und Teilzeitbesch\u00e4ftigte. Sie gibt an, wie viele Stunden Erwerbst\u00e4tige eines Landes im Durchschnitt innerhalb eines Jahres tats\u00e4chlich gearbeitet haben.<\/p>\n<p>Berechnungsgrundlage sind die Kennzahl <a href=\"https:\/\/www.oecd.org\/en\/data\/indicators\/hours-worked.html\" target=\"_blank\" rel=\"noopener\">\u201ehours worked\u201c der OECD<\/a>,\u00a0die sich auf real geleistete Stunden bezieht und Abwesenheiten wie Urlaub, Krankheit oder Feiertage ber\u00fccksichtigt.<\/p>\n<p>Sie unterscheidet sich von den <strong data-start=\"875\" data-end=\"919\">Jahresarbeitsstunden einer Vollzeitkraft<\/strong>, die sich aus dem individuellen <a href=\"https:\/\/factorialhr.de\/blog\/arbeitsvertrag\/\">Arbeitszeitvertrag<\/a> (z. B. 40-Stunden-Woche) ergeben. Die tats\u00e4chliche Jahresarbeitszeit kann daher je nach Arbeitszeitmodell, Teilzeitanteil, Abwesenheiten und <a href=\"https:\/\/factorialhr.de\/blog\/wie-viele-ueberstunden-sind-erlaubt\/\">\u00dcberstunden<\/a> deutlich variieren.<\/p>\n<h3>Studie: Durchschnittliche Arbeitsstunden pro Jahr in Deutschland<\/h3>\n<p>Die durchschnittliche Jahresarbeitszeit gibt an, wie viele Stunden die Erwerbst\u00e4tigen eines Landes im Durchschnitt pro Jahr arbeiten. In Deutschland lag diese Zahl laut <a href=\"https:\/\/de.statista.com\/statistik\/daten\/studie\/4047\/umfrage\/entwicklung-der-jaehrlichen-arbeitszeit-pro-erwerbstaetigen\/#:~:text=Die%20durchschnittliche%20Jahresarbeitszeit%20von%20Vollzeiterwerbst%C3%A4tigen,etwa%20768%20Stunden%20im%20Jahr.\" target=\"_blank\" rel=\"noopener noreferrer\">Statista<\/a> f\u00fcr das Jahr 2023 bei 1.529 Stunden f\u00fcr Vollzeitbesch\u00e4ftigte. Bei den Teilzeitbesch\u00e4ftigten waren es 763,9 Stunden pro Jahr.<\/p>\n<h3>Warum sind die Arbeitsstunden pro Jahr so wichtig?<\/h3>\n<p>Diese Gesamtzahl der Arbeitsstunden pro Mitarbeitenden ist eine wichtige <a href=\"https:\/\/factorialhr.de\/blog\/kennzahlen\/\">Kennzahl<\/a>, da sie Aufschluss \u00fcber verschiedene Aspekte des Betriebsablaufs gibt. Dazu geh\u00f6ren:<\/p>\n<h4><strong>Die durchschnittliche Arbeitsbelastung \u2013 Work-Life-Balance<\/strong><\/h4>\n<p style=\"padding-left: 40px;\">Die j\u00e4hrlichen Arbeitsstunden in einem Betrieb k\u00f6nnen Aufschluss \u00fcber die <strong>Arbeitsbelastung<\/strong> in einem Unternehmen geben. Eine hohe Gesamtzahl deutet auf eine <a href=\"https:\/\/factorialhr.de\/blog\/arbeitsueberlastung\/\">hohe Arbeitsbelastung<\/a> und damit m\u00f6glicherweise auf ein hohes <a href=\"https:\/\/factorialhr.de\/blog\/stress-am-arbeitsplatz\/\">Stressniveau<\/a> hin. Eine niedrige Gesamtzahl kann auf eine gute <a href=\"https:\/\/factorialhr.de\/blog\/work-life-balance\/\">Work-Life-Balance<\/a> oder auf <a href=\"https:\/\/factorialhr.de\/blog\/flexibilitaet\/\">flexible Arbeitszeitmodelle<\/a> wie z.\u00a0B. Teilzeitmodelle hinweisen.<\/p>\n<h4><strong> Produktivit\u00e4t <\/strong><\/h4>\n<p style=\"padding-left: 40px;\">Die Zahl der geleisteten Arbeitsstunden pro Jahr kann dar\u00fcber hinaus Hinweise auf die <strong>Produktivit\u00e4t<\/strong> eines Unternehmens geben: Eine hohe Zahl von Arbeitsstunden pro Jahr kann auf eine hohe Produktivit\u00e4t hindeuten und umgekehrt. Um die tats\u00e4chliche Produktivit\u00e4t messen zu k\u00f6nnen, m\u00fcssen die Arbeitsstunden pro Jahr jedoch auch in <strong>Beziehung zum Output<\/strong> gesetzt werden.<\/p>\n<p><strong>Tipp:\u00a0<\/strong>Sie k\u00f6nnen die Produktivit\u00e4t Ihrer Mitarbeitenden ganz einfach in Zusammenhang mit deren geleisteter Arbeitszeit setzen: Mit der <a href=\"https:\/\/factorialhr.de\/projektzeiterfassung\">Factorial Projektzeiterfassung<\/a> haben Sie den perfekten \u00dcberblick \u00fcber die Arbeitsleistung in Ihrem Team! Hier ein kleiner Sneak Peak \u2b07\ufe0f.<\/p>\n<p><a href=\"https:\/\/factorialhr.de\/funktionen\"><img decoding=\"async\" class=\"alignnone size-full wp-image-171044\" src=\"https:\/\/factorialhr.de\/wp-content\/uploads\/2024\/09\/17144505\/project-management-screen.webp\" alt=\"project management screen\" width=\"1800\" height=\"1144\" srcset=\"https:\/\/factorialhr.de\/wp-content\/uploads\/2024\/09\/17144505\/project-management-screen.webp 1800w, https:\/\/factorialhr.de\/wp-content\/uploads\/2024\/09\/17144505\/project-management-screen-300x191.webp 300w, https:\/\/factorialhr.de\/wp-content\/uploads\/2024\/09\/17144505\/project-management-screen-1024x651.webp 1024w, https:\/\/factorialhr.de\/wp-content\/uploads\/2024\/09\/17144505\/project-management-screen-768x488.webp 768w, https:\/\/factorialhr.de\/wp-content\/uploads\/2024\/09\/17144505\/project-management-screen-1536x976.webp 1536w\" sizes=\"(max-width: 1800px) 100vw, 1800px\" \/><\/a><\/p>\n<h4><strong>Einhaltung von Arbeitszeitvorschriften<\/strong><\/h4>\n<p style=\"padding-left: 40px;\">Des Weiteren spielt die Jahresarbeitszeit auch eine wichtige Rolle bei der Einhaltung der <strong>gesetzlichen Regelungen<\/strong> zu den Ruhezeiten. In vielen L\u00e4ndern, so auch in Deutschland, gibt es genaue Gesetze, wie und wann Arbeitnehmende in Deutschland pro Woche und pro Tag arbeiten d\u00fcrfen.<\/p>\n<p style=\"padding-left: 40px;\">In Deutschland sind diese Regelungen im <a href=\"https:\/\/factorialhr.de\/blog\/gesetz\/#:~:text=Die%20Arbeitszeiten%20werden%20bei%20mehreren,er%20einen%20zweiten%20Job%20hat.\" rel=\"noopener noreferrer\">Arbeitszeitgesetz<\/a> (<a href=\"https:\/\/www.gesetze-im-internet.de\/arbzg\/BJNR117100994.html\" target=\"_blank\" rel=\"noopener noreferrer\">ArbZG<\/a>) festgehalten.<\/p>\n<p style=\"padding-left: 40px;\"><strong>Tipp: <\/strong>Arbeitszeiterfassung kann eine Menge administrativen Aufwand bedeuten \u2013 muss aber nicht! Die <a href=\"https:\/\/factorialhr.de\/zeiterfassung-mitarbeiter\">Zeiterfassungssoftware<\/a> von Factorial mit integriertem Self-Service-Bereich ist extra darauf ausgelegt, geleistete Arbeitsstunden rechtskonform zu dokumentieren und Zeit bei l\u00e4stigen Verwaltungsaufgaben zu sparen.<\/p>\n<p><iframe title=\"Zeitmanagement-Funktionen von Factorial im \u00dcberblick\" width=\"500\" height=\"281\" src=\"https:\/\/www.youtube.com\/embed\/qMVpdZndkiQ?feature=oembed\" frameborder=\"0\" allow=\"accelerometer; autoplay; clipboard-write; encrypted-media; gyroscope; picture-in-picture; web-share\" referrerpolicy=\"strict-origin-when-cross-origin\" allowfullscreen><\/iframe><\/p>\n<h4><strong>\u00dcberblick: Lohnkosten und Planung von Projektvorhaben<\/strong><\/h4>\n<p style=\"padding-left: 40px;\">Au\u00dferdem hilft die Anzahl der Arbeitsstunden bei der Planung. Die Lohnkosten f\u00fcr das kommende Jahr k\u00f6nnen besser abgesch\u00e4tzt werden. Zudem erhalten Sie einen \u00dcberblick \u00fcber die m\u00f6gliche Jahresarbeitszeit und k\u00f6nnen Projekte und Aufgaben leichter organisieren und zuweisen.<\/p>\n<h2 data-pm-slice=\"1 1 []\">Arbeitswochen pro Jahr 2025 \u2013 Wie viele Arbeitswochen pro Jahr?<\/h2>\n<p>Im Gegensatz zu den Kalenderwochen, die jedes Jahr gleich sind (52 Wochen), kann die Anzahl der Arbeitswochen variieren.<\/p>\n<p>Aufgrund von <a href=\"https:\/\/factorialhr.de\/blog\/arbeiten-am-feiertag\/\">Feiertagen<\/a>, <a href=\"https:\/\/factorialhr.de\/blog\/urlaubsplanung\/\">Urlaubswochen<\/a> oder <a href=\"https:\/\/factorialhr.de\/blog\/lohnfortzahlung\/\">Krankheitstagen<\/a> arbeiten Arbeitnehmende in der Regel weniger als 52 Wochen im Jahr.<\/p>\n<p>In der Berechnung der Jahresarbeitszeit wird dennoch mit den 52 Kalenderwochen gearbeitet. Die Arbeiswochen pro Jahr ergeben sich im Zuge der Berechnung der Arbeitsstunden.<\/p>\n<h4>Wie viele Arbeitswochen hat ein Jahr tats\u00e4chlich?<\/h4>\n<p>Es gibt hier keine pauschale Antwort, da die tats\u00e4chlichen Arbeitswochen individuell unterschiedlich ist. Geht man allerdings von den typischen Vollzeitbesch\u00e4ftigten mit einer 5-Tage-Woche, einer t\u00e4glichen Arbeitszeit von 8 Stunden, 20 Urlaubstagen und 10 Feiertagen im Jahr aus, ergibt sich eine <strong>ungef\u00e4hre Jahresarbeitszeit von 47 Wochen.<\/strong><\/p>\n<p><strong>\u00dcbrigens: <\/strong>Das <strong>gesamte Arbeitsvolumen 2024<\/strong> <a href=\"https:\/\/www.statistikportal.de\/de\/etr\/ergebnisse\/geleistete-arbeitsstunden\/laenderergebnisse-av\" target=\"_blank\" rel=\"noopener\">betrug in Deutschland<\/a> <strong>61,37 Mrd. Stunden.<\/strong><\/p>\n<h2>Rechtlicher Rahmen \u2013 Das Arbeitszeitgesetz<\/h2>\n<p>Um zu \u00fcberpr\u00fcfen, ob die in Ihrem Betrieb geleisteten Arbeitsstunden den gesetzlichen Bestimmungen entsprechen, ist es nat\u00fcrlich notwendig, diese zu kennen. Bei der Berechnung der j\u00e4hrlichen Arbeitsstunden spielen auch Krankheit, Feiertage und Urlaub eine Rolle.<\/p>\n<p>Alle diese Faktoren m\u00fcssen aus <a href=\"https:\/\/factorialhr.de\/blog\/compliance\/\">Compliance-Gr\u00fcnden<\/a> ber\u00fccksichtigt werden. Die wichtigsten Regelungen des Arbeitszeitgesetzes im Einzelnen:<\/p>\n<h3><strong>Der 8-Stunden-Tag<\/strong><\/h3>\n<p>Grunds\u00e4tzlich darf nach <a href=\"https:\/\/www.gesetze-im-internet.de\/arbzg\/__3.html\" target=\"_blank\" rel=\"noopener noreferrer\">\u00a7\u00a03 ArbZG<\/a> die werkt\u00e4gliche Arbeitszeit von 8 Stunden nicht \u00fcberschritten werden. Sie kann auf <strong data-start=\"793\" data-end=\"822\">bis zu 10 Stunden t\u00e4glich<\/strong> verl\u00e4ngert werden, wenn innerhalb von <strong data-start=\"861\" data-end=\"897\">6 Kalendermonaten oder 24 Wochen<\/strong> im Durchschnitt nicht mehr als 8 Stunden werkt\u00e4glich gearbeitet wird.<\/p>\n<h3><strong>Ruhezeiten<\/strong><\/h3>\n<p>Arbeitgebende m\u00fcssen daf\u00fcr sorgen, dass Arbeitnehmende zwischen den einzelnen Arbeitstagen gen\u00fcgend Zeit zur Erholung haben. Die gesetzlich vorgeschriebenen Ruhezeiten geben hier den zeitlichen Rahmen vor. So m\u00fcssen nach Beendigung der t\u00e4glichen Arbeitszeit <strong>mindestens 11 Stunden<\/strong> bis zum Beginn der n\u00e4chsten Arbeitszeit liegen.<\/p>\n<p>In Ausnahmen gibt es Regelungen f\u00fcr bestimmte Branchen, wie z. B. das Gastst\u00e4ttengewerbe, Kranken- und Pflegeeinrichtungen oder auch Verkehrsbetriebe, in denen die Ruhezeit ausnahmsweise um eine Stunde unterschritten werden darf. Diese muss jedoch innerhalb von sechs Monaten bzw. 24 Kalenderwochen anderweitig ausgeglichen werden.<\/p>\n<h3><strong>Ruhepausen<\/strong><\/h3>\n<p>Das Gesetz enth\u00e4lt auch genaue Angaben zu den <a href=\"https:\/\/factorialhr.de\/blog\/gesetzliche-pausenzeiten\/\">Pausenzeiten<\/a> f\u00fcr Arbeitnehmende. Bei einer Arbeitszeit von <strong>bis zu 6 Stunden ist keine Pause erforderlich.<\/strong> Ab sechs Stunden m\u00fcssen Vorgesetzte eine Pause von <strong>mindestens 30 Minuten<\/strong> gew\u00e4hren. Ab neun Stunden sind es 45 Minuten.<\/p>\n<p>Wichtig: Die Pausenzeiten k\u00f6nnen von den Arbeitgebenden auch verl\u00e4ngert, aber <strong>niemals unterschritten<\/strong> werden. Pausenzeiten sind grunds\u00e4tzlich keine bezahlten Arbeitszeiten.<\/p>\n<h3><strong>Arbeit in Nacht- und Schichtdienst<\/strong><\/h3>\n<p>Nachtarbeit liegt vor, wenn Arbeitnehmende<strong> zwischen 23 Uhr und 6 Uhr<\/strong> (B\u00e4ckereien und Konditoreien 22 Uhr bis 5 Uhr) arbeiten. Besch\u00e4ftigte, die regelm\u00e4\u00dfig Nachtarbeit leisten, haben Anspruch auf eine angemessene Anzahl von <a href=\"https:\/\/factorialhr.de\/blog\/freizeitausgleich\/\">Freizeitausgleich<\/a> oder zus\u00e4tzliches Entgelt. Die arbeitsfreien Tage stellen dabei keine Urlaubstage bzw. freie Tage dar. Das gilt auch bei Erwerbst\u00e4tigen in <a href=\"https:\/\/factorialhr.de\/blog\/schichtarbeit\/\">Schichtarbeit<\/a>.<\/p>\n<p>F\u00fcr Schicht- und Nachtarbeit gelten besondere <a href=\"https:\/\/factorialhr.de\/blog\/fuersorgepflicht-arbeitgeber\/\">F\u00fcrsorgepflichten des Arbeitgebers.<\/a><\/p>\n<h3><strong>Arbeit an Sonn- und Feiertagen<\/strong><\/h3>\n<p><a href=\"https:\/\/www.gesetze-im-internet.de\/arbzg\/BJNR117100994.html#:~:text=%C2%A7%209%20Sonn%2D%20und%20Feiertagsruhe&amp;text=(2)%20In%20mehrschichtigen%20Betrieben%20mit,24%20Stunden%20der%20Betrieb%20ruht.\" target=\"_blank\" rel=\"noopener noreferrer\">\u00a7\u00a09 des Arbeitszeitgesetzes<\/a> regelt die <a href=\"https:\/\/factorialhr.de\/blog\/feiertagsausgleich\/\">Sonn- und Feiertagsarbeit.<\/a> Demnach d\u00fcrfen Arbeitnehmende an Sonn- und Feiertagen in der Zeit von 00.00 Uhr bis 24.00 Uhr grunds\u00e4tzlich nicht besch\u00e4ftigt werden. In Schichtbetrieben ist eine geringf\u00fcgige Verschiebung der 24-st\u00fcndigen Ruhezeit an diesen Tagen um bis zu 6 Stunden m\u00f6glich. F\u00fcr bestimmte Branchen und T\u00e4tigkeiten gelten jedoch Ausnahmen. Dies gilt insbesondere f\u00fcr Branchen, in denen ein 24-Stunden-Dienst unumg\u00e4nglich ist, wie zum Beispiel bei Not- und Rettungsdiensten, Krankenh\u00e4usern oder der Feuerwehr.<\/p>\n<p>Wichtig: Mindestens 15 Sonntage im Jahr m\u00fcssen besch\u00e4ftigungsfrei bleiben. Wird an einem Sonntag gearbeitet, muss innerhalb von zwei Wochen ein Ersatzruhetag gew\u00e4hrt werden.<\/p>\n<div class=\"factorial-banner inline-banner banner-freebie category-arbeitszeiterfassung\"\n    data-banner-id=\"164292\"\n    data-banner-type=\"freebie\"\n    data-category=\"Arbeitszeiterfassung\">\n    <div class=\"banner-content\">\n        <div class=\"banner-text\">\n                            <h4>Excel: Stundenzettel<\/h4>\n            \n                            <p>Berechnen Sie ganz einfach die Arbeitszeiten Ihrer Mitarbeitenden mit unserer kostenlosen Stundenzettel-Vorlage!<\/p>\n            \n                            <a href=\"https:\/\/factorialhr.de\/vorlagen\/stundenzettel-download\"\n                    class=\"factorial-cta-button not-prose freebie\" data-cta=\"freebie\" data-cta-position=\"inline-banner\">\n                    Kostenlos herunterladen                <\/a>\n                    <\/div>\n\n        <div class=\"banner-image no-image\">\n            <img decoding=\"async\" src=\"https:\/\/factorialhr.de\/blog\/app\/plugins\/factorial-utilities\/assets\/images\/banners\/inline\/backgrounds\/default_image.svg\" class=\"not-prose\" \/>\n        <\/div>\n    <\/div>\n<\/div>\n<h2>Berechnung: Wie viele Arbeitsstunden pro Jahr?<\/h2>\n<p>Kurzer Recap: Grunds\u00e4tzlich besteht ein Jahr aus 365 Tagen oder 52 Wochen. Die tats\u00e4chlich geleistete Arbeitszeit kann jedoch variieren, da Krankheits-, Sonn-, Feier- und Urlaubstage abgezogen werden m\u00fcssen. Au\u00dferdem h\u00e4ngen die Arbeitsstunden nat\u00fcrlich vom Arbeitszeitmodell ab, also vor allem den Arbeitsstunden pro Woche.<\/p>\n<p>Im Folgenden schauen wir uns die Berechnung der Jahresarbeitszeit f\u00fcr die verschiedenen Arbeitszeitmodelle genauer an.<\/p>\n<h3>Vollzeit: Wie viele Arbeitsstunden pro Jahr bei 40-Stunden-Woche?<\/h3>\n<p>Die Berechnung der Jahresarbeitszeit bei einer 40-Stunden-Woche, also f\u00fcr Vollzeitbesch\u00e4ftigte, h\u00e4ngt von verschiedenen Faktoren ab. Daher kann die Jahresarbeitszeit nur beispielhaft berechnet werden. In jedem Betrieb gibt es andere Feiertage und die einzelnen Mitarbeitenden haben m\u00f6glicherweise unterschiedliche Urlaubstage.<\/p>\n<p><strong>Beispiel<\/strong><\/p>\n<p>Angenommen, Arbeitnehmer X arbeitet 8 Stunden pro Tag an 5 Wochentagen, ergeben sich daraus 260 <a href=\"https:\/\/factorialhr.de\/blog\/arbeitstage-im-jahr\/\">Arbeitstage im Jahr<\/a>. Davon m\u00fcssen in unserem Beispiel 30 Urlaubstage, 12 Feiertage und 14 Krankheitstage abgezogen werden. Somit bleiben 204 tats\u00e4chliche Arbeitstage \u00fcbrig. Bei einer 40-Stunden-Woche ergibt das insgesamt 1.632 Arbeitsstunden im Jahr (204 Arbeitstage x 8 Stunden pro Tag).<\/p>\n<p>Schauen wir uns die Rechnung im Detail an:<\/p>\n<ul>\n<li>Arbeitszeitmodell: 5-Tage-Woche<\/li>\n<li>T\u00e4gliche Arbeitszeit: 8 Stunden pro Tag<\/li>\n<li><a href=\"https:\/\/factorialhr.de\/blog\/wochenarbeitszeit\/\">Wochenarbeitszeit<\/a>: 40 Stunden<\/li>\n<li>Feiertage: 12 Tage<\/li>\n<li>Urlaubstage: 30 Tage<\/li>\n<li>Krankheitstage: 14 Tage<\/li>\n<\/ul>\n<p>Um die Anzahl der Arbeitstage zu berechnen, m\u00fcssen Feiertage, Urlaubstage und Krankheitstage abgezogen werden.<\/p>\n<ul>\n<li>Arbeitstage vor Abzug: 52 Wochen \u00d7 5 Tage\/Woche = 260 Tage<\/li>\n<li>Abzuziehende Feiertage: 12 Tage<\/li>\n<li>Abzuziehende Urlaubstage: 30 Tage<\/li>\n<li>Abzuziehende Krankheitstage: 14 Tage<\/li>\n<\/ul>\n<p><strong>Berechnung Abzugstage<\/strong><\/p>\n<p>Die Abzugstage ergeben sich so:<\/p>\n<p>Abzugstage = 12 Feiertage + 30 Urlaubstage + 14 Krankheitstage<\/p>\n<p>= 56 Abzugstage<\/p>\n<p><strong>Berechnung der geleisteten Arbeitstage im Jahr<\/strong><\/p>\n<p>Die Berechnung der Jahresarbeitstage ergibt sich so:<\/p>\n<p>Arbeitstage pro Jahr = 260 Arbeitstage vor Abzug &#8211; 56 Abzugstage<\/p>\n<p>= 204 Arbeitstage pro Jahr<\/p>\n<p><strong>Berechnung der Arbeitsstunden pro Jahr<\/strong><\/p>\n<p>Die Berechnung der geleisteten Arbeitsstunden erfolgt so:<\/p>\n<p>Jahresarbeitsstunden = 204 Arbeitstage pro Jahr x 8 Stunden pro Tag<\/p>\n<p>= 1632 Arbeitsstunden pro Jahr<\/p>\n<p>Arbeitnehmer X hat also insgesamt 1.632 Arbeitsstunden im Jahr abgeleistet.<\/p>\n<p><strong>Tipp:<\/strong> Diese Werte k\u00f6nnen sich nat\u00fcrlich nicht nur retrospektiv auf die tats\u00e4chlich geleisteten Stunden beziehen, sondern auch prospektiv Richtwerte f\u00fcr die Zukunft und das kommende Jahr darstellen.<\/p>\n<h3>Vollzeit: Arbeitsstunden pro Jahr bei 38,5-Stunden-Woche<\/h3>\n<p>Als Vollzeitbesch\u00e4ftigte gelten auch Personen, die 38,5 Stunden pro Woche arbeiten.<\/p>\n<p>Insgesamt arbeiten die meisten Deutschen nach wie vor in Vollzeit. Dennoch ist die <strong>Teilzeitquote<\/strong> in Deutschland eine der h\u00f6chsten in Europa: <a href=\"https:\/\/www.destatis.de\/DE\/Presse\/Pressemitteilungen\/2025\/06\/PD25_N033_13.html\" target=\"_blank\" rel=\"noopener\">Nach Daten der Europ\u00e4ischen Arbeitskr\u00e4fteerhebung<\/a> lag sie 2024 bei <strong>29 %.<\/strong><\/p>\n<p>F\u00fcr die Berechnung der Jahresarbeitszeit in diesem Modell bleiben die meisten Parameter gleich. Nur die geleisteten Arbeitsstunden pro Tag \u00e4ndern sich. In diesem Fall sind bei einer 5-Tage-Woche 7,7 Arbeitsstunden pro Tag in die Formel einzusetzen.<br \/>\nBeispiel mit den vorherigen Daten: Bei <strong data-start=\"5429\" data-end=\"5447\">38,5 Std\/Woche<\/strong> (5-Tage) mit 30 Urlaub, 12 Feiertagen, 14 Krankentagen:<\/p>\n<p>204 Arbeitstage \u00d7 <strong data-start=\"5522\" data-end=\"5533\">7,7 Std<\/strong> \u2248 <strong data-start=\"5536\" data-end=\"5554\">1.571 Std\/Jahr<\/strong><\/p>\n<h3>Teilzeit: Arbeitsstunden pro Jahr 35-Stunden-Woche<\/h3>\n<p><strong data-start=\"171\" data-end=\"202\">Auch hier gilt das Gleiche:<\/strong> Bei einer 5-Tage-Woche wird die t\u00e4gliche Arbeitszeit <strong data-start=\"256\" data-end=\"282\">vertraglich (Sollzeit)<\/strong> auf etwa <strong data-start=\"292\" data-end=\"305\">7 Stunden<\/strong> festgelegt. <strong data-start=\"318\" data-end=\"376\">Tats\u00e4chlich geleistete Stunden k\u00f6nnen jedoch abweichen<\/strong> \u2013 etwa durch Feiertage, Krankheit, \u00dcberstunden oder flexible Teilzeitmodelle.<\/p>\n<p>Wichtig ist die Unterscheidung zwischen vertraglicher <strong>Sollarbeitszeit<\/strong> und tats\u00e4chlicher Arbeitszeit: EU-weit lagen 2024 die durchschnittlich geleisteten Wochenstunden <strong>aller Erwerbst\u00e4tigen<\/strong> bei rund 36 Stunden (<a href=\"https:\/\/ec.europa.eu\/eurostat\/web\/products-eurostat-news\/w\/ddn-20250514-1\" target=\"_blank\" rel=\"noopener\">Eurostat 2024<\/a>).<\/p>\n<h3>Weitere Arbeitszeitmodelle<\/h3>\n<p>Mit der obigen Formel k\u00f6nnen Sie ganz einfach die Jahresarbeitszeit Ihrer Mitarbeitenden f\u00fcr jedes Arbeitszeitmodell berechnen. Im Grunde \u00e4ndern sich in der Gleichung nur die Arbeitsstunden pro Tag und die Arbeitstage pro Woche. Der Rest der Formel bleibt gleich.<\/p>\n<p>Was passiert z. B., wenn Ihre Arbeitnehmenden statt an 5 an 6 Tagen die Woche arbeiten? Mit den Zahlen aus dem obigen Beispiel w\u00fcrde sich der Abzug der Tage f\u00fcr die betreffenden Arbeitnehmenden \u00e4ndern. Es w\u00fcrden nicht 104 Tage f\u00fcr die Wochen abgezogen, sondern nur 52 Tage. Das w\u00fcrde bedeuten, dass Arbeitnehmer X 2.056 Stunden im Jahr arbeiten w\u00fcrde. Da aber bei einer 6-Tage-Woche in der Regel weniger Stunden gearbeitet werden, k\u00f6nnte man auch die Stundenzahl anpassen, also von jeweils 5 Stunden an 6 Tagen ausgehen:<\/p>\n<p>Mitarbeiter X hat an 257 Tagen im Jahr gearbeitet, aber jeweils 6 Stunden, das ergibt 1.542 Arbeitsstunden im Jahr.<\/p>\n<div class=\"factorial-newsletter-widget\"><div class='fac-newsletter-banner ' id=\"newsletter-section\">\n  <div class='fac-newsletter-banner__content'>\n    <div class=\"fac-newsletter-banner_heading-container\">\n      <h4 class='fac-newsletter-banner__title'>Aktuelle Einblicke in Management, F\u00fchrung und Team-Entwicklung<\/h4>    <\/div>\n    <form class=\"fac-newsletter-banner__form\">\n      <div class=\"fac-newsletter-banner__input-button-container\">\n        <label for=\"newsletter-input\" class=\"fac-newsletter-banner__container\">\n          <div class=\"fac-newsletter-banner__input-wrapper\">\n            <div class=\"fac-newsletter-banner__icon\">\n              <svg xmlns=\"http:\/\/www.w3.org\/2000\/svg\" width=\"24\" height=\"24\" viewBox=\"0 0 24 24\" class=\"fac-newsletter-banner__icon-svg\">\n                <path d=\"M4 8a2 2 0 0 1 2-2h12a2 2 0 0 1 2 2v8a2 2 0 0 1-2 2H6a2 2 0 0 1-2-2V8Zm12.586 0H7.414l3.879 3.879a1 1 0 0 0 1.414 0L16.586 8ZM6 9.414V16h12V9.414l-3.879 3.879a3 3 0 0 1-4.242 0L6 9.414Z\"><\/path>\n              <\/svg>\n            <\/div>\n            <input id=\"newsletter-input\" class=\"fac-newsletter-banner__input\" type=\"email\" required name=\"api_qualification_entry[contact_email]\" placeholder=\"E-Mail-Adresse\">\n            <input\n              type=\"hidden\"\n              name=\"api_qualification_entry[subscribed_to_factorial_newsletter]\"\n              value=\"true\" \/>\n            <input type=\"hidden\" name=\"api_qualification_entry[gdpr_tos]\" value=\"true\" \/>\n            <input type=\"hidden\" name=\"api_qualification_entry[iso_country]\" value=\"de\" \/>\n            <input type=\"hidden\" name=\"locale\" value=\"de\" \/>\n            <input type=\"hidden\" name=\"api_qualification_entry[marketing_form_campaign]\" value=\"blog_newsletter\" \/>\n          <\/div>\n          <div class=\"fac-newsletter-banner__button-wrapper fac-newsletter-banner__button-wrapper--desktop\">\n            <button type=\"submit\" class=\"fac-newsletter-banner__button\">\n              <span>Subscribe<\/span>\n            <\/button>\n          <\/div>\n        <\/label>\n        <div class=\"fac-newsletter-banner__button-wrapper fac-newsletter-banner__button-wrapper--mobile\">\n          <button type=\"submit\" class=\"fac-newsletter-banner__button\">\n            <span>Subscribe<\/span>\n          <\/button>\n        <\/div>\n      <\/div>\n      <p class='fac-newsletter-banner__consent'>\n        Mit Eingabe Ihrer E-Mail-Adresse und Klick auf &quot;Abonnieren&quot; stimmen Sie dem Erhalt von Newslettern und Marketing-E-Mails von EVERYDAY SOFTWARE, S.L. (Factorial) zu. In unserer <a href='\/datenschutz'>Datenschutzerkl\u00e4rung<\/a> finden Sie Informationen zur Datennutzung, Ihren DSGVO-Rechten und zum Widerruf Ihrer Einwilligung.      <\/p>\n    <\/form>\n  <\/div>\n  <div class='fac-newsletter-banner_feedback fac-newsletter-banner-is-hidden'>\n    <h4 class='fac-newsletter-banner_feedback__title'>Anmeldung erfolgreich!<\/h4>    <p class='fac-newsletter-banner_feedback__subtitle'>Bleiben Sie informiert! Ab jetzt finden Sie die wichtigsten News direkt in Ihrem Postfach!<\/p>\n  <\/div>\n  <div class='fac-newsletter-banner_error fac-newsletter-banner-is-hidden'>\n    <p class='text-sm text-red-600'>Etwas ist schief gelaufen. Bitte versuchen Sie es erneut.<\/p>\n  <\/div>\n<\/div>\n\n\n<script>\n  {\n    let eventCategory = \"newsletter-banner\"\n    let formNewsletter = document.querySelector(\".fac-newsletter-banner__form\");\n    let newsletterContainer = formNewsletter.closest(\".fac-newsletter-banner__content\");\n    let feedbackNewsletter = document.querySelector(\".fac-newsletter-banner_feedback\");\n    let errorNewsletter = document.querySelector(\".fac-newsletter-banner_error\");\n    let marketingFormCampaign = formNewsletter.querySelector(\n      'input[name=\"api_qualification_entry[marketing_form_campaign]\"]'\n    ).value\n    const submitButton = formNewsletter.querySelector(\"button[type='submit']\");\n\n    if (formNewsletter) {\n      const callback = (entries, observer) => {\n        entries.forEach((entry) => {\n          if (entry.isIntersecting) {\n            window.GoogleAnalytics.trackEvent({\n              action: 'viewed_newsletter_form',\n              category: eventCategory,\n              label: marketingFormCampaign,\n              isoCode: \"de\"\n            })\n          }\n        });\n      };\n      const observer = new IntersectionObserver(callback, {});\n      observer.observe(document.querySelector(\".fac-newsletter-banner\"));\n\n      formNewsletter.onsubmit = (e) => {\n        if (formNewsletter.checkValidity()) {\n          e.preventDefault();\n          submitButton.disabled = true\n\n          window.onSubscribeNewsletter({\n            onSuccess: () => {\n              newsletterContainer.classList.add('fac-newsletter-banner-is-hidden');\n              feedbackNewsletter.classList.add('fac-newsletter-banner-is-visible');\n              errorNewsletter.classList.remove('fac-newsletter-banner-is-visible');\n              errorNewsletter.classList.add('fac-newsletter-banner-is-hidden');\n            },\n            onError: (e) => {\n              console.error(\"error\", e);\n              errorNewsletter.classList.remove('fac-newsletter-banner-is-hidden');\n              errorNewsletter.classList.add('fac-newsletter-banner-is-visible');\n              submitButton.disabled = false;\n            },\n            eventCategory\n          })(e);\n        }\n      };\n    }\n  }\n<\/script>\n\n<\/div>\n<h2>Produktive Arbeitszeit: Wie viele produktive Arbeitsstunden pro Jahr?<\/h2>\n<p>Die obige Berechnung ber\u00fccksichtigt die Anwesenheit der Arbeitnehmenden an ihrem Arbeitsplatz. Das hei\u00dft, von der Minute an, in der sie sich in die <a href=\"https:\/\/factorialhr.de\/blog\/zeitstempel\/\">Stechuhr<\/a> eintragen, bis zur Minute, in der sie sich wieder ausstempeln. Diese Zahl sagt aber nat\u00fcrlich nichts dar\u00fcber aus, ob die Besch\u00e4ftigten diese Stunden auch tats\u00e4chlich gearbeitet haben, denn kein Mensch kann 8 Stunden am St\u00fcck produktiv arbeiten.<\/p>\n<p>Die <strong>produktive Arbeitszeit<\/strong> gibt daher an, <strong>wie viele Stunden innerhalb eines Jahres tats\u00e4chlich mit Arbeit verbracht werden.<\/strong> Im Gegensatz zur reinen Arbeitszeit, die alle geleisteten Arbeitsstunden umfasst, ber\u00fccksichtigt die produktive Arbeitszeit Faktoren wie Pausen, Besprechungen, E-Mails und andere Unterbrechungen.<\/p>\n<p>Die produktive Arbeitszeit kann immer nur ein <strong>Sch\u00e4tzwert<\/strong> sein, da nicht genau gemessen werden kann, wie und wann Mitarbeiterin A tats\u00e4chlich produktiv war. Dennoch ist es das Ziel jedes Unternehmens, diese produktive Arbeitszeit so hoch wie m\u00f6glich zu halten.<\/p>\n<p>Neuere Modelle wie die <a href=\"https:\/\/factorialhr.de\/blog\/4-tage-woche\/#:~:text=Mehr%20Freizeit%20f%C3%BCr%20Mitarbeitende,auf%20andere%20Aktivit%C3%A4ten%20zu%20konzentrieren.\" rel=\"noopener noreferrer\">4-Tage-Woche<\/a> gehen von diesem Ansatz aus: Besch\u00e4ftigte sind produktiver, wenn sie mehr Freizeit und mehr Zeit zur Regeneration haben und weniger Arbeitsstunden am Arbeitsplatz verbringen. Nat\u00fcrlich ist dieses Pilot-Projekt nicht pauschal auf alle Branchen \u00fcbertragbar.<br \/>\n<script type=\"application\/ld+json\">\n{\n  \"@context\": \"https:\/\/schema.org\",\n  \"@type\": \"FAQPage\",\n  \"mainEntity\": [{\n    \"@type\": \"Question\",\n    \"name\": \"Wie viele Arbeitsstunden pro Jahr bei 40-Stunden-Woche?\",\n    \"acceptedAnswer\": {\n      \"@type\": \"Answer\",\n      \"text\": \"Die Berechnung der Jahresarbeitszeit bei einer 40-Stunden-Woche, also f\u00fcr Vollzeitbesch\u00e4ftigte, h\u00e4ngt von verschiedenen Faktoren ab. Daher kann die Jahresarbeitszeit nur beispielhaft berechnet werden. In jedem Betrieb gibt es andere Feiertage und die einzelnen Mitarbeitenden haben m\u00f6glicherweise unterschiedliche Urlaubstage.<\/p>\n<p>Beispiel<\/p>\n<p>Angenommen, Arbeitnehmer X arbeitet 8 Stunden pro Tag an 5 Wochentagen, ergeben sich daraus 260 Arbeitstage im Jahr. Davon m\u00fcssen in unserem Beispiel 30 Urlaubstage, 12 Feiertage und 14 Krankheitstage abgezogen werden. Somit bleiben 204 tats\u00e4chliche Arbeitstage \u00fcbrig. Bei einer 40-Stunden-Woche ergibt das insgesamt 1.632 Arbeitsstunden im Jahr (204 Arbeitstage x 8 Stunden pro Tag).\"\n    }\n  },{\n    \"@type\": \"Question\",\n    \"name\": \"Wie viele produktive Arbeitsstunden pro Jahr?\",\n    \"acceptedAnswer\": {\n      \"@type\": \"Answer\",\n      \"text\": \"Die obige Berechnung ber\u00fccksichtigt die Anwesenheit der Arbeitnehmenden an ihrem Arbeitsplatz. Das hei\u00dft, von der Minute an, in der sie sich in die Stechuhr eintragen, bis zur Minute, in der sie sich wieder ausstempeln. Diese Zahl sagt aber nat\u00fcrlich nichts dar\u00fcber aus, ob die Besch\u00e4ftigten diese Stunden auch tats\u00e4chlich gearbeitet haben, denn kein Mensch kann 8 Stunden am St\u00fcck produktiv arbeiten.<\/p>\n<p>Die produktive Arbeitszeit gibt daher an, wie viele Stunden innerhalb eines Jahres tats\u00e4chlich mit Arbeit verbracht werden. Im Gegensatz zur reinen Arbeitszeit, die alle geleisteten Arbeitsstunden umfasst, ber\u00fccksichtigt die produktive Arbeitszeit Faktoren wie Pausen, Besprechungen, E-Mails und andere Unterbrechungen.<\/p>\n<p>Die produktive Arbeitszeit kann immer nur ein Sch\u00e4tzwert sein, da nicht genau gemessen werden kann, wie und wann Mitarbeiterin A tats\u00e4chlich produktiv war. Dennoch ist es das Ziel jedes Unternehmens, diese produktive Arbeitszeit so hoch wie m\u00f6glich zu halten.<\/p>\n<p>Neuere Modelle wie die 4-Tage-Woche gehen von diesem Ansatz aus: Besch\u00e4ftigte sind produktiver, wenn sie mehr Freizeit und mehr Zeit zur Regeneration haben und weniger Arbeitsstunden am Arbeitsplatz verbringen. Nat\u00fcrlich ist dieses Pilot-Projekt nicht pauschal auf alle Branchen \u00fcbertragbar.\"\n    }\n  },{\n    \"@type\": \"Question\",\n    \"name\": \"Wie viele Arbeitswochen hat ein Jahr tats\u00e4chlich?\",\n    \"acceptedAnswer\": {\n      \"@type\": \"Answer\",\n      \"text\": \"Es gibt hier keine pauschale Antwort, da die tats\u00e4chlichen Arbeitswochen individuell unterschiedlich ist. Geht man allerdings von den typischen Vollzeitbesch\u00e4ftigten mit einer 5-Tage-Woche, einer t\u00e4glichen Arbeitszeit von 8 Stunden, 20 Urlaubstagen und 10 Feiertagen im Jahr aus, ergibt sich eine ungef\u00e4hre Jahresarbeitszeit von 47 Wochen.<\/p>\n<p>\u00dcbrigens: Das gesamte Arbeitsvolumen 2024 betrug in Deutschland 61,37 Mrd. Stunden.\"\n    }\n  },{\n    \"@type\": \"Question\",\n    \"name\": \"\",\n    \"acceptedAnswer\": {\n      \"@type\": \"Answer\",\n      \"text\": \"\"\n    }\n  }]\n}\n<\/script><\/p>\n","protected":false},"excerpt":{"rendered":"<p>Die Berechnung der geleisteten Arbeitsstunden bzw. Arbeitswochen pro Jahr kann ein n\u00fctzlicher Indikator f\u00fcr Arbeitgebende sein, R\u00fcckschl\u00fcsse auf die Arbeitsbelastung und Produktivit\u00e4t im Unternehmen geben und bei der Planung hilfreich sein. Im folgenden Artikel erkl\u00e4ren wir, wie die Jahresarbeitszeit der Besch\u00e4ftigten bei verschiedenen Arbeitszeitmodellen berechnet wird. Key Facts Die Jahresarbeitszeit ist die Summe aller Stunden,<a href=\"https:\/\/factorialhr.de\/blog\/arbeitsstunden-arbeitswochen-pro-jahr\/\" class=\"read-more\"> [&#8230;]<\/a><\/p>\n","protected":false},"author":263,"featured_media":171067,"comment_status":"open","ping_status":"closed","sticky":false,"template":"","format":"standard","meta":{"_acf_changed":false,"footnotes":""},"categories":[185],"tags":[],"class_list":["post-140323","post","type-post","status-publish","format-standard","has-post-thumbnail","hentry","category-arbeitszeiterfassung-factorial"],"acf":{"topics":"time"},"yoast_head":"<!-- This site is optimized with the Yoast SEO Premium plugin v21.5 (Yoast SEO v21.9.1) - https:\/\/yoast.com\/wordpress\/plugins\/seo\/ -->\n<title>Arbeitsstunden\/Arbeitswochen pro Jahr berechnen| Factorial<\/title>\n<meta name=\"description\" content=\"Die Berechnung der Arbeitsstunden bzw. Arbeitswochen pro Jahr kann Aufschluss \u00fcber die Arbeitsbelastung und die Produktivit\u00e4t geben.\" \/>\n<meta name=\"robots\" content=\"index, follow, max-snippet:-1, max-image-preview:large, max-video-preview:-1\" \/>\n<link rel=\"canonical\" href=\"https:\/\/factorialhr.de\/blog\/arbeitsstunden-arbeitswochen-pro-jahr\/\" \/>\n<meta property=\"og:locale\" content=\"de_DE\" \/>\n<meta property=\"og:type\" content=\"article\" \/>\n<meta property=\"og:title\" content=\"Arbeitsstunden &amp; Arbeitswochen pro Jahr einfach berechnen\" \/>\n<meta property=\"og:description\" content=\"Die Berechnung der Arbeitsstunden bzw. Arbeitswochen pro Jahr kann Aufschluss \u00fcber die Arbeitsbelastung und die Produktivit\u00e4t geben.\" \/>\n<meta property=\"og:url\" content=\"https:\/\/factorialhr.de\/blog\/arbeitsstunden-arbeitswochen-pro-jahr\/\" \/>\n<meta property=\"og:site_name\" content=\"Factorial\" \/>\n<meta property=\"article:publisher\" content=\"https:\/\/www.facebook.com\/people\/Factorial\/100064908455810\/\" \/>\n<meta property=\"article:published_time\" content=\"2025-10-17T13:30:35+00:00\" \/>\n<meta property=\"article:modified_time\" content=\"2025-10-17T14:09:28+00:00\" \/>\n<meta property=\"og:image\" content=\"https:\/\/factorialhr.de\/wp-content\/uploads\/2024\/09\/17160854\/arbeitsstunden-pro-jahr.webp\" \/>\n\t<meta property=\"og:image:width\" content=\"2560\" \/>\n\t<meta property=\"og:image:height\" content=\"1440\" \/>\n\t<meta property=\"og:image:type\" content=\"image\/webp\" \/>\n<meta name=\"author\" content=\"Julia Lehmann\" \/>\n<meta name=\"twitter:card\" content=\"summary_large_image\" \/>\n<meta name=\"twitter:creator\" content=\"@factorialapp\" \/>\n<meta name=\"twitter:site\" content=\"@factorialapp\" \/>\n<meta name=\"twitter:label1\" content=\"Written by\" \/>\n\t<meta name=\"twitter:data1\" content=\"Julia Lehmann\" \/>\n\t<meta name=\"twitter:label2\" content=\"Est. reading time\" \/>\n\t<meta name=\"twitter:data2\" content=\"10 Minuten\" \/>\n<script type=\"application\/ld+json\" class=\"yoast-schema-graph\">{\"@context\":\"https:\/\/schema.org\",\"@graph\":[{\"@type\":\"Article\",\"@id\":\"https:\/\/factorialhr.de\/blog\/arbeitsstunden-arbeitswochen-pro-jahr\/#article\",\"isPartOf\":{\"@id\":\"https:\/\/factorialhr.de\/blog\/arbeitsstunden-arbeitswochen-pro-jahr\/\"},\"author\":{\"name\":\"Julia Lehmann\",\"@id\":\"https:\/\/factorialhr.de\/blog\/#\/schema\/person\/cc74934c5d0462bc4a5b17a931fedb66\"},\"headline\":\"Arbeitsstunden &#038; Arbeitswochen pro Jahr einfach berechnen\",\"datePublished\":\"2025-10-17T13:30:35+00:00\",\"dateModified\":\"2025-10-17T14:09:28+00:00\",\"mainEntityOfPage\":{\"@id\":\"https:\/\/factorialhr.de\/blog\/arbeitsstunden-arbeitswochen-pro-jahr\/\"},\"wordCount\":2070,\"commentCount\":0,\"publisher\":{\"@id\":\"https:\/\/factorialhr.de\/blog\/#organization\"},\"articleSection\":[\"Arbeitszeiterfassung\"],\"inLanguage\":\"de-DE\",\"potentialAction\":[{\"@type\":\"CommentAction\",\"name\":\"Comment\",\"target\":[\"https:\/\/factorialhr.de\/blog\/arbeitsstunden-arbeitswochen-pro-jahr\/#respond\"]}]},{\"@type\":\"WebPage\",\"@id\":\"https:\/\/factorialhr.de\/blog\/arbeitsstunden-arbeitswochen-pro-jahr\/\",\"url\":\"https:\/\/factorialhr.de\/blog\/arbeitsstunden-arbeitswochen-pro-jahr\/\",\"name\":\"Arbeitsstunden\/Arbeitswochen pro Jahr berechnen| Factorial\",\"isPartOf\":{\"@id\":\"https:\/\/factorialhr.de\/blog\/#website\"},\"datePublished\":\"2025-10-17T13:30:35+00:00\",\"dateModified\":\"2025-10-17T14:09:28+00:00\",\"description\":\"Die Berechnung der Arbeitsstunden bzw. Arbeitswochen pro Jahr kann Aufschluss \u00fcber die Arbeitsbelastung und die Produktivit\u00e4t geben.\",\"inLanguage\":\"de-DE\",\"potentialAction\":[{\"@type\":\"ReadAction\",\"target\":[\"https:\/\/factorialhr.de\/blog\/arbeitsstunden-arbeitswochen-pro-jahr\/\"]}]},{\"@type\":\"WebSite\",\"@id\":\"https:\/\/factorialhr.de\/blog\/#website\",\"url\":\"https:\/\/factorialhr.de\/blog\/\",\"name\":\"Factorial\",\"description\":\"\",\"publisher\":{\"@id\":\"https:\/\/factorialhr.de\/blog\/#organization\"},\"potentialAction\":[{\"@type\":\"SearchAction\",\"target\":{\"@type\":\"EntryPoint\",\"urlTemplate\":\"https:\/\/factorialhr.de\/blog\/?s={search_term_string}\"},\"query-input\":\"required name=search_term_string\"}],\"inLanguage\":\"de-DE\"},{\"@type\":\"Organization\",\"@id\":\"https:\/\/factorialhr.de\/blog\/#organization\",\"name\":\"All-in-one business management software - Factorial\",\"url\":\"https:\/\/factorialhr.de\/blog\/\",\"logo\":{\"@type\":\"ImageObject\",\"inLanguage\":\"de-DE\",\"@id\":\"https:\/\/factorialhr.de\/blog\/#\/schema\/logo\/image\/\",\"url\":\"https:\/\/factorialhr.de\/wp-content\/uploads\/2023\/07\/18155144\/factorial-logo.png\",\"contentUrl\":\"https:\/\/factorialhr.de\/wp-content\/uploads\/2023\/07\/18155144\/factorial-logo.png\",\"width\":946,\"height\":880,\"caption\":\"All-in-one business management software - Factorial\"},\"image\":{\"@id\":\"https:\/\/factorialhr.de\/blog\/#\/schema\/logo\/image\/\"},\"sameAs\":[\"https:\/\/www.facebook.com\/people\/Factorial\/100064908455810\/\",\"https:\/\/twitter.com\/factorialapp\",\"https:\/\/www.linkedin.com\/company\/factorialhr\",\"https:\/\/www.youtube.com\/@factorialmedia\",\"https:\/\/www.instagram.com\/factorial\/#\"]},{\"@type\":\"Person\",\"@id\":\"https:\/\/factorialhr.de\/blog\/#\/schema\/person\/cc74934c5d0462bc4a5b17a931fedb66\",\"name\":\"Julia Lehmann\",\"image\":{\"@type\":\"ImageObject\",\"inLanguage\":\"de-DE\",\"@id\":\"https:\/\/factorialhr.de\/blog\/#\/schema\/person\/image\/\",\"url\":\"https:\/\/secure.gravatar.com\/avatar\/fe45cbfea7568e6654345d1539ff6270?s=96&d=identicon&r=g\",\"contentUrl\":\"https:\/\/secure.gravatar.com\/avatar\/fe45cbfea7568e6654345d1539ff6270?s=96&d=identicon&r=g\",\"caption\":\"Julia Lehmann\"},\"description\":\"Julia Lehmann ist Schriftstellerin, Philosophin, K\u00fcnstlerin und \u00dcbersetzerin. Seit \u00fcber drei Jahren setzt sie sich intensiv mit aktuellen Entwicklungen im Bereich Human Resources und der Arbeitswelt auseinander. Mit ihrem interdisziplin\u00e4ren Hintergrund analysiert sie Themen wie Unternehmenskultur, F\u00fchrung, Wandel in der Arbeitsorganisation und rechtliche Rahmenbedingungen \u2013 und liefert dabei Impulse, die sowohl in Fachkreisen als auch in der unternehmerischen Praxis Anklang finden.\",\"url\":\"https:\/\/factorialhr.de\/blog\/author\/julia-lehmann\/\"}]}<\/script>\n<!-- \/ Yoast SEO Premium plugin. -->","yoast_head_json":{"title":"Arbeitsstunden\/Arbeitswochen pro Jahr berechnen| Factorial","description":"Die Berechnung der Arbeitsstunden bzw. Arbeitswochen pro Jahr kann Aufschluss \u00fcber die Arbeitsbelastung und die Produktivit\u00e4t geben.","robots":{"index":"index","follow":"follow","max-snippet":"max-snippet:-1","max-image-preview":"max-image-preview:large","max-video-preview":"max-video-preview:-1"},"canonical":"https:\/\/factorialhr.de\/blog\/arbeitsstunden-arbeitswochen-pro-jahr\/","og_locale":"de_DE","og_type":"article","og_title":"Arbeitsstunden & Arbeitswochen pro Jahr einfach berechnen","og_description":"Die Berechnung der Arbeitsstunden bzw. Arbeitswochen pro Jahr kann Aufschluss \u00fcber die Arbeitsbelastung und die Produktivit\u00e4t geben.","og_url":"https:\/\/factorialhr.de\/blog\/arbeitsstunden-arbeitswochen-pro-jahr\/","og_site_name":"Factorial","article_publisher":"https:\/\/www.facebook.com\/people\/Factorial\/100064908455810\/","article_published_time":"2025-10-17T13:30:35+00:00","article_modified_time":"2025-10-17T14:09:28+00:00","og_image":[{"width":2560,"height":1440,"url":"https:\/\/factorialhr.de\/wp-content\/uploads\/2024\/09\/17160854\/arbeitsstunden-pro-jahr.webp","type":"image\/webp"}],"author":"Julia Lehmann","twitter_card":"summary_large_image","twitter_creator":"@factorialapp","twitter_site":"@factorialapp","twitter_misc":{"Written by":"Julia Lehmann","Est. reading time":"10 Minuten"},"schema":{"@context":"https:\/\/schema.org","@graph":[{"@type":"Article","@id":"https:\/\/factorialhr.de\/blog\/arbeitsstunden-arbeitswochen-pro-jahr\/#article","isPartOf":{"@id":"https:\/\/factorialhr.de\/blog\/arbeitsstunden-arbeitswochen-pro-jahr\/"},"author":{"name":"Julia Lehmann","@id":"https:\/\/factorialhr.de\/blog\/#\/schema\/person\/cc74934c5d0462bc4a5b17a931fedb66"},"headline":"Arbeitsstunden &#038; Arbeitswochen pro Jahr einfach berechnen","datePublished":"2025-10-17T13:30:35+00:00","dateModified":"2025-10-17T14:09:28+00:00","mainEntityOfPage":{"@id":"https:\/\/factorialhr.de\/blog\/arbeitsstunden-arbeitswochen-pro-jahr\/"},"wordCount":2070,"commentCount":0,"publisher":{"@id":"https:\/\/factorialhr.de\/blog\/#organization"},"articleSection":["Arbeitszeiterfassung"],"inLanguage":"de-DE","potentialAction":[{"@type":"CommentAction","name":"Comment","target":["https:\/\/factorialhr.de\/blog\/arbeitsstunden-arbeitswochen-pro-jahr\/#respond"]}]},{"@type":"WebPage","@id":"https:\/\/factorialhr.de\/blog\/arbeitsstunden-arbeitswochen-pro-jahr\/","url":"https:\/\/factorialhr.de\/blog\/arbeitsstunden-arbeitswochen-pro-jahr\/","name":"Arbeitsstunden\/Arbeitswochen pro Jahr berechnen| Factorial","isPartOf":{"@id":"https:\/\/factorialhr.de\/blog\/#website"},"datePublished":"2025-10-17T13:30:35+00:00","dateModified":"2025-10-17T14:09:28+00:00","description":"Die Berechnung der Arbeitsstunden bzw. Arbeitswochen pro Jahr kann Aufschluss \u00fcber die Arbeitsbelastung und die Produktivit\u00e4t geben.","inLanguage":"de-DE","potentialAction":[{"@type":"ReadAction","target":["https:\/\/factorialhr.de\/blog\/arbeitsstunden-arbeitswochen-pro-jahr\/"]}]},{"@type":"WebSite","@id":"https:\/\/factorialhr.de\/blog\/#website","url":"https:\/\/factorialhr.de\/blog\/","name":"Factorial","description":"","publisher":{"@id":"https:\/\/factorialhr.de\/blog\/#organization"},"potentialAction":[{"@type":"SearchAction","target":{"@type":"EntryPoint","urlTemplate":"https:\/\/factorialhr.de\/blog\/?s={search_term_string}"},"query-input":"required name=search_term_string"}],"inLanguage":"de-DE"},{"@type":"Organization","@id":"https:\/\/factorialhr.de\/blog\/#organization","name":"All-in-one business management software - Factorial","url":"https:\/\/factorialhr.de\/blog\/","logo":{"@type":"ImageObject","inLanguage":"de-DE","@id":"https:\/\/factorialhr.de\/blog\/#\/schema\/logo\/image\/","url":"https:\/\/factorialhr.de\/wp-content\/uploads\/2023\/07\/18155144\/factorial-logo.png","contentUrl":"https:\/\/factorialhr.de\/wp-content\/uploads\/2023\/07\/18155144\/factorial-logo.png","width":946,"height":880,"caption":"All-in-one business management software - Factorial"},"image":{"@id":"https:\/\/factorialhr.de\/blog\/#\/schema\/logo\/image\/"},"sameAs":["https:\/\/www.facebook.com\/people\/Factorial\/100064908455810\/","https:\/\/twitter.com\/factorialapp","https:\/\/www.linkedin.com\/company\/factorialhr","https:\/\/www.youtube.com\/@factorialmedia","https:\/\/www.instagram.com\/factorial\/#"]},{"@type":"Person","@id":"https:\/\/factorialhr.de\/blog\/#\/schema\/person\/cc74934c5d0462bc4a5b17a931fedb66","name":"Julia Lehmann","image":{"@type":"ImageObject","inLanguage":"de-DE","@id":"https:\/\/factorialhr.de\/blog\/#\/schema\/person\/image\/","url":"https:\/\/secure.gravatar.com\/avatar\/fe45cbfea7568e6654345d1539ff6270?s=96&d=identicon&r=g","contentUrl":"https:\/\/secure.gravatar.com\/avatar\/fe45cbfea7568e6654345d1539ff6270?s=96&d=identicon&r=g","caption":"Julia Lehmann"},"description":"Julia Lehmann ist Schriftstellerin, Philosophin, K\u00fcnstlerin und \u00dcbersetzerin. Seit \u00fcber drei Jahren setzt sie sich intensiv mit aktuellen Entwicklungen im Bereich Human Resources und der Arbeitswelt auseinander. Mit ihrem interdisziplin\u00e4ren Hintergrund analysiert sie Themen wie Unternehmenskultur, F\u00fchrung, Wandel in der Arbeitsorganisation und rechtliche Rahmenbedingungen \u2013 und liefert dabei Impulse, die sowohl in Fachkreisen als auch in der unternehmerischen Praxis Anklang finden.","url":"https:\/\/factorialhr.de\/blog\/author\/julia-lehmann\/"}]}},"_links":{"self":[{"href":"https:\/\/factorialhr.de\/blog\/wp-json\/wp\/v2\/posts\/140323"}],"collection":[{"href":"https:\/\/factorialhr.de\/blog\/wp-json\/wp\/v2\/posts"}],"about":[{"href":"https:\/\/factorialhr.de\/blog\/wp-json\/wp\/v2\/types\/post"}],"author":[{"embeddable":true,"href":"https:\/\/factorialhr.de\/blog\/wp-json\/wp\/v2\/users\/263"}],"replies":[{"embeddable":true,"href":"https:\/\/factorialhr.de\/blog\/wp-json\/wp\/v2\/comments?post=140323"}],"version-history":[{"count":33,"href":"https:\/\/factorialhr.de\/blog\/wp-json\/wp\/v2\/posts\/140323\/revisions"}],"predecessor-version":[{"id":140507,"href":"https:\/\/factorialhr.de\/blog\/wp-json\/wp\/v2\/posts\/140323\/revisions\/140507"}],"wp:featuredmedia":[{"embeddable":true,"href":"https:\/\/factorialhr.de\/blog\/wp-json\/wp\/v2\/media\/171067"}],"wp:attachment":[{"href":"https:\/\/factorialhr.de\/blog\/wp-json\/wp\/v2\/media?parent=140323"}],"wp:term":[{"taxonomy":"category","embeddable":true,"href":"https:\/\/factorialhr.de\/blog\/wp-json\/wp\/v2\/categories?post=140323"},{"taxonomy":"post_tag","embeddable":true,"href":"https:\/\/factorialhr.de\/blog\/wp-json\/wp\/v2\/tags?post=140323"}],"curies":[{"name":"wp","href":"https:\/\/api.w.org\/{rel}","templated":true}]}}