{"id":147787,"date":"2025-01-21T14:44:19","date_gmt":"2025-01-21T12:44:19","guid":{"rendered":"https:\/\/factorialhr.com\/blog\/?p=147787"},"modified":"2026-04-23T15:56:39","modified_gmt":"2026-04-23T13:56:39","slug":"kognitive-dissonanz","status":"publish","type":"post","link":"https:\/\/factorialhr.de\/blog\/kognitive-dissonanz\/","title":{"rendered":"Kognitive Dissonanz: Theorie und Reduktion"},"content":{"rendered":"<p>Im Alltag begegnen uns h\u00e4ufig unz\u00e4hlige Situationen, die eine<strong> kognitive Dissonanz<\/strong> in uns ausl\u00f6sen. Das bedeutet, dass wir einen <strong>Widerspruch und eine Spannung<\/strong> zwischen zwei verschiedenen Kognitionen oder Sachverhalten empfinden. Gerade im Berufsalltag kommen solche Situationen h\u00e4ufig vor. Im folgenden Artikel erkl\u00e4ren wir das Ph\u00e4nomen genauer und erl\u00e4utern, welche Strategien es zur Dissonanzreduktion gibt.<\/p>\n<h2 id=\"key-facts\">Wichtige Fakten<\/h2>\n<ul>\n<li>Kognitive Dissonanz bezeichnet den mentalen Stress, der entsteht, wenn eine Person zwei oder mehr widerspr\u00fcchliche \u00dcberzeugungen, Werte oder Handlungen gleichzeitig aufrechterh\u00e4lt.<\/li>\n<li>In Deutschland f\u00fchlen sich laut dem Gallup Engagement Index 2025 rund 19 % der Besch\u00e4ftigten emotional nicht an ihr Unternehmen gebunden, was ein N\u00e4hrboden f\u00fcr kognitive Dissonanz sein kann.<\/li>\n<li>Chronischer Stress am Arbeitsplatz, eine h\u00e4ufige Folge von Dissonanz, ist laut einer Studie der Techniker Krankenkasse aus dem Jahr 2025 f\u00fcr einen signifikanten Teil der psychisch bedingten Fehltage verantwortlich.<\/li>\n<li>Unternehmen mit einer starken, wertebasierten Kultur k\u00f6nnen laut Haufe die durch Dissonanz verursachte K\u00fcndigungsabsicht um bis zu 30 % reduzieren, indem sie f\u00fcr eine klare \u00dcbereinstimmung von Werten und Handeln sorgen.<\/li>\n<\/ul>\n<ul>\n<li><a href=\"#definition\" target=\"_blank\" rel=\"noopener\">Was ist kognitive Dissonanz?<\/a><\/li>\n<li><a href=\"#beispiele\" target=\"_blank\" rel=\"noopener\">Wo begegnet uns kognitive Dissonanz im Alltag und Berufsleben?<\/a><\/li>\n<li><a href=\"#entstehung\" target=\"_blank\" rel=\"noopener\">Wie entsteht kognitive Dissonanz?<\/a><\/li>\n<li><a href=\"#dissonanzreduktion\" target=\"_blank\" rel=\"noopener\">Welche Strategien gibt es zur Reduktion kognitiver Dissonanz?<\/a><\/li>\n<li><a href=\"#auswirkungen\" target=\"_blank\" rel=\"noopener\">Warum ist kognitive Dissonanz am Arbeitsplatz ein Problem?<\/a><\/li>\n<\/ul>\n<div>\n<div class=\"factorial-banner inline-banner banner-freebie category-tipps\"\n    data-banner-id=\"164339\"\n    data-banner-type=\"freebie\"\n    data-category=\"Tipps\">\n    <div class=\"banner-content\">\n        <div class=\"banner-text\">\n                            <h4>Test: Stresslevel im Unternehmen ermitteln<\/h4>\n            \n                            <p>Sind Ihre Mitarbeitenden gestresst? Nutzen Sie den einfachen Test, um Anzeichen von Stress, \u00dcberforderung oder schlechter Kommunikation zu erkennen.<\/p>\n            \n                            <a href=\"https:\/\/4960096.fs1.hubspotusercontent-na1.net\/hubfs\/4960096\/DACH%20Marketing\/Test%20Stress%20am%20Arbeitsplatz%20NEW25.docx\"\n                    class=\"factorial-cta-button not-prose freebie\" data-cta=\"freebie\" data-cta-position=\"inline-banner\">\n                    Kostenlos herunterladen                <\/a>\n                    <\/div>\n\n        <div class=\"banner-image no-image\">\n            <img decoding=\"async\" src=\"https:\/\/factorialhr.de\/blog\/app\/plugins\/factorial-utilities\/assets\/images\/banners\/inline\/backgrounds\/default_image.svg\" class=\"not-prose\" \/>\n        <\/div>\n    <\/div>\n<\/div>\n<\/div>\n<h2 id=\"definition\">Was ist kognitive Dissonanz? \u2013 Definition<\/h2>\n<p>Es ist ganz normal, dass uns im Alltag viele Situationen begegnen, die nicht frei von Widerspr\u00fcchen sind. Der Mensch ist ein ambivalentes Wesen. Wir k\u00f6nnen das eine sagen und das andere tun. Manchmal sind diese Gegens\u00e4tze nicht so schlimm, in anderen F\u00e4llen entstehen jedoch Spannungen zwischen Gef\u00fchlen, \u00dcberzeugungen, Meinungen oder Gedanken, die so widerspr\u00fcchlich sind, dass ein<strong> innerer Konflikt<\/strong> entsteht \u2013 das nennt man <strong>kognitive Dissonanz.<\/strong> Da dieser <a href=\"https:\/\/factorialhr.de\/blog\/konfliktmanagement\/\" target=\"_self\" rel=\"noopener\">Konflikt<\/a> schwer auszuhalten ist, versuchen wir, ihn zu l\u00f6sen, indem wir unser Verhalten rechtfertigen oder dieses \u00e4ndern.<\/p>\n<h3>Theorie der kognitiven Dissonanz \u2013 Ursprung<\/h3>\n<p>Der amerikanische <strong>Sozialpsychologe<\/strong> <strong>Leon Festinger<\/strong> entwickelte die Dissonanztheorie in den 1950er Jahren. Im Rahmen seiner Forschungen zur menschlichen Entscheidungsfindung entwickelte er diese Theorie als Erweiterung der Konsistenz- und Gleichgewichtstheorien. Der zentrale Gedanke der Dissonanztheorie besagt, dass widerspr\u00fcchliche Gedanken, Meinungen oder Verhaltensweisen ein unangenehmes Gef\u00fchl, die sogenannte Dissonanz, verursachen.<\/p>\n<p>In Bezug auf seine Untersuchungen zur Entscheidungsfindung war diese Erkenntnis besonders wichtig, da Festinger feststellte, dass Menschen nach einer Entscheidung bevorzugt solche Informationen aufnehmen, die ihre Wahl unterst\u00fctzen, w\u00e4hrend sie Informationen, die diese in frage stellen k\u00f6nnten, eher ignorieren. Dies tun sie, um genau diesem widerspr\u00fcchlichen oder spannungsgeladenen Zustand zu entgehen.<\/p>\n<h2 id=\"beispiele\">Wo begegnet uns kognitive Dissonanz im Alltag und Berufsleben?<\/h2>\n<p>Das psychologische Ph\u00e4nomen der kognitiven Dissonanz begegnet uns weit h\u00e4ufiger im Alltag und Berufsleben, als wir denken. Schauen wir uns zum besseren Verst\u00e4ndnis einige Beispiele an.<\/p>\n<h3>Beispiel aus dem Alltag<\/h3>\n<p>Die meisten Menschen wissen, dass Rauchen ungesund ist. Trotzdem tun es viele. Zwischen ihrem Wissen und ihrem Verhalten entsteht also ein Widerspruch. Dieser l\u00f6st eine innere Unruhe und einen inneren Konflikt bei den rauchenden Personen aus. Um dieses unangenehme Gef\u00fchl aufzul\u00f6sen, k\u00f6nnen rauchende Personen nun entweder ihre Einstellung zum Rauchen \u00e4ndern, indem sie es verharmlosen, oder sie \u00e4ndern ihr Verhalten und geben das Rauchen auf.<\/p>\n<h3>Beispiele aus dem Berufsleben<\/h3>\n<p>Eine besch\u00e4ftigte Person arbeitet f\u00fcr ein Unternehmen, dessen F\u00fchrungskraft sich \u00f6ffentlich f\u00fcr eine extreme politische Partei ausspricht. Dies f\u00fchrt bei zu einem inneren Konflikt, da die Person ethische Bedenken hat. Einerseits besteht der Wunsch, die eigene Arbeitsstelle zu behalten, andererseits ist die Zusammenarbeit mit der F\u00fchrungskraft nicht mit den eigenen Werten vereinbar. Zur Aufl\u00f6sung dieses Konflikts k\u00f6nnte die Person entweder k\u00fcndigen oder die politische Haltung der F\u00fchrungskraft als private Meinung rationalisieren, die nichts mit der Arbeit zu tun hat.<\/p>\n<p>Eine Fachkraft tritt in ein Unternehmen ein, das nach au\u00dfen einen besonderen Schwerpunkt auf <a href=\"https:\/\/factorialhr.de\/blog\/diversity-management\/\" target=\"_self\" rel=\"noopener\">Diversity und Inklusion<\/a> legt. Im Arbeitsalltag stellt sich jedoch heraus, dass es sich dabei eher um oberfl\u00e4chliche Bekenntnisse als um eine tats\u00e4chlich gelebte <a href=\"https:\/\/factorialhr.de\/blog\/unternehmenskultur\/\" target=\"_self\" rel=\"noopener\">Unternehmenskultur<\/a> handelt. Diese Diskrepanz l\u00f6st bei der Person Unzufriedenheit und innerer Spannung<\/p>\n<p>Tipp: Lassen Sie es erst gar nicht so weit in Ihrem Betrieb kommen. Nutzen Sie das <a href=\"https:\/\/help.factorialhr.com\/de_DE\/surveys-enps\/about-the-surveys-functionality\" target=\"_self\" rel=\"noopener\">Feedback-Tool<\/a> von <a href=\"https:\/\/factorialhr.de\/\" target=\"_self\" rel=\"noopener\">Factorial<\/a> mit umfassenden (auch anonymen) Umfragefunktionen. Das Tool stellt Feedbackrunden und Umfragen visuell \u00fcbersichtlich dar, sodass Sie schnell einen \u00dcberblick \u00fcber die Ergebnisse erhalten und daraus Ihre Ma\u00dfnahmen ableiten k\u00f6nnen. <a href=\"https:\/\/factorialhr.de\/blog\/mitarbeiterzufriedenheit\/#:~:text=Die%20Messung%20der%20Mitarbeiterzufriedenheit%20kann,positiven%20Unternehmenskultur%20in%20Verbindung%20gebracht.\" target=\"_self\" rel=\"noopener\">Mitarbeiterzufriedenheit<\/a> und <a href=\"https:\/\/factorialhr.de\/enps\" target=\"_self\" rel=\"noopener\">eNPS<\/a> k\u00f6nnen so ganz einfach gemessen werden.<\/p>\n<h2 id=\"entstehung\">Wie entsteht kognitive Dissonanz?<\/h2>\n<p>Kognitive Dissonanz entsteht, wenn zwei widerspr\u00fcchliche Sachverhalte aufeinandertreffen. Dies kann aus folgenden Gr\u00fcnden geschehen:<\/p>\n<ul>\n<li><strong>Widerspr\u00fcchliche Informationen:<\/strong> Neue Informationen stehen im Widerspruch zu bereits bestehenden \u00dcberzeugungen.<\/li>\n<li><strong>Entscheidungen:<\/strong> Nach einer Entscheidung neigen wir dazu, mehr Informationen zu suchen, die die Vorteile unserer Wahl best\u00e4tigen, w\u00e4hrend wir negative Aspekte ausblenden.<\/li>\n<li><strong>Verhalten:<\/strong> Auch wenn wir wissen, dass etwas ungesund ist (z.\u00a0B. Zucker), handeln wir entgegen diesem Wissen, etwa indem wir Schokolade essen, und f\u00fchlen uns danach schlecht.<\/li>\n<li><strong>Soziale Erwartungen:<\/strong> Es kommt vor, dass von uns etwas erwartet wird, das wir nicht mit unseren eigenen \u00dcberzeugungen oder Einstellungen in Einklang bringen k\u00f6nnen.<\/li>\n<li><strong>Nicht erf\u00fcllte Erwartungen:<\/strong> Besonders h\u00e4ufig kommt es vor, dass Erwartungen, die wir hatten, nicht erf\u00fcllt werden. Das kann eine kognitive Dissonanz entstehen lassen.<\/li>\n<\/ul>\n<p>Beispiel: Mitarbeiterin X hat jahrelang auf eine Bef\u00f6rderung in eine andere Abteilung gewartet. Die Arbeit dort hat sie sich abwechslungsreich und herausfordernd vorgestellt. Nach der Bef\u00f6rderung muss sie jedoch feststellen, dass die Aufgaben sehr monoton sind. Diese Diskrepanz zwischen Realit\u00e4t und ihren vorherigen Erwartungen f\u00fchrt zu kognitiver Dissonanz.<\/p>\n<ul>\n<li><strong>Selbstbild:<\/strong> Unser Selbstbild ger\u00e4t in Widerspruch zu neuen Informationen, die wir erhalten, was zu innerer Spannung f\u00fchrt.<\/li>\n<\/ul>\n<p>Beispiel: Eine Person versteht sich selbst als umweltbewusste Person, kauft im Supermarkt aber dennoch oft in Plastik verpackte Produkte.<\/p>\n<p><iframe src=\"https:\/\/www.youtube.com\/embed\/9l7FRrsxzlo?start=3&amp;feature=oembed\" width=\"560\" height=\"315\" frameborder=\"0\" allowfullscreen=\"allowfullscreen\"><\/iframe><\/p>\n<h2 id=\"dissonanzreduktion\">Welche Strategien gibt es zur Reduktion kognitiver Dissonanz?<\/h2>\n<p>Da die wahrgenommene Dissonanz sehr unangenehm ist, versuchen Menschen, dieses Gef\u00fchl aufzul\u00f6sen. Diesen Vorgang bezeichnet man als Dissonanzreduktion. Dabei stehen verschiedene Strategien zur Verf\u00fcgung:<\/p>\n<ul>\n<li><strong>\u00c4nderung des Verhaltens:<\/strong> Die direkteste Methode ist, das Verhalten an die \u00dcberzeugung anzupassen. Stellt eine Person fest, dass ihr Unternehmen entgegen der \u00f6ffentlichen Darstellung umweltsch\u00e4dlich handelt, kann sie k\u00fcndigen, um den Widerspruch zu den eigenen Werten aufzul\u00f6sen.<\/li>\n<li><strong>\u00c4nderung der Kognition (Einstellung):<\/strong> Hierbei wird die eigene Einstellung oder \u00dcberzeugung ge\u00e4ndert, um sie mit dem Verhalten in Einklang zu bringen. Eine Person, die trotz des Wissens um die Sch\u00e4dlichkeit weiter raucht, redet sich ein, dass der Genuss die Risiken \u00fcberwiegt.<\/li>\n<li><strong>Hinzuf\u00fcgen neuer Kognitionen:<\/strong> Widerspr\u00fcchliche Elemente werden durch das Hinzuf\u00fcgen neuer, konsonanter Gedanken abgeschw\u00e4cht. Eine Person, die f\u00fcr ein Unternehmen mit fragw\u00fcrdigen Umweltpraktiken arbeitet, k\u00f6nnte argumentieren, dass das hohe Gehalt es ihr erm\u00f6glicht, privat besonders nachhaltig zu leben und zu spenden.<\/li>\n<li><strong>Verharmlosung oder Ignorieren der Information:<\/strong> Die Bedeutung der widerspr\u00fcchlichen Informationen wird heruntergespielt oder aktiv ignoriert. So k\u00f6nnte eine Fachkraft Ger\u00fcchte \u00fcber unethische Praktiken im Unternehmen als \u201enur Gerede\u201c abtun, um den inneren Konflikt zu vermeiden.<\/li>\n<li><strong>Projektion:<\/strong> Die eigene Dissonanz wird auf andere \u00fcbertragen. Eine Person, die f\u00fcr ihr h\u00e4ufiges Zusp\u00e4tkommen kritisiert wird, verweist auf andere im Team, die angeblich noch unp\u00fcnktlicher sind, anstatt das eigene Verhalten zu reflektieren.<\/li>\n<\/ul>\n<h2 id=\"auswirkungen\">Warum ist kognitive Dissonanz am Arbeitsplatz ein Problem?<\/h2>\n<p>Auch wenn die Dissonanzreduktion manchmal notwendig ist, um nicht an einer Situation zu zerbrechen, kann die kognitive Dissonanz \u2013 gerade im Berufsalltag \u2013 echte Schwierigkeiten mit sich bringen.<\/p>\n<p>Wir wenden eine Strategie an, um unsere \u00dcberzeugungen \u00fcber eine Sache aufrechtzuerhalten. So werden z. B. bestimmte Informationen, die eigentlich richtig und objektiv sind, ignoriert oder verleugnet. Dies f\u00fchrt dazu, dass wir Entscheidungen nicht auf der richtigen Grundlage treffen, was negative Konsequenzen nach sich ziehen kann.<\/p>\n<p>Auf organisationaler Ebene kann dies zu einer Kultur des \u201eWegschauens\u201c f\u00fchren, in der unethische Praktiken oder strategische Fehlentwicklungen von der Belegschaft toleriert werden, um den unangenehmen Zustand der Dissonanz zu vermeiden. Dies gef\u00e4hrdet nicht nur die Innovationskraft, sondern kann auch rechtliche Konsequenzen haben.<\/p>\n<p>Eine lange aufrechterhaltene kognitive Dissonanz, die nicht aufgel\u00f6st wird, kann zu enormem <a href=\"https:\/\/factorialhr.de\/blog\/stress-am-arbeitsplatz\/\" target=\"_self\" rel=\"noopener\">Stress<\/a> und Unwohlsein unter den betroffenen Besch\u00e4ftigten f\u00fchren. Dies kann bis hin zu psychischen oder k\u00f6rperlichen Symptomen reichen.<\/p>\n<p><strong>Hinweis:<\/strong> Studien zeigen immer wieder, wie viele Menschen durch \u00dcberlastung und Unterforderung von Depressionen, <a href=\"https:\/\/factorialhr.de\/blog\/burnout\/\" target=\"_self\" rel=\"noopener\">Burnout<\/a> oder \u00e4hnlichen Problemen betroffen sind. <strong>Die Unzufriedenheit der Besch\u00e4ftigten am Arbeitsplatz ist in Deutschland sehr hoch.<\/strong> Arbeitgebende sind hier gefordert, f\u00fcr eine positivere Arbeitsatmosph\u00e4re zu sorgen, in der kognitive Dissonanzen reduziert werden. Eine Analyse des Wissenschaftlichen Instituts der AOK (WIdO) aus dem Jahr 2025 best\u00e4tigt, dass eine als fair und sozial wahrgenommene Unternehmensf\u00fchrung direkt mit einer h\u00f6heren Mitarbeiterzufriedenheit und geringeren psychischen Belastungen korreliert. Dies f\u00fchrt auch zu weniger <a href=\"https:\/\/factorialhr.de\/blog\/fehlzeitenmanagement\/\" target=\"_self\" rel=\"noopener\">Fehlzeiten<\/a>.<\/p>\n<h3>Was ist das Gegenteil von kognitiver Dissonanz?<\/h3>\n<p>Das Gegenteil von kognitiver Dissonanz ist die <strong>kognitive Konsonanz<\/strong>. Dieser Zustand liegt vor, wenn \u00dcberzeugungen, Werte und Handlungen einer Person im Einklang miteinander stehen. Am Arbeitsplatz f\u00fchrt Konsonanz zu einem Gef\u00fchl der Stimmigkeit, h\u00f6herer Arbeitszufriedenheit und authentischem Handeln, da keine inneren Widerspr\u00fcche aufgel\u00f6st werden m\u00fcssen.<\/p>\n<h3>Kann chronische Dissonanz zu einer Krankheit f\u00fchren?<\/h3>\n<p>Ja, langanhaltende und ungel\u00f6ste kognitive Dissonanz kann zu einer ernsthaften psychischen Belastung f\u00fchren. Der chronische Stress kann Symptome einer <strong>kognitiven Dissonanzst\u00f6rung<\/strong> hervorrufen, die sich in Form von Angstst\u00f6rungen, Depressionen oder Burnout \u00e4u\u00dfern. Laut dem DAK-Psychoreport 2025 ist die Zahl der Fehltage aufgrund psychischer Erkrankungen in den letzten Jahren weiter gestiegen, was die Bedeutung eines gesunden Arbeitsumfelds unterstreicht. In solchen F\u00e4llen ist eine professionelle psychologische Beratung ratsam.<\/p>\n<h2>FAQ<\/h2>\n<h3>Was bedeutet kognitive Dissonanz einfach erkl\u00e4rt?<\/h3>\n<p>Kognitive Dissonanz ist ein unangenehmes Gef\u00fchl, das entsteht, wenn unsere Gedanken, \u00dcberzeugungen oder Verhaltensweisen im Widerspruch zueinander stehen. Dieser innere Konflikt erzeugt eine psychische Spannung, die wir instinktiv aufl\u00f6sen m\u00f6chten.<\/p>\n<h3>Was sind Beispiele f\u00fcr kognitive Dissonanz?<\/h3>\n<p>Ein klassisches Beispiel ist eine Person, die raucht, obwohl sie wei\u00df, dass es ungesund ist. Im Berufsleben entsteht Dissonanz, wenn die pers\u00f6nlichen Werte eines Mitarbeitenden nicht mit der gelebten Unternehmenskultur \u00fcbereinstimmen, was zu einem inneren Konflikt f\u00fchrt.<\/p>\n<h3>Was ist das Gegenteil von kognitiver Dissonanz?<\/h3>\n<p>Das Gegenteil von kognitiver Dissonanz ist kognitive Konsonanz oder Konsistenz. Dieser Zustand liegt vor, wenn \u00dcberzeugungen, Werte und Handlungen einer Person miteinander im Einklang stehen und keinen inneren Widerspruch oder psychisches Unbehagen verursachen.<\/p>\n","protected":false},"excerpt":{"rendered":"<p>Im Alltag begegnen uns h\u00e4ufig unz\u00e4hlige Situationen, die eine kognitive Dissonanz in uns ausl\u00f6sen. Das bedeutet, dass wir einen Widerspruch und eine Spannung zwischen zwei verschiedenen Kognitionen oder Sachverhalten empfinden. Gerade im Berufsalltag kommen solche Situationen h\u00e4ufig vor. Im folgenden Artikel erkl\u00e4ren wir das Ph\u00e4nomen genauer und erl\u00e4utern, welche Strategien es zur Dissonanzreduktion gibt. Wichtige<a href=\"https:\/\/factorialhr.de\/blog\/kognitive-dissonanz\/\" class=\"read-more\"> [&#8230;]<\/a><\/p>\n","protected":false},"author":263,"featured_media":149619,"comment_status":"closed","ping_status":"closed","sticky":false,"template":"","format":"standard","meta":{"_acf_changed":false,"footnotes":""},"categories":[99],"tags":[],"class_list":["post-147787","post","type-post","status-publish","format-standard","has-post-thumbnail","hentry","category-factorial-tips"],"acf":{"topics":"brand-content"},"yoast_head":"<!-- This site is optimized with the Yoast SEO Premium plugin v21.5 (Yoast SEO v21.9.1) - https:\/\/yoast.com\/wordpress\/plugins\/seo\/ -->\n<title>Kognitive Dissonanz: Ursachen &amp; Reduktion am Arbeitsplatz<\/title>\n<meta name=\"description\" content=\"Was ist kognitive Dissonanz? Verstehen Sie, wie dieser innere Konflikt im Berufsalltag entsteht und lernen Sie effektive Reduktionsstrategien\" \/>\n<meta name=\"robots\" content=\"index, follow, max-snippet:-1, max-image-preview:large, max-video-preview:-1\" \/>\n<link rel=\"canonical\" href=\"https:\/\/factorialhr.de\/blog\/kognitive-dissonanz\/\" \/>\n<meta property=\"og:locale\" content=\"de_DE\" \/>\n<meta property=\"og:type\" content=\"article\" \/>\n<meta property=\"og:title\" content=\"Kognitive Dissonanz: Theorie und Reduktion\" \/>\n<meta property=\"og:description\" content=\"Was ist kognitive Dissonanz? Verstehen Sie, wie dieser innere Konflikt im Berufsalltag entsteht und lernen Sie effektive Reduktionsstrategien\" \/>\n<meta property=\"og:url\" content=\"https:\/\/factorialhr.de\/blog\/kognitive-dissonanz\/\" \/>\n<meta property=\"og:site_name\" content=\"Factorial\" \/>\n<meta property=\"article:publisher\" content=\"https:\/\/www.facebook.com\/people\/Factorial\/100064908455810\/\" \/>\n<meta property=\"article:published_time\" content=\"2025-01-21T12:44:19+00:00\" \/>\n<meta property=\"article:modified_time\" content=\"2026-04-23T13:56:39+00:00\" \/>\n<meta property=\"og:image\" content=\"https:\/\/factorialhr.de\/wp-content\/uploads\/2025\/01\/21144142\/Kognitive-Diss.webp\" \/>\n\t<meta property=\"og:image:width\" content=\"2206\" \/>\n\t<meta property=\"og:image:height\" content=\"1160\" \/>\n\t<meta property=\"og:image:type\" content=\"image\/webp\" \/>\n<meta name=\"author\" content=\"Julia Lehmann\" \/>\n<meta name=\"twitter:card\" content=\"summary_large_image\" \/>\n<meta name=\"twitter:creator\" content=\"@factorialapp\" \/>\n<meta name=\"twitter:site\" content=\"@factorialapp\" \/>\n<meta name=\"twitter:label1\" content=\"Written by\" \/>\n\t<meta name=\"twitter:data1\" content=\"Julia Lehmann\" \/>\n\t<meta name=\"twitter:label2\" content=\"Est. reading time\" \/>\n\t<meta name=\"twitter:data2\" content=\"8 Minuten\" \/>\n<script type=\"application\/ld+json\" class=\"yoast-schema-graph\">{\"@context\":\"https:\/\/schema.org\",\"@graph\":[{\"@type\":\"Article\",\"@id\":\"https:\/\/factorialhr.de\/blog\/kognitive-dissonanz\/#article\",\"isPartOf\":{\"@id\":\"https:\/\/factorialhr.de\/blog\/kognitive-dissonanz\/\"},\"author\":{\"name\":\"Julia Lehmann\",\"@id\":\"https:\/\/factorialhr.de\/blog\/#\/schema\/person\/cc74934c5d0462bc4a5b17a931fedb66\"},\"headline\":\"Kognitive Dissonanz: Theorie und Reduktion\",\"datePublished\":\"2025-01-21T12:44:19+00:00\",\"dateModified\":\"2026-04-23T13:56:39+00:00\",\"mainEntityOfPage\":{\"@id\":\"https:\/\/factorialhr.de\/blog\/kognitive-dissonanz\/\"},\"wordCount\":1723,\"publisher\":{\"@id\":\"https:\/\/factorialhr.de\/blog\/#organization\"},\"articleSection\":[\"Tipps\"],\"inLanguage\":\"de-DE\"},{\"@type\":\"WebPage\",\"@id\":\"https:\/\/factorialhr.de\/blog\/kognitive-dissonanz\/\",\"url\":\"https:\/\/factorialhr.de\/blog\/kognitive-dissonanz\/\",\"name\":\"Kognitive Dissonanz: Ursachen & Reduktion am Arbeitsplatz\",\"isPartOf\":{\"@id\":\"https:\/\/factorialhr.de\/blog\/#website\"},\"datePublished\":\"2025-01-21T12:44:19+00:00\",\"dateModified\":\"2026-04-23T13:56:39+00:00\",\"description\":\"Was ist kognitive Dissonanz? Verstehen Sie, wie dieser innere Konflikt im Berufsalltag entsteht und lernen Sie effektive Reduktionsstrategien\",\"inLanguage\":\"de-DE\",\"potentialAction\":[{\"@type\":\"ReadAction\",\"target\":[\"https:\/\/factorialhr.de\/blog\/kognitive-dissonanz\/\"]}]},{\"@type\":\"WebSite\",\"@id\":\"https:\/\/factorialhr.de\/blog\/#website\",\"url\":\"https:\/\/factorialhr.de\/blog\/\",\"name\":\"Factorial\",\"description\":\"\",\"publisher\":{\"@id\":\"https:\/\/factorialhr.de\/blog\/#organization\"},\"potentialAction\":[{\"@type\":\"SearchAction\",\"target\":{\"@type\":\"EntryPoint\",\"urlTemplate\":\"https:\/\/factorialhr.de\/blog\/?s={search_term_string}\"},\"query-input\":\"required name=search_term_string\"}],\"inLanguage\":\"de-DE\"},{\"@type\":\"Organization\",\"@id\":\"https:\/\/factorialhr.de\/blog\/#organization\",\"name\":\"All-in-one business management software - Factorial\",\"url\":\"https:\/\/factorialhr.de\/blog\/\",\"logo\":{\"@type\":\"ImageObject\",\"inLanguage\":\"de-DE\",\"@id\":\"https:\/\/factorialhr.de\/blog\/#\/schema\/logo\/image\/\",\"url\":\"https:\/\/factorialhr.de\/wp-content\/uploads\/2023\/07\/18155144\/factorial-logo.png\",\"contentUrl\":\"https:\/\/factorialhr.de\/wp-content\/uploads\/2023\/07\/18155144\/factorial-logo.png\",\"width\":946,\"height\":880,\"caption\":\"All-in-one business management software - Factorial\"},\"image\":{\"@id\":\"https:\/\/factorialhr.de\/blog\/#\/schema\/logo\/image\/\"},\"sameAs\":[\"https:\/\/www.facebook.com\/people\/Factorial\/100064908455810\/\",\"https:\/\/twitter.com\/factorialapp\",\"https:\/\/www.linkedin.com\/company\/factorialhr\",\"https:\/\/www.youtube.com\/@factorialmedia\",\"https:\/\/www.instagram.com\/factorial\/#\"]},{\"@type\":\"Person\",\"@id\":\"https:\/\/factorialhr.de\/blog\/#\/schema\/person\/cc74934c5d0462bc4a5b17a931fedb66\",\"name\":\"Julia Lehmann\",\"image\":{\"@type\":\"ImageObject\",\"inLanguage\":\"de-DE\",\"@id\":\"https:\/\/factorialhr.de\/blog\/#\/schema\/person\/image\/\",\"url\":\"https:\/\/secure.gravatar.com\/avatar\/fe45cbfea7568e6654345d1539ff6270?s=96&d=identicon&r=g\",\"contentUrl\":\"https:\/\/secure.gravatar.com\/avatar\/fe45cbfea7568e6654345d1539ff6270?s=96&d=identicon&r=g\",\"caption\":\"Julia Lehmann\"},\"description\":\"Julia Lehmann ist Schriftstellerin, Philosophin, K\u00fcnstlerin und \u00dcbersetzerin. Seit \u00fcber drei Jahren setzt sie sich intensiv mit aktuellen Entwicklungen im Bereich Human Resources und der Arbeitswelt auseinander. Mit ihrem interdisziplin\u00e4ren Hintergrund analysiert sie Themen wie Unternehmenskultur, F\u00fchrung, Wandel in der Arbeitsorganisation und rechtliche Rahmenbedingungen \u2013 und liefert dabei Impulse, die sowohl in Fachkreisen als auch in der unternehmerischen Praxis Anklang finden.\",\"url\":\"https:\/\/factorialhr.de\/blog\/author\/julia-lehmann\/\"}]}<\/script>\n<!-- \/ Yoast SEO Premium plugin. -->","yoast_head_json":{"title":"Kognitive Dissonanz: Ursachen & Reduktion am Arbeitsplatz","description":"Was ist kognitive Dissonanz? Verstehen Sie, wie dieser innere Konflikt im Berufsalltag entsteht und lernen Sie effektive Reduktionsstrategien","robots":{"index":"index","follow":"follow","max-snippet":"max-snippet:-1","max-image-preview":"max-image-preview:large","max-video-preview":"max-video-preview:-1"},"canonical":"https:\/\/factorialhr.de\/blog\/kognitive-dissonanz\/","og_locale":"de_DE","og_type":"article","og_title":"Kognitive Dissonanz: Theorie und Reduktion","og_description":"Was ist kognitive Dissonanz? Verstehen Sie, wie dieser innere Konflikt im Berufsalltag entsteht und lernen Sie effektive Reduktionsstrategien","og_url":"https:\/\/factorialhr.de\/blog\/kognitive-dissonanz\/","og_site_name":"Factorial","article_publisher":"https:\/\/www.facebook.com\/people\/Factorial\/100064908455810\/","article_published_time":"2025-01-21T12:44:19+00:00","article_modified_time":"2026-04-23T13:56:39+00:00","og_image":[{"width":2206,"height":1160,"url":"https:\/\/factorialhr.de\/wp-content\/uploads\/2025\/01\/21144142\/Kognitive-Diss.webp","type":"image\/webp"}],"author":"Julia Lehmann","twitter_card":"summary_large_image","twitter_creator":"@factorialapp","twitter_site":"@factorialapp","twitter_misc":{"Written by":"Julia Lehmann","Est. reading time":"8 Minuten"},"schema":{"@context":"https:\/\/schema.org","@graph":[{"@type":"Article","@id":"https:\/\/factorialhr.de\/blog\/kognitive-dissonanz\/#article","isPartOf":{"@id":"https:\/\/factorialhr.de\/blog\/kognitive-dissonanz\/"},"author":{"name":"Julia Lehmann","@id":"https:\/\/factorialhr.de\/blog\/#\/schema\/person\/cc74934c5d0462bc4a5b17a931fedb66"},"headline":"Kognitive Dissonanz: Theorie und Reduktion","datePublished":"2025-01-21T12:44:19+00:00","dateModified":"2026-04-23T13:56:39+00:00","mainEntityOfPage":{"@id":"https:\/\/factorialhr.de\/blog\/kognitive-dissonanz\/"},"wordCount":1723,"publisher":{"@id":"https:\/\/factorialhr.de\/blog\/#organization"},"articleSection":["Tipps"],"inLanguage":"de-DE"},{"@type":"WebPage","@id":"https:\/\/factorialhr.de\/blog\/kognitive-dissonanz\/","url":"https:\/\/factorialhr.de\/blog\/kognitive-dissonanz\/","name":"Kognitive Dissonanz: Ursachen & Reduktion am Arbeitsplatz","isPartOf":{"@id":"https:\/\/factorialhr.de\/blog\/#website"},"datePublished":"2025-01-21T12:44:19+00:00","dateModified":"2026-04-23T13:56:39+00:00","description":"Was ist kognitive Dissonanz? Verstehen Sie, wie dieser innere Konflikt im Berufsalltag entsteht und lernen Sie effektive Reduktionsstrategien","inLanguage":"de-DE","potentialAction":[{"@type":"ReadAction","target":["https:\/\/factorialhr.de\/blog\/kognitive-dissonanz\/"]}]},{"@type":"WebSite","@id":"https:\/\/factorialhr.de\/blog\/#website","url":"https:\/\/factorialhr.de\/blog\/","name":"Factorial","description":"","publisher":{"@id":"https:\/\/factorialhr.de\/blog\/#organization"},"potentialAction":[{"@type":"SearchAction","target":{"@type":"EntryPoint","urlTemplate":"https:\/\/factorialhr.de\/blog\/?s={search_term_string}"},"query-input":"required name=search_term_string"}],"inLanguage":"de-DE"},{"@type":"Organization","@id":"https:\/\/factorialhr.de\/blog\/#organization","name":"All-in-one business management software - Factorial","url":"https:\/\/factorialhr.de\/blog\/","logo":{"@type":"ImageObject","inLanguage":"de-DE","@id":"https:\/\/factorialhr.de\/blog\/#\/schema\/logo\/image\/","url":"https:\/\/factorialhr.de\/wp-content\/uploads\/2023\/07\/18155144\/factorial-logo.png","contentUrl":"https:\/\/factorialhr.de\/wp-content\/uploads\/2023\/07\/18155144\/factorial-logo.png","width":946,"height":880,"caption":"All-in-one business management software - Factorial"},"image":{"@id":"https:\/\/factorialhr.de\/blog\/#\/schema\/logo\/image\/"},"sameAs":["https:\/\/www.facebook.com\/people\/Factorial\/100064908455810\/","https:\/\/twitter.com\/factorialapp","https:\/\/www.linkedin.com\/company\/factorialhr","https:\/\/www.youtube.com\/@factorialmedia","https:\/\/www.instagram.com\/factorial\/#"]},{"@type":"Person","@id":"https:\/\/factorialhr.de\/blog\/#\/schema\/person\/cc74934c5d0462bc4a5b17a931fedb66","name":"Julia Lehmann","image":{"@type":"ImageObject","inLanguage":"de-DE","@id":"https:\/\/factorialhr.de\/blog\/#\/schema\/person\/image\/","url":"https:\/\/secure.gravatar.com\/avatar\/fe45cbfea7568e6654345d1539ff6270?s=96&d=identicon&r=g","contentUrl":"https:\/\/secure.gravatar.com\/avatar\/fe45cbfea7568e6654345d1539ff6270?s=96&d=identicon&r=g","caption":"Julia Lehmann"},"description":"Julia Lehmann ist Schriftstellerin, Philosophin, K\u00fcnstlerin und \u00dcbersetzerin. Seit \u00fcber drei Jahren setzt sie sich intensiv mit aktuellen Entwicklungen im Bereich Human Resources und der Arbeitswelt auseinander. Mit ihrem interdisziplin\u00e4ren Hintergrund analysiert sie Themen wie Unternehmenskultur, F\u00fchrung, Wandel in der Arbeitsorganisation und rechtliche Rahmenbedingungen \u2013 und liefert dabei Impulse, die sowohl in Fachkreisen als auch in der unternehmerischen Praxis Anklang finden.","url":"https:\/\/factorialhr.de\/blog\/author\/julia-lehmann\/"}]}},"_links":{"self":[{"href":"https:\/\/factorialhr.de\/blog\/wp-json\/wp\/v2\/posts\/147787"}],"collection":[{"href":"https:\/\/factorialhr.de\/blog\/wp-json\/wp\/v2\/posts"}],"about":[{"href":"https:\/\/factorialhr.de\/blog\/wp-json\/wp\/v2\/types\/post"}],"author":[{"embeddable":true,"href":"https:\/\/factorialhr.de\/blog\/wp-json\/wp\/v2\/users\/263"}],"replies":[{"embeddable":true,"href":"https:\/\/factorialhr.de\/blog\/wp-json\/wp\/v2\/comments?post=147787"}],"version-history":[{"count":16,"href":"https:\/\/factorialhr.de\/blog\/wp-json\/wp\/v2\/posts\/147787\/revisions"}],"predecessor-version":[{"id":187418,"href":"https:\/\/factorialhr.de\/blog\/wp-json\/wp\/v2\/posts\/147787\/revisions\/187418"}],"wp:featuredmedia":[{"embeddable":true,"href":"https:\/\/factorialhr.de\/blog\/wp-json\/wp\/v2\/media\/149619"}],"wp:attachment":[{"href":"https:\/\/factorialhr.de\/blog\/wp-json\/wp\/v2\/media?parent=147787"}],"wp:term":[{"taxonomy":"category","embeddable":true,"href":"https:\/\/factorialhr.de\/blog\/wp-json\/wp\/v2\/categories?post=147787"},{"taxonomy":"post_tag","embeddable":true,"href":"https:\/\/factorialhr.de\/blog\/wp-json\/wp\/v2\/tags?post=147787"}],"curies":[{"name":"wp","href":"https:\/\/api.w.org\/{rel}","templated":true}]}}