{"id":200679,"date":"2026-09-03T08:00:34","date_gmt":"2026-09-03T06:00:34","guid":{"rendered":"https:\/\/factorialhr.com\/blog\/?p=200679"},"modified":"2026-09-02T17:29:07","modified_gmt":"2026-09-02T15:29:07","slug":"factorial-uebernimmt-empion","status":"publish","type":"post","link":"https:\/\/factorialhr.de\/blog\/factorial-uebernimmt-empion\/","title":{"rendered":"Factorial \u00fcbernimmt das KI-Start-up Empion und st\u00e4rkt seine Position in Deutschland"},"content":{"rendered":"<p class=\"isSelectedEnd\"><span class=\"text-token-text-primary cursor-text rounded-sm\" data-placeholder-token=\"true\">Factorial \u00fcbernimmt <a href=\"https:\/\/www.empion.io\/\" target=\"_blank\" rel=\"noopener\">Empion<\/a> und macht damit einen weiteren Schritt auf dem deutschen Markt. Das Berliner KI-Start-up wird Teil von Factorial. Seit seiner Gr\u00fcndung im Jahr 2021 entwickelt Empion KI-basierte Recruiting-Technologie, die Unternehmen dabei unterst\u00fctzt, passende Talente anhand von Qualifikationen, Pers\u00f6nlichkeit und Unternehmenskultur zu finden.<\/span><\/p>\n<p>Mit der \u00dcbernahme verbindet Factorial seine bestehende HR-Plattform mit Empions Expertise im KI-gest\u00fctzten Recruiting und Talent Assessment. Damit baut Factorial sein Angebot f\u00fcr Unternehmen in Deutschland weiter aus und schafft neue M\u00f6glichkeiten, Talente \u00fcber verschiedene Phasen ihrer Employee Journey hinweg zu begleiten.<\/p>\n<h2><strong>Empion: Recruiting ganzheitlich gedacht<\/strong><\/h2>\n<p><a href=\"https:\/\/www.empion.io\/\" target=\"_blank\" rel=\"noopener\">Empion<\/a> wurde 2021 von Dr. Annika von Mutius gegr\u00fcndet &#8211; mit der Idee, Recruiting neu zu denken. Statt Talente ausschlie\u00dflich anhand von Lebensl\u00e4ufen und Schlagworten zu beurteilen, setzt Empion auf einen ganzheitlicheren Ansatz: Qualifikationen, Pers\u00f6nlichkeit und Unternehmenskultur sollen zusammen betrachtet werden.<\/p>\n<p>Mit seiner KI-basierten Technologie unterst\u00fctzt <a href=\"https:\/\/www.empion.io\/\" target=\"_blank\" rel=\"noopener\">Empion<\/a> Unternehmen heute dabei, passende Talente gezielter zu identifizieren und mit den richtigen Positionen zusammenzubringen. Im Mittelpunkt steht dabei die Matching-Technologie, die verschiedene Faktoren miteinander verbindet und so eine differenziertere Einsch\u00e4tzung von Bewerberinnen und Bewerbern erm\u00f6glicht.<\/p>\n<p>Der Anspruch dahinter geht \u00fcber die reine Besetzung offener Stellen hinaus: Empion m\u00f6chte dazu beitragen, langfristig bessere Verbindungen zwischen Unternehmen und Mitarbeitenden zu schaffen.<\/p>\n<h2><strong>Talente ganzheitlich verstehen<\/strong><\/h2>\n<p>F\u00fcr Gr\u00fcnderin <a href=\"https:\/\/www.linkedin.com\/in\/dr-annika-von-mutius\/\" target=\"_blank\" rel=\"noopener\">Dr. Annika von Mutius<\/a> ist genau dieser ganzheitliche Blick auf Talente ein zentraler Bestandteil der Unternehmensphilosophie:<\/p>\n<blockquote><p>Wir haben Empion aufgebaut, um Talente ganzheitlich zu verstehen und ihr Potenzial sichtbar zu machen. Der Zusammenschluss mit Factorial macht unsere Forschung und Methodik nun deutlich mehr Unternehmen in Deutschland und Europa zug\u00e4nglich. Wir haben den Anspruch, mit Factorial zu den f\u00fchrenden KI-Unternehmen Europas zu z\u00e4hlen. Dabei sind Assessments f\u00fcr Bewerber und Mitarbeiter erst der Anfang einer bevorstehenden Workforce-Transformation durch k\u00fcnstliche Intelligenz.<\/p><\/blockquote>\n<p><img decoding=\"async\" class=\"alignnone wp-image-200702 size-full\" src=\"https:\/\/factorialhr.de\/wp-content\/uploads\/2026\/09\/02151532\/image00006-1-1-scaled.jpeg\" alt=\"\" width=\"2560\" height=\"1706\" srcset=\"https:\/\/factorialhr.de\/wp-content\/uploads\/2026\/09\/02151532\/image00006-1-1-scaled.jpeg 2560w, https:\/\/factorialhr.de\/wp-content\/uploads\/2026\/09\/02151532\/image00006-1-1-300x200.jpeg 300w, https:\/\/factorialhr.de\/wp-content\/uploads\/2026\/09\/02151532\/image00006-1-1-1024x683.jpeg 1024w, https:\/\/factorialhr.de\/wp-content\/uploads\/2026\/09\/02151532\/image00006-1-1-768x512.jpeg 768w, https:\/\/factorialhr.de\/wp-content\/uploads\/2026\/09\/02151532\/image00006-1-1-1536x1024.jpeg 1536w, https:\/\/factorialhr.de\/wp-content\/uploads\/2026\/09\/02151532\/image00006-1-1-2048x1365.jpeg 2048w\" sizes=\"(max-width: 2560px) 100vw, 2560px\" \/><\/p>\n<h2><strong>Warum Factorial Empion \u00fcbernimmt<\/strong><\/h2>\n<p>Mit der \u00dcbernahme von <a href=\"https:\/\/www.empion.io\/\" target=\"_blank\" rel=\"noopener\">Empion<\/a> kommt spezialisierte KI-Technologie f\u00fcr Recruiting und Talent Assessments zu Factorial. Damit st\u00e4rkt Factorial sein Angebot in einem Bereich, der f\u00fcr die Weiterentwicklung der Plattform zunehmend an Bedeutung gewinnt.<\/p>\n<p>Gleichzeitig bringt Factorial seine bestehende Plattform und Reichweite in die Verbindung ein. Empions Technologie kann dadurch perspektivisch mehr Unternehmen zug\u00e4nglich gemacht und enger mit weiteren HR-Prozessen verbunden werden.<\/p>\n<p>Auch f\u00fcr Samuli Sir\u00e9n, Gr\u00fcnder von Redstone und erster Empion-Investor liegt genau darin das Potenzial der Verbindung:<\/p>\n<blockquote><p>Empion hat die Art und Weise ver\u00e4ndert, wie Arbeitgeber \u00fcber Recruiting denken. Wir haben von Beginn an an Annikas Vision geglaubt und freuen uns darauf, Empions Expansion in Europa gemeinsam mit Factorial weiterzuverfolgen.<\/p><\/blockquote>\n<p>Die \u00dcbernahme ist dabei auch ein klares Signal f\u00fcr Factorials Ambitionen im Bereich k\u00fcnstlicher Intelligenz. Deutschland spielt f\u00fcr diese Entwicklung eine besondere Rolle: Als wichtiger Markt f\u00fcr Workforce-Technologie bietet das Land zugleich ein Umfeld, in dem Factorial seine Plattform weiter ausbauen und neue Technologien f\u00fcr Unternehmen verf\u00fcgbar machen kann.<\/p>\n<p>F\u00fcr Jordi Romero, CEO von Factorial, steht deshalb nicht nur der deutsche Markt im Mittelpunkt, sondern die Weiterentwicklung des gesamten Produkts:<\/p>\n<blockquote><p>Deutschland ist der wichtigste Markt Europas f\u00fcr Workforce-Technologie. Wir wollen Unternehmen das umfassendste Produkt bieten und arbeiten daf\u00fcr mit Annika und ihrem Team zusammen, die bereits das Vertrauen deutscher Unternehmen wie Deutsche Telekom, Procter &amp; Gamble oder die Volksbanken genie\u00dfen. Empion bringt uns zus\u00e4tzliche Produkttiefe bei KI-gest\u00fctzten Talent Assessments, die unsere Plattform f\u00fcr alle Kunden st\u00e4rkt. Nicht nur in Deutschland. Die \u00dcbernahme ist ein klares Signal f\u00fcr unseren Anspruch, zu den f\u00fchrenden KI-Unternehmen Europas zu geh\u00f6ren.<\/p><\/blockquote>\n<h2><strong>Was die \u00dcbernahme f\u00fcr Kunden bedeutet<\/strong><\/h2>\n<p class=\"p1\">F\u00fcr bestehende Empion-Kunden ergeben sich durch die \u00dcbernahme keine Unterbrechungen bei Produkterlebnis, Verf\u00fcgbarkeit der Services oder bestehenden Vertr\u00e4gen. Sie erhalten weiterhin dieselben Produkte und den Support, auf den sie sich heute verlassen. Im Laufe der Zeit wird Empion vollst\u00e4ndig in Factorial integriert. Kunden erhalten dadurch eine st\u00e4rker vernetzte M\u00f6glichkeit, den gesamten Talent Lifecycle, vom Recruiting \u00fcber Performance bis hin zu Engagement, an einem Ort zu steuern.<\/p>\n<p class=\"p1\">Dr. Annika von Mutius wird Teil des Leadership-Teams in Deutschland. Gemeinsam mit dem Empion-Team wechselt sie zu Factorial, w\u00e4hrend Empions KI-Systeme und Technologien in .Factorials Plattform integriert werden.<\/p>\n<h2><strong>Ein weiterer Schritt in Factorials Entwicklung<\/strong><\/h2>\n<p>Die \u00dcbernahme von Empion f\u00fcgt sich in die Entwicklung von Factorial von einer HR-Software zu einer umfassenden Plattform f\u00fcr HR, Finance und IT ein.<\/p>\n<p>Seit der Gr\u00fcndung im Jahr 2016 hat sich Factorial von einer L\u00f6sung zur Vereinfachung manueller und wiederkehrender HR-Aufgaben weiterentwickelt. Was mit dem Ziel begann, Unternehmen von Papierkram und administrativem Aufwand zu entlasten, umfasst heute unter anderem Zeiterfassung, Talent Management, Recruiting, Performance Management, Verg\u00fctung, Ausgaben, Analytics und Dokumentenmanagement.<\/p>\n<p>Mehr als 16.000 Unternehmen in \u00fcber 90 L\u00e4ndern nutzen heute die Plattform. Weltweit arbeiten mehr als 1.500 Mitarbeitende f\u00fcr Factorial. 2022 wurde das Unternehmen zum Unicorn, 2025 erreichte Factorial einen ARR von 100 Millionen US-Dollar. 2026 folgte eine Series-D-Finanzierungsrunde \u00fcber 150 Millionen US-Dollar, durch die Factorial mit 2,5 Milliarden US-Dollar bewertet wird.<\/p>\n<h2><strong>KI erweitert den Talent Lifecycle<\/strong><\/h2>\n<p>Die \u00dcbernahme von Empion ist damit der n\u00e4chste Schritt in dieser Entwicklung. Factorial baut seine Pr\u00e4senz in Deutschland aus und erweitert gleichzeitig die M\u00f6glichkeiten seiner Plattform \u2013 mit dem Ziel, Unternehmen k\u00fcnftig noch umfassender \u00fcber den gesamten Talent Lifecycle hinweg zu unterst\u00fctzen.<\/p>\n","protected":false},"excerpt":{"rendered":"<p>Factorial \u00fcbernimmt Empion und macht damit einen weiteren Schritt auf dem deutschen Markt. Das Berliner KI-Start-up wird Teil von Factorial. Seit seiner Gr\u00fcndung im Jahr 2021 entwickelt Empion KI-basierte Recruiting-Technologie, die Unternehmen dabei unterst\u00fctzt, passende Talente anhand von Qualifikationen, Pers\u00f6nlichkeit und Unternehmenskultur zu finden. Mit der \u00dcbernahme verbindet Factorial seine bestehende HR-Plattform mit Empions Expertise<a href=\"https:\/\/factorialhr.de\/blog\/factorial-uebernimmt-empion\/\" class=\"read-more\"> [&#8230;]<\/a><\/p>\n","protected":false},"author":369,"featured_media":200701,"comment_status":"closed","ping_status":"closed","sticky":false,"template":"","format":"standard","meta":{"_acf_changed":false,"footnotes":""},"categories":[989],"tags":[],"class_list":["post-200679","post","type-post","status-publish","format-standard","has-post-thumbnail","hentry","category-neues-von-factorial"],"acf":{"topics":""},"yoast_head":"<!-- This site is optimized with the Yoast SEO Premium plugin v21.5 (Yoast SEO v21.9.1) - https:\/\/yoast.com\/wordpress\/plugins\/seo\/ -->\n<title>Factorial \u00fcbernimmt das KI-Start-up Empion aus Deutschland<\/title>\n<meta name=\"description\" content=\"Factorial \u00fcbernimmt das Berliner KI-Start-up Empion und st\u00e4rkt damit sein Angebot f\u00fcr KI-gest\u00fctztes Recruiting und Talent Assessment.\" \/>\n<meta name=\"robots\" content=\"index, follow, max-snippet:-1, max-image-preview:large, max-video-preview:-1\" \/>\n<link rel=\"canonical\" href=\"https:\/\/factorialhr.de\/blog\/factorial-uebernimmt-empion\/\" \/>\n<meta property=\"og:locale\" content=\"de_DE\" \/>\n<meta property=\"og:type\" content=\"article\" \/>\n<meta property=\"og:title\" content=\"Factorial \u00fcbernimmt das KI-Start-up Empion und st\u00e4rkt seine Position in Deutschland\" \/>\n<meta property=\"og:description\" content=\"Factorial \u00fcbernimmt das Berliner KI-Start-up Empion und st\u00e4rkt damit sein Angebot f\u00fcr KI-gest\u00fctztes Recruiting und Talent Assessment.\" \/>\n<meta property=\"og:url\" content=\"https:\/\/factorialhr.de\/blog\/factorial-uebernimmt-empion\/\" \/>\n<meta property=\"og:site_name\" content=\"Factorial\" \/>\n<meta property=\"article:publisher\" content=\"https:\/\/www.facebook.com\/people\/Factorial\/100064908455810\/\" \/>\n<meta property=\"article:published_time\" content=\"2026-09-03T06:00:34+00:00\" \/>\n<meta property=\"article:modified_time\" content=\"2026-09-02T15:29:07+00:00\" \/>\n<meta property=\"og:image\" content=\"https:\/\/factorialhr.de\/wp-content\/uploads\/2026\/09\/02151447\/image00006-1-scaled.jpeg\" \/>\n\t<meta property=\"og:image:width\" content=\"2560\" \/>\n\t<meta property=\"og:image:height\" content=\"1706\" \/>\n\t<meta property=\"og:image:type\" content=\"image\/jpeg\" \/>\n<meta name=\"author\" content=\"Vera Torounidou\" \/>\n<meta name=\"twitter:card\" content=\"summary_large_image\" \/>\n<meta name=\"twitter:creator\" content=\"@factorialapp\" \/>\n<meta name=\"twitter:site\" content=\"@factorialapp\" \/>\n<meta name=\"twitter:label1\" content=\"Written by\" \/>\n\t<meta name=\"twitter:data1\" content=\"Vera Torounidou\" \/>\n\t<meta name=\"twitter:label2\" content=\"Est. reading time\" \/>\n\t<meta name=\"twitter:data2\" content=\"4 Minuten\" \/>\n<script type=\"application\/ld+json\" class=\"yoast-schema-graph\">{\"@context\":\"https:\/\/schema.org\",\"@graph\":[{\"@type\":\"Article\",\"@id\":\"https:\/\/factorialhr.de\/blog\/factorial-uebernimmt-empion\/#article\",\"isPartOf\":{\"@id\":\"https:\/\/factorialhr.de\/blog\/factorial-uebernimmt-empion\/\"},\"author\":{\"name\":\"Vera Torounidou\",\"@id\":\"https:\/\/factorialhr.de\/blog\/#\/schema\/person\/2e75e36b4af6e8d74335a4362c55ad5a\"},\"headline\":\"Factorial \u00fcbernimmt das KI-Start-up Empion und st\u00e4rkt seine Position in Deutschland\",\"datePublished\":\"2026-09-03T06:00:34+00:00\",\"dateModified\":\"2026-09-02T15:29:07+00:00\",\"mainEntityOfPage\":{\"@id\":\"https:\/\/factorialhr.de\/blog\/factorial-uebernimmt-empion\/\"},\"wordCount\":881,\"publisher\":{\"@id\":\"https:\/\/factorialhr.de\/blog\/#organization\"},\"articleSection\":[\"Neues von Factorial\"],\"inLanguage\":\"de-DE\"},{\"@type\":\"WebPage\",\"@id\":\"https:\/\/factorialhr.de\/blog\/factorial-uebernimmt-empion\/\",\"url\":\"https:\/\/factorialhr.de\/blog\/factorial-uebernimmt-empion\/\",\"name\":\"Factorial \u00fcbernimmt das KI-Start-up Empion aus Deutschland\",\"isPartOf\":{\"@id\":\"https:\/\/factorialhr.de\/blog\/#website\"},\"datePublished\":\"2026-09-03T06:00:34+00:00\",\"dateModified\":\"2026-09-02T15:29:07+00:00\",\"description\":\"Factorial \u00fcbernimmt das Berliner KI-Start-up Empion und st\u00e4rkt damit sein Angebot f\u00fcr KI-gest\u00fctztes Recruiting und Talent Assessment.\",\"inLanguage\":\"de-DE\",\"potentialAction\":[{\"@type\":\"ReadAction\",\"target\":[\"https:\/\/factorialhr.de\/blog\/factorial-uebernimmt-empion\/\"]}]},{\"@type\":\"WebSite\",\"@id\":\"https:\/\/factorialhr.de\/blog\/#website\",\"url\":\"https:\/\/factorialhr.de\/blog\/\",\"name\":\"Factorial\",\"description\":\"\",\"publisher\":{\"@id\":\"https:\/\/factorialhr.de\/blog\/#organization\"},\"potentialAction\":[{\"@type\":\"SearchAction\",\"target\":{\"@type\":\"EntryPoint\",\"urlTemplate\":\"https:\/\/factorialhr.de\/blog\/?s={search_term_string}\"},\"query-input\":\"required name=search_term_string\"}],\"inLanguage\":\"de-DE\"},{\"@type\":\"Organization\",\"@id\":\"https:\/\/factorialhr.de\/blog\/#organization\",\"name\":\"All-in-one business management software - Factorial\",\"url\":\"https:\/\/factorialhr.de\/blog\/\",\"logo\":{\"@type\":\"ImageObject\",\"inLanguage\":\"de-DE\",\"@id\":\"https:\/\/factorialhr.de\/blog\/#\/schema\/logo\/image\/\",\"url\":\"https:\/\/factorialhr.de\/wp-content\/uploads\/2023\/07\/18155144\/factorial-logo.png\",\"contentUrl\":\"https:\/\/factorialhr.de\/wp-content\/uploads\/2023\/07\/18155144\/factorial-logo.png\",\"width\":946,\"height\":880,\"caption\":\"All-in-one business management software - Factorial\"},\"image\":{\"@id\":\"https:\/\/factorialhr.de\/blog\/#\/schema\/logo\/image\/\"},\"sameAs\":[\"https:\/\/www.facebook.com\/people\/Factorial\/100064908455810\/\",\"https:\/\/twitter.com\/factorialapp\",\"https:\/\/www.linkedin.com\/company\/factorialhr\",\"https:\/\/www.youtube.com\/@factorialmedia\",\"https:\/\/www.instagram.com\/factorial\/#\"]},{\"@type\":\"Person\",\"@id\":\"https:\/\/factorialhr.de\/blog\/#\/schema\/person\/2e75e36b4af6e8d74335a4362c55ad5a\",\"name\":\"Vera Torounidou\",\"image\":{\"@type\":\"ImageObject\",\"inLanguage\":\"de-DE\",\"@id\":\"https:\/\/factorialhr.de\/blog\/#\/schema\/person\/image\/\",\"url\":\"https:\/\/secure.gravatar.com\/avatar\/73e8e182fdb2305b64b4e1b696a6e98a?s=96&d=identicon&r=g\",\"contentUrl\":\"https:\/\/secure.gravatar.com\/avatar\/73e8e182fdb2305b64b4e1b696a6e98a?s=96&d=identicon&r=g\",\"caption\":\"Vera Torounidou\"},\"url\":\"https:\/\/factorialhr.de\/blog\/author\/vera-torounidoufactorial-co\/\"}]}<\/script>\n<!-- \/ Yoast SEO Premium plugin. -->","yoast_head_json":{"title":"Factorial \u00fcbernimmt das KI-Start-up Empion aus Deutschland","description":"Factorial \u00fcbernimmt das Berliner KI-Start-up Empion und st\u00e4rkt damit sein Angebot f\u00fcr KI-gest\u00fctztes Recruiting und Talent Assessment.","robots":{"index":"index","follow":"follow","max-snippet":"max-snippet:-1","max-image-preview":"max-image-preview:large","max-video-preview":"max-video-preview:-1"},"canonical":"https:\/\/factorialhr.de\/blog\/factorial-uebernimmt-empion\/","og_locale":"de_DE","og_type":"article","og_title":"Factorial \u00fcbernimmt das KI-Start-up Empion und st\u00e4rkt seine Position in Deutschland","og_description":"Factorial \u00fcbernimmt das Berliner KI-Start-up Empion und st\u00e4rkt damit sein Angebot f\u00fcr KI-gest\u00fctztes Recruiting und Talent Assessment.","og_url":"https:\/\/factorialhr.de\/blog\/factorial-uebernimmt-empion\/","og_site_name":"Factorial","article_publisher":"https:\/\/www.facebook.com\/people\/Factorial\/100064908455810\/","article_published_time":"2026-09-03T06:00:34+00:00","article_modified_time":"2026-09-02T15:29:07+00:00","og_image":[{"width":2560,"height":1706,"url":"https:\/\/factorialhr.de\/wp-content\/uploads\/2026\/09\/02151447\/image00006-1-scaled.jpeg","type":"image\/jpeg"}],"author":"Vera Torounidou","twitter_card":"summary_large_image","twitter_creator":"@factorialapp","twitter_site":"@factorialapp","twitter_misc":{"Written by":"Vera Torounidou","Est. reading time":"4 Minuten"},"schema":{"@context":"https:\/\/schema.org","@graph":[{"@type":"Article","@id":"https:\/\/factorialhr.de\/blog\/factorial-uebernimmt-empion\/#article","isPartOf":{"@id":"https:\/\/factorialhr.de\/blog\/factorial-uebernimmt-empion\/"},"author":{"name":"Vera Torounidou","@id":"https:\/\/factorialhr.de\/blog\/#\/schema\/person\/2e75e36b4af6e8d74335a4362c55ad5a"},"headline":"Factorial \u00fcbernimmt das KI-Start-up Empion und st\u00e4rkt seine Position in Deutschland","datePublished":"2026-09-03T06:00:34+00:00","dateModified":"2026-09-02T15:29:07+00:00","mainEntityOfPage":{"@id":"https:\/\/factorialhr.de\/blog\/factorial-uebernimmt-empion\/"},"wordCount":881,"publisher":{"@id":"https:\/\/factorialhr.de\/blog\/#organization"},"articleSection":["Neues von Factorial"],"inLanguage":"de-DE"},{"@type":"WebPage","@id":"https:\/\/factorialhr.de\/blog\/factorial-uebernimmt-empion\/","url":"https:\/\/factorialhr.de\/blog\/factorial-uebernimmt-empion\/","name":"Factorial \u00fcbernimmt das KI-Start-up Empion aus Deutschland","isPartOf":{"@id":"https:\/\/factorialhr.de\/blog\/#website"},"datePublished":"2026-09-03T06:00:34+00:00","dateModified":"2026-09-02T15:29:07+00:00","description":"Factorial \u00fcbernimmt das Berliner KI-Start-up Empion und st\u00e4rkt damit sein Angebot f\u00fcr KI-gest\u00fctztes Recruiting und Talent Assessment.","inLanguage":"de-DE","potentialAction":[{"@type":"ReadAction","target":["https:\/\/factorialhr.de\/blog\/factorial-uebernimmt-empion\/"]}]},{"@type":"WebSite","@id":"https:\/\/factorialhr.de\/blog\/#website","url":"https:\/\/factorialhr.de\/blog\/","name":"Factorial","description":"","publisher":{"@id":"https:\/\/factorialhr.de\/blog\/#organization"},"potentialAction":[{"@type":"SearchAction","target":{"@type":"EntryPoint","urlTemplate":"https:\/\/factorialhr.de\/blog\/?s={search_term_string}"},"query-input":"required name=search_term_string"}],"inLanguage":"de-DE"},{"@type":"Organization","@id":"https:\/\/factorialhr.de\/blog\/#organization","name":"All-in-one business management software - Factorial","url":"https:\/\/factorialhr.de\/blog\/","logo":{"@type":"ImageObject","inLanguage":"de-DE","@id":"https:\/\/factorialhr.de\/blog\/#\/schema\/logo\/image\/","url":"https:\/\/factorialhr.de\/wp-content\/uploads\/2023\/07\/18155144\/factorial-logo.png","contentUrl":"https:\/\/factorialhr.de\/wp-content\/uploads\/2023\/07\/18155144\/factorial-logo.png","width":946,"height":880,"caption":"All-in-one business management software - Factorial"},"image":{"@id":"https:\/\/factorialhr.de\/blog\/#\/schema\/logo\/image\/"},"sameAs":["https:\/\/www.facebook.com\/people\/Factorial\/100064908455810\/","https:\/\/twitter.com\/factorialapp","https:\/\/www.linkedin.com\/company\/factorialhr","https:\/\/www.youtube.com\/@factorialmedia","https:\/\/www.instagram.com\/factorial\/#"]},{"@type":"Person","@id":"https:\/\/factorialhr.de\/blog\/#\/schema\/person\/2e75e36b4af6e8d74335a4362c55ad5a","name":"Vera Torounidou","image":{"@type":"ImageObject","inLanguage":"de-DE","@id":"https:\/\/factorialhr.de\/blog\/#\/schema\/person\/image\/","url":"https:\/\/secure.gravatar.com\/avatar\/73e8e182fdb2305b64b4e1b696a6e98a?s=96&d=identicon&r=g","contentUrl":"https:\/\/secure.gravatar.com\/avatar\/73e8e182fdb2305b64b4e1b696a6e98a?s=96&d=identicon&r=g","caption":"Vera Torounidou"},"url":"https:\/\/factorialhr.de\/blog\/author\/vera-torounidoufactorial-co\/"}]}},"_links":{"self":[{"href":"https:\/\/factorialhr.de\/blog\/wp-json\/wp\/v2\/posts\/200679"}],"collection":[{"href":"https:\/\/factorialhr.de\/blog\/wp-json\/wp\/v2\/posts"}],"about":[{"href":"https:\/\/factorialhr.de\/blog\/wp-json\/wp\/v2\/types\/post"}],"author":[{"embeddable":true,"href":"https:\/\/factorialhr.de\/blog\/wp-json\/wp\/v2\/users\/369"}],"replies":[{"embeddable":true,"href":"https:\/\/factorialhr.de\/blog\/wp-json\/wp\/v2\/comments?post=200679"}],"version-history":[{"count":6,"href":"https:\/\/factorialhr.de\/blog\/wp-json\/wp\/v2\/posts\/200679\/revisions"}],"predecessor-version":[{"id":200693,"href":"https:\/\/factorialhr.de\/blog\/wp-json\/wp\/v2\/posts\/200679\/revisions\/200693"}],"wp:featuredmedia":[{"embeddable":true,"href":"https:\/\/factorialhr.de\/blog\/wp-json\/wp\/v2\/media\/200701"}],"wp:attachment":[{"href":"https:\/\/factorialhr.de\/blog\/wp-json\/wp\/v2\/media?parent=200679"}],"wp:term":[{"taxonomy":"category","embeddable":true,"href":"https:\/\/factorialhr.de\/blog\/wp-json\/wp\/v2\/categories?post=200679"},{"taxonomy":"post_tag","embeddable":true,"href":"https:\/\/factorialhr.de\/blog\/wp-json\/wp\/v2\/tags?post=200679"}],"curies":[{"name":"wp","href":"https:\/\/api.w.org\/{rel}","templated":true}]}}