{"id":23441,"date":"2025-11-24T18:03:24","date_gmt":"2025-11-24T16:03:24","guid":{"rendered":"https:\/\/factorialhr.com\/blog\/?p=23441"},"modified":"2025-12-02T13:28:46","modified_gmt":"2025-12-02T11:28:46","slug":"unbezahlter-urlaub","status":"publish","type":"post","link":"https:\/\/factorialhr.de\/blog\/unbezahlter-urlaub\/","title":{"rendered":"Was ist unbezahlter Urlaub und was ist zu beachten?"},"content":{"rendered":"<p data-start=\"44\" data-end=\"233\">Unbezahlter Urlaub er\u00f6ffnet zus\u00e4tzliche freie Tage f\u00fcr Besch\u00e4ftigte \u2013 etwa f\u00fcr Weiterbildung, Familie, l\u00e4ngere Reisen oder ein Sabbatical. Doch wer darf ihn nehmen, und wann d\u00fcrfen Vorgesetzte ablehnen?<\/p>\n<p data-start=\"235\" data-end=\"377\" data-is-last-node=\"\" data-is-only-node=\"\">Wir erkl\u00e4ren die wichtigsten Regeln, was beim Antrag z\u00e4hlt und wie es mit Versicherungen aussieht.<\/p>\n<h2>Das Wichtigste in K\u00fcrze:<\/h2>\n<ol>\n<li><span style=\"font-weight: 400;\">Unbezahlter Urlaub ist eine Freistellung vom Arbeitsverh\u00e4ltnis ohne Lohnfortzahlung, auf die kein gesetzlicher Anspruch besteht.<\/span><\/li>\n<li><span style=\"font-weight: 400;\">Die Sozialversicherung l\u00e4uft nur einen Monat kostenfrei weiter, danach m\u00fcssen sich Arbeitnehmende selbst versichern. <\/span><\/li>\n<li>Vorgesetzte entscheiden \u00fcber den Antrag; er kann aus betrieblichen Gr\u00fcnden abgelehnt werden.<\/li>\n<\/ol>\n<p><span style=\"font-weight: 400;\"><div class=\"factorial-banner inline-banner banner-freebie category-urlaub-und-abwesenheiten\"\n    data-banner-id=\"164293\"\n    data-banner-type=\"freebie\"\n    data-category=\"Urlaub und Abwesenheiten\">\n    <div class=\"banner-content\">\n        <div class=\"banner-text\">\n                            <h4>Vorlage: Urlaubsplaner 2026<\/h4>\n            \n                            <p>Haben Sie alle Urlaubszeiten im Blick? Nutzen Sie unsere kostenlose Vorlage und verwalten Sie Abwesenheiten effizient, um Engp\u00e4sse zu vermeiden!<\/p>\n            \n                            <a href=\"https:\/\/factorialhr.de\/vorlagen\/urlaub-excel-2024-download\"\n                    class=\"factorial-cta-button not-prose freebie\" data-cta=\"freebie\" data-cta-position=\"inline-banner\">\n                    Kostenlos herunterladen                <\/a>\n                    <\/div>\n\n        <div class=\"banner-image no-image\">\n            <img decoding=\"async\" src=\"https:\/\/factorialhr.de\/blog\/app\/plugins\/factorial-utilities\/assets\/images\/banners\/inline\/backgrounds\/default_image.svg\" class=\"not-prose\" \/>\n        <\/div>\n    <\/div>\n<\/div><\/span><\/p>\n<h2><strong>Unbezahlter Urlaub: Sabbatical, Sonderurlaub &amp; Weiterbildung<\/strong><\/h2>\n<h3><b>Was bedeutet unbezahlter Urlaub f\u00fcr Arbeitnehmende und Arbeitgebende?<\/b><\/h3>\n<p><span style=\"font-weight: 400;\">Bezahlte Urlaubstage sind bereits aufgebraucht, doch Besch\u00e4ftigte m\u00f6chten noch einmal in den Urlaub fahren, einen Sprachkurs belegen oder Zeit mit der Familie verbringen, zum Beispiel in Form eines <a href=\"https:\/\/factorialhr.de\/blog\/sabbatical\/\" rel=\"noopener\">Sabbaticals<\/a>. Zus\u00e4tzliche Urlaubstage machen dies m\u00f6glich, jedoch sind diese Tage oder Monate unbezahlt in den meisten F\u00e4llen.<\/span><\/p>\n<h3><b>Wie funktioniert unbezahlter Urlaub?<\/b><\/h3>\n<p><span style=\"font-weight: 400;\">Unbezahlter Urlaub\u00a0muss vom Arbeitnehmenden bei den Vorgesetzten beantragt werden. Je nach Vereinbarung m\u00fcssen oder k\u00f6nnen die Vorgesetzten dem Antrag zustimmen. Es gibt jedoch einige Regelungen, die dabei beachtet werden m\u00fcssen. Eine Verg\u00fctung steht dem Arbeitnehmenden w\u00e4hrend seines unbezahlten Urlaubs jedoch nicht zu.<\/span><\/p>\n<h3><b>Was genau ist Sonderurlaub?<\/b><\/h3>\n<p data-start=\"180\" data-end=\"530\">Arbeitnehmende k\u00f6nnen neben dem regul\u00e4ren Erholungsurlaub unter bestimmten pers\u00f6nlichen Umst\u00e4nden <a href=\"https:\/\/factorialhr.de\/blog\/sonderurlaub\/\">Sonderurlaub<\/a> beanspruchen, zum Beispiel bei eigener Hochzeit, Geburt eines Kindes, <a href=\"https:\/\/factorialhr.de\/blog\/sonderurlaub-todesfall\/\">Todesfall in der Familie<\/a> oder einem Umzug. Sonderurlaub kann <strong data-start=\"426\" data-end=\"452\">bezahlt oder unbezahlt<\/strong> sein, je nach Arbeitsvertrag, Tarifvertrag oder betrieblicher Vereinbarung.<\/p>\n<p data-start=\"532\" data-end=\"857\">Sonderurlaub ist <strong data-start=\"562\" data-end=\"603\">nicht dasselbe wie unbezahlter Urlaub<\/strong>. Unbezahlter Urlaub ist eine freiwillige Freistellung ohne Lohnfortzahlung, etwa f\u00fcr Sabbaticals, Weiterbildung oder private Auszeiten, auf die kein gesetzlicher Anspruch besteht. Sonderurlaub hingegen ist oft <strong data-start=\"814\" data-end=\"854\">vertraglich oder gesetzlich geregelt<\/strong>.<\/p>\n<h3>Bildungsurlaub als bezahlte Alternative<\/h3>\n<p data-path-to-node=\"5\">Ein zentraler Unterschied zum unbezahlten Urlaub ist der <a href=\"https:\/\/factorialhr.de\/blog\/bildungsurlaub\/\">Bildungsurlaub<\/a> (oder Bildungsfreistellung).<\/p>\n<p data-path-to-node=\"6\">Als <b>Arbeitgebende<\/b> m\u00fcssen Sie wissen: Wenn <b>Besch\u00e4ftigte<\/b> eine <a href=\"https:\/\/factorialhr.de\/blog\/mitarbeiter-weiterbildung\/\">Weiterbildung<\/a> als Begr\u00fcndung f\u00fcr eine Freistellung anf\u00fchren, besteht in <b>14 von 16 Bundesl\u00e4ndern<\/b> (Ausnahmen: Bayern und Sachsen) ein <b>gesetzlicher Anspruch<\/b> auf diese Freistellung.<\/p>\n<p data-path-to-node=\"7,0,0\">Dieser Anspruch ist in <b>l\u00e4nderspezifischen Gesetzen<\/b> verankert und verpflichtet Sie in der Regel zur <b>Fortzahlung des vollen Entgelts<\/b> f\u00fcr meist f\u00fcnf Tage pro Kalenderjahr.<\/p>\n<p data-path-to-node=\"8\">F\u00fcr eine \u00dcbersicht der spezifischen Gesetze der 14 Bundesl\u00e4nder, in denen Anspruch besteht, konsultieren Sie bitte die zentrale Informationsseite: <a class=\"ng-star-inserted\" href=\"https:\/\/www.bildungsurlaub.de\/infos\/bundeslaender\" target=\"_blank\" rel=\"noopener\" data-hveid=\"0\" data-ved=\"0CAAQ_4QMahgKEwiVr-mawoqRAxUAAAAAHQAAAAAQhQQ\">Gesetze zum Bildungsurlaub nach Bundesl\u00e4ndern.<\/a><\/p>\n<p data-path-to-node=\"8\"><span style=\"font-weight: 400;\"><div class=\"factorial-banner inline-banner banner-freebie category-urlaub-und-abwesenheiten\"\n    data-banner-id=\"164278\"\n    data-banner-type=\"freebie\"\n    data-category=\"Urlaub und Abwesenheiten\">\n    <div class=\"banner-content\">\n        <div class=\"banner-text\">\n                            <h4>Leitfaden: Fortbildung &amp; berufliche Weiterbildung<\/h4>\n            \n                            <p>Entdecken Sie das Entwicklungspotenzial Ihrer Mitarbeitenden und binden Sie Talente durch individuelle Karrierem\u00f6glichkeiten an Ihr Unternehmen.<\/p>\n            \n                            <a href=\"https:\/\/factorialhr.de\/ebooks\/fortbildung-und-berufliche-weiterentwicklung\"\n                    class=\"factorial-cta-button not-prose freebie\" data-cta=\"freebie\" data-cta-position=\"inline-banner\">\n                    Kostenlos herunterladen                <\/a>\n                    <\/div>\n\n        <div class=\"banner-image no-image\">\n            <img decoding=\"async\" src=\"https:\/\/factorialhr.de\/blog\/app\/plugins\/factorial-utilities\/assets\/images\/banners\/inline\/backgrounds\/default_image.svg\" class=\"not-prose\" \/>\n        <\/div>\n    <\/div>\n<\/div><\/span><\/p>\n<h3><strong>Workation und digitales Nomadentum als Alternative <\/strong><\/h3>\n<p data-start=\"191\" data-end=\"767\">Eine attraktive Alternative zum unbezahlten Urlaub ist die <a href=\"https:\/\/factorialhr.de\/blog\/workation\/\">Workation<\/a> \u2013 also das Arbeiten vom Urlaubsort aus, oft kombiniert mit <a href=\"https:\/\/factorialhr.de\/blog\/homeoffice-im-ausland\/\">Homeoffice<\/a> im Ausland. Seit <strong data-start=\"351\" data-end=\"371\">dem 1. Juli 2023<\/strong> gilt zudem eine neue <a href=\"https:\/\/kpmg.com\/xx\/en\/our-insights\/gms-flash-alert\/flash-alert-2023-143.html?utm_source=chatgpt.com\" target=\"_blank\" rel=\"noopener\">EU\u2011Rahmenvereinbarung auf Basis von Art.\u202f16 der Verordnung (EG) 883\/2004<\/a>, die es erm\u00f6glicht, dass Mitarbeitende bis zu <strong data-start=\"510\" data-end=\"558\">49,99\u202f% ihrer Arbeitszeit aus dem EU-Ausland<\/strong> arbeiten und dennoch in der Sozialversicherung ihres Arbeitgeberstaates versichert bleiben.<\/p>\n<p data-start=\"769\" data-end=\"1082\">F\u00fcr Arbeitgebende ist daf\u00fcr eine <strong data-start=\"806\" data-end=\"826\">A1-Bescheinigung<\/strong> erforderlich, die die fortlaufende Sozialversicherung im Heimatstaat best\u00e4tigt. Zust\u00e4ndig ist die Deutsche Verbindungsstelle Krankenversicherung \u2013 Ausland (<a href=\"https:\/\/www.dvka.de\/\" target=\"_blank\" rel=\"noopener\">DVKA<\/a>).<\/p>\n<p data-start=\"1084\" data-end=\"1355\">Steuerlich ist zus\u00e4tzlich die <a href=\"https:\/\/factorialhr.de\/blog\/183-tage-regelung\/\">183-Tage-Regel<\/a> zu beachten: Wer l\u00e4nger als 183 Tage im Ausland arbeitet, kann dort steuerpflichtig werden.<\/p>\n<h2><strong>Haben Mitarbeitende Anspruch auf unbezahlten Urlaub?<\/strong><\/h2>\n<p><span style=\"font-weight: 400;\">Viele Arbeitgebende fragen sich zu Recht, ob ihre Besch\u00e4ftigten gesetzlichen Anspruch auf unbezahlten Urlaub haben. Denn im <\/span><a href=\"https:\/\/www.gesetze-im-internet.de\/burlg\/BUrlG.pdf\" target=\"_blank\" rel=\"noopener\"><span style=\"font-weight: 400;\">Bundesurlaubsgesetz (BUrlG)<\/span><\/a><span style=\"font-weight: 400;\"> ist dies nicht geregelt. Eine gesetzliche Regelung gibt es nur bez\u00fcglich der Dauer des bezahlten Urlaubs. <\/span>Ob unbezahlter Urlaub gew\u00e4hrt wird, liegt daher im Ermessen des Unternehmens.<\/p>\n<p data-start=\"520\" data-end=\"981\">Am besten ist es, wenn bereits im <a href=\"https:\/\/factorialhr.de\/blog\/arbeitsvertrag\/\" target=\"_blank\" rel=\"noopener\">Arbeitsvertrag<\/a> eine Regelung enthalten ist, die unbezahlten Urlaub erm\u00f6glicht, beispielsweise in Form eines Sabbaticals. Enth\u00e4lt der Vertrag keine entsprechende Klausel, besteht zun\u00e4chst <strong data-start=\"745\" data-end=\"775\">kein gesetzlicher Anspruch<\/strong>. Mitarbeitende k\u00f6nnen ihren Wunsch dennoch direkt mit der F\u00fchrungskraft besprechen. Die Vorgesetzten sollten dem Anliegen offen gegen\u00fcberstehen, die Gr\u00fcnde anh\u00f6ren und gemeinsam nach einer L\u00f6sung suchen.<\/p>\n<p><span style=\"font-weight: 400;\">Damit Arbeitgebende auch R\u00fccksicht darauf nehmen k\u00f6nnen, wann andere Teammitglieder abwesend sind und die Entscheidung darauf basierend treffen k\u00f6nnen, ist es ratsam, Abwesenheiten in einer <a href=\"https:\/\/factorialhr.de\/\" rel=\"noopener\">HR-Software<\/a> zu vermerken. Tipp: Eine digitale<a href=\"https:\/\/factorialhr.de\/zeiterfassung-mitarbeiter\"> Zeiterfassung f\u00fcr Mitarbeitende <\/a>wird <a href=\"https:\/\/factorialhr.de\/blog\/arbeitszeiterfassungsgesetz\/\">bald gesetzliche Pflicht<\/a>. Daher ist es sinnvoll, wenn Sie die Arbeitszeiten und Abwesenheiten Ihrer Besch\u00e4ftigten jetzt schon elektronisch verwalten. Factorial ist daf\u00fcr eine gute L\u00f6sung. <a href=\"https:\/\/factorialhr.de\/urlaubsverwaltung\"><img decoding=\"async\" class=\"alignnone size-full wp-image-168630\" src=\"https:\/\/factorialhr.de\/wp-content\/uploads\/2025\/09\/15170935\/time-tracking-app-product-screen-1.webp\" alt=\"time tracking app product screen\" width=\"1800\" height=\"1144\" srcset=\"https:\/\/factorialhr.de\/wp-content\/uploads\/2025\/09\/15170935\/time-tracking-app-product-screen-1.webp 1800w, https:\/\/factorialhr.de\/wp-content\/uploads\/2025\/09\/15170935\/time-tracking-app-product-screen-1-300x191.webp 300w, https:\/\/factorialhr.de\/wp-content\/uploads\/2025\/09\/15170935\/time-tracking-app-product-screen-1-1024x651.webp 1024w, https:\/\/factorialhr.de\/wp-content\/uploads\/2025\/09\/15170935\/time-tracking-app-product-screen-1-768x488.webp 768w, https:\/\/factorialhr.de\/wp-content\/uploads\/2025\/09\/15170935\/time-tracking-app-product-screen-1-1536x976.webp 1536w\" sizes=\"(max-width: 1800px) 100vw, 1800px\" \/><\/a><\/span><\/p>\n<h3 data-start=\"141\" data-end=\"200\">Anspruch auf Freistellungen \u2013 kein unbezahlter Urlaub<\/h3>\n<p data-start=\"202\" data-end=\"452\">Es gibt f\u00fcr Mitarbeitende <strong data-start=\"228\" data-end=\"269\">Anspruch auf bestimmte Freistellungen<\/strong>, wenn besondere gesetzliche Voraussetzungen erf\u00fcllt sind. Diese Freistellungen sind <strong data-start=\"354\" data-end=\"395\">nicht dasselbe wie unbezahlter Urlaub<\/strong>, der freiwillig und ohne <a href=\"https:\/\/factorialhr.de\/blog\/jahresgehalt\/\">Gehaltszahlung<\/a> genommen wird.<\/p>\n<p data-start=\"454\" data-end=\"540\"><strong data-start=\"454\" data-end=\"538\">Gesetzlich geregelte Freistellungen bestehen beispielsweise in folgenden F\u00e4llen:<\/strong><\/p>\n<ol data-start=\"542\" data-end=\"1646\">\n<li data-start=\"542\" data-end=\"795\">\n<p data-start=\"545\" data-end=\"604\"><strong data-start=\"545\" data-end=\"602\">Krankes Kind (unter 12 Jahre) oder schwerkrankes Kind<\/strong><\/p>\n<ul data-start=\"608\" data-end=\"795\">\n<li data-start=\"608\" data-end=\"719\">\n<p data-start=\"610\" data-end=\"719\">Anspruch auf <a href=\"https:\/\/factorialhr.de\/blog\/kinderkrankentage\/\">Kinderkrankengeld<\/a> nach F\u00fcnftes Buch Sozialgesetzbuch (<a href=\"https:\/\/dejure.org\/gesetze\/SGB_V\/45.html\" target=\"_blank\" rel=\"noopener\">\u00a7\u202f 45 SGB\u202fV<\/a>)<\/p>\n<\/li>\n<li data-start=\"723\" data-end=\"795\">\n<p data-start=\"725\" data-end=\"795\">Bezahlung erfolgt \u00fcber die Krankenkasse, nicht \u00fcber die Arbeitgebenden.<\/p>\n<\/li>\n<\/ul>\n<\/li>\n<li data-start=\"797\" data-end=\"1098\">\n<p data-start=\"800\" data-end=\"836\"><strong data-start=\"800\" data-end=\"834\">Pflege eines nahen Angeh\u00f6rigen<\/strong><\/p>\n<ul data-start=\"840\" data-end=\"1098\">\n<li data-start=\"840\" data-end=\"1021\">\n<p data-start=\"842\" data-end=\"1021\">Mitarbeitende haben nach dem <strong data-start=\"147\" data-end=\"266\">Pflegezeitgesetz <\/strong>(<a href=\"https:\/\/www.gesetze-im-internet.de\/pflegezg\/PflegeZG.pdf\" target=\"_blank\" rel=\"noopener\">\u00a7\u202f3 PflegeZG<\/a>) Anspruch auf Freistellung, wenn sie pflegebed\u00fcrftige nahe Angeh\u00f6rige zu Hause betreuen. Die Freistellung kann <strong data-start=\"386\" data-end=\"416\">vollst\u00e4ndig oder teilweise<\/strong> erfolgen, in der Regel <strong data-start=\"440\" data-end=\"453\">unbezahlt<\/strong>, es sei denn, es gibt eine vertragliche Vereinbarung. Arbeitgebende m\u00fcssen den Antrag genehmigen, soweit die gesetzlichen Voraussetzungen erf\u00fcllt sind.<\/p>\n<\/li>\n<\/ul>\n<\/li>\n<li data-start=\"1100\" data-end=\"1377\">\n<p data-start=\"1103\" data-end=\"1131\"><strong data-start=\"1103\" data-end=\"1129\">Unverschuldete Notlage<\/strong><\/p>\n<ul data-start=\"1135\" data-end=\"1377\">\n<li data-start=\"1135\" data-end=\"1297\">\n<p data-start=\"1137\" data-end=\"1297\">Kurzfristige Freistellung z.\u202fB. bei Hausbrand oder \u00dcberschwemmung nach <a href=\"https:\/\/www.gesetze-im-internet.de\/bgb\/__616.html\" target=\"_blank\" rel=\"noopener\">\u00a7\u202f616 BGB<\/a><\/p>\n<\/li>\n<li data-start=\"1301\" data-end=\"1377\">\n<p data-start=\"1303\" data-end=\"1377\">Kann bezahlt oder unbezahlt sein, <strong data-start=\"1337\" data-end=\"1374\">kein regul\u00e4rer unbezahlter Urlaub<\/strong>.<\/p>\n<\/li>\n<\/ul>\n<\/li>\n<li data-start=\"1379\" data-end=\"1646\">\n<p data-start=\"1382\" data-end=\"1428\"><strong data-start=\"1382\" data-end=\"1426\">Schwangerschaft \/ Vorsorgeuntersuchungen<\/strong><\/p>\n<ul data-start=\"1432\" data-end=\"1646\">\n<li data-start=\"1432\" data-end=\"1585\">\n<p data-start=\"1434\" data-end=\"1585\">Anspruch auf Freistellung nach dem <strong data-start=\"1469\" data-end=\"1504\">Mutterschutzgesetz (<\/strong><a href=\"https:\/\/www.gesetze-im-internet.de\/muschg_2018\/__7.html\" target=\"_blank\" rel=\"noopener\">\u00a7\u202f7 MuSchG<\/a><strong data-start=\"1469\" data-end=\"1504\">)<\/strong><\/p>\n<\/li>\n<li data-start=\"1589\" data-end=\"1646\">\n<p data-start=\"1591\" data-end=\"1646\"><strong data-start=\"1591\" data-end=\"1616\">Bezahlte Freistellung<\/strong>, gesetzlich vorgeschrieben.<\/p>\n<\/li>\n<\/ul>\n<\/li>\n<\/ol>\n<p data-start=\"1648\" data-end=\"1917\">Diese Freistellungen sind <strong data-start=\"1685\" data-end=\"1708\">gesetzlich geregelt<\/strong> und m\u00fcssen von Vorgesetzten gew\u00e4hrt werden, wenn die Voraussetzungen erf\u00fcllt sind. Sie sind <strong data-start=\"1800\" data-end=\"1847\">nicht mit unbezahltem Urlaub zu verwechseln<\/strong>, der auf freiwilliger Basis und ohne Lohnfortzahlung genommen wird.<\/p>\n<p><a href=\"https:\/\/factorialhr.de\/urlaubsverwaltung\"><b>\ud83d\udc49 Verwalten Sie die Urlaube in Ihrem Unternehmen mit Factorial und behalten Sie den \u00dcberblick \u00fcber alle Abwesenheiten!<\/b><\/a><\/p>\n<h3><strong>Wann d\u00fcrfen Vorgesetzte den Antrag ablehnen?<\/strong><\/h3>\n<p><span style=\"font-weight: 400;\">In manchen F\u00e4llen sprechen betriebliche Gr\u00fcnde gegen einen unbezahlten Urlaub. Zum Beispiel dann, wenn ein Mitarbeitermangel vorliegt. Auch bei einer absehbaren hohen Auftragslage, bei der der Besch\u00e4ftigte entscheidende Aufgaben \u00fcbernehmen und Verantwortung tragen, ist ein Grund gegen unbezahlten Urlaub.<\/span><\/p>\n<h3><strong>K\u00f6nnen Arbeitgebende unbezahlten Urlaub anordnen? <\/strong><\/h3>\n<p><span style=\"font-weight: 400;\">Arbeitgebende k\u00f6nnen keinen unbezahlten Urlaub anordnen. Liegen \u201edringende betriebliche Erfordernisse\u201c vor, k\u00f6nnen <a href=\"https:\/\/factorialhr.de\/blog\/betriebsferien\/\">Betriebsferien<\/a> oder <a href=\"https:\/\/factorialhr.de\/blog\/zwangsurlaub\/\">Zwangsurlaub<\/a> angeordnet werden. Allerdings erhalten die Mitarbeitende in dieser Zeit weiterhin ihr volles Gehalt. Das hei\u00dft, wenn Unternehmen <\/span><span style=\"font-weight: 400;\">Betriebsferien<\/span><span style=\"font-weight: 400;\"> anordnen, m\u00fcssen diese nicht unverg\u00fctet genommen werden.<\/span><\/p>\n<h2>Wie wird unbezahlter Urlaub berechnet?<\/h2>\n<p data-start=\"214\" data-end=\"625\">Unbezahlter Urlaub wird in Deutschland anteilig vom Gehalt abgezogen, da f\u00fcr diese Zeit keine Verg\u00fctung gezahlt wird. Arbeitgebende k\u00f6nnen die Berechnung entweder auf Basis der <strong data-start=\"389\" data-end=\"405\">Kalendertage<\/strong> oder der <strong data-start=\"415\" data-end=\"430\">Arbeitstage<\/strong> durchf\u00fchren, je nach Arbeitsvertrag oder Betriebsvereinbarung. Die exakte Berechnung ist wichtig, um Gehaltsabrechnungen korrekt zu erstellen und Sozialversicherungsbeitr\u00e4ge richtig zu melden.<\/p>\n<h3 data-start=\"627\" data-end=\"659\">Beispiele f\u00fcr die Berechnung<\/h3>\n<p><strong data-start=\"661\" data-end=\"678\">Ausgangslage:<\/strong> Monatsgehalt 3.000\u202f\u20ac brutto, Monat mit 30 Tagen<\/p>\n<ul>\n<li><strong data-start=\"733\" data-end=\"768\">Ganzer Monat unbezahlter Urlaub<br \/>\n<\/strong>3.000 \u20ac \u00f7 30 Tage = 100 \u20ac pro Tag<br \/>\n100 \u20ac \u00d7 0 bezahlte Tage = 0 \u20ac<br \/>\n\u2192 Kein Gehalt f\u00fcr diesen Monat<\/li>\n<\/ul>\n<ul>\n<li><strong data-start=\"880\" data-end=\"925\">Halber Monat unbezahlter Urlaub (15 Tage)<br \/>\n<\/strong>3.000 \u20ac \u00f7 30 Tage = 100 \u20ac pro Tag<br \/>\n100 \u20ac \u00d7 15 bezahlte Tage = 1.500 \u20ac<br \/>\n\u2192 Gehalt f\u00fcr die H\u00e4lfte des Monats<\/li>\n<\/ul>\n<ul>\n<li data-start=\"1046\" data-end=\"1098\"><strong data-start=\"1046\" data-end=\"1096\">Anderthalb Monate unbezahlter Urlaub (45 Tage)<br \/>\n<\/strong>Monat 1: 30 Tage unbezahlter Urlaub \u2192 0 \u20ac<br \/>\nMonat 2: 15 Tage unbezahlter Urlaub \u2192 1.500 \u20ac<br \/>\n\u2192 Gehalt gesamt f\u00fcr 1,5 Monate = 1.500 \u20ac<\/li>\n<\/ul>\n<p data-start=\"1300\" data-end=\"1692\">Tools wie die <strong>HR-Software von Factorial<\/strong> erleichtern die Verwaltung unbezahlter Urlaube erheblich: Sie berechnen den <strong data-start=\"1400\" data-end=\"1439\">anteiligen Gehaltsabzug automatisch<\/strong>, dokumentieren die Abwesenheiten transparent und integrieren die Daten direkt in die <a href=\"https:\/\/factorialhr.de\/blog\/lohnabrechnung\/\">Lohnabrechnung<\/a> und <strong data-start=\"1548\" data-end=\"1580\">Sozialversicherungsmeldungen<\/strong>. Dadurch wird sichergestellt, dass keine Fehler entstehen und der Verwaltungsaufwand deutlich reduziert wird.<\/p>\n<p data-start=\"1300\" data-end=\"1692\"><span style=\"font-weight: 400;\"><div class=\"factorial-banner inline-banner banner-demo category-urlaub-und-abwesenheiten\"\n    data-banner-id=\"164142\"\n    data-banner-type=\"demo\"\n    data-category=\"Urlaub und Abwesenheiten\">\n    <div class=\"banner-content\">\n        <div class=\"banner-text\">\n                            <h4>Die Business Management Software f\u00fcr Ihre Bed\u00fcrfnisse<\/h4>\n            \n                            <ul class=\"banner-checklist\">\n                                                                        <li class=\"not-prose\">Recruiting &amp; Onboarding<\/li>\n                                                                                                <li class=\"not-prose\">Unternehmenseinblicke &amp; Dokumente<\/li>\n                                                                                                <li class=\"not-prose\">Finanzen &amp; Gehaltsabrechnung<\/li>\n                                                            <\/ul>\n            \n                            <a href=\"https:\/\/factorialhr.de\/eine-demo\"\n                    class=\"factorial-cta-button not-prose demo btn-brand\" data-cta=\"demo\" data-cta-position=\"inline-banner\">\n                    Kostenlos starten                <\/a>\n                    <\/div>\n\n        <div class=\"banner-image has-image\">\n            <img decoding=\"async\" src=\"https:\/\/factorialhr.com\/wp-content\/uploads\/2025\/07\/16134223\/screens-1-1.png\" class=\"not-prose\" \/>\n        <\/div>\n    <\/div>\n<\/div><\/span><\/p>\n<h2><b>K\u00fcrzung des Jahresurlaubs \u2013 Die 1\/12-Regelung<\/b><\/h2>\n<p data-start=\"125\" data-end=\"1228\">Bei unbezahltem Urlaub kann der gesetzliche Urlaubsanspruch anteilig gek\u00fcrzt werden, da w\u00e4hrend der Freistellung die Hauptpflichten des Arbeitsverh\u00e4ltnisses \u2013 Arbeitspflicht und Lohnzahlung \u2013 ruhen. Grundlage daf\u00fcr ist <a href=\"https:\/\/www.gesetze-im-internet.de\/burlg\/__3.html\" target=\"_blank\" rel=\"noopener\">\u00a7\u202f3 Abs.\u202f1 Bundesurlaubsgesetz (BUrlG)<\/a>, der den Urlaubsanspruch an die tats\u00e4chliche Arbeitspflicht koppelt. Das Bundesarbeitsgericht best\u00e4tigte in seinem Urteil vom 30.11.2021 (<a href=\"https:\/\/www.bundesarbeitsgericht.de\/entscheidung\/9-azr-225-21\/\" target=\"_blank\" rel=\"noopener\">Az. 9\u202fAZR\u202f225\/21<\/a>), dass Urlaubstage f\u00fcr Zeiten ohne Arbeitspflicht nicht entstehen. In der Praxis wird dies h\u00e4ufig nach der sogenannten \u201e1\/12-Regel\u201c umgesetzt: F\u00fcr jeden vollen Kalendermonat der unbezahlten Freistellung d\u00fcrfen Arbeitgebenden den gesetzlichen Mindesturlaub um ein Zw\u00f6lftel k\u00fcrzen. Dadurch wird sichergestellt, dass der Urlaubsanspruch nur f\u00fcr Zeitr\u00e4ume entsteht, in denen die Arbeitspflicht tats\u00e4chlich bestand.<\/p>\n<h2><strong>Was gilt es bei der Versicherung zu beachten?<\/strong><\/h2>\n<p><span style=\"font-weight: 400;\">Ist man als Besch\u00e4ftigter in der Zeit des unebzahlten Urlaubs weiterhin versichert? Eine berechtigte Frage, denn ohne Versicherung wird es teuer, wenn doch mal etwas passiert. Deshalb sollten sich Arbeitnehmende \u00fcber die genauen Bedingungen und Regelungen zu ihren Versicherungen informieren.<\/span><\/p>\n<h3><strong>Sozialversicherung<\/strong><\/h3>\n<p><span style=\"font-weight: 400;\">Die Ein-Monats-Regel nach <a href=\"https:\/\/www.gesetze-im-internet.de\/sgb_4\/__7.html\" target=\"_blank\" rel=\"noopener\">\u00a7 7 Abs. 3 SGB IV<\/a> besagt: Die <a href=\"https:\/\/factorialhr.de\/blog\/sozialversicherung\/\">Sozialversicherung<\/a> in allen Zweigen (Kranken-, Pflege-, Renten-, Arbeitslosen- und Unfallversicherung) l\u00e4uft automatisch einen Monat kostenfrei weiter. Also, der erste Monat des unbezahlten Urlaubs ist versichert. Danach endet der Versicherungsschutz \u00fcber den Vorgesetzten und dieser ist gesetzlich dazu verpflichtet, die jeweiligen Mitarbeitenden abzumelden. Nach einem Monat m\u00fcssen sich Arbeitnehmende selbst darum k\u00fcmmern, dass sie versichert sind. Beginnt der unbezahlte Urlaub also am 5. Juli, endet der Versicherungsschutz am 4. August. Ab dem 5. August m\u00fcssen Mitarbeitende sich selbst um einen ausreichenden Versicherungsschutz k\u00fcmmern. Bei einem unbezahlten Urlaub sollte man die Sozialversicherung unbedingt ber\u00fccksichtigen und sich bereits im Vorfeld informieren.\u00a0\u00a0<\/span><\/p>\n<p><b>Info: <\/b><span style=\"font-weight: 400;\">Es gibt keine Verl\u00e4ngerung der Monatsfrist bei \u201e<\/span><a href=\"https:\/\/www.lohn-info.de\/unbezahlter_urlaub.html\" target=\"_blank\" rel=\"noopener\"><span style=\"font-weight: 400;\">unechten Unterbrechungen<\/span><\/a><span style=\"font-weight: 400;\">\u201cdes unbezahlten Urlaubs. Von einer unechten Unterbrechung spricht man, wenn Mitarbeitende nur kurzzeitig zur Arbeit zur\u00fcckkehren, ohne das Besch\u00e4ftigungsverh\u00e4ltnis tats\u00e4chlich wieder aufzunehmen \u2013 etwa wenn sie nur einzelne Stunden oder ein bis zwei Tage arbeiten und anschlie\u00dfend nahtlos in den unbezahlten Urlaub zur\u00fcckkehren. In diesen F\u00e4llen startet die Ein-Monats-Frist nach \u00a7 7 Abs. 3 SGB IV <strong data-start=\"576\" data-end=\"585\">nicht<\/strong> erneut. Die Sozialversicherungstr\u00e4ger verwenden diese Unterscheidung in ihren Auslegungshinweisen, z. B. im <a href=\"https:\/\/www.deutsche-rentenversicherung.de\/SharedDocs\/Downloads\/DE\/Fachliteratur_Kommentare_Gesetzestexte\/summa_summarum\/rundschreiben\/2013\/maerz_2013_gemeinsame_verlautbarung_arbeitsunterbrechungen_pdf.pdf\" target=\"_blank\" rel=\"noopener\">Gemeinsamen Rundschreiben der Spitzenorganisationen der Sozialversicherung<\/a><em data-start=\"694\" data-end=\"770\">.<\/em><\/span><\/p>\n<p><img decoding=\"async\" class=\"alignnone size-full wp-image-174032 aligncenter\" src=\"https:\/\/factorialhr.de\/wp-content\/uploads\/2020\/07\/24154811\/Name-Tag-1.webp\" alt=\"Die Sozialversicherung bleibt maximal einen Monat kostenfrei bestehen (Ein-Monats-Regel).\" width=\"1262\" height=\"402\" srcset=\"https:\/\/factorialhr.de\/wp-content\/uploads\/2020\/07\/24154811\/Name-Tag-1.webp 1262w, https:\/\/factorialhr.de\/wp-content\/uploads\/2020\/07\/24154811\/Name-Tag-1-300x96.webp 300w, https:\/\/factorialhr.de\/wp-content\/uploads\/2020\/07\/24154811\/Name-Tag-1-1024x326.webp 1024w, https:\/\/factorialhr.de\/wp-content\/uploads\/2020\/07\/24154811\/Name-Tag-1-768x245.webp 768w\" sizes=\"(max-width: 1262px) 100vw, 1262px\" \/><\/p>\n<h3><b>Unbezahlter Urlaub: Krankenkasse <\/b><\/h3>\n<p><span style=\"font-weight: 400;\">Unbezahlter Urlaub und Krankenversicherung widersprechen sich nicht zwangsl\u00e4ufig. In der Krankenversicherung haben Arbeitnehmende verschiedene M\u00f6glichkeiten, sich weiter zu versichern. Arbeitnehmende k\u00f6nnen dann beispielsweise eine beitragsfreie Familienversicherung, die freiwillige gesetzliche Versicherung oder die private Krankenversicherung w\u00e4hlen. Die Familienversicherung ist kostenlos m\u00f6glich bei einem Einkommen unter 535 \u20ac monatlich (ab 2026: 565 \u20ac). Die freiwillige gesetzliche Versicherung kostet mindestens 179,11 \u20ac pro Monat (2025).<\/span><\/p>\n<h3><strong>Rentenversicherung<\/strong><\/h3>\n<p>W\u00e4hrend des unbezahlten Urlaubs endet die Pflichtversicherung in der Rentenversicherung, sobald die Ein-Monats-Frist nach \u00a7\u202f7 Abs.\u202f3 SGB IV \u00fcberschritten ist. Besch\u00e4ftigte k\u00f6nnen dann auf Grundlage von <a href=\"https:\/\/www.gesetze-im-internet.de\/sgb_6\/__2.html\" target=\"_blank\" rel=\"noopener\">\u00a7\u202f2 Abs.\u202f2 SGB VI<\/a> freiwillig Beitr\u00e4ge einzahlen, um Rentenanspr\u00fcche fortzuf\u00fchren. Ohne Beitr\u00e4ge entstehen Beitragsl\u00fccken, die die sp\u00e4tere Rentenh\u00f6he nur geringf\u00fcgig mindern.<\/p>\n<h3><b>Was ist mit freiwillig versicherten Personen?\u00a0<\/b><\/h3>\n<p><span style=\"font-weight: 400;\">Die freiwillige Kranken- und Pflegeversicherung bleibt durch einen unbezahlten Urlaub unber\u00fchrt. Auch bei einem l\u00e4ngeren unbezahlten Urlaub bleibt die freiwillige Versicherung bestehen. Gleiches gilt f\u00fcr eine private Krankenversicherung.<\/span><\/p>\n<h2><strong>Wie lange darf unbezahlter Urlaub dauern?<\/strong><\/h2>\n<p><span style=\"font-weight: 400;\">Wie lange ein unbezahlter Urlaub dauern darf, ist nur selten vertraglich geregelt. Deshalb entscheiden Arbeitgebende dar\u00fcber. Bei dem Gespr\u00e4ch zwischen Arbeitgebenden und Arbeitnehmenden ist es wichtig, sowohl die Gr\u00fcnde, die f\u00fcr den unbezahlten Urlaub sprechen, als auch die Faktoren, die aus betrieblicher Sicht dagegen sprechen, darzulegen. Gemeinsam kann man dann auf einen Nenner kommen.\u00a0<\/span><\/p>\n<h2><strong>Was passiert bei einer K\u00fcndigung?<\/strong><\/h2>\n<p><span style=\"font-weight: 400;\">Zwar erbringen Arbeitnehmende w\u00e4hrend ihres unbezahlten Urlaubs keine Leistung und erhalten auch keine Verg\u00fctung, dennoch bleibt der <a href=\"https:\/\/factorialhr.de\/blog\/kuendigungsschutzgesetz\/\">K\u00fcndigungsschutz<\/a> bestehen (<a href=\"https:\/\/factorialhr.de\/blog\/urlaubsanspruch-bei-kuendigung\/\">Urlaubsanspruch bei K\u00fcndigung<\/a>). Eine <a href=\"https:\/\/factorialhr.de\/blog\/ordentliche-kuendigung\/\">ordentliche<\/a> oder <a href=\"https:\/\/factorialhr.de\/blog\/ausserordentliche-kuendigung\/\">au\u00dferordentliche K\u00fcndigung<\/a> ist aber weiterhin m\u00f6glich &#8211; nur die Arbeitspflicht ruht.<\/span><\/p>\n<h2><strong>Unbezahlten Urlaub beantragen: Wie beantragt man unbezahlten Urlaub?<\/strong><\/h2>\n<p data-start=\"72\" data-end=\"371\">Es gibt keine vorgeschriebene Form oder Inhalte, wie genau ein Antrag auf unbezahlten Urlaub aussehen muss. Am besten wird er <strong data-start=\"198\" data-end=\"213\">schriftlich<\/strong> gestellt und von beiden Seiten unterschrieben. Theoretisch w\u00e4re auch eine m\u00fcndliche Abmachung m\u00f6glich, aber auf der sicheren Seite ist man schriftlich.<\/p>\n<p data-start=\"373\" data-end=\"508\">Folgende Punkte sollten am besten enthalten sein:<\/p>\n<ul data-start=\"510\" data-end=\"820\">\n<li data-start=\"510\" data-end=\"573\">\n<p data-start=\"512\" data-end=\"573\">Name, Anschrift, Datum und <a href=\"https:\/\/factorialhr.de\/blog\/personaluebersicht-vorlage\/\">Personalnummer<\/a> (falls vorhanden)<\/p>\n<\/li>\n<li data-start=\"574\" data-end=\"610\">\n<p data-start=\"576\" data-end=\"610\">Zeitraum des unbezahlten Urlaubs<\/p>\n<\/li>\n<li data-start=\"611\" data-end=\"648\">\n<p data-start=\"613\" data-end=\"648\">Gr\u00fcnde f\u00fcr den unbezahlten Urlaub<\/p>\n<\/li>\n<li data-start=\"649\" data-end=\"748\">\n<p data-start=\"651\" data-end=\"748\">Eine Frist, bis wann sich die Vorgesetzten zur\u00fcckmelden und Stellung zum Antrag beziehen sollen<\/p>\n<\/li>\n<li data-start=\"749\" data-end=\"820\">\n<p data-start=\"751\" data-end=\"820\">Unterschrift der Antragstellenden (und idealerweise des Vorgesetzten)<\/p>\n<\/li>\n<\/ul>\n<p>Beispiele f\u00fcr Musterantr\u00e4ge auf unbezahlten Urlaub finden Sie zum Download u.a. auf der Website von <a href=\"https:\/\/www.allright.de\/arbeitsrecht\/mustervorlagen\/antrag-auf-unbezahlten-urlaub\/\" target=\"_blank\" rel=\"noopener\">allright.de<\/a>.<\/p>\n<p><a href=\"https:\/\/factorialhr.de\/vorlagen\/vorlage-urlaubsantrag\"><b>\ud83d\udc49 Laden Sie sich unsere kostenlose Word-Vorlage f\u00fcr Ihren Urlaubsantrag herunter: Zum Download<\/b><\/a><\/p>\n<p><span id=\"hs-cta-wrapper-e601d406-c080-4284-9b9e-2912859b2256\" class=\"hs-cta-wrapper\"><span style=\"font-weight: 400;\"><div class=\"factorial-banner inline-banner banner-freebie category-urlaub-und-abwesenheiten\"\n    data-banner-id=\"164342\"\n    data-banner-type=\"freebie\"\n    data-category=\"Urlaub und Abwesenheiten\">\n    <div class=\"banner-content\">\n        <div class=\"banner-text\">\n                            <h4>Vorlage: Urlaubsantrag<\/h4>\n            \n                            <p>Verwenden Sie unsere kostenlose Vorlage, um Ihren Urlaubsantrag korrekt und unkompliziert einzureichen. Jetzt herunterladen und ausf\u00fcllen!<\/p>\n            \n                            <a href=\"https:\/\/factorialhr.de\/vorlagen\/vorlage-urlaubsantrag\"\n                    class=\"factorial-cta-button not-prose freebie\" data-cta=\"freebie\" data-cta-position=\"inline-banner\">\n                    Kostenlos herunterladen                <\/a>\n                    <\/div>\n\n        <div class=\"banner-image no-image\">\n            <img decoding=\"async\" src=\"https:\/\/factorialhr.de\/blog\/app\/plugins\/factorial-utilities\/assets\/images\/banners\/inline\/backgrounds\/default_image.svg\" class=\"not-prose\" \/>\n        <\/div>\n    <\/div>\n<\/div><\/span><\/span><!-- end HubSpot Call-to-Action Code --><\/p>\n<h2>H\u00e4ufig gestellte Fragen zu unbezahltem Urlaub<\/h2>\n<h3 data-start=\"129\" data-end=\"360\">Kann ich einfach so unbezahlten Urlaub nehmen?<\/h3>\n<p data-start=\"129\" data-end=\"360\">Nein, einen gesetzlichen Anspruch auf unbezahlten Urlaub gibt es in Deutschland nicht. Das bedeutet, dass Mitarbeitende den Urlaub <strong data-start=\"260\" data-end=\"302\">bei den Vorgesetzten beantragen m\u00fcssen<\/strong> und die Genehmigung im Ermessen des Arbeitgebers liegt.<\/p>\n<p data-start=\"362\" data-end=\"832\">Ausnahmen bilden gesetzlich geregelte <strong data-start=\"400\" data-end=\"418\">Freistellungen<\/strong>: Dazu geh\u00f6ren beispielsweise die Pflege eines nahen Angeh\u00f6rigen (\u00a7\u202f3 PflegeZG), die Betreuung eines kranken Kindes (\u00a7\u202f45 SGB\u202fV), eine unverschuldete Notlage (\u00a7\u202f616 BGB) oder Schwangerschaftsvorsorge (\u00a7\u202f7 MuSchG). In diesen F\u00e4llen handelt es sich <strong data-start=\"665\" data-end=\"696\">nicht um unbezahlten Urlaub<\/strong>, sondern um <strong data-start=\"709\" data-end=\"753\">rechtlich vorgeschriebene Freistellungen<\/strong>, die Arbeitgebende gew\u00e4hren m\u00fcssen \u2013 teilweise bezahlt, teilweise unbezahlt.<\/p>\n<h3><strong>Welche Nachteile hat unbezahlter Urlaub?<\/strong><\/h3>\n<p>Eine Verg\u00fctung steht den Arbeitnehmenden w\u00e4hrend ihres unbezahlten Urlaubs nicht zu. Und Arbeitnehmende sollten sich \u00fcber die genauen Bedingungen und Regelungen zu ihren Versicherungen informieren.<\/p>\n<h3><strong>Welche Konsequenzen hat unbezahlter Urlaub?<\/strong><\/h3>\n<p data-path-to-node=\"4\">Die Hauptfolgen f\u00fcr die Besch\u00e4ftigten sind der <b>Entfall des Gehalts<\/b>, das <b>Ende des Versicherungsschutzes<\/b> \u00fcber das Unternehmen nach dem ersten Monat, die m\u00f6gliche <b>K\u00fcrzung des Jahresurlaubs<\/b> um <span class=\"math-inline\" data-math=\"\\frac{1}{12}\">1\/12<\/span> pro vollem Monat, eine <b>Minderung der Rentenanspr\u00fcche<\/b> und \u2013 je nach vertraglicher Gestaltung \u2013 unter Umst\u00e4nden <b>keine Garantie auf die R\u00fcckkehr zur exakt gleichen Position<\/b> innerhalb des Unternehmens.<\/p>\n<h3><strong>Wie viel unbezahlter Urlaub steht mir zu?<\/strong><\/h3>\n<p>Wie lange ein unbezahlter Urlaub dauern darf, ist nur selten vertraglich geregelt. Deshalb entscheiden Arbeitgebende dar\u00fcber. Bei dem Gespr\u00e4ch zwischen Arbeitgebenden und Arbeitnehmenden ist es wichtig, sowohl die Gr\u00fcnde, die f\u00fcr den unbezahlten Urlaub sprechen, als auch die Faktoren, die aus betrieblicher Sicht dagegen sprechen, darzulegen. Gemeinsam kann man dann auf einen Nenner kommen.<\/p>\n<h3><strong>Wer zahlt bei unbezahltem Urlaub die Krankenkasse? <\/strong><\/h3>\n<p><b>Arbeitgebende<\/b> zahlen nur f\u00fcr den <b>ersten Monat<\/b> der Freistellung die Beitr\u00e4ge zur Sozialversicherung; danach endet die automatische Absicherung, und die <b>Besch\u00e4ftigten<\/b> m\u00fcssen sich selbst versichern, wobei entweder eine beitragsfreie <b>Familienversicherung<\/b> \u00fcber die Partner*innen oder die <b>freiwillige gesetzliche Versicherung<\/b> (Mindestbeitrag 2025: 179,11 \u20ac pro Monat) als Optionen zur Verf\u00fcgung stehen.<\/p>\n<h3><strong>Was kostet Vorgesetzten unebzahlter Urlaub?<\/strong><\/h3>\n<p>Unbezahlter Urlaub verursacht f\u00fcr Arbeitgebende <b>keine direkten Lohn- oder Sozialabgabenkosten<\/b> (nach dem ersten Monat entfallen die Beitr\u00e4ge), f\u00fchrt jedoch zu <b>indirekten Kosten<\/b> durch den notwendigen administrativen Aufwand f\u00fcr die korrekte An- und Abmeldung bei der Sozialversicherung, die Organisation von Ersatzkr\u00e4ften zur Sicherstellung des Betriebsablaufs sowie den potenziellen Know-how-Verlust und Wiedereingliederungsaufwand der Besch\u00e4ftigten.<\/p>\n<p><script type=\"application\/ld+json\">\n{\n  \"@context\": \"https:\/\/schema.org\",\n  \"@type\": \"FAQPage\",\n  \"mainEntity\": [{\n    \"@type\": \"Question\",\n    \"name\": \"Kann ich einfach so unbezahlten Urlaub nehmen?\",\n    \"acceptedAnswer\": {\n      \"@type\": \"Answer\",\n      \"text\": \"Nein, einen gesetzlichen Anspruch auf unbezahlten Urlaub gibt es in Deutschland nicht. Das bedeutet, dass Mitarbeitende den Urlaub bei den Vorgesetzten beantragen m\u00fcssen und die Genehmigung im Ermessen des Arbeitgebers liegt.<\/p>\n<p>Ausnahmen bilden gesetzlich geregelte Freistellungen: Dazu geh\u00f6ren beispielsweise die Pflege eines nahen Angeh\u00f6rigen (\u00a7\u202f3 PflegeZG), die Betreuung eines kranken Kindes (\u00a7\u202f45 SGB\u202fV), eine unverschuldete Notlage (\u00a7\u202f616 BGB) oder Schwangerschaftsvorsorge (\u00a7\u202f7 MuSchG). In diesen F\u00e4llen handelt es sich nicht um unbezahlten Urlaub, sondern um rechtlich vorgeschriebene Freistellungen, die Arbeitgebende gew\u00e4hren m\u00fcssen \u2013 teilweise bezahlt, teilweise unbezahlt.\"\n    }\n  },{\n    \"@type\": \"Question\",\n    \"name\": \"Welche Nachteile hat unbezahlter Urlaub?\",\n    \"acceptedAnswer\": {\n      \"@type\": \"Answer\",\n      \"text\": \"Eine Verg\u00fctung steht den Arbeitnehmenden w\u00e4hrend ihres unbezahlten Urlaubs nicht zu. Und Arbeitnehmende sollten sich \u00fcber die genauen Bedingungen und Regelungen zu ihren Versicherungen informieren.\"\n    }\n  },{\n    \"@type\": \"Question\",\n    \"name\": \"Welche Konsequenzen hat unbezahlter Urlaub?\",\n    \"acceptedAnswer\": {\n      \"@type\": \"Answer\",\n      \"text\": \"Die Hauptfolgen f\u00fcr die Besch\u00e4ftigten sind der Entfall des Gehalts, das Ende des Versicherungsschutzes \u00fcber das Unternehmen nach dem ersten Monat, die m\u00f6gliche K\u00fcrzung des Jahresurlaubs um 1\/12 pro vollem Monat, eine Minderung der Rentenanspr\u00fcche und \u2013 je nach vertraglicher Gestaltung \u2013 unter Umst\u00e4nden keine Garantie auf die R\u00fcckkehr zur exakt gleichen Position innerhalb des Unternehmens.\"\n    }\n  },{\n    \"@type\": \"Question\",\n    \"name\": \"Wie viel unbezahlter Urlaub steht mir zu?\",\n    \"acceptedAnswer\": {\n      \"@type\": \"Answer\",\n      \"text\": \"Wie lange ein unbezahlter Urlaub dauern darf, ist nur selten vertraglich geregelt. Deshalb entscheiden Arbeitgebende dar\u00fcber. Bei dem Gespr\u00e4ch zwischen Arbeitgebenden und Arbeitnehmenden ist es wichtig, sowohl die Gr\u00fcnde, die f\u00fcr den unbezahlten Urlaub sprechen, als auch die Faktoren, die aus betrieblicher Sicht dagegen sprechen, darzulegen. Gemeinsam kann man dann auf einen Nenner kommen.\"\n    }\n  },{\n    \"@type\": \"Question\",\n    \"name\": \"Wer zahlt bei unebzahltem Urlaub die Krankenkasse?\",\n    \"acceptedAnswer\": {\n      \"@type\": \"Answer\",\n      \"text\": \"Arbeitgebende zahlen nur f\u00fcr den ersten Monat der Freistellung die Beitr\u00e4ge zur Sozialversicherung; danach endet die automatische Absicherung, und die Besch\u00e4ftigten m\u00fcssen sich selbst versichern, wobei entweder eine beitragsfreie Familienversicherung \u00fcber die Partner*innen oder die freiwillige gesetzliche Versicherung (Mindestbeitrag 2025: 179,11 \u20ac pro Monat) als Optionen zur Verf\u00fcgung stehen.\"\n    }\n  },{\n    \"@type\": \"Question\",\n    \"name\": \"Was kostet Vorgesetzten unbezahlter Urlaub?\",\n    \"acceptedAnswer\": {\n      \"@type\": \"Answer\",\n      \"text\": \"Unbezahlter Urlaub verursacht f\u00fcr Arbeitgebende keine direkten Lohn- oder Sozialabgabenkosten (nach dem ersten Monat entfallen die Beitr\u00e4ge), f\u00fchrt jedoch zu indirekten Kosten durch den notwendigen administrativen Aufwand f\u00fcr die korrekte An- und Abmeldung bei der Sozialversicherung, die Organisation von Ersatzkr\u00e4ften zur Sicherstellung des Betriebsablaufs sowie den potenziellen Know-how-Verlust und Wiedereingliederungsaufwand der Besch\u00e4ftigten.\"\n    }\n  }]\n}\n<\/script><\/p>\n","protected":false},"excerpt":{"rendered":"<p>Unbezahlter Urlaub er\u00f6ffnet zus\u00e4tzliche freie Tage f\u00fcr Besch\u00e4ftigte \u2013 etwa f\u00fcr Weiterbildung, Familie, l\u00e4ngere Reisen oder ein Sabbatical. Doch wer darf ihn nehmen, und wann d\u00fcrfen Vorgesetzte ablehnen? Wir erkl\u00e4ren die wichtigsten Regeln, was beim Antrag z\u00e4hlt und wie es mit Versicherungen aussieht. Das Wichtigste in K\u00fcrze: Unbezahlter Urlaub ist eine Freistellung vom Arbeitsverh\u00e4ltnis ohne<a href=\"https:\/\/factorialhr.de\/blog\/unbezahlter-urlaub\/\" class=\"read-more\"> [&#8230;]<\/a><\/p>\n","protected":false},"author":67,"featured_media":44741,"comment_status":"open","ping_status":"closed","sticky":false,"template":"","format":"standard","meta":{"_acf_changed":false,"footnotes":""},"categories":[188],"tags":[],"class_list":["post-23441","post","type-post","status-publish","format-standard","has-post-thumbnail","hentry","category-urlaubsmanagement"],"acf":{"topics":"time-time-off"},"yoast_head":"<!-- This site is optimized with the Yoast SEO Premium plugin v21.5 (Yoast SEO v21.9.1) - https:\/\/yoast.com\/wordpress\/plugins\/seo\/ -->\n<title>Unbezahlter Urlaub: Das m\u00fcssen Arbeitgebende beachten<\/title>\n<meta name=\"description\" content=\"Unbezahlter Urlaub: Anspruch \u2713 Krankenversicherung \u2713 Ein-Monats-Regel \u2713 Antrag \u2713 Gehaltsrechner \u2713 Aktuelle BAG-Urteile\" \/>\n<meta name=\"robots\" content=\"index, follow, max-snippet:-1, max-image-preview:large, max-video-preview:-1\" \/>\n<link rel=\"canonical\" href=\"https:\/\/factorialhr.de\/blog\/unbezahlter-urlaub\/\" \/>\n<meta property=\"og:locale\" content=\"de_DE\" \/>\n<meta property=\"og:type\" content=\"article\" \/>\n<meta property=\"og:title\" content=\"Was ist unbezahlter Urlaub und was ist zu beachten?\" \/>\n<meta property=\"og:description\" content=\"Unbezahlter Urlaub: Anspruch \u2713 Krankenversicherung \u2713 Ein-Monats-Regel \u2713 Antrag \u2713 Gehaltsrechner \u2713 Aktuelle BAG-Urteile\" \/>\n<meta property=\"og:url\" content=\"https:\/\/factorialhr.de\/blog\/unbezahlter-urlaub\/\" \/>\n<meta property=\"og:site_name\" content=\"Factorial\" \/>\n<meta property=\"article:publisher\" content=\"https:\/\/www.facebook.com\/people\/Factorial\/100064908455810\/\" \/>\n<meta property=\"article:published_time\" content=\"2025-11-24T16:03:24+00:00\" \/>\n<meta property=\"article:modified_time\" content=\"2025-12-02T11:28:46+00:00\" \/>\n<meta property=\"og:image\" content=\"https:\/\/factorialhr.de\/wp-content\/uploads\/2020\/07\/23083540\/Was-ist-unbezahlter-Urlaub-und-was-ist-zu-beachten.jpg\" \/>\n\t<meta property=\"og:image:width\" content=\"830\" \/>\n\t<meta property=\"og:image:height\" content=\"450\" \/>\n\t<meta property=\"og:image:type\" content=\"image\/jpeg\" \/>\n<meta name=\"author\" content=\"Nicole Steffgen\" \/>\n<meta name=\"twitter:card\" content=\"summary_large_image\" \/>\n<meta name=\"twitter:creator\" content=\"@factorialapp\" \/>\n<meta name=\"twitter:site\" content=\"@factorialapp\" \/>\n<meta name=\"twitter:label1\" content=\"Written by\" \/>\n\t<meta name=\"twitter:data1\" content=\"Nicole Steffgen\" \/>\n\t<meta name=\"twitter:label2\" content=\"Est. reading time\" \/>\n\t<meta name=\"twitter:data2\" content=\"11 Minuten\" \/>\n<script type=\"application\/ld+json\" class=\"yoast-schema-graph\">{\"@context\":\"https:\/\/schema.org\",\"@graph\":[{\"@type\":\"Article\",\"@id\":\"https:\/\/factorialhr.de\/blog\/unbezahlter-urlaub\/#article\",\"isPartOf\":{\"@id\":\"https:\/\/factorialhr.de\/blog\/unbezahlter-urlaub\/\"},\"author\":{\"name\":\"Nicole Steffgen\",\"@id\":\"https:\/\/factorialhr.de\/blog\/#\/schema\/person\/0abd3cb9bfc5e0cb4a7218be1cdaa7cc\"},\"headline\":\"Was ist unbezahlter Urlaub und was ist zu beachten?\",\"datePublished\":\"2025-11-24T16:03:24+00:00\",\"dateModified\":\"2025-12-02T11:28:46+00:00\",\"mainEntityOfPage\":{\"@id\":\"https:\/\/factorialhr.de\/blog\/unbezahlter-urlaub\/\"},\"wordCount\":2371,\"commentCount\":0,\"publisher\":{\"@id\":\"https:\/\/factorialhr.de\/blog\/#organization\"},\"articleSection\":[\"Urlaub und Abwesenheiten\"],\"inLanguage\":\"de-DE\",\"potentialAction\":[{\"@type\":\"CommentAction\",\"name\":\"Comment\",\"target\":[\"https:\/\/factorialhr.de\/blog\/unbezahlter-urlaub\/#respond\"]}]},{\"@type\":\"WebPage\",\"@id\":\"https:\/\/factorialhr.de\/blog\/unbezahlter-urlaub\/\",\"url\":\"https:\/\/factorialhr.de\/blog\/unbezahlter-urlaub\/\",\"name\":\"Unbezahlter Urlaub: Das m\u00fcssen Arbeitgebende beachten\",\"isPartOf\":{\"@id\":\"https:\/\/factorialhr.de\/blog\/#website\"},\"datePublished\":\"2025-11-24T16:03:24+00:00\",\"dateModified\":\"2025-12-02T11:28:46+00:00\",\"description\":\"Unbezahlter Urlaub: Anspruch \u2713 Krankenversicherung \u2713 Ein-Monats-Regel \u2713 Antrag \u2713 Gehaltsrechner \u2713 Aktuelle BAG-Urteile\",\"inLanguage\":\"de-DE\",\"potentialAction\":[{\"@type\":\"ReadAction\",\"target\":[\"https:\/\/factorialhr.de\/blog\/unbezahlter-urlaub\/\"]}]},{\"@type\":\"WebSite\",\"@id\":\"https:\/\/factorialhr.de\/blog\/#website\",\"url\":\"https:\/\/factorialhr.de\/blog\/\",\"name\":\"Factorial\",\"description\":\"\",\"publisher\":{\"@id\":\"https:\/\/factorialhr.de\/blog\/#organization\"},\"potentialAction\":[{\"@type\":\"SearchAction\",\"target\":{\"@type\":\"EntryPoint\",\"urlTemplate\":\"https:\/\/factorialhr.de\/blog\/?s={search_term_string}\"},\"query-input\":\"required name=search_term_string\"}],\"inLanguage\":\"de-DE\"},{\"@type\":\"Organization\",\"@id\":\"https:\/\/factorialhr.de\/blog\/#organization\",\"name\":\"All-in-one business management software - Factorial\",\"url\":\"https:\/\/factorialhr.de\/blog\/\",\"logo\":{\"@type\":\"ImageObject\",\"inLanguage\":\"de-DE\",\"@id\":\"https:\/\/factorialhr.de\/blog\/#\/schema\/logo\/image\/\",\"url\":\"https:\/\/factorialhr.de\/wp-content\/uploads\/2023\/07\/18155144\/factorial-logo.png\",\"contentUrl\":\"https:\/\/factorialhr.de\/wp-content\/uploads\/2023\/07\/18155144\/factorial-logo.png\",\"width\":946,\"height\":880,\"caption\":\"All-in-one business management software - Factorial\"},\"image\":{\"@id\":\"https:\/\/factorialhr.de\/blog\/#\/schema\/logo\/image\/\"},\"sameAs\":[\"https:\/\/www.facebook.com\/people\/Factorial\/100064908455810\/\",\"https:\/\/twitter.com\/factorialapp\",\"https:\/\/www.linkedin.com\/company\/factorialhr\",\"https:\/\/www.youtube.com\/@factorialmedia\",\"https:\/\/www.instagram.com\/factorial\/#\"]},{\"@type\":\"Person\",\"@id\":\"https:\/\/factorialhr.de\/blog\/#\/schema\/person\/0abd3cb9bfc5e0cb4a7218be1cdaa7cc\",\"name\":\"Nicole Steffgen\",\"image\":{\"@type\":\"ImageObject\",\"inLanguage\":\"de-DE\",\"@id\":\"https:\/\/factorialhr.de\/blog\/#\/schema\/person\/image\/\",\"url\":\"https:\/\/secure.gravatar.com\/avatar\/c98c5adc8c5d099c342b866002a57339?s=96&d=identicon&r=g\",\"contentUrl\":\"https:\/\/secure.gravatar.com\/avatar\/c98c5adc8c5d099c342b866002a57339?s=96&d=identicon&r=g\",\"caption\":\"Nicole Steffgen\"},\"description\":\"Als Content Strategin mit fundierter Erfahrung im Markenaufbau und in digitaler Kommunikation entwickelt Nicole Steffgen wirkungsstarke Inhalte an der Schnittstelle von Unternehmenskultur, HR und strategischer Positionierung. Sie arbeitet analytisch, zielgruppenorientiert und markenbewusst \u2013 mit dem Fokus, Organisationen kommunikativ zu st\u00e4rken und im Markt differenziert sichtbar zu machen.\",\"sameAs\":[\"https:\/\/factorialhr.de\"],\"url\":\"https:\/\/factorialhr.de\/blog\/author\/nicole\/\"}]}<\/script>\n<!-- \/ Yoast SEO Premium plugin. -->","yoast_head_json":{"title":"Unbezahlter Urlaub: Das m\u00fcssen Arbeitgebende beachten","description":"Unbezahlter Urlaub: Anspruch \u2713 Krankenversicherung \u2713 Ein-Monats-Regel \u2713 Antrag \u2713 Gehaltsrechner \u2713 Aktuelle BAG-Urteile","robots":{"index":"index","follow":"follow","max-snippet":"max-snippet:-1","max-image-preview":"max-image-preview:large","max-video-preview":"max-video-preview:-1"},"canonical":"https:\/\/factorialhr.de\/blog\/unbezahlter-urlaub\/","og_locale":"de_DE","og_type":"article","og_title":"Was ist unbezahlter Urlaub und was ist zu beachten?","og_description":"Unbezahlter Urlaub: Anspruch \u2713 Krankenversicherung \u2713 Ein-Monats-Regel \u2713 Antrag \u2713 Gehaltsrechner \u2713 Aktuelle BAG-Urteile","og_url":"https:\/\/factorialhr.de\/blog\/unbezahlter-urlaub\/","og_site_name":"Factorial","article_publisher":"https:\/\/www.facebook.com\/people\/Factorial\/100064908455810\/","article_published_time":"2025-11-24T16:03:24+00:00","article_modified_time":"2025-12-02T11:28:46+00:00","og_image":[{"width":830,"height":450,"url":"https:\/\/factorialhr.de\/wp-content\/uploads\/2020\/07\/23083540\/Was-ist-unbezahlter-Urlaub-und-was-ist-zu-beachten.jpg","type":"image\/jpeg"}],"author":"Nicole Steffgen","twitter_card":"summary_large_image","twitter_creator":"@factorialapp","twitter_site":"@factorialapp","twitter_misc":{"Written by":"Nicole Steffgen","Est. reading time":"11 Minuten"},"schema":{"@context":"https:\/\/schema.org","@graph":[{"@type":"Article","@id":"https:\/\/factorialhr.de\/blog\/unbezahlter-urlaub\/#article","isPartOf":{"@id":"https:\/\/factorialhr.de\/blog\/unbezahlter-urlaub\/"},"author":{"name":"Nicole Steffgen","@id":"https:\/\/factorialhr.de\/blog\/#\/schema\/person\/0abd3cb9bfc5e0cb4a7218be1cdaa7cc"},"headline":"Was ist unbezahlter Urlaub und was ist zu beachten?","datePublished":"2025-11-24T16:03:24+00:00","dateModified":"2025-12-02T11:28:46+00:00","mainEntityOfPage":{"@id":"https:\/\/factorialhr.de\/blog\/unbezahlter-urlaub\/"},"wordCount":2371,"commentCount":0,"publisher":{"@id":"https:\/\/factorialhr.de\/blog\/#organization"},"articleSection":["Urlaub und Abwesenheiten"],"inLanguage":"de-DE","potentialAction":[{"@type":"CommentAction","name":"Comment","target":["https:\/\/factorialhr.de\/blog\/unbezahlter-urlaub\/#respond"]}]},{"@type":"WebPage","@id":"https:\/\/factorialhr.de\/blog\/unbezahlter-urlaub\/","url":"https:\/\/factorialhr.de\/blog\/unbezahlter-urlaub\/","name":"Unbezahlter Urlaub: Das m\u00fcssen Arbeitgebende beachten","isPartOf":{"@id":"https:\/\/factorialhr.de\/blog\/#website"},"datePublished":"2025-11-24T16:03:24+00:00","dateModified":"2025-12-02T11:28:46+00:00","description":"Unbezahlter Urlaub: Anspruch \u2713 Krankenversicherung \u2713 Ein-Monats-Regel \u2713 Antrag \u2713 Gehaltsrechner \u2713 Aktuelle BAG-Urteile","inLanguage":"de-DE","potentialAction":[{"@type":"ReadAction","target":["https:\/\/factorialhr.de\/blog\/unbezahlter-urlaub\/"]}]},{"@type":"WebSite","@id":"https:\/\/factorialhr.de\/blog\/#website","url":"https:\/\/factorialhr.de\/blog\/","name":"Factorial","description":"","publisher":{"@id":"https:\/\/factorialhr.de\/blog\/#organization"},"potentialAction":[{"@type":"SearchAction","target":{"@type":"EntryPoint","urlTemplate":"https:\/\/factorialhr.de\/blog\/?s={search_term_string}"},"query-input":"required name=search_term_string"}],"inLanguage":"de-DE"},{"@type":"Organization","@id":"https:\/\/factorialhr.de\/blog\/#organization","name":"All-in-one business management software - Factorial","url":"https:\/\/factorialhr.de\/blog\/","logo":{"@type":"ImageObject","inLanguage":"de-DE","@id":"https:\/\/factorialhr.de\/blog\/#\/schema\/logo\/image\/","url":"https:\/\/factorialhr.de\/wp-content\/uploads\/2023\/07\/18155144\/factorial-logo.png","contentUrl":"https:\/\/factorialhr.de\/wp-content\/uploads\/2023\/07\/18155144\/factorial-logo.png","width":946,"height":880,"caption":"All-in-one business management software - Factorial"},"image":{"@id":"https:\/\/factorialhr.de\/blog\/#\/schema\/logo\/image\/"},"sameAs":["https:\/\/www.facebook.com\/people\/Factorial\/100064908455810\/","https:\/\/twitter.com\/factorialapp","https:\/\/www.linkedin.com\/company\/factorialhr","https:\/\/www.youtube.com\/@factorialmedia","https:\/\/www.instagram.com\/factorial\/#"]},{"@type":"Person","@id":"https:\/\/factorialhr.de\/blog\/#\/schema\/person\/0abd3cb9bfc5e0cb4a7218be1cdaa7cc","name":"Nicole Steffgen","image":{"@type":"ImageObject","inLanguage":"de-DE","@id":"https:\/\/factorialhr.de\/blog\/#\/schema\/person\/image\/","url":"https:\/\/secure.gravatar.com\/avatar\/c98c5adc8c5d099c342b866002a57339?s=96&d=identicon&r=g","contentUrl":"https:\/\/secure.gravatar.com\/avatar\/c98c5adc8c5d099c342b866002a57339?s=96&d=identicon&r=g","caption":"Nicole Steffgen"},"description":"Als Content Strategin mit fundierter Erfahrung im Markenaufbau und in digitaler Kommunikation entwickelt Nicole Steffgen wirkungsstarke Inhalte an der Schnittstelle von Unternehmenskultur, HR und strategischer Positionierung. Sie arbeitet analytisch, zielgruppenorientiert und markenbewusst \u2013 mit dem Fokus, Organisationen kommunikativ zu st\u00e4rken und im Markt differenziert sichtbar zu machen.","sameAs":["https:\/\/factorialhr.de"],"url":"https:\/\/factorialhr.de\/blog\/author\/nicole\/"}]}},"_links":{"self":[{"href":"https:\/\/factorialhr.de\/blog\/wp-json\/wp\/v2\/posts\/23441"}],"collection":[{"href":"https:\/\/factorialhr.de\/blog\/wp-json\/wp\/v2\/posts"}],"about":[{"href":"https:\/\/factorialhr.de\/blog\/wp-json\/wp\/v2\/types\/post"}],"author":[{"embeddable":true,"href":"https:\/\/factorialhr.de\/blog\/wp-json\/wp\/v2\/users\/67"}],"replies":[{"embeddable":true,"href":"https:\/\/factorialhr.de\/blog\/wp-json\/wp\/v2\/comments?post=23441"}],"version-history":[{"count":75,"href":"https:\/\/factorialhr.de\/blog\/wp-json\/wp\/v2\/posts\/23441\/revisions"}],"predecessor-version":[{"id":174592,"href":"https:\/\/factorialhr.de\/blog\/wp-json\/wp\/v2\/posts\/23441\/revisions\/174592"}],"wp:featuredmedia":[{"embeddable":true,"href":"https:\/\/factorialhr.de\/blog\/wp-json\/wp\/v2\/media\/44741"}],"wp:attachment":[{"href":"https:\/\/factorialhr.de\/blog\/wp-json\/wp\/v2\/media?parent=23441"}],"wp:term":[{"taxonomy":"category","embeddable":true,"href":"https:\/\/factorialhr.de\/blog\/wp-json\/wp\/v2\/categories?post=23441"},{"taxonomy":"post_tag","embeddable":true,"href":"https:\/\/factorialhr.de\/blog\/wp-json\/wp\/v2\/tags?post=23441"}],"curies":[{"name":"wp","href":"https:\/\/api.w.org\/{rel}","templated":true}]}}