{"id":44614,"date":"2026-02-06T16:37:51","date_gmt":"2026-02-06T14:37:51","guid":{"rendered":"https:\/\/factorialhr.com\/blog\/?p=44614"},"modified":"2026-02-10T15:52:14","modified_gmt":"2026-02-10T13:52:14","slug":"probezeit","status":"publish","type":"post","link":"https:\/\/factorialhr.de\/blog\/probezeit\/","title":{"rendered":"Was ist eine Probezeit und warum ist sie wichtig?"},"content":{"rendered":"<p><span style=\"font-weight: 400;\">Die Probezeit, auch als Bew\u00e4hrungsphase bekannt, ist ein wichtiger Schritt im Einstellungsprozess. Sie erm\u00f6glicht es Arbeitgebern und neu eingestellten Mitarbeitern festzustellen, ob sie sich voraussichtlich gut erg\u00e4nzen werden.<\/span><\/p>\n<p><span style=\"font-weight: 400;\">In diesem Beitrag erkl\u00e4ren wir, was eine Probezeit ist und warum sie von Vorteil sein kann und welche rechtlichen Regelungen hier greifen.<\/span><\/p>\n<h2>Das Wichtigste in K\u00fcrze:<\/h2>\n<ol>\n<li style=\"font-weight: 400;\" aria-level=\"1\"><span style=\"font-weight: 400;\">Die Probezeit ist ein vereinbarter Zeitraum zu Beginn eines Arbeitsverh\u00e4ltnisses, in dem beide Parteien mit verk\u00fcrzter K\u00fcndigungsfrist von 2 Wochen k\u00fcndigen k\u00f6nnen.<\/span><\/li>\n<li style=\"font-weight: 400;\" aria-level=\"1\"><span style=\"font-weight: 400;\">Sie ist nicht gesetzlich vorgeschrieben, sondern muss im Arbeitsvertrag vereinbart werden<\/span><\/li>\n<\/ol>\n<h2>Gesetzliche Grundlage<\/h2>\n<ol>\n<li style=\"font-weight: 400;\" aria-level=\"1\"><span style=\"font-weight: 400;\">Gem\u00e4\u00df \u00a7 622 Abs. 3 BGB betr\u00e4gt die maximale Dauer 6 Monate.<\/span><\/li>\n<\/ol>\n<p><span style=\"font-weight: 400;\"><div class=\"factorial-banner inline-banner banner-freebie category-mitarbeiter-gewinnen\"\n    data-banner-id=\"164341\"\n    data-banner-type=\"freebie\"\n    data-category=\"Mitarbeiter gewinnen\">\n    <div class=\"banner-content\">\n        <div class=\"banner-text\">\n                            <h4>Vorlage: K\u00fcndigung w\u00e4hrend der Probezeit<\/h4>\n            \n                            <p>M\u00fcssen Sie eine K\u00fcndigung in der Probezeit aussprechen? Verwenden Sie diese Vorlage, um den Prozess professionell und klar zu gestalten.<\/p>\n            \n                            <a href=\"https:\/\/4960096.fs1.hubspotusercontent-na1.net\/hubfs\/4960096\/DACH%20Marketing\/Vorlage_K%C3%BCndigung_Probezeit%20NEW25.docx\"\n                    class=\"factorial-cta-button not-prose freebie\" data-cta=\"freebie\" data-cta-position=\"inline-banner\">\n                    Kostenlos herunterladen                <\/a>\n                    <\/div>\n\n        <div class=\"banner-image no-image\">\n            <img decoding=\"async\" src=\"https:\/\/factorialhr.de\/blog\/app\/plugins\/factorial-utilities\/assets\/images\/banners\/inline\/backgrounds\/default_image.svg\" class=\"not-prose\" \/>\n        <\/div>\n    <\/div>\n<\/div><\/span><\/p>\n<h2><b>Definition: Was hei\u00dft Probezeit genau?<\/b><\/h2>\n<p><span style=\"font-weight: 400;\">Die Probezeit ist eine <\/span><b>Testphase<\/b> <b>zu Beginn eines Arbeitsverh\u00e4ltnisses<\/b><span style=\"font-weight: 400;\">. Sie dient beiden Parteien dazu, die Eignung und Zusammenarbeit im Arbeitsalltag zu pr\u00fcfen, bevor das Arbeitsverh\u00e4ltnis dauerhaft fortgesetzt wird. Diese Phase dauert meist zwischen <\/span><b>zwei Wochen und sechs Monaten<\/b><span style=\"font-weight: 400;\">. <\/span><\/p>\n<p><span style=\"font-weight: 400;\">Der entscheidende Unterschied zum regul\u00e4ren Arbeitsverh\u00e4ltnis ist die <\/span><b>verk\u00fcrzte <\/b><a href=\"https:\/\/factorialhr.de\/blog\/kuendigungsfrist\/\"><span style=\"font-weight: 400;\">K\u00fcndigungsfrist<\/span><\/a><span style=\"font-weight: 400;\">: Beide Seiten k\u00f6nnen den <\/span><a href=\"https:\/\/factorialhr.de\/blog\/arbeitsvertrag\/\"><span style=\"font-weight: 400;\">Arbeitsvertrag<\/span><\/a><span style=\"font-weight: 400;\"> innerhalb von nur zwei Wochen beenden, falls die Erwartungen nicht erf\u00fcllt werden.<\/span><\/p>\n<p><img decoding=\"async\" class=\"alignnone size-full wp-image-180158\" src=\"https:\/\/factorialhr.de\/wp-content\/uploads\/2021\/04\/06163335\/Factsheet-Probzeit.webp\" alt=\"Fact Sheet Probezeit \" width=\"1500\" height=\"786\" srcset=\"https:\/\/factorialhr.de\/wp-content\/uploads\/2021\/04\/06163335\/Factsheet-Probzeit.webp 1500w, https:\/\/factorialhr.de\/wp-content\/uploads\/2021\/04\/06163335\/Factsheet-Probzeit-300x157.webp 300w, https:\/\/factorialhr.de\/wp-content\/uploads\/2021\/04\/06163335\/Factsheet-Probzeit-1024x537.webp 1024w, https:\/\/factorialhr.de\/wp-content\/uploads\/2021\/04\/06163335\/Factsheet-Probzeit-768x402.webp 768w\" sizes=\"(max-width: 1500px) 100vw, 1500px\" \/><\/p>\n<h2>Warum sind Probezeiten wichtig?<\/h2>\n<p><span style=\"font-weight: 400;\">Probezeiten sind praktisch eine Erweiterung des <\/span><a href=\"https:\/\/factorialhr.de\/blog\/bewerbungsprozess\/\"><span style=\"font-weight: 400;\">Einstellungsprozesses<\/span><\/a><span style=\"font-weight: 400;\">. Sie bieten Ihnen die M\u00f6glichkeit, die Arbeit von neuen Besch\u00e4ftigten \u00fcber einen bestimmten Zeitraum zu bewerten, damit Sie sicher sein k\u00f6nnen, dass diese f\u00fcr die Stelle geeignet sind.\u00a0<\/span><\/p>\n<p><span style=\"font-weight: 400;\">Kriterien, die Sie w\u00e4hrend dieser Testarbeitszeit ber\u00fccksichtigen sollten, sind unter anderem\u00a0<\/span><\/p>\n<ul>\n<li style=\"font-weight: 400;\" aria-level=\"1\"><span style=\"font-weight: 400;\">Leistung,<\/span><\/li>\n<li style=\"font-weight: 400;\" aria-level=\"1\"><a href=\"https:\/\/factorialhr.de\/blog\/faehigkeiten-kompetenzen-skills\/\"><span style=\"font-weight: 400;\">F\u00e4higkeiten<\/span><\/a><span style=\"font-weight: 400;\">,<\/span><\/li>\n<li style=\"font-weight: 400;\" aria-level=\"1\"><span style=\"font-weight: 400;\"><a href=\"https:\/\/factorialhr.de\/blog\/faehigkeiten-kompetenzen-skills\/\">Kompetenzen<\/a>,<\/span><\/li>\n<li style=\"font-weight: 400;\" aria-level=\"1\"><span style=\"font-weight: 400;\">Anwesenheit sowie<\/span><\/li>\n<li style=\"font-weight: 400;\" aria-level=\"1\"><span style=\"font-weight: 400;\">allgemeines Verhalten.<\/span><\/li>\n<\/ul>\n<p><b>Wichtig f\u00fcr Arbeitgebende:<\/b><span style=\"font-weight: 400;\"> Ohne eine vertraglich vereinbarte Probezeit gilt ab dem ersten Tag die regul\u00e4re (meist l\u00e4ngere) K\u00fcndigungsfrist. Die Probezeit ist somit Ihre Absicherung, um bei mangelnder Eignung schnell und unkompliziert reagieren zu k\u00f6nnen.<\/span><\/p>\n<p><span style=\"font-weight: 400;\">Dass dieser Prozess zur Realit\u00e4t am Arbeitsmarkt geh\u00f6rt, zeigt eine aktuelle <\/span><a href=\"https:\/\/www.xing.com\/news\/article\/schnell-weg-hier-aus-diesen-gruenden-werden-neue-jobs-gleich-wieder-gekuendigt\" target=\"_blank\" rel=\"noopener\"><span style=\"font-weight: 400;\">Xing-Studie<\/span><\/a><span style=\"font-weight: 400;\">: Demnach hat bereits <\/span><b>jeder zweite Besch\u00e4ftigte (50 %)<\/b><span style=\"font-weight: 400;\"> eine K\u00fcndigung w\u00e4hrend der Probezeit erlebt oder selbst ausgesprochen.<\/span><\/p>\n<p><b>Orientierung f\u00fcr Mitarbeitende:<\/b><span style=\"font-weight: 400;\"> Gleichzeitig ist die Probezeit ein wichtiges Zeitfenster f\u00fcr die neuen Angestellten. Sie k\u00f6nnen pr\u00fcfen, ob die T\u00e4tigkeit und die <\/span><a href=\"https:\/\/factorialhr.de\/blog\/unternehmenskultur\/\"><span style=\"font-weight: 400;\">Unternehmenskultur<\/span><\/a><span style=\"font-weight: 400;\"> langfristig zu ihnen passen. Diese gegenseitige <\/span><a href=\"https:\/\/factorialhr.de\/blog\/mitarbeiterzufriedenheit\/\"><span style=\"font-weight: 400;\">Zufriedenheit<\/span><\/a><span style=\"font-weight: 400;\"> ist entscheidend: Unzufriedenheit f\u00fchrt schnell zu sinkender <\/span><a href=\"https:\/\/factorialhr.de\/blog\/mitarbeitermotivation-steigern\/\"><span style=\"font-weight: 400;\">Motivation<\/span><\/a><span style=\"font-weight: 400;\">, was nicht nur die eigene <\/span><a href=\"https:\/\/factorialhr.de\/blog\/produktivitaet\/\"><span style=\"font-weight: 400;\">Produktivit\u00e4t<\/span><\/a><span style=\"font-weight: 400;\"> hemmt, sondern durch eine negative Dynamik auch das gesamte Team belasten kann.<\/span><\/p>\n<p><b data-path-to-node=\"1\" data-index-in-node=\"0\">Tipp:<\/b> Die KI-gest\u00fctzte <a href=\"https:\/\/factorialhr.de\/\">HR-Software von Factorial<\/a> hilft Ihnen dabei, Unzufriedenheit im Team rechtzeitig zu bemerken. Durch Einblicke in die Teammeinungen k\u00f6nnen Sie fr\u00fchzeitig gegensteuern und Unzufriedenheit erst gar nicht aufkommen lassen.<\/p>\n<p><iframe title=\"Steigern Sie die Leistung Ihres Teams mit Factorial\" width=\"500\" height=\"281\" src=\"https:\/\/www.youtube.com\/embed\/cnFZDuSDh98?feature=oembed\" frameborder=\"0\" allow=\"accelerometer; autoplay; clipboard-write; encrypted-media; gyroscope; picture-in-picture; web-share\" referrerpolicy=\"strict-origin-when-cross-origin\" allowfullscreen><\/iframe><\/p>\n<h2><b>Probezeit und das deutsche Arbeitsrecht<\/b><\/h2>\n<p><span style=\"font-weight: 400;\">In Deutschland gibt es einige Gesetze zur Probezeit, die Sie beachten sollten.<\/span><\/p>\n<h3>Ist eine Probezeit gesetzlich vorgeschrieben?<\/h3>\n<p><span style=\"font-weight: 400;\">Nein, eine Probezeit ist nicht gesetzlich vorgeschrieben und muss individuell im Arbeitsvertrag vereinbart werden. Fehlt eine Probezeitregelung im Vertrag, gibt es keine Probezeit.\u00a0<\/span><\/p>\n<p><span style=\"font-weight: 400;\">Einzige Ausnahme: Bei Berufsausbildungsverh\u00e4ltnissen schreibt <\/span><a href=\"https:\/\/www.gesetze-im-internet.de\/bbig_2005\/__20.html\" target=\"_blank\" rel=\"noopener\"><span style=\"font-weight: 400;\">\u00a7 20 Berufsbildungsgesetz (BBiG<\/span><\/a><span style=\"font-weight: 400;\">) eine Probezeit von mindestens einem Monat und maximal vier Monaten verpflichtend vor<\/span><\/p>\n<h3>L\u00e4nge der Probezeit: <b>Wie lange dauert die normale Probezeit?<\/b><\/h3>\n<p><span style=\"font-weight: 400;\">Die maximale Dauer der Probezeit in Deutschland ist gesetzlich festgelegt. Gem\u00e4\u00df <\/span><a href=\"https:\/\/www.gesetze-im-internet.de\/bgb\/__622.html\" target=\"_blank\" rel=\"noopener\"><span style=\"font-weight: 400;\">\u00a7 622 Abs. 3 BGB<\/span><\/a><span style=\"font-weight: 400;\"> darf sie 6 Monate nicht \u00fcberschreiten.\u00a0<\/span><\/p>\n<p><span style=\"font-weight: 400;\">Seit dem 1. August 2022 gilt zudem bei befristeten Arbeitsverh\u00e4ltnissen nach <\/span><a href=\"https:\/\/www.gesetze-im-internet.de\/tzbfg\/__15.html\" target=\"_blank\" rel=\"noopener\"><span style=\"font-weight: 400;\">\u00a7 15 Abs. 3 TzBfG<\/span><\/a><span style=\"font-weight: 400;\">, dass die Probezeit \u201eim Verh\u00e4ltnis zu der erwarteten Dauer der Befristung und der Art der T\u00e4tigkeit&#8220; stehen muss. Wie lange sie genau dauern sollte, k\u00f6nnen Unternehmen individuell f\u00fcr ihre neuen Mitarbeitenden festlegen.<\/span><\/p>\n<h3><b>Probezeit bei befristeten Arbeitsverh\u00e4ltnissen<\/b><\/h3>\n<p><span style=\"font-weight: 400;\">Auch bei befristeten Arbeitsvertr\u00e4gen kann eine Probezeit vereinbart werden. Dabei hat das Bundesarbeitsgericht (BAG) mit Urteilen vom 5. Dezember 2024 (<\/span><a href=\"https:\/\/www.bundesarbeitsgericht.de\/entscheidung\/2-azr-275-23\/\" target=\"_blank\" rel=\"noopener\"><span style=\"font-weight: 400;\">Az. 2 AZR 275\/23<\/span><\/a><span style=\"font-weight: 400;\">) und 30. Oktober 2025 (<\/span><a href=\"https:\/\/www.bundesarbeitsgericht.de\/presse\/probezeitkuendigung-im-befristeten-arbeitsverhaeltnis\/\" target=\"_blank\" rel=\"noopener\"><span style=\"font-weight: 400;\">Az. 2 AZR 160\/24<\/span><\/a><span style=\"font-weight: 400;\">) wichtige Klarstellungen getroffen: Die Probezeit darf nicht die gesamte Dauer des befristeten Arbeitsverh\u00e4ltnisses umfassen. Es gibt keine starre 25-Prozent-Regel \u2013 vielmehr ist im Einzelfall zu pr\u00fcfen, ob die Probezeit verh\u00e4ltnism\u00e4\u00dfig zur Vertragsdauer und zur Komplexit\u00e4t der T\u00e4tigkeit steht<\/span><\/p>\n<h2>K\u00fcndigung w\u00e4hrend der Probezeit<\/h2>\n<h3><strong>M\u00fcssen Arbeitnehmende w\u00e4hrend der Probezeit k\u00fcndigen?<\/strong><\/h3>\n<p><span style=\"font-weight: 400;\">Hier ist zun\u00e4chst der Unterschied zwischen vertraglicher und gesetzlicher K\u00fcndigung zu beachten. Wenn Sie im Arbeitsvertrag der Mitarbeitenden eine Probezeitk\u00fcndigung vereinbart haben, m\u00fcssen diese diese auch einhalten. Wenn Sie im Arbeitsvertrag keine K\u00fcndigungsfrist festgelegt haben, gilt die gesetzliche K\u00fcndigungsfrist von 14 Tagen (<\/span><a href=\"https:\/\/www.gesetze-im-internet.de\/bgb\/__622.html\" target=\"_blank\" rel=\"noopener\"><span style=\"font-weight: 400;\">\u00a7 622 Abs. 3 BGB<\/span><\/a><span style=\"font-weight: 400;\">). Das Gleiche gilt \u00fcbrigens, wenn Sie sich entscheiden, den Vertrag von Besch\u00e4ftigten in der Probezeit zu k\u00fcndigen.<\/span><\/p>\n<h3><strong>Kann ich einem Mitarbeitenden w\u00e4hrend der Probezeit k\u00fcndigen?<\/strong><\/h3>\n<p><span style=\"font-weight: 400;\">Sie k\u00f6nnen Besch\u00e4ftigten jederzeit w\u00e4hrend der gesetzten Bew\u00e4hrungsphase entlassen, wenn Sie das Gef\u00fchl haben, dass diese die Erwartungen nicht erf\u00fcllen. Bevor Sie dies tun, sollten Sie jedoch sicherstellen, dass Sie zun\u00e4chst alle Bedenken ansprechen und bei Bedarf Unterst\u00fctzung anbieten. Dies k\u00f6nnen Sie in einem gemeinsamen formellen, aber ehrlichen Gespr\u00e4ch tun, ganz im Interesse beider Parteien. Achten Sie darauf, alle Gespr\u00e4che zu protokollieren und stellen Sie sicher, dass Ihre Gr\u00fcnde f\u00fcr die Beendigung des Arbeitsverh\u00e4ltnisses nicht als ungerechtfertigte K\u00fcndigung ausgelegt werden k\u00f6nnen<\/span><span style=\"font-weight: 400;\">.<\/span><\/p>\n<p><b data-path-to-node=\"1\" data-index-in-node=\"0\">Tipp:<\/b> Rechtzeitige Mitarbeitergespr\u00e4che, aber auch regelm\u00e4\u00dfige Mitarbeiterumfragen \u2013 die Sie mit Tools wie der HR-Software von Factorial problemlos und auf Wunsch auch anonymisiert durchf\u00fchren k\u00f6nnen \u2013 geben Ihnen jederzeit einen Einblick in die Stimmung und die Zufriedenheit Ihrer Mitarbeitenden. Probleme und Unmut k\u00f6nnen so fr\u00fchzeitig angegangen werden, bevor es zu sp\u00e4t ist.<\/p>\n<div class=\"factorial-banner inline-banner banner-other category-mitarbeiter-gewinnen\"\n    data-banner-id=\"164433\"\n    data-banner-type=\"other\"\n    data-category=\"Mitarbeiter gewinnen\">\n    <div class=\"banner-content\">\n        <div class=\"banner-text\">\n                            <h4>Fragebogen: Wie zufrieden sind Ihre Mitarbeitenden?<\/h4>\n            \n                            <p>Arbeitsmotivation und Mitarbeiterzufriedenheit spielen eng zusammen. Ermitteln Sie mit unserem Fragebogen das Zufriedenheitslevel Ihres Teams!<\/p>\n            \n                            <a href=\"https:\/\/factorialhr.de\/vorlagen\/checkliste-sind-ihre-mitarbeiter-innen-zufrieden\"\n                    class=\"factorial-cta-button not-prose freebie\" data-cta=\"other\" data-cta-position=\"inline-banner\">\n                    Kostenlos herunterladen                <\/a>\n                    <\/div>\n\n        <div class=\"banner-image no-image\">\n            <img decoding=\"async\" src=\"https:\/\/factorialhr.de\/blog\/app\/plugins\/factorial-utilities\/assets\/images\/banners\/inline\/backgrounds\/default_image.svg\" class=\"not-prose\" \/>\n        <\/div>\n    <\/div>\n<\/div>\n<h3>Krankheit w\u00e4hrend der Probezeit<\/h3>\n<p><span style=\"font-weight: 400;\">Neue Mitarbeitende verf\u00fcgen vom ersten Tag der Besch\u00e4ftigung an \u00fcber bestimmte gesetzliche Rechte. Dazu geh\u00f6rt u.a. die <\/span><a href=\"https:\/\/factorialhr.de\/blog\/lohnfortzahlung\/\"><span style=\"font-weight: 400;\">Lohnfortzahlung im Krankheitsfall<\/span><\/a><span style=\"font-weight: 400;\"> \u2013 die Probezeit hat darauf keinen Einfluss und kann nicht als Entschuldigung ausgenutzt werden, neuen Mitarbeitenden diverse Rechte vorzubehalten.<\/span><\/p>\n<p><span style=\"font-weight: 400;\">Weiterhin gilt zu beachten, dass eine <\/span><a href=\"https:\/\/factorialhr.de\/blog\/kuendigung-wegen-krankheit\/\"><span style=\"font-weight: 400;\">K\u00fcndigung wegen Krankheit<\/span><\/a><span style=\"font-weight: 400;\"> w\u00e4hrend der Probezeit ebenfalls ausgeschlossen ist. Das gilt auch f\u00fcr l\u00e4ngere Krankheitsf\u00e4lle, die Dauer der Krankheit spielt keine Rolle.<\/span><\/p>\n<h3>Schwanger w\u00e4hrend der Probezeit<\/h3>\n<p><strong>Mitarbeiterinnen, <\/strong>die innerhalb der gesetzten <strong>Probezeit schwanger werden, m\u00fcssen <\/strong>ebenfalls <strong>nicht<\/strong> um eine<strong> K\u00fcndigung bangen.<\/strong> Das in Deutschland geltende <a href=\"https:\/\/factorialhr.de\/blog\/mutterschutz\/\">Mutterschutzgesetz<\/a> (<a href=\"https:\/\/www.gesetze-im-internet.de\/muschg_2018\/\" target=\"_blank\" rel=\"noopener\">MuSchG<\/a>) sch\u00fctzt werdende M\u00fctter bis vier Monate nach der Geburt vor einer K\u00fcndigung. Um die Schwangerschaft ordentlich zu kommunizieren, ist es sinnvoll, den Vorgesetzten schriftlich zu informieren. So k\u00f6nnen Sie sichergehen, dass der K\u00fcndigungsschutz greift.<\/p>\n<h3>Urlaub w\u00e4hrend der Probezeit<\/h3>\n<p><span style=\"font-weight: 400;\">Haben Mitarbeitende Anspruch auf Urlaub w\u00e4hrend der Probezeit? Generell gilt: Anspruch auf den Gesamturlaub besteht erst ab dem sechsten Monat der <\/span><a href=\"https:\/\/factorialhr.de\/blog\/betriebszugehoerigkeit\/\"><span style=\"font-weight: 400;\">Betriebszugeh\u00f6rigkeit<\/span><\/a><span style=\"font-weight: 400;\">. Bis dahin stehen den Mitarbeitenden Urlaubstage nur anteilig zur Verf\u00fcgung \u2013 und zwar ein Zw\u00f6lftel pro Monat (siehe auch <\/span><a href=\"https:\/\/www.gesetze-im-internet.de\/burlg\/\"><span style=\"font-weight: 400;\">Bundesurlaubsgesetz<\/span><\/a><span style=\"font-weight: 400;\"> (BUrlG).<\/span><\/p>\n<p><span style=\"font-weight: 400;\"><strong>Beispiel:<\/strong> Sarah Lauer hat gem\u00e4\u00df ihrem Arbeitsvertrag Anspruch auf 24 Urlaubstage pro Jahr. Jeden Monat kann sie also 2 Tage Urlaub \u201eansparen\u201c (24 Urlaubstage geteilt durch 12 Monate).<\/span><\/p>\n<p><span style=\"font-weight: 400;\">Nach vier Monaten Betriebszugeh\u00f6rigkeit hat sie damit Anspruch auf 6 Tage Urlaub \u2013 selbst, wenn die Probezeit ein halbes Jahr andauert.<\/span><\/p>\n<p><span style=\"font-weight: 400;\">Wichtig: Manager sind nicht dazu verpflichtet, jeden Urlaubsantrag zu genehmigen, siehe <\/span><a href=\"https:\/\/www.gesetze-im-internet.de\/burlg\/__7.html\" target=\"_blank\" rel=\"noopener\"><span style=\"font-weight: 400;\">\u00a7 7 Abs. 1 BUrlG<\/span><\/a><span style=\"font-weight: 400;\">.<\/span><\/p>\n<p><b data-path-to-node=\"2\" data-index-in-node=\"0\">Tipp:<\/b> Mit Factorial k\u00f6nnen Sie die Abwesenheits- und Urlaubsverwaltung ganz einfach automatisieren. Dank automatischer Genehmigungs-Workflows sparen Sie Zeit, w\u00e4hrend Mitarbeitende ihre ausstehenden Urlaubstage jederzeit selbst einsehen und eigenst\u00e4ndig verwalten k\u00f6nnen.<\/p>\n<p><a href=\"https:\/\/factorialhr.de\/urlaubsverwaltung\"><img decoding=\"async\" class=\"alignnone size-full wp-image-168629\" src=\"https:\/\/factorialhr.de\/wp-content\/uploads\/2025\/09\/15170735\/time-tracking-app-product-screen.webp\" alt=\"time tracking app product screen\" width=\"1800\" height=\"1144\" srcset=\"https:\/\/factorialhr.de\/wp-content\/uploads\/2025\/09\/15170735\/time-tracking-app-product-screen.webp 1800w, https:\/\/factorialhr.de\/wp-content\/uploads\/2025\/09\/15170735\/time-tracking-app-product-screen-300x191.webp 300w, https:\/\/factorialhr.de\/wp-content\/uploads\/2025\/09\/15170735\/time-tracking-app-product-screen-1024x651.webp 1024w, https:\/\/factorialhr.de\/wp-content\/uploads\/2025\/09\/15170735\/time-tracking-app-product-screen-768x488.webp 768w, https:\/\/factorialhr.de\/wp-content\/uploads\/2025\/09\/15170735\/time-tracking-app-product-screen-1536x976.webp 1536w\" sizes=\"(max-width: 1800px) 100vw, 1800px\" \/><\/a><\/p>\n<h2>Allgemeine Arbeitnehmerrechte w\u00e4hrend der Probezeit<\/h2>\n<p><span style=\"font-weight: 400;\">Mitarbeitende in der Probezeit haben die gleichen gesetzlichen Rechte wie alle anderen Mitarbeitende. Dazu geh\u00f6ren der Anspruch auf den nationalen <\/span><a href=\"https:\/\/factorialhr.de\/blog\/mindestlohn-2023\/\"><span style=\"font-weight: 400;\">Mindestlohn<\/span><\/a><span style=\"font-weight: 400;\">, die <\/span><a href=\"https:\/\/factorialhr.de\/blog\/wochenarbeitszeit\/\"><span style=\"font-weight: 400;\">w\u00f6chentliche H\u00f6chstarbeitszeit<\/span><\/a><span style=\"font-weight: 400;\"> gem\u00e4\u00df des <\/span><a href=\"https:\/\/factorialhr.de\/blog\/gesetz\/\"><span style=\"font-weight: 400;\">Arbeitszeitgesetzes<\/span><\/a><span style=\"font-weight: 400;\">, die gesetzliche Lohnfortzahlung im Krankheitsfall, Urlaub aus famili\u00e4ren Gr\u00fcnden und die gesetzliche K\u00fcndigungsfrist.<\/span><\/p>\n<p><span style=\"font-weight: 400;\">Mitarbeitende in der Probezeit haben au\u00dferdem Anspruch auf Schutz vor ungerechtfertigter Entlassung und ungesetzlicher Diskriminierung.<\/span><\/p>\n<p><span style=\"font-weight: 400;\">Sie sind allerdings nicht verpflichtet, Mitarbeitenden in der Probezeit nicht gesetzliche Leistungen wie z.B. <\/span><a href=\"https:\/\/factorialhr.de\/blog\/mitarbeiter-bonussystem\/\"><span style=\"font-weight: 400;\">Pr\u00e4mien<\/span><\/a><span style=\"font-weight: 400;\"> oder erh\u00f6htes Krankengeld zu gew\u00e4hren. Es liegt in Ihrem Ermessen, dies anzubieten.<\/span><\/p>\n<h2>Wie man Mitarbeitende w\u00e4hrend der Probezeit managt<\/h2>\n<ul>\n<li style=\"font-weight: 400;\" aria-level=\"1\"><span style=\"font-weight: 400;\">Entwerfen Sie ein <strong>effektives und informatives <\/strong><\/span><a href=\"https:\/\/factorialhr.de\/blog\/onboarding\/\"><span style=\"font-weight: 400;\">Onboarding<\/span><\/a><span style=\"font-weight: 400;\"><strong>-Konzept<\/strong> f\u00fcr neu eingestellte Besch\u00e4ftigte. Je mehr Informationen Sie ihnen zur Verf\u00fcgung stellen, desto schneller werden sie sich zurechtfinden.<\/span><\/li>\n<li style=\"font-weight: 400;\" aria-level=\"1\"><span style=\"font-weight: 400;\">Legen Sie <strong>klare Standards und Erwartungen<\/strong> in Bezug auf Leistung, Verhalten, Anwesenheit und P\u00fcnktlichkeit fest.<\/span><\/li>\n<li style=\"font-weight: 400;\" aria-level=\"1\"><span style=\"font-weight: 400;\">Stellen Sie sicher, dass sich neue Mitarbeitende \u00fcber die<strong> Grundwerte und Ziele Ihres Unternehmens<\/strong> im Klaren sind.<\/span><\/li>\n<li style=\"font-weight: 400;\" aria-level=\"1\"><span style=\"font-weight: 400;\">Setzen Sie <strong>konkrete Ziele, um die Leistung neuer Mitarbeitender zu messen<\/strong> und bieten Sie bei Bedarf Unterst\u00fctzung und Orientierung an.<\/span><\/li>\n<\/ul>\n<p style=\"padding-left: 40px;\">Freebie: Nutzen Sie hierf\u00fcr gerne auch unsere kostenlose Vorlage f\u00fcr Ihre <a href=\"https:\/\/factorialhr.de\/blog\/zielvereinbarung\/\">Zielvereinbarungen<\/a>.<\/p>\n<p><span style=\"font-weight: 400;\"><div class=\"factorial-banner inline-banner banner-freebie category-mitarbeiter-gewinnen\"\n    data-banner-id=\"164301\"\n    data-banner-type=\"freebie\"\n    data-category=\"Mitarbeiter gewinnen\">\n    <div class=\"banner-content\">\n        <div class=\"banner-text\">\n                            <h4>Vorlage: Zielvereinbarung<\/h4>\n            \n                            <p>Setzen Sie klare Ziele mit Ihrem Team und f\u00f6rdern Sie individuelle Entwicklungen! Diese Vorlage hilft Ihnen, effektive Zielvereinbarungen zu treffen.<\/p>\n            \n                            <a href=\"https:\/\/factorialhr.de\/vorlagen\/vorlage-zielvereinbarung\"\n                    class=\"factorial-cta-button not-prose freebie\" data-cta=\"freebie\" data-cta-position=\"inline-banner\">\n                    Kostenlos herunterladen                <\/a>\n                    <\/div>\n\n        <div class=\"banner-image no-image\">\n            <img decoding=\"async\" src=\"https:\/\/factorialhr.de\/blog\/app\/plugins\/factorial-utilities\/assets\/images\/banners\/inline\/backgrounds\/default_image.svg\" class=\"not-prose\" \/>\n        <\/div>\n    <\/div>\n<\/div><\/span><\/p>\n<ul>\n<li style=\"font-weight: 400;\" aria-level=\"1\"><span style=\"font-weight: 400;\">Stellen Sie sicher, dass die Mitarbeitenden <strong>ausreichend geschult sind<\/strong>, um ihre Aufgaben bestm\u00f6glich zu erf\u00fcllen.<\/span><\/li>\n<li style=\"font-weight: 400;\" aria-level=\"1\"><span style=\"font-weight: 400;\"><strong>Treffen Sie sich regelm\u00e4\u00dfig mit den neuen Angestellten<\/strong>, um ihre Fortschritte zu besprechen und herauszufinden, wie sie sich einleben. Sprechen Sie Probleme direkt an.<\/span><\/li>\n<li style=\"font-weight: 400;\" aria-level=\"1\"><span style=\"font-weight: 400;\"><strong>Teilen Sie alle Bedenken so schnell wie m\u00f6glich mit<\/strong>, damit sie aus dem Weg ger\u00e4umt werden k\u00f6nnen.<\/span><\/li>\n<li style=\"font-weight: 400;\" aria-level=\"1\"><span style=\"font-weight: 400;\">Legen Sie einen <strong>Zeitplan f\u00fcr Probezeitgespr\u00e4che fest<\/strong>, teilen Sie ihn den Mitarbeitenden im Voraus mit und halten Sie ihn ein.<\/span><\/li>\n<\/ul>\n<h2>Was passiert, wenn das Probearbeiten eines Mitarbeiters zu Ende ist?<\/h2>\n<p><span style=\"font-weight: 400;\">Wenn die <\/span><a href=\"https:\/\/factorialhr.de\/blog\/probearbeiten\/\"><span style=\"font-weight: 400;\">Probezeit<\/span><\/a><span style=\"font-weight: 400;\"> von Mitarbeitenden zu Ende ist, m\u00fcssen Sie entscheiden, wie Sie weiter vorgehen wollen. Bieten Sie ihm eine Festanstellung an oder k\u00fcndigen Sie ihnen? Vergewissern Sie sich, dass Sie eine vollst\u00e4ndige \u00dcberpr\u00fcfung aller Aspekte ihrer Arbeit durchgef\u00fchrt haben. Dazu geh\u00f6ren Leistung, Qualifikation, F\u00e4higkeit zur Aufgabenerf\u00fcllung, Anwesenheit, P\u00fcnktlichkeit und Verhalten.<\/span><\/p>\n<p><span style=\"font-weight: 400;\">Sobald Sie Ihre Entscheidung getroffen haben, sollten Sie mit den Mitarbeitenden ein Gespr\u00e4ch f\u00fchren, in dem Sie das Urteil besprechen. Wenn die Testphase erfolgreich verlaufen ist und die neuen Arbeitnehmenden Sie mit ihrer Leistung \u00fcberzeugt haben, dann ist dies der Zeitpunkt, an dem Sie den Mitarbeitenden einen <\/span><a href=\"https:\/\/factorialhr.de\/blog\/unbefristeter-arbeitsvertrag\/\"><span style=\"font-weight: 400;\">unbefristeten Vertrag<\/span><\/a><span style=\"font-weight: 400;\"> anbieten k\u00f6nnen.<\/span><\/p>\n<p><span style=\"font-weight: 400;\">Wenn Arbeitnehmende beim Probearbeiten Ihre Erwartungen nicht erf\u00fcllt haben, ist dies Ihre Gelegenheit zu erkl\u00e4ren, was falsch gelaufen ist und was Ihnen gefehlt hat. Stellen Sie sicher, dass Sie klare Beispiele nennen und so spezifisch wie m\u00f6glich mit Ihren Erkl\u00e4rungen sind. Geben Sie eine angemessene K\u00fcndigungsfrist und geben Sie den Mitarbeitenden die faire M\u00f6glichkeit, darauf zu reagieren.<\/span><\/p>\n<p><span style=\"font-weight: 400;\">Eine Verl\u00e4ngerung der Probezeit ist nur mit Zustimmung der Besch\u00e4ftigten m\u00f6glich, wenn die maximale Dauer von 6 Monaten noch nicht erreicht wurde. Eine einseitige Verl\u00e4ngerung durch Vorgesetzte ist nicht zul\u00e4ssig.<\/span><\/p>\n<div class=\"factorial-banner inline-banner banner-other category-mitarbeiter-gewinnen\"\n    data-banner-id=\"164398\"\n    data-banner-type=\"other\"\n    data-category=\"Mitarbeiter gewinnen\">\n    <div class=\"banner-content\">\n        <div class=\"banner-text\">\n                            <h4>Sneak Peek gef\u00e4llig? Entdecken Sie unsere interaktive Produkt-Tour!<\/h4>\n            \n                            <p>In 11 Schritten geben wir Ihnen einen Einblick in Factorial.<\/p>\n            \n                            <a href=\"https:\/\/factorialhr.de\/product-tour\"\n                    class=\"factorial-cta-button not-prose freebie\" data-cta=\"other\" data-cta-position=\"inline-banner\">\n                    Produkt-Tour starten                <\/a>\n                    <\/div>\n\n        <div class=\"banner-image has-image\">\n            <img decoding=\"async\" src=\"https:\/\/factorialhr.com\/wp-content\/uploads\/2025\/07\/18113357\/Laptop_screen-3-1.png\" class=\"not-prose\" \/>\n        <\/div>\n    <\/div>\n<\/div>\n<h2>H\u00e4ufig gestellte Fragen und Antworten zur K\u00fcndigung in der Probezeit<\/h2>\n<h3>Was ist eine Probezeit?<\/h3>\n<p><span style=\"font-weight: 400;\">Die Probezeit ist ein vereinbarter Zeitraum zu Beginn eines Arbeitsverh\u00e4ltnisses, in dem eine verk\u00fcrzte K\u00fcndigungsfrist von <\/span><b>zwei Wochen (14 Tagen)<\/b><span style=\"font-weight: 400;\"> gilt. Sie dient als Orientierungsphase f\u00fcr Arbeitnehmende und Arbeitgebende, um herauszufinden, ob die Zusammenarbeit und die Position langfristig zueinander passen.<\/span><\/p>\n<h3><b>Wie lange ist die gesetzliche Probezeit?<\/b><span style=\"font-weight: 400;\">\u00a0<\/span><\/h3>\n<p><span style=\"font-weight: 400;\">Die gesetzliche Probezeit betr\u00e4gt maximal 6 Monate gem\u00e4\u00df <a href=\"https:\/\/www.gesetze-im-internet.de\/bgb\/__622.html\" target=\"_blank\" rel=\"noopener\">\u00a7 622 Abs. 3 BGB<\/a>. Dies ist die H\u00f6chstdauer \u2013 k\u00fcrzere Probezeiten von 3 oder 4 Monaten sind ebenfalls zul\u00e4ssig. In der Ausbildung gelten andere Regeln: Hier ist nach <a href=\"https:\/\/www.gesetze-im-internet.de\/bbig_2005\/__20.html\" target=\"_blank\" rel=\"noopener\">\u00a7 20 BBiG<\/a> eine Probezeit von mindestens einem Monat und maximal 4 Monaten vorgeschrieben<\/span><\/p>\n<h3>M\u00fcssen Arbeitnehmende w\u00e4hrend der Probezeit k\u00fcndigen?<\/h3>\n<p><span style=\"font-weight: 400;\">Nur, wenn sie das Arbeitsverh\u00e4ltnis beenden wollen. Dabei gilt: Es muss die im Arbeitsvertrag vereinbarte Frist eingehalten werden. Wurde dort keine eigene Regelung getroffen, gilt die gesetzliche Mindestfrist von <\/span>2 Wochen<span style=\"font-weight: 400;\"> (<a href=\"https:\/\/www.gesetze-im-internet.de\/bgb\/__622.html\">\u00a7 622 Abs. 3 BGB<\/a>).<\/span><\/p>\n<h3><b>Warum 6 Monate Probezeit?<\/b><span style=\"font-weight: 400;\">\u00a0<\/span><\/h3>\n<p><span style=\"font-weight: 400;\">6 Monate Probezeit entsprechen der gesetzlichen H\u00f6chstdauer nach <a href=\"https:\/\/www.gesetze-im-internet.de\/bgb\/__622.html\" target=\"_blank\" rel=\"noopener\">\u00a7 622 Abs. 3 BGB<\/a> und der Wartezeit bis zum Beginn des allgemeinen <a href=\"https:\/\/factorialhr.de\/blog\/kuendigungsschutzgesetz\/\">K\u00fcndigungsschutzes<\/a>. Dieser Zeitraum erm\u00f6glicht es Arbeitgebenden, die Eignung von Mitarbeitenden umfassend zu bewerten, w\u00e4hrend gleichzeitig die Wartezeit des <a href=\"https:\/\/www.gesetze-im-internet.de\/kschg\/BJNR004990951.html\" target=\"_blank\" rel=\"noopener\">K\u00fcndigungsschutzgesetzes<\/a> (\u00a7 1 Abs. 1 KSchG) eingehalten wird. Nach 6 Monaten greift der allgemeine K\u00fcndigungsschutz.<\/span><\/p>\n<h3><b>Welche Regeln gelten in der Probezeit?<\/b><span style=\"font-weight: 400;\">\u00a0<\/span><\/h3>\n<p><span style=\"font-weight: 400;\">In der Probezeit gelten besondere K\u00fcndigungsregeln: Beide Seiten k\u00f6nnen mit einer Frist von 2 Wochen k\u00fcndigen. Der allgemeine K\u00fcndigungsschutz nach KSchG greift erst nach 6 Monaten. Alle anderen Arbeitnehmerrechte bleiben bestehen: Anspruch auf Mindestlohn, Lohnfortzahlung im Krankheitsfall, anteiligen Urlaub und Mutterschutz. Eine K\u00fcndigung wegen Krankheit oder Schwangerschaft ist auch in der Probezeit unzul\u00e4ssig.<\/span><\/p>\n<h3><strong>Kann ich Mitarbeitenden w\u00e4hrend der Probezeit k\u00fcndigen?<\/strong><\/h3>\n<p>Ja, w\u00e4hrend der Probezeit k\u00f6nnen Vorgesetzte jederzeit mit einer <b data-path-to-node=\"2\" data-index-in-node=\"57\">gesetzlichen Frist von 14 Tagen<\/b> k\u00fcndigen. Ein K\u00fcndigungsgrund muss im Schreiben nicht angegeben werden. Es ist jedoch empfohlen, vorab Feedbackgespr\u00e4che zu f\u00fchren und diese zu protokollieren, um fair und professionell zu agieren.<\/p>\n<h3><strong>Was passiert, wenn die Probezeit von Mitarbeitenden zu Ende ist?<\/strong><\/h3>\n<p>Wenn die Probezeit von Besch\u00e4ftigten zu Ende ist, m\u00fcssen Sie entscheiden, wie Sie weiter vorgehen wollen. Bieten Sie ihnen eine Festanstellung an oder k\u00fcndigen Sie ihm? Vergewissern Sie sich, dass Sie eine vollst\u00e4ndige \u00dcberpr\u00fcfung aller Aspekte ihrer Arbeit durchgef\u00fchrt haben. Dazu geh\u00f6ren Leistung, Qualifikation, F\u00e4higkeit zur Aufgabenerf\u00fcllung, Anwesenheit, P\u00fcnktlichkeit und Verhalten. Sobald Sie Ihre Entscheidung getroffen haben, sollten Sie mit den Mitarbeitenden ein Gespr\u00e4ch \u00fcber die Probezeit f\u00fchren, in dem Sie das Urteil besprechen.<\/p>\n<p><script type=\"application\/ld+json\">\n{\n  \"@context\": \"https:\/\/schema.org\",\n  \"@type\": \"FAQPage\",\n  \"mainEntity\": [{\n    \"@type\": \"Question\",\n    \"name\": \"Was ist eine Probezeit?\",\n    \"acceptedAnswer\": {\n      \"@type\": \"Answer\",\n      \"text\": \"Die Probezeit ist ein vereinbarter Zeitraum zu Beginn eines Arbeitsverh\u00e4ltnisses, in dem eine verk\u00fcrzte K\u00fcndigungsfrist von zwei Wochen (14 Tagen) gilt. Sie dient als Orientierungsphase f\u00fcr Arbeitnehmende und Arbeitgebende, um herauszufinden, ob die Zusammenarbeit und die Position langfristig zueinander passen.\"\n    }\n  },{\n    \"@type\": \"Question\",\n    \"name\": \"Wie lange ist die gesetzliche Probezeit?\",\n    \"acceptedAnswer\": {\n      \"@type\": \"Answer\",\n      \"text\": \"Die gesetzliche Probezeit betr\u00e4gt maximal 6 Monate gem\u00e4\u00df \u00a7 622 Abs. 3 BGB. Dies ist die H\u00f6chstdauer \u2013 k\u00fcrzere Probezeiten von 3 oder 4 Monaten sind ebenfalls zul\u00e4ssig. In der Ausbildung gelten andere Regeln: Hier ist nach \u00a7 20 BBiG eine Probezeit von mindestens einem Monat und maximal 4 Monaten vorgeschrieben\"\n    }\n  },{\n    \"@type\": \"Question\",\n    \"name\": \"M\u00fcssen Arbeitnehmende w\u00e4hrend der Probezeit k\u00fcndigen?\",\n    \"acceptedAnswer\": {\n      \"@type\": \"Answer\",\n      \"text\": \"Nur, wenn sie das Arbeitsverh\u00e4ltnis beenden wollen. Dabei gilt: Es muss die im Arbeitsvertrag vereinbarte Frist eingehalten werden. Wurde dort keine eigene Regelung getroffen, gilt die gesetzliche Mindestfrist von 2 Wochen (\u00a7 622 Abs. 3 BGB).\"\n    }\n  },{\n    \"@type\": \"Question\",\n    \"name\": \"Warum 6 Monate Probezeit?\",\n    \"acceptedAnswer\": {\n      \"@type\": \"Answer\",\n      \"text\": \"6 Monate Probezeit entsprechen der gesetzlichen H\u00f6chstdauer nach \u00a7 622 Abs. 3 BGB und der Wartezeit bis zum Beginn des allgemeinen K\u00fcndigungsschutzes. Dieser Zeitraum erm\u00f6glicht es Arbeitgebenden, die Eignung von Mitarbeitenden umfassend zu bewerten, w\u00e4hrend gleichzeitig die Wartezeit des K\u00fcndigungsschutzgesetzes (\u00a7 1 Abs. 1 KSchG) eingehalten wird. Nach 6 Monaten greift der allgemeine K\u00fcndigungsschutz.\"\n    }\n  },{\n    \"@type\": \"Question\",\n    \"name\": \"Welche Regeln gelten in der Probezeit?\",\n    \"acceptedAnswer\": {\n      \"@type\": \"Answer\",\n      \"text\": \"In der Probezeit gelten besondere K\u00fcndigungsregeln: Beide Seiten k\u00f6nnen mit einer Frist von 2 Wochen k\u00fcndigen. Der allgemeine K\u00fcndigungsschutz nach KSchG greift erst nach 6 Monaten. Alle anderen Arbeitnehmerrechte bleiben bestehen: Anspruch auf Mindestlohn, Lohnfortzahlung im Krankheitsfall, anteiligen Urlaub und Mutterschutz. Eine K\u00fcndigung wegen Krankheit oder Schwangerschaft ist auch in der Probezeit unzul\u00e4ssig.\"\n    }\n  },{\n    \"@type\": \"Question\",\n    \"name\": \"Kann ich Mitarbeitenden w\u00e4hrend der Probezeit k\u00fcndigen?\",\n    \"acceptedAnswer\": {\n      \"@type\": \"Answer\",\n      \"text\": \"Ja, w\u00e4hrend der Probezeit k\u00f6nnen Vorgesetzte jederzeit mit einer gesetzlichen Frist von 14 Tagen k\u00fcndigen. Ein K\u00fcndigungsgrund muss im Schreiben nicht angegeben werden. Es ist jedoch empfohlen, vorab Feedbackgespr\u00e4che zu f\u00fchren und diese zu protokollieren, um fair und professionell zu agieren.\"\n    }\n  },{\n    \"@type\": \"Question\",\n    \"name\": \"Was passiert, wenn die Probezeit von Mitarbeitenden zu Ende ist?\",\n    \"acceptedAnswer\": {\n      \"@type\": \"Answer\",\n      \"text\": \"Wenn die Probezeit von Besch\u00e4ftigten zu Ende ist, m\u00fcssen Sie entscheiden, wie Sie weiter vorgehen wollen. Bieten Sie ihnen eine Festanstellung an oder k\u00fcndigen Sie ihm? Vergewissern Sie sich, dass Sie eine vollst\u00e4ndige \u00dcberpr\u00fcfung aller Aspekte ihrer Arbeit durchgef\u00fchrt haben. Dazu geh\u00f6ren Leistung, Qualifikation, F\u00e4higkeit zur Aufgabenerf\u00fcllung, Anwesenheit, P\u00fcnktlichkeit und Verhalten. Sobald Sie Ihre Entscheidung getroffen haben, sollten Sie mit den Mitarbeitenden ein Gespr\u00e4ch \u00fcber die Probezeit f\u00fchren, in dem Sie das Urteil besprechen.\"\n    }\n  }]\n}\n<\/script><\/p>\n","protected":false},"excerpt":{"rendered":"<p>Die Probezeit, auch als Bew\u00e4hrungsphase bekannt, ist ein wichtiger Schritt im Einstellungsprozess. Sie erm\u00f6glicht es Arbeitgebern und neu eingestellten Mitarbeitern festzustellen, ob sie sich voraussichtlich gut erg\u00e4nzen werden. In diesem Beitrag erkl\u00e4ren wir, was eine Probezeit ist und warum sie von Vorteil sein kann und welche rechtlichen Regelungen hier greifen. Das Wichtigste in K\u00fcrze: Die<a href=\"https:\/\/factorialhr.de\/blog\/probezeit\/\" class=\"read-more\"> [&#8230;]<\/a><\/p>\n","protected":false},"author":67,"featured_media":45673,"comment_status":"open","ping_status":"closed","sticky":false,"template":"","format":"standard","meta":{"_acf_changed":false,"footnotes":""},"categories":[266],"tags":[],"class_list":["post-44614","post","type-post","status-publish","format-standard","has-post-thumbnail","hentry","category-mitarbeiter-gewinnen"],"acf":{"topics":"talent"},"yoast_head":"<!-- This site is optimized with the Yoast SEO Premium plugin v21.5 (Yoast SEO v21.9.1) - https:\/\/yoast.com\/wordpress\/plugins\/seo\/ -->\n<title>Probezeit: Dauer, Regeln &amp; K\u00fcndigungsfriste | Factorial<\/title>\n<meta name=\"description\" content=\"Was gilt in der Probezeit? Erfahren Sie alles \u00fcber K\u00fcndigungsfristen, Urlaubsanspruch und gesetzliche Regelungen.\" \/>\n<meta name=\"robots\" content=\"index, follow, max-snippet:-1, max-image-preview:large, max-video-preview:-1\" \/>\n<link rel=\"canonical\" href=\"https:\/\/factorialhr.de\/blog\/probezeit\/\" \/>\n<meta property=\"og:locale\" content=\"de_DE\" \/>\n<meta property=\"og:type\" content=\"article\" \/>\n<meta property=\"og:title\" content=\"Was ist eine Probezeit und warum ist sie wichtig?\" \/>\n<meta property=\"og:description\" content=\"Was gilt in der Probezeit? Erfahren Sie alles \u00fcber K\u00fcndigungsfristen, Urlaubsanspruch und gesetzliche Regelungen.\" \/>\n<meta property=\"og:url\" content=\"https:\/\/factorialhr.de\/blog\/probezeit\/\" \/>\n<meta property=\"og:site_name\" content=\"Factorial\" \/>\n<meta property=\"article:publisher\" content=\"https:\/\/www.facebook.com\/people\/Factorial\/100064908455810\/\" \/>\n<meta property=\"article:published_time\" content=\"2026-02-06T14:37:51+00:00\" \/>\n<meta property=\"article:modified_time\" content=\"2026-02-10T13:52:14+00:00\" \/>\n<meta property=\"og:image\" content=\"https:\/\/factorialhr.de\/wp-content\/uploads\/2021\/04\/27095539\/Kundigung-Probezeit-1.jpg\" \/>\n\t<meta property=\"og:image:width\" content=\"1112\" \/>\n\t<meta property=\"og:image:height\" content=\"625\" \/>\n\t<meta property=\"og:image:type\" content=\"image\/jpeg\" \/>\n<meta name=\"author\" content=\"Nicole Steffgen\" \/>\n<meta name=\"twitter:card\" content=\"summary_large_image\" \/>\n<meta name=\"twitter:creator\" content=\"@factorialapp\" \/>\n<meta name=\"twitter:site\" content=\"@factorialapp\" \/>\n<meta name=\"twitter:label1\" content=\"Written by\" \/>\n\t<meta name=\"twitter:data1\" content=\"Nicole Steffgen\" \/>\n\t<meta name=\"twitter:label2\" content=\"Est. reading time\" \/>\n\t<meta name=\"twitter:data2\" content=\"10 Minuten\" \/>\n<script type=\"application\/ld+json\" class=\"yoast-schema-graph\">{\"@context\":\"https:\/\/schema.org\",\"@graph\":[{\"@type\":\"Article\",\"@id\":\"https:\/\/factorialhr.de\/blog\/probezeit\/#article\",\"isPartOf\":{\"@id\":\"https:\/\/factorialhr.de\/blog\/probezeit\/\"},\"author\":{\"name\":\"Nicole Steffgen\",\"@id\":\"https:\/\/factorialhr.de\/blog\/#\/schema\/person\/0abd3cb9bfc5e0cb4a7218be1cdaa7cc\"},\"headline\":\"Was ist eine Probezeit und warum ist sie wichtig?\",\"datePublished\":\"2026-02-06T14:37:51+00:00\",\"dateModified\":\"2026-02-10T13:52:14+00:00\",\"mainEntityOfPage\":{\"@id\":\"https:\/\/factorialhr.de\/blog\/probezeit\/\"},\"wordCount\":2133,\"commentCount\":0,\"publisher\":{\"@id\":\"https:\/\/factorialhr.de\/blog\/#organization\"},\"articleSection\":[\"Mitarbeiter gewinnen\"],\"inLanguage\":\"de-DE\",\"potentialAction\":[{\"@type\":\"CommentAction\",\"name\":\"Comment\",\"target\":[\"https:\/\/factorialhr.de\/blog\/probezeit\/#respond\"]}]},{\"@type\":\"WebPage\",\"@id\":\"https:\/\/factorialhr.de\/blog\/probezeit\/\",\"url\":\"https:\/\/factorialhr.de\/blog\/probezeit\/\",\"name\":\"Probezeit: Dauer, Regeln & K\u00fcndigungsfriste | Factorial\",\"isPartOf\":{\"@id\":\"https:\/\/factorialhr.de\/blog\/#website\"},\"datePublished\":\"2026-02-06T14:37:51+00:00\",\"dateModified\":\"2026-02-10T13:52:14+00:00\",\"description\":\"Was gilt in der Probezeit? Erfahren Sie alles \u00fcber K\u00fcndigungsfristen, Urlaubsanspruch und gesetzliche Regelungen.\",\"inLanguage\":\"de-DE\",\"potentialAction\":[{\"@type\":\"ReadAction\",\"target\":[\"https:\/\/factorialhr.de\/blog\/probezeit\/\"]}]},{\"@type\":\"WebSite\",\"@id\":\"https:\/\/factorialhr.de\/blog\/#website\",\"url\":\"https:\/\/factorialhr.de\/blog\/\",\"name\":\"Factorial\",\"description\":\"\",\"publisher\":{\"@id\":\"https:\/\/factorialhr.de\/blog\/#organization\"},\"potentialAction\":[{\"@type\":\"SearchAction\",\"target\":{\"@type\":\"EntryPoint\",\"urlTemplate\":\"https:\/\/factorialhr.de\/blog\/?s={search_term_string}\"},\"query-input\":\"required name=search_term_string\"}],\"inLanguage\":\"de-DE\"},{\"@type\":\"Organization\",\"@id\":\"https:\/\/factorialhr.de\/blog\/#organization\",\"name\":\"All-in-one business management software - Factorial\",\"url\":\"https:\/\/factorialhr.de\/blog\/\",\"logo\":{\"@type\":\"ImageObject\",\"inLanguage\":\"de-DE\",\"@id\":\"https:\/\/factorialhr.de\/blog\/#\/schema\/logo\/image\/\",\"url\":\"https:\/\/factorialhr.de\/wp-content\/uploads\/2023\/07\/18155144\/factorial-logo.png\",\"contentUrl\":\"https:\/\/factorialhr.de\/wp-content\/uploads\/2023\/07\/18155144\/factorial-logo.png\",\"width\":946,\"height\":880,\"caption\":\"All-in-one business management software - Factorial\"},\"image\":{\"@id\":\"https:\/\/factorialhr.de\/blog\/#\/schema\/logo\/image\/\"},\"sameAs\":[\"https:\/\/www.facebook.com\/people\/Factorial\/100064908455810\/\",\"https:\/\/twitter.com\/factorialapp\",\"https:\/\/www.linkedin.com\/company\/factorialhr\",\"https:\/\/www.youtube.com\/@factorialmedia\",\"https:\/\/www.instagram.com\/factorial\/#\"]},{\"@type\":\"Person\",\"@id\":\"https:\/\/factorialhr.de\/blog\/#\/schema\/person\/0abd3cb9bfc5e0cb4a7218be1cdaa7cc\",\"name\":\"Nicole Steffgen\",\"image\":{\"@type\":\"ImageObject\",\"inLanguage\":\"de-DE\",\"@id\":\"https:\/\/factorialhr.de\/blog\/#\/schema\/person\/image\/\",\"url\":\"https:\/\/secure.gravatar.com\/avatar\/c98c5adc8c5d099c342b866002a57339?s=96&d=identicon&r=g\",\"contentUrl\":\"https:\/\/secure.gravatar.com\/avatar\/c98c5adc8c5d099c342b866002a57339?s=96&d=identicon&r=g\",\"caption\":\"Nicole Steffgen\"},\"description\":\"Als Content Strategin mit fundierter Erfahrung im Markenaufbau und in digitaler Kommunikation entwickelt Nicole Steffgen wirkungsstarke Inhalte an der Schnittstelle von Unternehmenskultur, HR und strategischer Positionierung. Sie arbeitet analytisch, zielgruppenorientiert und markenbewusst \u2013 mit dem Fokus, Organisationen kommunikativ zu st\u00e4rken und im Markt differenziert sichtbar zu machen.\",\"sameAs\":[\"https:\/\/factorialhr.de\"],\"url\":\"https:\/\/factorialhr.de\/blog\/author\/nicole\/\"}]}<\/script>\n<!-- \/ Yoast SEO Premium plugin. -->","yoast_head_json":{"title":"Probezeit: Dauer, Regeln & K\u00fcndigungsfriste | Factorial","description":"Was gilt in der Probezeit? Erfahren Sie alles \u00fcber K\u00fcndigungsfristen, Urlaubsanspruch und gesetzliche Regelungen.","robots":{"index":"index","follow":"follow","max-snippet":"max-snippet:-1","max-image-preview":"max-image-preview:large","max-video-preview":"max-video-preview:-1"},"canonical":"https:\/\/factorialhr.de\/blog\/probezeit\/","og_locale":"de_DE","og_type":"article","og_title":"Was ist eine Probezeit und warum ist sie wichtig?","og_description":"Was gilt in der Probezeit? Erfahren Sie alles \u00fcber K\u00fcndigungsfristen, Urlaubsanspruch und gesetzliche Regelungen.","og_url":"https:\/\/factorialhr.de\/blog\/probezeit\/","og_site_name":"Factorial","article_publisher":"https:\/\/www.facebook.com\/people\/Factorial\/100064908455810\/","article_published_time":"2026-02-06T14:37:51+00:00","article_modified_time":"2026-02-10T13:52:14+00:00","og_image":[{"width":1112,"height":625,"url":"https:\/\/factorialhr.de\/wp-content\/uploads\/2021\/04\/27095539\/Kundigung-Probezeit-1.jpg","type":"image\/jpeg"}],"author":"Nicole Steffgen","twitter_card":"summary_large_image","twitter_creator":"@factorialapp","twitter_site":"@factorialapp","twitter_misc":{"Written by":"Nicole Steffgen","Est. reading time":"10 Minuten"},"schema":{"@context":"https:\/\/schema.org","@graph":[{"@type":"Article","@id":"https:\/\/factorialhr.de\/blog\/probezeit\/#article","isPartOf":{"@id":"https:\/\/factorialhr.de\/blog\/probezeit\/"},"author":{"name":"Nicole Steffgen","@id":"https:\/\/factorialhr.de\/blog\/#\/schema\/person\/0abd3cb9bfc5e0cb4a7218be1cdaa7cc"},"headline":"Was ist eine Probezeit und warum ist sie wichtig?","datePublished":"2026-02-06T14:37:51+00:00","dateModified":"2026-02-10T13:52:14+00:00","mainEntityOfPage":{"@id":"https:\/\/factorialhr.de\/blog\/probezeit\/"},"wordCount":2133,"commentCount":0,"publisher":{"@id":"https:\/\/factorialhr.de\/blog\/#organization"},"articleSection":["Mitarbeiter gewinnen"],"inLanguage":"de-DE","potentialAction":[{"@type":"CommentAction","name":"Comment","target":["https:\/\/factorialhr.de\/blog\/probezeit\/#respond"]}]},{"@type":"WebPage","@id":"https:\/\/factorialhr.de\/blog\/probezeit\/","url":"https:\/\/factorialhr.de\/blog\/probezeit\/","name":"Probezeit: Dauer, Regeln & K\u00fcndigungsfriste | Factorial","isPartOf":{"@id":"https:\/\/factorialhr.de\/blog\/#website"},"datePublished":"2026-02-06T14:37:51+00:00","dateModified":"2026-02-10T13:52:14+00:00","description":"Was gilt in der Probezeit? Erfahren Sie alles \u00fcber K\u00fcndigungsfristen, Urlaubsanspruch und gesetzliche Regelungen.","inLanguage":"de-DE","potentialAction":[{"@type":"ReadAction","target":["https:\/\/factorialhr.de\/blog\/probezeit\/"]}]},{"@type":"WebSite","@id":"https:\/\/factorialhr.de\/blog\/#website","url":"https:\/\/factorialhr.de\/blog\/","name":"Factorial","description":"","publisher":{"@id":"https:\/\/factorialhr.de\/blog\/#organization"},"potentialAction":[{"@type":"SearchAction","target":{"@type":"EntryPoint","urlTemplate":"https:\/\/factorialhr.de\/blog\/?s={search_term_string}"},"query-input":"required name=search_term_string"}],"inLanguage":"de-DE"},{"@type":"Organization","@id":"https:\/\/factorialhr.de\/blog\/#organization","name":"All-in-one business management software - Factorial","url":"https:\/\/factorialhr.de\/blog\/","logo":{"@type":"ImageObject","inLanguage":"de-DE","@id":"https:\/\/factorialhr.de\/blog\/#\/schema\/logo\/image\/","url":"https:\/\/factorialhr.de\/wp-content\/uploads\/2023\/07\/18155144\/factorial-logo.png","contentUrl":"https:\/\/factorialhr.de\/wp-content\/uploads\/2023\/07\/18155144\/factorial-logo.png","width":946,"height":880,"caption":"All-in-one business management software - Factorial"},"image":{"@id":"https:\/\/factorialhr.de\/blog\/#\/schema\/logo\/image\/"},"sameAs":["https:\/\/www.facebook.com\/people\/Factorial\/100064908455810\/","https:\/\/twitter.com\/factorialapp","https:\/\/www.linkedin.com\/company\/factorialhr","https:\/\/www.youtube.com\/@factorialmedia","https:\/\/www.instagram.com\/factorial\/#"]},{"@type":"Person","@id":"https:\/\/factorialhr.de\/blog\/#\/schema\/person\/0abd3cb9bfc5e0cb4a7218be1cdaa7cc","name":"Nicole Steffgen","image":{"@type":"ImageObject","inLanguage":"de-DE","@id":"https:\/\/factorialhr.de\/blog\/#\/schema\/person\/image\/","url":"https:\/\/secure.gravatar.com\/avatar\/c98c5adc8c5d099c342b866002a57339?s=96&d=identicon&r=g","contentUrl":"https:\/\/secure.gravatar.com\/avatar\/c98c5adc8c5d099c342b866002a57339?s=96&d=identicon&r=g","caption":"Nicole Steffgen"},"description":"Als Content Strategin mit fundierter Erfahrung im Markenaufbau und in digitaler Kommunikation entwickelt Nicole Steffgen wirkungsstarke Inhalte an der Schnittstelle von Unternehmenskultur, HR und strategischer Positionierung. Sie arbeitet analytisch, zielgruppenorientiert und markenbewusst \u2013 mit dem Fokus, Organisationen kommunikativ zu st\u00e4rken und im Markt differenziert sichtbar zu machen.","sameAs":["https:\/\/factorialhr.de"],"url":"https:\/\/factorialhr.de\/blog\/author\/nicole\/"}]}},"_links":{"self":[{"href":"https:\/\/factorialhr.de\/blog\/wp-json\/wp\/v2\/posts\/44614"}],"collection":[{"href":"https:\/\/factorialhr.de\/blog\/wp-json\/wp\/v2\/posts"}],"about":[{"href":"https:\/\/factorialhr.de\/blog\/wp-json\/wp\/v2\/types\/post"}],"author":[{"embeddable":true,"href":"https:\/\/factorialhr.de\/blog\/wp-json\/wp\/v2\/users\/67"}],"replies":[{"embeddable":true,"href":"https:\/\/factorialhr.de\/blog\/wp-json\/wp\/v2\/comments?post=44614"}],"version-history":[{"count":38,"href":"https:\/\/factorialhr.de\/blog\/wp-json\/wp\/v2\/posts\/44614\/revisions"}],"predecessor-version":[{"id":180169,"href":"https:\/\/factorialhr.de\/blog\/wp-json\/wp\/v2\/posts\/44614\/revisions\/180169"}],"wp:featuredmedia":[{"embeddable":true,"href":"https:\/\/factorialhr.de\/blog\/wp-json\/wp\/v2\/media\/45673"}],"wp:attachment":[{"href":"https:\/\/factorialhr.de\/blog\/wp-json\/wp\/v2\/media?parent=44614"}],"wp:term":[{"taxonomy":"category","embeddable":true,"href":"https:\/\/factorialhr.de\/blog\/wp-json\/wp\/v2\/categories?post=44614"},{"taxonomy":"post_tag","embeddable":true,"href":"https:\/\/factorialhr.de\/blog\/wp-json\/wp\/v2\/tags?post=44614"}],"curies":[{"name":"wp","href":"https:\/\/api.w.org\/{rel}","templated":true}]}}