{"id":52683,"date":"2021-07-23T10:52:47","date_gmt":"2021-07-23T08:52:47","guid":{"rendered":"https:\/\/factorialhr.com\/blog\/?p=52683"},"modified":"2026-04-10T10:55:30","modified_gmt":"2026-04-10T08:55:30","slug":"interview-neue-arbeitszeitmodelle","status":"publish","type":"post","link":"https:\/\/factorialhr.de\/blog\/interview-neue-arbeitszeitmodelle\/","title":{"rendered":"Interview: Warum es das eine Arbeitszeitmodell f\u00fcr Unternehmen nicht mehr gibt"},"content":{"rendered":"<p>Sp\u00e4testens seit der Pandemie haben wir gelernt: Unternehmen m\u00fcssen bestehende Arbeitszeitmodelle neu durchdenken. Flexiblere und moderne Modelle m\u00fcssen her.<\/p>\n<p>Doch was bedeutet das genau und was m\u00fcssen F\u00fchrungskr\u00e4fte und Personalverantwortliche im Hinblick auf diesen Wandel ber\u00fccksichtigen?<\/p>\n<h2>Wichtige Fakten<\/h2>\n<ul>\n<li><strong>Das eine Arbeitszeitmodell gibt es nicht mehr:<\/strong> Die Zukunft liegt in einem System vernetzter, individueller Arbeitszeitmodelle, die auf unterschiedliche Lebensphasen und Bed\u00fcrfnisse der Besch\u00e4ftigten zugeschnitten sind.<\/li>\n<li><strong>Flexibilit\u00e4t als Top-Priorit\u00e4t:<\/strong> F\u00fcr 76 % der Unternehmen in Deutschland sind laut der Randstad-ifo-Personalleiterbefragung Anfang 2025 flexible Arbeitszeiten der wichtigste Anreiz, um neue Fachkr\u00e4fte zu gewinnen <a class=\"citation\" contenteditable=\"false\" href=\"https:\/\/vertexaisearch.cloud.google.com\/grounding-api-redirect\/AUZIYQFtd1Q7_7uZ55VAq4FMB0RetoTUWW8XYquueWcFtPpz3Iv8Ba8jNGfnTpQVHjjDXafyxUequTZp-EGymaxIDI2dfTitYAkYM0IDPtBhLF73txHuJ7IQM2EAInmug2FG0hrF3A4rj9w5SfxlpEzQOYswWN9OYjMQ\" target=\"_blank\" rel=\"noopener noreferrer\">[1]<\/a>.<\/li>\n<li><strong>Gesetzlicher Rahmen im Wandel:<\/strong> Mit der erwarteten Reform des Arbeitszeitgesetzes 2026 wird die Umstellung von einer t\u00e4glichen auf eine w\u00f6chentliche H\u00f6chstarbeitszeit von 48 Stunden geplant, was die Flexibilit\u00e4t f\u00fcr Unternehmen und Besch\u00e4ftigte erh\u00f6ht <a class=\"citation\" contenteditable=\"false\" href=\"https:\/\/www.hamburger-software.de\/blog\/artikel\/arbeitszeitreform-2026-in-deutschland-was-sich-fuer-arbeitgeber-aendert\" target=\"_blank\" rel=\"noopener noreferrer\">[2]<\/a>.<\/li>\n<\/ul>\n<p>Wir haben dazu mit <strong>Arbeitszeit- und Workforce-Management-Experte Guido Zander<\/strong> gesprochen. Er ist gesch\u00e4ftsf\u00fchrender Partner bei der <strong>SSZ Beratung<\/strong> und arbeitet bereits seit \u00fcber 25 Jahren in der strategischen und operativen Beratung von unterschiedlichsten Unternehmen. Seine Themen sind Arbeitszeit, Workforce Management sowie Workforce Analytics.<\/p>\n<div class=\"factorial-banner inline-banner banner-other category-arbeitszeiterfassung\"\n    data-banner-id=\"173955\"\n    data-banner-type=\"other\"\n    data-category=\"Arbeitszeiterfassung\">\n    <div class=\"banner-content\">\n        <div class=\"banner-text\">\n                            <h4>Smarte Analysen mit KI<\/h4>\n            \n                            <p>Erstellen Sie mit dem integrierten KI-Agenten One von Factorial automatisch individuelle, tagesaktuelle Berichte aus Ihren Daten<\/p>\n            \n                            <a href=\"https:\/\/factorialhr.de\/hr-berichte\"\n                    class=\"factorial-cta-button not-prose freebie\" data-cta=\"other\" data-cta-position=\"inline-banner\">\n                    Mehr erfahren                <\/a>\n                    <\/div>\n\n        <div class=\"banner-image has-image\">\n            <img decoding=\"async\" src=\"https:\/\/factorialhr.com\/wp-content\/uploads\/2025\/11\/20151656\/analytics-mb-1-1.png\" class=\"not-prose\" \/>\n        <\/div>\n    <\/div>\n<\/div>\n<h2>Herr Zander, wie kam es dazu, dass Sie sich auf das Thema Arbeitszeit spezialisiert haben?<\/h2>\n<p>Streng genommen bin ich mit dem Thema bereits seit 1995 vertraut. Nach meinem Studium im Bereich Wirtschaftsinformatik habe ich zun\u00e4chst f\u00fcr einen Softwarehersteller gearbeitet. Der Fokus lag hierbei auf der <a href=\"https:\/\/factorialhr.de\/zeiterfassung-mitarbeiter\" target=\"_self\" rel=\"noopener\">automatisierten Arbeitszeiterfassung<\/a>.<\/p>\n<p>Von dort aus bin ich in die Rolle des Beraters gerutscht und habe festgestellt: W\u00e4hrend Unternehmen hinsichtlich der Zeitwirtschaft genau wissen, was sie brauchen, herrscht bei weiterf\u00fchrenden Themen wie unter anderem der Personaleinsatzplanung absolute Orientierungslosigkeit.<\/p>\n<p>Es war also die Nachfrage, die uns dazu gef\u00fchrt hat, uns 2004 selbstst\u00e4ndig zu machen. Es gab zu diesem Zeitpunkt noch niemanden, der sich dem Thema ohne Softwarel\u00f6sung und mit alleinigem Fokus auf die Organisation angenommen hatte. Arbeitszeitmodelle, Lebensarbeitszeitmodelle, Analysen und Personalbedarfsplanung \u2013 all das machen wir heute erfolgreich f\u00fcr 350 Unternehmen.<\/p>\n<p>Heute ist das Thema Arbeitszeit und Workforce Management mehr f\u00fcr mich als nur das Erf\u00fcllen einer Nachfrage. Es ist zu einer Passion geworden. Wir entwickeln Modelle sowohl f\u00fcr Unternehmen als auch f\u00fcr Besch\u00e4ftigte und k\u00f6nnen somit etwas bewegen. Unsere Arbeit erf\u00fcllt einen klaren Zweck.<\/p>\n<h2>Welche Entwicklungen und Trends pr\u00e4gen die Arbeitszeitmodelle aktuell?<\/h2>\n<p>Darauf m\u00f6chte ich zweigeteilt antworten: <strong>Die M\u00f6glichkeiten, die heutzutage gegeben sind, sind dramatisch anders im Vergleich zu damals.<\/strong> Aber: Trotzdem kann man sagen, dass rund 80 % der Unternehmen nach wie vor an alten Schemata festhalten, obwohl die Notwendigkeit, etwas zu \u00e4ndern, f\u00fcr alle noch st\u00e4rker geworden ist.<\/p>\n<h3>Mehr Flexibilit\u00e4t durch neue Werte der Besch\u00e4ftigten<\/h3>\n<p>Besonders die <a href=\"https:\/\/factorialhr.de\/blog\/vertrauensarbeitszeit\/\" target=\"_self\" rel=\"noopener\"><strong>Nachfrage nach Flexibilit\u00e4t<\/strong> <\/a>ist drastisch angestiegen. Das liegt u.a. daran, dass sich Besch\u00e4ftigte und deren Werte ver\u00e4ndert haben. W\u00e4hrend sich lange Zeit das Leben an die Arbeit angepasst hat, m\u00fcssen sich Arbeitszeitmodelle heutzutage nach dem Leben der Besch\u00e4ftigten richten.<\/p>\n<p>Joggen w\u00e4hrend der Mittagspause, ein schneller Gang zum Supermarkt statt Kaffeepause \u2013 <a href=\"https:\/\/factorialhr.de\/blog\/work-life-integration\/\" target=\"_self\" rel=\"noopener\">Work-Life-Integration<\/a> nennt sich dieses Prinzip in der Fachsprache und st\u00f6\u00dft besonders bei j\u00fcngeren Besch\u00e4ftigten auf Begeisterung.<\/p>\n<p>Weiterhin hat sich auch das Rollenbild ver\u00e4ndert. W\u00e4hrend der Familienvater als zuverl\u00e4ssige Arbeitskraft galt, da die Mutter zu Hause alles im Griff hatte, w\u00fcnscht sich der moderne Vater <a href=\"https:\/\/factorialhr.de\/blog\/flexibilitaet\/\" target=\"_self\" rel=\"noopener\">Flexibilit\u00e4t<\/a>, um mehr Zeit mit der Familie verbringen zu k\u00f6nnen.<\/p>\n<p>Wir lernen: <strong>Neue Werte beeinflussen die Arbeitswelt und dessen Modelle.<\/strong> Das gilt auch f\u00fcr Berufsfelder, in denen es f\u00fcr Unternehmen nicht so einfach ist, eine solche Flexibilit\u00e4t zu gew\u00e4hrleisten. Das ist \u00fcbrigens bei rund 60 % aller Berufe der Fall. Flexibilit\u00e4t in der Pflege oder in der Produktion? Ja, auch hier erwarten Besch\u00e4ftigte mitarbeiter- und familienfreundliche L\u00f6sungen, was in der Praxis jedoch oft vernachl\u00e4ssigt wird.<\/p>\n<p>Diese Entwicklung wird durch den anhaltenden Fachkr\u00e4ftemangel weiter beschleunigt. Laut einer Umfrage des ifo Instituts von 2025 sehen drei Viertel der Unternehmen in flexiblen Arbeitszeiten den st\u00e4rksten Anreiz zur Gewinnung neuer Talente <a class=\"citation\" contenteditable=\"false\" href=\"https:\/\/vertexaisearch.cloud.google.com\/grounding-api-redirect\/AUZIYQFtd1Q7_7uZ55VAq4FMB0RetoTUWW8XYquueWcFtPpz3Iv8Ba8jNGfnTpQVHjjDXafyxUequTZp-EGymaxIDI2dfTitYAkYM0IDPtBhLF73txHuJ7IQM2EAInmug2FG0hrF3A4rj9w5SfxlpEzQOYswWN9OYjMQ\" target=\"_blank\" rel=\"noopener noreferrer\">[1]<\/a>. Das zeigt, dass Flexibilit\u00e4t kein \u201eNice-to-have\u201c mehr ist, sondern ein entscheidender Wettbewerbsfaktor.<\/p>\n<h3>Demografischer Wandel<\/h3>\n<p>Dar\u00fcber hinaus spielt auch der demografische Wandel eine Rolle. Besch\u00e4ftigte werden immer \u00e4lter. Stress, Schichtarbeit und zu viel Arbeit k\u00f6nnen auf Dauer zu vermehrten Krankheitsf\u00e4llen f\u00fchren. Mit welchen Modellen kann diese Belastung verringert werden?<\/p>\n<blockquote><p>Der Ver\u00e4nderungsdruck auf Unternehmen ist gro\u00df.<\/p><\/blockquote>\n<p>Im Allgemeinen sind Unternehmen also unter Druck, Arbeitszeitmodelle zu ver\u00e4ndern. Und trotzdem: <a href=\"https:\/\/factorialhr.de\/blog\/gleitzeit\/\" target=\"_self\" rel=\"noopener\">Gleitzeitmodelle<\/a> und Schichtpl\u00e4ne aus den 90er-Jahren bestehen nach wie vor. L\u00f6sungen sind oft noch nicht in Sicht.<\/p>\n<p>W\u00e4hrend es in der Vergangenheit ein Arbeitszeitmodell gab, an das sich alle angepasst haben, m\u00fcssen heute verschiedene Arbeitszeitmodelle her, die Flexibilit\u00e4t f\u00fcr Besch\u00e4ftigte in unterschiedlichen Lebensphasen gew\u00e4hrleisten: individuelle Modelle f\u00fcr \u00e4ltere Angestellte, junge Eltern und Young Professionals.<\/p>\n<p>Doch aufgepasst: <strong>Wichtig dabei ist auch, Besch\u00e4ftigte nicht mit neuen Modellen zu \u00fcberfordern. <\/strong><\/p>\n<p><iframe src=\"https:\/\/www.youtube.com\/embed\/Ye6YmGKVfaQ\" frameborder=\"0\" allowfullscreen=\"allowfullscreen\"><\/iframe><\/p>\n<h2>Wie hat die Pandemie die Anforderungen an Arbeitsort und -zeit ver\u00e4ndert?<\/h2>\n<p>Seit der Pandemie liegt die Challenge nicht mehr nur darin, <a href=\"https:\/\/factorialhr.de\/blog\/arbeitzeitflexibilisierung\/\" target=\"_self\" rel=\"noopener\">flexible Arbeitszeit<\/a>, sondern auch einen flexiblen Arbeitsort anzubieten.<\/p>\n<p>Unternehmen m\u00fcssen sich anpassen und Prozesse neu durchdenken. Was erwarten sie von ihren Angestellten und was m\u00fcssen sie ihnen daf\u00fcr mit auf den Weg geben?<\/p>\n<blockquote><p>Man ist offener geworden f\u00fcr Neues.<\/p><\/blockquote>\n<p>Die gute Nachricht: <strong>Die Haltung der Unternehmen hat sich ver\u00e4ndert.<\/strong> W\u00e4hrend noch vor zwei Jahren viele Unternehmen die Arbeit im <a href=\"https:\/\/factorialhr.de\/blog\/zeiterfassung-homeoffice\/\" target=\"_self\" rel=\"noopener\">Homeoffice<\/a> als absoluten Untergang angesehen haben, ziehen F\u00fchrungskr\u00e4fte heute das Fazit: \u201eDas klappt ja doch ganz gut mit dem Homeoffice\u201c.<\/p>\n<p>Trotz vieler Vorteile bin ich dennoch kein Fan vom gesetzlich verbrieftem Recht auf Homeoffice f\u00fcr alle. Der Grund: Es gibt auch Besch\u00e4ftigte, die damit nicht umgehen k\u00f6nnen und sich zu Hause zu sehr ablenken lassen. Eine Homeoffice-L\u00f6sung muss f\u00fcr jedes Unternehmen individuell entwickelt werden, da die jeweiligen Voraussetzungen sehr unterschiedlich sind.<\/p>\n<h2>Welche Arbeitszeitmodelle sehen Sie in der Zukunft und warum?<\/h2>\n<p>Neben den bereits etablierten Modellen wie Gleitzeit oder Teilzeit gewinnen weitere Konzepte an Bedeutung, die Unternehmen kennen sollten. Dazu geh\u00f6ren unter anderem:<\/p>\n<ul>\n<li><strong>Jahresarbeitszeit:<\/strong> Hier wird ein j\u00e4hrliches Stundenkontingent vereinbart, das flexibel je nach Auftragslage aufgeteilt wird. Dies erm\u00f6glicht es, saisonale Spitzen abzufedern, ohne konstant \u00dcberstunden aufzubauen.<\/li>\n<li><strong>Lebensarbeitszeitkonto (Zeitwertkonto):<\/strong> Besch\u00e4ftigte k\u00f6nnen \u00fcber einen langen Zeitraum Arbeitszeit oder Gehaltsbestandteile ansparen, um diese sp\u00e4ter f\u00fcr l\u00e4ngere Freistellungsphasen wie ein Sabbatical oder einen fr\u00fcheren Renteneintritt zu nutzen.<\/li>\n<li><strong>Funktionszeit:<\/strong> Statt fester Kernarbeitszeiten werden Service- oder Erreichbarkeitszeiten f\u00fcr ein Team oder eine Abteilung definiert. Innerhalb dieses Rahmens organisieren die Besch\u00e4ftigten ihre Anwesenheit selbstst\u00e4ndig.<\/li>\n<\/ul>\n<h3>Mehrere individuelle Modelle statt der einen Universall\u00f6sung<\/h3>\n<p>Das eine Arbeitszeitmodell wird es so nicht geben. <strong>Mehrere in ein System miteinander vernetzte Arbeitszeitmodelle sind die Zukunft.<\/strong> Verschiedene Modelle deswegen, damit individuelle Bed\u00fcrfnisse von Unternehmen und Besch\u00e4ftigten ber\u00fccksichtigt werden k\u00f6nnen.<\/p>\n<p><strong>Ein universelles Modell, das f\u00fcr das gesamte Unternehmen gut funktioniert und von allen angenommen wird, gibt es nicht. <\/strong><\/p>\n<h3>Hybrides Arbeiten als ein Modell der Zukunft<\/h3>\n<blockquote><p><a href=\"https:\/\/factorialhr.de\/blog\/hybride-arbeit\/\" target=\"_self\" rel=\"noopener\">Hybrides Arbeiten<\/a> ist das Modell der Zukunft.<\/p><\/blockquote>\n<p>Hybrides Arbeiten ist das Modell der Zukunft. Feststeht: Wer kein hybrides Arbeiten anbietet, wird es schwer haben, k\u00fcnftig neue Fachkr\u00e4fte zu rekrutieren.<\/p>\n<p>Wie das Modell genau aussieht? <strong>Eine Patentl\u00f6sung gibt es nicht und daher sollte es auch kein gesetzlich vorgegebenes Korsett geben.<\/strong> Pauschal zu sagen, die Belegschaft z.B. drei Tage von zu Hause aus und den Rest der Woche im B\u00fcro arbeiten zu lassen, ist schlichtweg falsch.<\/p>\n<p>Um ein hybrides Modell zu implementieren, muss jedes Unternehmen f\u00fcr sich selbst zun\u00e4chst die konkreten <strong>Bed\u00fcrfnisse analysieren<\/strong>. Es gibt kein einheitliches hybrides Modell, das f\u00fcr alle Betriebe und Organisationen funktioniert.<\/p>\n<h2>Welche Rolle spielt die Digitalisierung dabei?<\/h2>\n<blockquote><p>Digitalisierung ist ein Wegbereiter f\u00fcr neue Arbeitszeitmodelle.<\/p><\/blockquote>\n<p>Fakt ist, ohne Digitalisierung ist eine Umstellung der Arbeitszeitmodelle, wie sie heute gefragt ist, nicht m\u00f6glich. Um komplexe \u00c4nderungen innerhalb von Unternehmen umzusetzen, ben\u00f6tigt man die Unterst\u00fctzung von Softwarel\u00f6sungen. Wer resistent gegen\u00fcber Mitarbeitenden-Apps und Einsatzplanungstools bleibt, wird auf dem Weg hin zu neuen Systemen ins Straucheln kommen.<\/p>\n<p>Eine moderne HR-Software wie Factorial ist hierbei unerl\u00e4sslich. Sie erm\u00f6glicht nicht nur die gesetzeskonforme und digitale <a href=\"https:\/\/factorialhr.de\/zeiterfassung-mitarbeiter\" target=\"_self\" rel=\"noopener\">Erfassung der Arbeitszeiten<\/a> f\u00fcr alle Modelle, sondern vereinfacht auch die Verwaltung komplexer Schichtpl\u00e4ne und individueller Arbeitszeitkonten. So behalten Personalverantwortliche den \u00dcberblick und stellen sicher, dass alle gesetzlichen und vertraglichen Regelungen eingehalten werden.<\/p>\n<h2>Wie k\u00f6nnen Unternehmen moderne Arbeitszeitmodelle erfolgreich implementieren?<\/h2>\n<h3>Erst die Arbeit, dann das Vergn\u00fcgen<\/h3>\n<p>Wer sich an die Implementierung neuer Arbeitszeitmodelle macht, dem sollte bewusst sein, dass dieser Prozess bestens vorbereitet sein sollte. Bevor es losgeht, sind Analysen in Bezug auf Bedarf, Arbeitszeitverhalten, bestehende Prozesse und Regelungen das A und O. Dabei sollten Sie die gesamte Belegschaft mit ins Boot nehmen: Betriebsrat, F\u00fchrungskr\u00e4fte, Besch\u00e4ftigte, das oberste Management \u2013 alle m\u00fcssen am Ende an einem Strang ziehen, um neue Modelle erfolgreich umzusetzen.<\/p>\n<p>Um mehr \u00fcber die Bed\u00fcrfnisse und W\u00fcnsche der Besch\u00e4ftigten zu erfahren, empfehle ich Interviews mit Besch\u00e4ftigten. Im Gegensatz zu Umfragen sind Interviews tiefgr\u00fcndiger und geben direkte Impulse zur L\u00f6sung.<\/p>\n<p>Stellen Sie sich dar\u00fcber hinaus folgende Fragen und formulieren Sie konkrete Ziele:<\/p>\n<ul>\n<li>Wo wollen Sie hin? Wie soll Ihr Unternehmen in 5 Jahren in Bezug auf Arbeitszeit und Unternehmenskultur aussehen?<\/li>\n<li>Bin ich offen und bereit daf\u00fcr, diesen Schritt zu gehen?<\/li>\n<li>Wie viel Zeit brauche ich daf\u00fcr? Seien Sie dabei realistisch.<\/li>\n<li>Welche Software, Tools und Ressourcen ben\u00f6tige ich f\u00fcr diesen Wandel?<\/li>\n<li>Setzen Sie ein Modell erst in einem abgegrenzten Bereich um und investieren Sie alle Ihre Energie in eine erfolgreiche Umsetzung. Wenn dann der Rest der Belegschaft auch so arbeiten m\u00f6chte, wird die Umsetzung gelingen.<\/li>\n<\/ul>\n<p>Generell gilt: Seien Sie aktiv und bleiben Sie aufmerksam.<\/p>\n<h3>Schritt f\u00fcr Schritt<\/h3>\n<p>Sobald Sie die Ziele genau festgelegt haben, gehen Sie sie in Etappen an. Nehmen Sie dabei die gesamte Belegschaft Schritt f\u00fcr Schritt mit.<\/p>\n<h2>Fazit<\/h2>\n<p>Letztendlich muss jedes Unternehmen seinen eigenen Weg hin zu den richtigen Arbeitszeitmodellen finden. Dabei sollte sowohl der individuelle Bedarf, aber besonders auch die Bed\u00fcrfnisse der Besch\u00e4ftigten ber\u00fccksichtigt werden.<\/p>\n<p><strong>Eine einmalige \u00c4nderung der Arbeitszeitmodelle reicht aber nicht.<\/strong> Das Umfeld \u00e4ndert sich heute so schnell, dass bestehende Arbeitszeitmodelle kontinuierlich evolution\u00e4r an die neuen Bed\u00fcrfnisse angepasst werden m\u00fcssen. Auf lange Sicht sind Unternehmen somit erfolgreicher. Auch Modelle wie die <a href=\"https:\/\/factorialhr.de\/blog\/4-tage-woche\/\" target=\"_self\" rel=\"noopener\">4-Tage-Woche<\/a> gewinnen an Popularit\u00e4t, erfordern jedoch eine sorgf\u00e4ltige Planung und Anpassung der betrieblichen Prozesse.<\/p>\n<h2>Buchtipp: New Workforce Management<\/h2>\n<p>Sie m\u00f6chten noch mehr zum Thema Arbeitszeit und intelligente Personaleinsatzplanung erfahren?<\/p>\n<p>Burkhard Scherf und Guido Zander geben in ihrem Buch einen Einblick in das Workforce Management von heute.<\/p>\n<p><a href=\"https:\/\/www.ssz-beratung.de\/information\/buch-arbeitszeit-personaleinsatzplanung\/\" target=\"_blank\" rel=\"noopener\"><img decoding=\"async\" src=\"https:\/\/factorialhr.de\/wp-content\/uploads\/2021\/07\/23103110\/NEW_WORKforce_Management-232x300.jpeg\" sizes=\"(max-width: 232px) 100vw, 232px\" srcset=\"https:\/\/factorialhr.de\/wp-content\/uploads\/2021\/07\/23103110\/NEW_WORKforce_Management-232x300.jpeg 232w, https:\/\/factorialhr.de\/wp-content\/uploads\/2021\/07\/23103110\/NEW_WORKforce_Management.jpeg 386w\" alt=\"New Workforce Management\" width=\"232\" height=\"300\" \/><\/a><\/p>\n<p><a href=\"https:\/\/factorialhr.de\/get-started\" target=\"_self\" rel=\"noopener\">Verwalten Sie die Arbeitszeiten und Schichten Ihrer Besch\u00e4ftigten mit Factorial HR! <\/a><\/p>\n<p><a href=\"https:\/\/factorialhr.de\/get-started\" target=\"_self\" rel=\"noopener\">\ud83d\udc49 Jetzt kostenlos testen! <\/a><\/p>\n<h2>FAQ<\/h2>\n<h3>Was gibt es f\u00fcr Arbeitszeitmodelle?<\/h3>\n<p>Zu den g\u00e4ngigsten Modellen z\u00e4hlen Vollzeit, Teilzeit, Gleitzeit, Vertrauensarbeitszeit, Schichtarbeit und hybride Arbeitsformen. Moderne Unternehmen kombinieren oft mehrere Varianten, um flexibel zu bleiben. Eine HR-Software wie Factorial hilft dabei, diese unterschiedlichen Arbeitszeitmodelle und die dazugeh\u00f6rige Zeiterfassung effizient und fehlerfrei zu verwalten.<\/p>\n<h3>Was ist ein 2\/2\/3-3-Arbeitszeitmodell?<\/h3>\n<p>Das 2-2-3-Modell ist ein rotierendes Schichtsystem, das oft im 24\/7-Betrieb eingesetzt wird. In einem typischen zweiw\u00f6chigen Zyklus arbeiten Mitarbeitende beispielsweise 2 Tage, haben 2 Tage frei, arbeiten 3 Tage, haben dann 2 Tage frei und arbeiten wieder 2 Tage. Dies erm\u00f6glicht l\u00e4ngere zusammenh\u00e4ngende Freizeitbl\u00f6cke.<\/p>\n<h3>Welche Arbeitszeitmodelle gibt es mit einer 35-Stunden-Woche?<\/h3>\n<p>Eine 35-Stunden-Woche kann flexibel gestaltet werden. G\u00e4ngige Modelle sind die klassische 5-Tage-Woche mit t\u00e4glich 7 Stunden oder eine 4-Tage-Woche mit l\u00e4ngeren Arbeitstagen. Auch Gleitzeitregelungen k\u00f6nnen auf dieser Basis vereinbart werden, um die Arbeitszeit an individuelle Bed\u00fcrfnisse anzupassen und die Work-Life-Balance zu f\u00f6rdern.<\/p>\n<h3>Welche Dienstmodelle gibt es?<\/h3>\n<p>G\u00e4ngige Dienstmodelle umfassen das klassische 3-Schicht-System (Fr\u00fch-, Sp\u00e4t-, Nachtschicht), Wechselschichtmodelle und rollierende Systeme, bei denen sich die Arbeitstage zyklisch verschieben. Zudem gibt es Modelle wie Bereitschaftsdienst oder Rufbereitschaft, die je nach betrieblichem Bedarf eingesetzt werden, um eine durchgehende Serviceabdeckung zu sichern.<\/p>\n","protected":false},"excerpt":{"rendered":"<p>Sp\u00e4testens seit der Pandemie haben wir gelernt: Unternehmen m\u00fcssen bestehende Arbeitszeitmodelle neu durchdenken. Flexiblere und moderne Modelle m\u00fcssen her. Doch was bedeutet das genau und was m\u00fcssen F\u00fchrungskr\u00e4fte und Personalverantwortliche im Hinblick auf diesen Wandel ber\u00fccksichtigen? Wichtige Fakten Das eine Arbeitszeitmodell gibt es nicht mehr: Die Zukunft liegt in einem System vernetzter, individueller Arbeitszeitmodelle, die<a href=\"https:\/\/factorialhr.de\/blog\/interview-neue-arbeitszeitmodelle\/\" class=\"read-more\"> [&#8230;]<\/a><\/p>\n","protected":false},"author":67,"featured_media":52862,"comment_status":"open","ping_status":"closed","sticky":false,"template":"","format":"standard","meta":{"_acf_changed":false,"footnotes":""},"categories":[185],"tags":[],"class_list":["post-52683","post","type-post","status-publish","format-standard","has-post-thumbnail","hentry","category-arbeitszeiterfassung-factorial"],"acf":{"topics":"time"},"yoast_head":"<!-- This site is optimized with the Yoast SEO Premium plugin v21.5 (Yoast SEO v21.9.1) - https:\/\/yoast.com\/wordpress\/plugins\/seo\/ -->\n<title>Arbeitszeitmodelle: Expertentipps zur erfolgreichen Umsetzung<\/title>\n<meta name=\"description\" content=\"Starre Arbeitszeitmodelle sind pass\u00e9. Entdecken Sie, wie Unternehmen mit Flexibilit\u00e4t &amp; Digitalisierung die Zukunft der Arbeit gestalten.\" \/>\n<meta name=\"robots\" content=\"index, follow, max-snippet:-1, max-image-preview:large, max-video-preview:-1\" \/>\n<link rel=\"canonical\" href=\"https:\/\/factorialhr.de\/blog\/interview-neue-arbeitszeitmodelle\/\" \/>\n<meta property=\"og:locale\" content=\"de_DE\" \/>\n<meta property=\"og:type\" content=\"article\" \/>\n<meta property=\"og:title\" content=\"Interview: Warum es das eine Arbeitszeitmodell f\u00fcr Unternehmen nicht mehr gibt\" \/>\n<meta property=\"og:description\" content=\"Starre Arbeitszeitmodelle sind pass\u00e9. Entdecken Sie, wie Unternehmen mit Flexibilit\u00e4t &amp; Digitalisierung die Zukunft der Arbeit gestalten.\" \/>\n<meta property=\"og:url\" content=\"https:\/\/factorialhr.de\/blog\/interview-neue-arbeitszeitmodelle\/\" \/>\n<meta property=\"og:site_name\" content=\"Factorial\" \/>\n<meta property=\"article:publisher\" content=\"https:\/\/www.facebook.com\/people\/Factorial\/100064908455810\/\" \/>\n<meta property=\"article:published_time\" content=\"2021-07-23T08:52:47+00:00\" \/>\n<meta property=\"article:modified_time\" content=\"2026-04-10T08:55:30+00:00\" \/>\n<meta property=\"og:image\" content=\"https:\/\/factorialhr.de\/wp-content\/uploads\/2021\/07\/27133027\/Arbeitszeitmodelle-im-Wandel.jpg\" \/>\n\t<meta property=\"og:image:width\" content=\"830\" \/>\n\t<meta property=\"og:image:height\" content=\"400\" \/>\n\t<meta property=\"og:image:type\" content=\"image\/jpeg\" \/>\n<meta name=\"author\" content=\"Nicole Steffgen\" \/>\n<meta name=\"twitter:card\" content=\"summary_large_image\" \/>\n<meta name=\"twitter:creator\" content=\"@factorialapp\" \/>\n<meta name=\"twitter:site\" content=\"@factorialapp\" \/>\n<meta name=\"twitter:label1\" content=\"Written by\" \/>\n\t<meta name=\"twitter:data1\" content=\"Nicole Steffgen\" \/>\n\t<meta name=\"twitter:label2\" content=\"Est. reading time\" \/>\n\t<meta name=\"twitter:data2\" content=\"9 Minuten\" \/>\n<script type=\"application\/ld+json\" class=\"yoast-schema-graph\">{\"@context\":\"https:\/\/schema.org\",\"@graph\":[{\"@type\":\"Article\",\"@id\":\"https:\/\/factorialhr.de\/blog\/interview-neue-arbeitszeitmodelle\/#article\",\"isPartOf\":{\"@id\":\"https:\/\/factorialhr.de\/blog\/interview-neue-arbeitszeitmodelle\/\"},\"author\":{\"name\":\"Nicole Steffgen\",\"@id\":\"https:\/\/factorialhr.de\/blog\/#\/schema\/person\/0abd3cb9bfc5e0cb4a7218be1cdaa7cc\"},\"headline\":\"Interview: Warum es das eine Arbeitszeitmodell f\u00fcr Unternehmen nicht mehr gibt\",\"datePublished\":\"2021-07-23T08:52:47+00:00\",\"dateModified\":\"2026-04-10T08:55:30+00:00\",\"mainEntityOfPage\":{\"@id\":\"https:\/\/factorialhr.de\/blog\/interview-neue-arbeitszeitmodelle\/\"},\"wordCount\":2013,\"commentCount\":0,\"publisher\":{\"@id\":\"https:\/\/factorialhr.de\/blog\/#organization\"},\"articleSection\":[\"Arbeitszeiterfassung\"],\"inLanguage\":\"de-DE\",\"potentialAction\":[{\"@type\":\"CommentAction\",\"name\":\"Comment\",\"target\":[\"https:\/\/factorialhr.de\/blog\/interview-neue-arbeitszeitmodelle\/#respond\"]}]},{\"@type\":\"WebPage\",\"@id\":\"https:\/\/factorialhr.de\/blog\/interview-neue-arbeitszeitmodelle\/\",\"url\":\"https:\/\/factorialhr.de\/blog\/interview-neue-arbeitszeitmodelle\/\",\"name\":\"Arbeitszeitmodelle: Expertentipps zur erfolgreichen Umsetzung\",\"isPartOf\":{\"@id\":\"https:\/\/factorialhr.de\/blog\/#website\"},\"datePublished\":\"2021-07-23T08:52:47+00:00\",\"dateModified\":\"2026-04-10T08:55:30+00:00\",\"description\":\"Starre Arbeitszeitmodelle sind pass\u00e9. Entdecken Sie, wie Unternehmen mit Flexibilit\u00e4t & Digitalisierung die Zukunft der Arbeit gestalten.\",\"inLanguage\":\"de-DE\",\"potentialAction\":[{\"@type\":\"ReadAction\",\"target\":[\"https:\/\/factorialhr.de\/blog\/interview-neue-arbeitszeitmodelle\/\"]}]},{\"@type\":\"WebSite\",\"@id\":\"https:\/\/factorialhr.de\/blog\/#website\",\"url\":\"https:\/\/factorialhr.de\/blog\/\",\"name\":\"Factorial\",\"description\":\"\",\"publisher\":{\"@id\":\"https:\/\/factorialhr.de\/blog\/#organization\"},\"potentialAction\":[{\"@type\":\"SearchAction\",\"target\":{\"@type\":\"EntryPoint\",\"urlTemplate\":\"https:\/\/factorialhr.de\/blog\/?s={search_term_string}\"},\"query-input\":\"required name=search_term_string\"}],\"inLanguage\":\"de-DE\"},{\"@type\":\"Organization\",\"@id\":\"https:\/\/factorialhr.de\/blog\/#organization\",\"name\":\"All-in-one business management software - Factorial\",\"url\":\"https:\/\/factorialhr.de\/blog\/\",\"logo\":{\"@type\":\"ImageObject\",\"inLanguage\":\"de-DE\",\"@id\":\"https:\/\/factorialhr.de\/blog\/#\/schema\/logo\/image\/\",\"url\":\"https:\/\/factorialhr.de\/wp-content\/uploads\/2023\/07\/18155144\/factorial-logo.png\",\"contentUrl\":\"https:\/\/factorialhr.de\/wp-content\/uploads\/2023\/07\/18155144\/factorial-logo.png\",\"width\":946,\"height\":880,\"caption\":\"All-in-one business management software - Factorial\"},\"image\":{\"@id\":\"https:\/\/factorialhr.de\/blog\/#\/schema\/logo\/image\/\"},\"sameAs\":[\"https:\/\/www.facebook.com\/people\/Factorial\/100064908455810\/\",\"https:\/\/twitter.com\/factorialapp\",\"https:\/\/www.linkedin.com\/company\/factorialhr\",\"https:\/\/www.youtube.com\/@factorialmedia\",\"https:\/\/www.instagram.com\/factorial\/#\"]},{\"@type\":\"Person\",\"@id\":\"https:\/\/factorialhr.de\/blog\/#\/schema\/person\/0abd3cb9bfc5e0cb4a7218be1cdaa7cc\",\"name\":\"Nicole Steffgen\",\"image\":{\"@type\":\"ImageObject\",\"inLanguage\":\"de-DE\",\"@id\":\"https:\/\/factorialhr.de\/blog\/#\/schema\/person\/image\/\",\"url\":\"https:\/\/secure.gravatar.com\/avatar\/c98c5adc8c5d099c342b866002a57339?s=96&d=identicon&r=g\",\"contentUrl\":\"https:\/\/secure.gravatar.com\/avatar\/c98c5adc8c5d099c342b866002a57339?s=96&d=identicon&r=g\",\"caption\":\"Nicole Steffgen\"},\"description\":\"Als Content Strategin mit fundierter Erfahrung im Markenaufbau und in digitaler Kommunikation entwickelt Nicole Steffgen wirkungsstarke Inhalte an der Schnittstelle von Unternehmenskultur, HR und strategischer Positionierung. Sie arbeitet analytisch, zielgruppenorientiert und markenbewusst \u2013 mit dem Fokus, Organisationen kommunikativ zu st\u00e4rken und im Markt differenziert sichtbar zu machen.\",\"sameAs\":[\"https:\/\/factorialhr.de\"],\"url\":\"https:\/\/factorialhr.de\/blog\/author\/nicole\/\"}]}<\/script>\n<!-- \/ Yoast SEO Premium plugin. -->","yoast_head_json":{"title":"Arbeitszeitmodelle: Expertentipps zur erfolgreichen Umsetzung","description":"Starre Arbeitszeitmodelle sind pass\u00e9. Entdecken Sie, wie Unternehmen mit Flexibilit\u00e4t & Digitalisierung die Zukunft der Arbeit gestalten.","robots":{"index":"index","follow":"follow","max-snippet":"max-snippet:-1","max-image-preview":"max-image-preview:large","max-video-preview":"max-video-preview:-1"},"canonical":"https:\/\/factorialhr.de\/blog\/interview-neue-arbeitszeitmodelle\/","og_locale":"de_DE","og_type":"article","og_title":"Interview: Warum es das eine Arbeitszeitmodell f\u00fcr Unternehmen nicht mehr gibt","og_description":"Starre Arbeitszeitmodelle sind pass\u00e9. Entdecken Sie, wie Unternehmen mit Flexibilit\u00e4t & Digitalisierung die Zukunft der Arbeit gestalten.","og_url":"https:\/\/factorialhr.de\/blog\/interview-neue-arbeitszeitmodelle\/","og_site_name":"Factorial","article_publisher":"https:\/\/www.facebook.com\/people\/Factorial\/100064908455810\/","article_published_time":"2021-07-23T08:52:47+00:00","article_modified_time":"2026-04-10T08:55:30+00:00","og_image":[{"width":830,"height":400,"url":"https:\/\/factorialhr.de\/wp-content\/uploads\/2021\/07\/27133027\/Arbeitszeitmodelle-im-Wandel.jpg","type":"image\/jpeg"}],"author":"Nicole Steffgen","twitter_card":"summary_large_image","twitter_creator":"@factorialapp","twitter_site":"@factorialapp","twitter_misc":{"Written by":"Nicole Steffgen","Est. reading time":"9 Minuten"},"schema":{"@context":"https:\/\/schema.org","@graph":[{"@type":"Article","@id":"https:\/\/factorialhr.de\/blog\/interview-neue-arbeitszeitmodelle\/#article","isPartOf":{"@id":"https:\/\/factorialhr.de\/blog\/interview-neue-arbeitszeitmodelle\/"},"author":{"name":"Nicole Steffgen","@id":"https:\/\/factorialhr.de\/blog\/#\/schema\/person\/0abd3cb9bfc5e0cb4a7218be1cdaa7cc"},"headline":"Interview: Warum es das eine Arbeitszeitmodell f\u00fcr Unternehmen nicht mehr gibt","datePublished":"2021-07-23T08:52:47+00:00","dateModified":"2026-04-10T08:55:30+00:00","mainEntityOfPage":{"@id":"https:\/\/factorialhr.de\/blog\/interview-neue-arbeitszeitmodelle\/"},"wordCount":2013,"commentCount":0,"publisher":{"@id":"https:\/\/factorialhr.de\/blog\/#organization"},"articleSection":["Arbeitszeiterfassung"],"inLanguage":"de-DE","potentialAction":[{"@type":"CommentAction","name":"Comment","target":["https:\/\/factorialhr.de\/blog\/interview-neue-arbeitszeitmodelle\/#respond"]}]},{"@type":"WebPage","@id":"https:\/\/factorialhr.de\/blog\/interview-neue-arbeitszeitmodelle\/","url":"https:\/\/factorialhr.de\/blog\/interview-neue-arbeitszeitmodelle\/","name":"Arbeitszeitmodelle: Expertentipps zur erfolgreichen Umsetzung","isPartOf":{"@id":"https:\/\/factorialhr.de\/blog\/#website"},"datePublished":"2021-07-23T08:52:47+00:00","dateModified":"2026-04-10T08:55:30+00:00","description":"Starre Arbeitszeitmodelle sind pass\u00e9. Entdecken Sie, wie Unternehmen mit Flexibilit\u00e4t & Digitalisierung die Zukunft der Arbeit gestalten.","inLanguage":"de-DE","potentialAction":[{"@type":"ReadAction","target":["https:\/\/factorialhr.de\/blog\/interview-neue-arbeitszeitmodelle\/"]}]},{"@type":"WebSite","@id":"https:\/\/factorialhr.de\/blog\/#website","url":"https:\/\/factorialhr.de\/blog\/","name":"Factorial","description":"","publisher":{"@id":"https:\/\/factorialhr.de\/blog\/#organization"},"potentialAction":[{"@type":"SearchAction","target":{"@type":"EntryPoint","urlTemplate":"https:\/\/factorialhr.de\/blog\/?s={search_term_string}"},"query-input":"required name=search_term_string"}],"inLanguage":"de-DE"},{"@type":"Organization","@id":"https:\/\/factorialhr.de\/blog\/#organization","name":"All-in-one business management software - Factorial","url":"https:\/\/factorialhr.de\/blog\/","logo":{"@type":"ImageObject","inLanguage":"de-DE","@id":"https:\/\/factorialhr.de\/blog\/#\/schema\/logo\/image\/","url":"https:\/\/factorialhr.de\/wp-content\/uploads\/2023\/07\/18155144\/factorial-logo.png","contentUrl":"https:\/\/factorialhr.de\/wp-content\/uploads\/2023\/07\/18155144\/factorial-logo.png","width":946,"height":880,"caption":"All-in-one business management software - Factorial"},"image":{"@id":"https:\/\/factorialhr.de\/blog\/#\/schema\/logo\/image\/"},"sameAs":["https:\/\/www.facebook.com\/people\/Factorial\/100064908455810\/","https:\/\/twitter.com\/factorialapp","https:\/\/www.linkedin.com\/company\/factorialhr","https:\/\/www.youtube.com\/@factorialmedia","https:\/\/www.instagram.com\/factorial\/#"]},{"@type":"Person","@id":"https:\/\/factorialhr.de\/blog\/#\/schema\/person\/0abd3cb9bfc5e0cb4a7218be1cdaa7cc","name":"Nicole Steffgen","image":{"@type":"ImageObject","inLanguage":"de-DE","@id":"https:\/\/factorialhr.de\/blog\/#\/schema\/person\/image\/","url":"https:\/\/secure.gravatar.com\/avatar\/c98c5adc8c5d099c342b866002a57339?s=96&d=identicon&r=g","contentUrl":"https:\/\/secure.gravatar.com\/avatar\/c98c5adc8c5d099c342b866002a57339?s=96&d=identicon&r=g","caption":"Nicole Steffgen"},"description":"Als Content Strategin mit fundierter Erfahrung im Markenaufbau und in digitaler Kommunikation entwickelt Nicole Steffgen wirkungsstarke Inhalte an der Schnittstelle von Unternehmenskultur, HR und strategischer Positionierung. Sie arbeitet analytisch, zielgruppenorientiert und markenbewusst \u2013 mit dem Fokus, Organisationen kommunikativ zu st\u00e4rken und im Markt differenziert sichtbar zu machen.","sameAs":["https:\/\/factorialhr.de"],"url":"https:\/\/factorialhr.de\/blog\/author\/nicole\/"}]}},"_links":{"self":[{"href":"https:\/\/factorialhr.de\/blog\/wp-json\/wp\/v2\/posts\/52683"}],"collection":[{"href":"https:\/\/factorialhr.de\/blog\/wp-json\/wp\/v2\/posts"}],"about":[{"href":"https:\/\/factorialhr.de\/blog\/wp-json\/wp\/v2\/types\/post"}],"author":[{"embeddable":true,"href":"https:\/\/factorialhr.de\/blog\/wp-json\/wp\/v2\/users\/67"}],"replies":[{"embeddable":true,"href":"https:\/\/factorialhr.de\/blog\/wp-json\/wp\/v2\/comments?post=52683"}],"version-history":[{"count":30,"href":"https:\/\/factorialhr.de\/blog\/wp-json\/wp\/v2\/posts\/52683\/revisions"}],"predecessor-version":[{"id":186237,"href":"https:\/\/factorialhr.de\/blog\/wp-json\/wp\/v2\/posts\/52683\/revisions\/186237"}],"wp:featuredmedia":[{"embeddable":true,"href":"https:\/\/factorialhr.de\/blog\/wp-json\/wp\/v2\/media\/52862"}],"wp:attachment":[{"href":"https:\/\/factorialhr.de\/blog\/wp-json\/wp\/v2\/media?parent=52683"}],"wp:term":[{"taxonomy":"category","embeddable":true,"href":"https:\/\/factorialhr.de\/blog\/wp-json\/wp\/v2\/categories?post=52683"},{"taxonomy":"post_tag","embeddable":true,"href":"https:\/\/factorialhr.de\/blog\/wp-json\/wp\/v2\/tags?post=52683"}],"curies":[{"name":"wp","href":"https:\/\/api.w.org\/{rel}","templated":true}]}}