{"id":90736,"date":"2025-10-08T10:33:10","date_gmt":"2025-10-08T08:33:10","guid":{"rendered":"https:\/\/factorialhr.com\/blog\/?p=90736"},"modified":"2025-10-08T11:18:01","modified_gmt":"2025-10-08T09:18:01","slug":"rufbereitschaft","status":"publish","type":"post","link":"https:\/\/factorialhr.de\/blog\/rufbereitschaft\/","title":{"rendered":"Rufbereitschaft: Verg\u00fctung, Arbeitsrecht und Arbeitszeiten"},"content":{"rendered":"<p><span style=\"font-weight: 400;\">Was w\u00fcrde die Gesellschaft ohne sie machen? Menschen, die auch nachts, am Wochenende oder <\/span><a href=\"https:\/\/factorialhr.de\/blog\/arbeiten-am-feiertag\/\"><span style=\"font-weight: 400;\">an Feiertagen arbeiten<\/span><\/a><span style=\"font-weight: 400;\">. Techniker*innen, Angestellte im Gesundheitswesen oder auch Feuerwehrleute.<\/span><\/p>\n<p><span style=\"font-weight: 400;\">Nicht selten erfordern es diese Berufe, auf Anordnung des Arbeitgebers au\u00dferhalb der regul\u00e4ren Arbeitszeit die Arbeit aufzunehmen \u2013 die sogenannte <\/span><b>Rufbereitschaft<\/b><b>.\u00a0<\/b><\/p>\n<p><span style=\"font-weight: 400;\">Was Arbeitgeber bzgl. Regelungen und Abgrenzungen zu anderen Formen von Bereitschaftsdiensten wissen m\u00fcssen, erfahren Sie in diesem Blogartikel.<\/span><\/p>\n<h2><span style=\"font-weight: 400;\">Das Wichtigste zur Rufbereitschaft<\/span><\/h2>\n<ol>\n<li style=\"font-weight: 400;\" aria-level=\"1\"><b>Z\u00e4hlt Rufbereitschaft als Arbeitszeit?<\/b><b><br \/>\n<\/b><span style=\"font-weight: 400;\">Nur, wenn die Freizeit <\/span><b>erheblich eingeschr\u00e4nkt<\/b><span style=\"font-weight: 400;\"> ist \u2013 etwa durch sehr kurze Reaktionszeiten oder feste Aufenthaltsvorgaben. Ansonsten z\u00e4hlt nur der <\/span><b>tats\u00e4chliche Einsatz (inkl. Wegezeit nach TV\u00f6D)<\/b><span style=\"font-weight: 400;\"> als Arbeitszeit. Im Einzelfall entscheidet das nationale Gericht.<\/span><\/li>\n<li style=\"font-weight: 400;\" aria-level=\"1\"><b>Rechtlicher Rahmen:<\/b><b><br \/>\n<\/b><span style=\"font-weight: 400;\">Eine feste Minuten-Grenze gibt es laut EuGH nicht. Ma\u00dfgeblich ist der Grad der Freizeiteinschr\u00e4nkung. Au\u00dferdem muss die <\/span><b>gesetzliche H\u00f6chstarbeitszeit <\/b><span style=\"font-weight: 400;\">von durchschnittlich 48 Std. pro Woche eingehalten werden(\u00a7 3 ArbZG). Dabei sind Ersatzruhetag innerhalb von 2 Wochen vorgeschrieben (\u00a7 11 ArbZG).<\/span><\/li>\n<\/ol>\n<div class=\"factorial-banner inline-banner banner-other category-arbeitszeiterfassung\"\n    data-banner-id=\"167267\"\n    data-banner-type=\"other\"\n    data-category=\"Arbeitszeiterfassung\">\n    <div class=\"banner-content\">\n        <div class=\"banner-text\">\n                            <h4>Report 2025: Kostenoptimierung vs. Mitarbeiterwohl<\/h4>\n            \n                            <p>Was kostet mehr: Ausgaben oder Burnout? \r\nAktuelle Semrush-Insights decken auf, welche Risiken Unternehmen auf Kosten Ihrer Mitarbeitenden eingehen.<\/p>\n            \n                            <a href=\"https:\/\/factorialhr.de\/kostenoptimierung-mitarbeiterwohlbefinden-report\"\n                    class=\"factorial-cta-button not-prose freebie\" data-cta=\"other\" data-cta-position=\"inline-banner\">\n                    Kostenlos herunterladen                <\/a>\n                    <\/div>\n\n        <div class=\"banner-image has-image\">\n            <img decoding=\"async\" src=\"https:\/\/factorialhr.com\/wp-content\/uploads\/2025\/09\/03121937\/webp-18.webp\" class=\"not-prose\" \/>\n        <\/div>\n    <\/div>\n<\/div>\n<h2><b>Rufbereitschaft: Definition und Abgrenzung<\/b><\/h2>\n<p><span style=\"font-weight: 400;\">Die <\/span><b>Rufbereitschaft<\/b><span style=\"font-weight: 400;\"> (oder auch der <\/span><b>Rufdienst<\/b><span style=\"font-weight: 400;\"> genannt) ist eine Form des Bereitschaftsdienstes, bei dem die Arbeitnehmenden verpflichtet sind, au\u00dferhalb der <\/span><a href=\"https:\/\/factorialhr.de\/blog\/arbeitszeiterfassung\/\"><span style=\"font-weight: 400;\">regul\u00e4ren Arbeitszeit<\/span><\/a><span style=\"font-weight: 400;\"> f\u00fcr den Arbeitgeber zur Verf\u00fcgung zu stehen.<\/span><\/p>\n<p><span style=\"font-weight: 400;\">Der Rufdienst findet meistens in den <\/span><a href=\"https:\/\/factorialhr.de\/blog\/nachtzuschlag\/\"><span style=\"font-weight: 400;\">Nachtstunden<\/span><\/a><span style=\"font-weight: 400;\"> oder auch <\/span><a href=\"https:\/\/factorialhr.de\/blog\/wochenarbeitszeit\/\"><span style=\"font-weight: 400;\">am Wochenende<\/span><\/a><span style=\"font-weight: 400;\"> Anwendung. Dabei ist oft essenziell, dass die Arbeitsstelle schnell erreicht wird.\u00a0<\/span><\/p>\n<p><span style=\"font-weight: 400;\">Hinweis: Das Arbeitsrecht gibt hier <\/span><b>keine gesetzliche Minuten\u2011Grenze <\/b><span style=\"font-weight: 400;\">vor. Ob Rufbereitschaft als Arbeits\u2011 oder Ruhezeit z\u00e4hlt, h\u00e4ngt von den <\/span><b>objektiven Einschr\u00e4nkungen<\/b><span style=\"font-weight: 400;\"> ab \u2013 beispielsweise einer sehr kurzen Reaktionszeit. Bei extrem engen Vorgaben kann die gesamte Rufbereitschaft als Arbeitszeit z\u00e4hlen \u2013 ob dies zutrifft, entscheidet im Einzelfall das Gericht (z. B. <\/span><a href=\"https:\/\/nrwe.justiz.nrw.de\/ovgs\/ovg_nrw\/j2024\/6_A_856_23_Urteil_20240930.html\" target=\"_blank\" rel=\"noopener\"><span style=\"font-weight: 400;\">OVG NRW 30.09.2024<\/span><\/a><span style=\"font-weight: 400;\">).<\/span><\/p>\n<p><span style=\"font-weight: 400;\">Der Aufenthaltsort w\u00e4hrend der <\/span><span style=\"font-weight: 400;\">Rufbereitschaft<\/span><span style=\"font-weight: 400;\"> kann \u00fcblicherweise vom Arbeitnehmenden selbst bestimmt werden. Das bedeutet auch, dass es Besch\u00e4ftigten erlaubt ist, die Zeit w\u00e4hrend des Rufdienstes frei zu gestalten.<\/span><\/p>\n<p><span style=\"font-weight: 400;\">Eine Ausnahme besteht:<\/span><\/p>\n<ul>\n<li style=\"font-weight: 400;\" aria-level=\"1\"><span style=\"font-weight: 400;\">Angestellte, die sich in dieser Besch\u00e4ftigungsform befinden, d\u00fcrfen keine Drogen oder Alkohol zu sich nehmen.<\/span><\/li>\n<li style=\"font-weight: 400;\" aria-level=\"1\"><span style=\"font-weight: 400;\">Sie m\u00fcssen bei Bedarf voll einsatzf\u00e4hig sein, was durch den Konsum von Alkohol oder Drogen ausgeschlossen w\u00e4re.<\/span><\/li>\n<\/ul>\n<p><b>Achtung:<\/b><span style=\"font-weight: 400;\"> Rufbereitschaft ist <\/span><b>nicht per Gesetz<\/b><span style=\"font-weight: 400;\"> als Ruhezeit festgelegt. Nach EuGH\u2011Rechtsprechung gilt sie <\/span><b>grunds\u00e4tzlich<\/b><span style=\"font-weight: 400;\"> als Ruhezeit <\/span><b>nur<\/b><span style=\"font-weight: 400;\">, wenn die Freizeitgestaltung <\/span><b>nicht erheblich<\/b><span style=\"font-weight: 400;\"> eingeschr\u00e4nkt ist \u2013 sonst ist sie <\/span><b>Arbeitszeit<\/b><span style=\"font-weight: 400;\">.\u00a0<\/span><\/p>\n<p><span style=\"font-weight: 400;\">Umso wichtiger, in diesen F\u00e4llen die gearbeitete Zeit genau festzuhalten. Mit einer <\/span><a href=\"https:\/\/factorialhr.de\/zeiterfassung-mitarbeiter\"><span style=\"font-weight: 400;\">Zeiterfassung-App<\/span><\/a><span style=\"font-weight: 400;\"> sollte das allerdings auch von unterwegs aus kein Problem sein.\u00a0<\/span><\/p>\n<p><span style=\"font-weight: 400;\">Genau das brauchen Sie? Dann ist Factorial Ihre L\u00f6sung.<\/span><\/p>\n<div class=\"factorial-banner inline-banner banner-demo category-arbeitszeiterfassung\"\n    data-banner-id=\"164142\"\n    data-banner-type=\"demo\"\n    data-category=\"Arbeitszeiterfassung\">\n    <div class=\"banner-content\">\n        <div class=\"banner-text\">\n                            <h4>Die Business Management Software f\u00fcr Ihre Bed\u00fcrfnisse<\/h4>\n            \n                            <ul class=\"banner-checklist\">\n                                                                        <li class=\"not-prose\">Recruiting &amp; Onboarding<\/li>\n                                                                                                <li class=\"not-prose\">Unternehmenseinblicke &amp; Dokumente<\/li>\n                                                                                                <li class=\"not-prose\">Finanzen &amp; Gehaltsabrechnung<\/li>\n                                                            <\/ul>\n            \n                            <a href=\"https:\/\/factorialhr.de\/eine-demo\"\n                    class=\"factorial-cta-button not-prose demo btn-brand\" data-cta=\"demo\" data-cta-position=\"inline-banner\">\n                    Kostenlos starten                <\/a>\n                    <\/div>\n\n        <div class=\"banner-image has-image\">\n            <img decoding=\"async\" src=\"https:\/\/factorialhr.com\/wp-content\/uploads\/2025\/07\/16134223\/screens-1-1.png\" class=\"not-prose\" \/>\n        <\/div>\n    <\/div>\n<\/div>\n<h2><b>Rufbereitschaft und Bereitschaftsdienst<\/b><\/h2>\n<p><span style=\"font-weight: 400;\">Im Gegensatz zur <\/span><span style=\"font-weight: 400;\">Rufbereitschaft<\/span><span style=\"font-weight: 400;\"> kann der <\/span><b>Aufenthaltsort w\u00e4hrend des Bereitschaftsdienstes nicht frei gew\u00e4hlt<\/b><span style=\"font-weight: 400;\"> werden.<\/span><\/p>\n<p><span style=\"font-weight: 400;\">Was bedeutet das nun genau?<\/span><\/p>\n<ul>\n<li style=\"font-weight: 400;\" aria-level=\"1\"><span style=\"font-weight: 400;\">Das hei\u00dft, dass sich der oder die Besch\u00e4ftigte direkt am Arbeitsort aufh\u00e4lt, um auf Abruf au\u00dferhalb der regelm\u00e4\u00dfigen Arbeitszeit sofort einsatzbereit zu sein.<\/span><\/li>\n<li style=\"font-weight: 400;\" aria-level=\"1\"><span style=\"font-weight: 400;\">Der Arbeitgeber entscheidet dabei \u00fcber den Aufenthaltsort.\u00a0<\/span><\/li>\n<\/ul>\n<p><span style=\"font-weight: 400;\">Typisches Beispiel f\u00fcr den Bereitschaftsdienst ist eine \u00c4rztin, die sich \u00fcber Nacht f\u00fcr einen eventuellen Notfall im Krankenhaus aufhalten muss.<\/span><\/p>\n<ul>\n<li style=\"font-weight: 400;\" aria-level=\"1\"><span style=\"font-weight: 400;\">Der Bereitschaftsdienst z\u00e4hlt als Vollarbeit und wird analog der regul\u00e4ren Arbeit in vollem Umfang verg\u00fctet.<\/span><\/li>\n<li style=\"font-weight: 400;\" aria-level=\"1\"><span style=\"font-weight: 400;\">Wenn Arbeitnehmende Rufbereitschaft aus\u00fcben, werden sie weniger stark belastet als im Falle des Bereitschaftsdienstes oder einer Arbeitsbereitschaft.<\/span><\/li>\n<\/ul>\n<h2><b>Abgrenzung zur Arbeitsbereitschaft<\/b><\/h2>\n<p><span style=\"font-weight: 400;\">Gleich wie beim Bereitschaftsdienst befinden sich die Arbeitnehmenden bei der Arbeitsbereitschaft am Arbeitsort. Der Unterschied besteht hier darin, dass sich die Arbeitsbereitschaft auf die Zeiten w\u00e4hrend der Arbeitszeit bezieht. Sie ist definiert als \u201ewache Aufmerksamkeit im Zustand der Entspannung\u201c.<\/span><\/p>\n<p><span style=\"font-weight: 400;\">Typisches Beispiel in diesem Fall ist die Wartezeit einer Taxifahrerin zwischen zwei Kunden. Auch die Arbeitsbereitschaft z\u00e4hlt grunds\u00e4tzlich also als volle Arbeitszeit.<\/span><\/p>\n<h2><span style=\"font-weight: 400;\">Beispiele<\/span><\/h2>\n<h3><span style=\"font-weight: 400;\">Rufbereitschaft und Arbeitszeit<\/span><\/h3>\n<p><i><span style=\"font-weight: 400;\">Eine Krankenschwester arbeitet in einem kleinen Krankenhaus auf dem Land. Selten kommt es hier zu Eins\u00e4tzen. Daher ist in ihrem Vertrag festgelegt, dass sie im Rotationsprinzip an einigen Wochenenden und in der Nacht <\/span><\/i><i><span style=\"font-weight: 400;\">Rufbereitschaft<\/span><\/i><i><span style=\"font-weight: 400;\"> hat. Diesmal hat sie von Freitagnachmittag bis Samstag fr\u00fch Bereitschaft.\u00a0<\/span><\/i><\/p>\n<p><i><span style=\"font-weight: 400;\">In dieser Zeit erh\u00e4lt sie einen Anruf ihres Arbeitgebers. Eine Not-OP muss durchgef\u00fchrt werden. Sie f\u00e4hrt zum Krankenhaus und arbeitet dort f\u00fcr 2 Stunden. Dann f\u00e4hrt sie wieder nach Hause. Im weiteren Verlauf bis Samstag fr\u00fch erh\u00e4lt sie keine weitere Arbeitsaufforderung.<\/span><\/i><\/p>\n<p><span style=\"font-weight: 400;\">Nur die 2 Stunden tats\u00e4chlich geleisteter Arbeit im Krankenhaus z\u00e4hlen in diesem Fall als <\/span><a href=\"https:\/\/factorialhr.de\/blog\/arbeitszeiterfassung\/\"><span style=\"font-weight: 400;\">Arbeitszeit<\/span><\/a><span style=\"font-weight: 400;\">. Das ist im Sinne des Arbeitszeitgesetzes so festgelegt. Dort wird die <\/span><span style=\"font-weight: 400;\">Rufbereitschaft<\/span><span style=\"font-weight: 400;\"> als Ruhezeit festgelegt (<\/span><a href=\"https:\/\/www.gesetze-im-internet.de\/arbzg\/__5.html#:~:text=(3)%20Abweichend%20von%20Absatz%201,zu%20anderen%20Zeiten%20ausgeglichen%20werden.\" target=\"_blank\" rel=\"noopener\"><span style=\"font-weight: 400;\">\u00a7 5 Abs. 3. ArbZG<\/span><\/a><span style=\"font-weight: 400;\">).\u00a0<\/span><\/p>\n<p><span style=\"font-weight: 400;\">Achtung: Diese Regelung wirft jedoch nicht selten Probleme auf, zu welchem Zeitpunkt die Arbeitszeit beginnt.\u00a0<\/span><\/p>\n<p><a href=\"https:\/\/factorialhr.de\/zeiterfassung-mitarbeiter\"><span style=\"font-weight: 400;\">\ud83d\udc49 Passen Sie Richtlinien zur Zeitsteuerung an Ihre Bed\u00fcrfnisse an. Mit Factorial.<\/span><\/a><\/p>\n<h3><b>EuGH-Urteil<\/b><\/h3>\n<p><span style=\"font-weight: 400;\">Eine Klage eines deutschen Feuerwehrmanns gelangte im Jahr 2021 als Vorlageverfahren bis zum Europ\u00e4ischen Gerichtshof. Im zugrunde liegenden Sachverhalt ging es darum, dass der Feuerwehrmann w\u00e4hrend der zu verrichtenden <\/span><span style=\"font-weight: 400;\">Rufbereitschaft<\/span><span style=\"font-weight: 400;\"> innerhalb von 20 Minuten in voller Dienstkleidung und mit Einsatzfahrzeug die Stadtgrenze erreichen sollte.<\/span><\/p>\n<p><span style=\"font-weight: 400;\">Aufgrund der knappen Zeitspanne und der erheblichen Einschr\u00e4nkungen seiner Freizeitm\u00f6glichkeiten forderte der Feuerwehrmann, die Zeit der Bereitschaft als Arbeitszeit anzuerkennen. Das EuGH-Urteil gab ihm unter Ber\u00fccksichtigung einiger weiterer Faktoren grunds\u00e4tzlich recht.\u00a0<\/span><\/p>\n<p><span style=\"font-weight: 400;\">Laut dem EuGH-Urteil stellt besonders die knapp bemessene Zeitspanne von 20 Minuten, um in Kombination mit Einsatzfahrzeug und Dienstausr\u00fcstung am Arbeitsort zu erscheinen, eine zu gro\u00dfe Einschr\u00e4nkung in die Freizeitm\u00f6glichkeiten des Besch\u00e4ftigten dar. Daher legte das EuGH-Urteil nahe, die <\/span><span style=\"font-weight: 400;\">Rufbereitschaft<\/span><span style=\"font-weight: 400;\"> des Feuerwehrmannes als Arbeitszeit zu betrachten.<\/span><\/p>\n<p><span style=\"font-weight: 400;\">Konkret besagt das <\/span><a href=\"https:\/\/curia.europa.eu\/jcms\/upload\/docs\/application\/pdf\/2021-03\/cp210035de.pdf\" target=\"_blank\" rel=\"noopener\"><span style=\"font-weight: 400;\">Urteil des EuGH<\/span><\/a><span style=\"font-weight: 400;\">:<\/span><\/p>\n<p><span style=\"font-weight: 400;\">\u201e<\/span><i><span style=\"font-weight: 400;\">Eine Bereitschaftszeit in Form von <\/span><\/i><i><span style=\"font-weight: 400;\">Rufbereitschaft<\/span><\/i><i><span style=\"font-weight: 400;\"> stellt nur dann in vollem Umfang Arbeitszeit dar, wenn die dem Arbeitnehmer auferlegten Einschr\u00e4nkungen seine M\u00f6glichkeit, w\u00e4hrend dieser Zeit seine Freizeit zu gestalten, ganz erheblich beeintr\u00e4chtigen<\/span><\/i><span style=\"font-weight: 400;\">\u201c.<\/span><\/p>\n<h3><b>Deutsches Gesetz<\/b><\/h3>\n<p><span style=\"font-weight: 400;\">Das deutsche Gesetz kennt bislang keine gesetzlichen Regelungen f\u00fcr eine ad\u00e4quate Zeit zwischen Alarmierung und Einfinden am Arbeitsplatz im Zusammenhang mit einer <\/span><span style=\"font-weight: 400;\">Rufbereitschaft<\/span><span style=\"font-weight: 400;\">.<\/span><\/p>\n<ul>\n<li style=\"font-weight: 400;\" aria-level=\"1\"><span style=\"font-weight: 400;\">Der EuGH nennt <\/span><b>keine feste Reaktionszeit<\/b><span style=\"font-weight: 400;\">. Praxisleitf\u00e4den diskutieren Zeitvorgaben (30-45\u202fMin.) lediglich als <\/span><b>Orientierungswerte<\/b><span style=\"font-weight: 400;\">, nicht als Rechtssatz.\u00a0<\/span><\/li>\n<li style=\"font-weight: 400;\" aria-level=\"1\"><span style=\"font-weight: 400;\">Entscheidend ist letzten Endes der individuelle Gesamtkontext, der Faktoren wie Entfernung, Ausr\u00fcstung und Einsatzh\u00e4ufigkeit ber\u00fccksichtigen muss.<\/span><\/li>\n<li style=\"font-weight: 400;\" aria-level=\"1\"><span style=\"font-weight: 400;\">Das Urteil im Einzelfall liegt bei den nationalen Gerichten. Eine pauschale Regelung ist wegen der Vielzahl an unterschiedlichen Ausgestaltungen der Bereitschaft nicht m\u00f6glich.\u00a0<\/span><\/li>\n<\/ul>\n<p><span style=\"font-weight: 400;\">Unklar ist das Gesetz dar\u00fcber hinaus auch bei der H\u00e4ufigkeit der erlaubten <\/span><span style=\"font-weight: 400;\">Rufbereitschaft<\/span><span style=\"font-weight: 400;\">. Es liegt also vor allem beim Arbeitgeber, ein System hierf\u00fcr zu entwickeln. Ein h\u00e4ufig angewandtes Prinzip ist das <\/span><b>Rotationsprinzip.<\/b><span style=\"font-weight: 400;\"> Bei diesem wird sichergestellt, dass alle Besch\u00e4ftigten gleicherma\u00dfen immer mal wieder in <\/span><span style=\"font-weight: 400;\">Rufbereitschaft<\/span><span style=\"font-weight: 400;\"> sind \u2013 ein faires System also.<\/span><\/p>\n<p><b>Tipp:<\/b><span style=\"font-weight: 400;\"> Sprechen Sie mit Ihren Mitarbeitenden und \u00fcberlegen Sie sich ggf. gemeinsam, welches das beste und fairste System f\u00fcr alle ist. Ber\u00fccksichtigen Sie auch die jeweilige individuelle Lage, wie beispielsweise ein weit entfernter Wohnort, zu betreuende Kinder oder andere Angeh\u00f6rige.<\/span><\/p>\n<p><span style=\"font-weight: 400;\"><div class=\"factorial-banner inline-banner banner-other category-arbeitszeiterfassung\"\n    data-banner-id=\"164433\"\n    data-banner-type=\"other\"\n    data-category=\"Arbeitszeiterfassung\">\n    <div class=\"banner-content\">\n        <div class=\"banner-text\">\n                            <h4>Fragebogen: Wie zufrieden sind Ihre Mitarbeitenden?<\/h4>\n            \n                            <p>Arbeitsmotivation und Mitarbeiterzufriedenheit spielen eng zusammen. Ermitteln Sie mit unserem Fragebogen das Zufriedenheitslevel Ihres Teams!<\/p>\n            \n                            <a href=\"https:\/\/factorialhr.de\/vorlagen\/checkliste-sind-ihre-mitarbeiter-innen-zufrieden\"\n                    class=\"factorial-cta-button not-prose freebie\" data-cta=\"other\" data-cta-position=\"inline-banner\">\n                    Kostenlos herunterladen                <\/a>\n                    <\/div>\n\n        <div class=\"banner-image no-image\">\n            <img decoding=\"async\" src=\"https:\/\/factorialhr.de\/blog\/app\/plugins\/factorial-utilities\/assets\/images\/banners\/inline\/backgrounds\/default_image.svg\" class=\"not-prose\" \/>\n        <\/div>\n    <\/div>\n<\/div><\/span><\/p>\n<h2><span style=\"font-weight: 400;\">Abweichungen und weitere Regelungen zur Rufbereitschaft<\/span><\/h2>\n<p><span style=\"font-weight: 400;\">Regelungen zur Arbeitszeit k\u00f6nnen von den zuvor genannten allgemeinen Regelungen abweichen. Diese sind dann in individuellen <\/span><a href=\"https:\/\/factorialhr.de\/blog\/arbeitsvertrag\/\"><span style=\"font-weight: 400;\">Arbeitsvertr\u00e4gen<\/span><\/a><span style=\"font-weight: 400;\">, <\/span><a href=\"https:\/\/factorialhr.de\/blog\/betriebsvereinbarung\/\"><span style=\"font-weight: 400;\">Betriebsvereinbarungen<\/span><\/a><span style=\"font-weight: 400;\"> oder <\/span><a href=\"https:\/\/factorialhr.de\/blog\/tarifvertrag\/\"><span style=\"font-weight: 400;\">Tarifvertr\u00e4gen<\/span><\/a><span style=\"font-weight: 400;\"> festgelegt.\u00a0<\/span><\/p>\n<p><b>Achtung: <\/b><span style=\"font-weight: 400;\">Organisatorische Schwierigkeiten, zum Beispiel, ob der Arbeitnehmende das Gebiet seiner Bereitschaft verlassen kann oder nicht, sind f\u00fcr die Beurteilung, ob es sich um Arbeitszeit handelt, unerheblich. Der EuGH ber\u00fccksichtigt nur Einschr\u00e4nkungen, die der Mitarbeitende z. B. durch einen Tarifvertrag hat.\u00a0<\/span><\/p>\n<h3><b>Welchen gesetzlichen Regelungen unterliegen die Arbeitszeitregelungen bei Rufbereitschaft?<\/b><\/h3>\n<p><span style=\"font-weight: 400;\">Auch wenn die <\/span><span style=\"font-weight: 400;\">Rufbereitschaft<\/span><span style=\"font-weight: 400;\"> nicht unter die Arbeitszeit f\u00e4llt, darf die <\/span><a href=\"https:\/\/factorialhr.de\/blog\/personalabteilung-aufgaben\/\"><span style=\"font-weight: 400;\">Personalabteilung<\/span><\/a><span style=\"font-weight: 400;\"> diese nicht endlos anordnen. Wird in Bereitschaft gearbeitet, gelten folgende rechtliche Regelungen:<\/span><\/p>\n<ul>\n<li style=\"font-weight: 400;\" aria-level=\"1\"><span style=\"font-weight: 400;\">Eine Ruhezeit von 11 Stunden nach einem Rufdienst muss gew\u00e4hrleistet sein.<\/span><\/li>\n<li style=\"font-weight: 400;\" aria-level=\"1\"><a href=\"https:\/\/factorialhr.de\/blog\/arbeiten-am-feiertag\/\"><span style=\"font-weight: 400;\">Sonn- und Feiertagsruhe<\/span><\/a><span style=\"font-weight: 400;\"> ist zu ber\u00fccksichtigen. Besch\u00e4ftigten stehen mindestens 15 freie Sonntage im Jahr zu, an denen keine <\/span><span style=\"font-weight: 400;\">Rufbereitschaft<\/span><span style=\"font-weight: 400;\"> geleistet werden muss.<\/span><\/li>\n<li style=\"font-weight: 400;\" aria-level=\"1\"><span style=\"font-weight: 400;\">Erstreckt sich der Rufdienst \u00fcber ein komplettes Wochenende, muss die zust\u00e4ndige Personalabteilung sicherstellen, dass \u00fcber einen Zeitraum von 2 Wochen gen\u00fcgend Regenerationszeit zur Verf\u00fcgung steht.<\/span><\/li>\n<li style=\"font-weight: 400;\" aria-level=\"1\"><span style=\"font-weight: 400;\">Die t\u00e4gliche H\u00f6chstarbeitszeit betr\u00e4gt grunds\u00e4tzlich 8 Stunden. Sie kann vor\u00fcbergehend auf bis zu 10 Stunden verl\u00e4ngert werden, wenn innerhalb von sechs Kalendermonaten oder 24 Wochen im Durchschnitt 8 Stunden werkt\u00e4glich nicht \u00fcberschritten werden. Au\u00dferdem ist bei Sonntagsarbeit ein Ersatzruhetag zu gew\u00e4hrleisten. <\/span><a href=\"https:\/\/factorialhr.de\/blog\/arbeiten-am-feiertag\/\"><span style=\"font-weight: 400;\">Mehr dazu erfahren Sie hier.<\/span><\/a><span style=\"font-weight: 400;\">\u00a0<\/span><\/li>\n<\/ul>\n<p><span style=\"font-weight: 400;\">Als Arbeitgeber sollten Sie diese Regelungen durch entsprechende Erfassung der Arbeitszeiten, etwa mit einer <\/span><a href=\"https:\/\/factorialhr.de\/zeiterfassung-mitarbeiter\"><span style=\"font-weight: 400;\">Software f\u00fcr Zeiterfassung<\/span><\/a><span style=\"font-weight: 400;\">, im Blick behalten.<\/span><\/p>\n<p><a href=\"https:\/\/factorialhr.de\/zeiterfassung-mitarbeiter\"><img decoding=\"async\" class=\"alignnone size-full wp-image-168630\" src=\"https:\/\/factorialhr.de\/wp-content\/uploads\/2025\/09\/15170935\/time-tracking-app-product-screen-1.webp\" alt=\"time tracking app product screen\" width=\"1800\" height=\"1144\" srcset=\"https:\/\/factorialhr.de\/wp-content\/uploads\/2025\/09\/15170935\/time-tracking-app-product-screen-1.webp 1800w, https:\/\/factorialhr.de\/wp-content\/uploads\/2025\/09\/15170935\/time-tracking-app-product-screen-1-300x191.webp 300w, https:\/\/factorialhr.de\/wp-content\/uploads\/2025\/09\/15170935\/time-tracking-app-product-screen-1-1024x651.webp 1024w, https:\/\/factorialhr.de\/wp-content\/uploads\/2025\/09\/15170935\/time-tracking-app-product-screen-1-768x488.webp 768w, https:\/\/factorialhr.de\/wp-content\/uploads\/2025\/09\/15170935\/time-tracking-app-product-screen-1-1536x976.webp 1536w\" sizes=\"(max-width: 1800px) 100vw, 1800px\" \/><\/a><\/p>\n<h2><b>K\u00f6nnen Ihre Besch\u00e4ftigten die Rufbereitschaft ablehnen?<\/b><\/h2>\n<p><span style=\"font-weight: 400;\">Die <\/span><span style=\"font-weight: 400;\">Rufbereitschaft<\/span><span style=\"font-weight: 400;\"> ist im individuellen Arbeitsvertrag, in einem Tarifvertrag oder einer Betriebsvereinbarung festgelegt. Da die Besch\u00e4ftigten bei Zustimmung dieser Vertr\u00e4ge wissen, worauf sie sich einlassen, k\u00f6nnen sie diese nicht ablehnen. Sie sind daher verpflichtet, Arbeit im Rahmen der<\/span><span style=\"font-weight: 400;\"> Rufbereitschaft<\/span><span style=\"font-weight: 400;\"> zu leisten.<\/span><\/p>\n<h3><b>Was passiert im Falle einer Ablehnung?<\/b><\/h3>\n<p><span style=\"font-weight: 400;\">Weigern sich Ihre Besch\u00e4ftigten einen im Vertrag festgelegten Rufdienst zu leisten, m\u00fcssen sie mit einer <\/span><a href=\"https:\/\/factorialhr.de\/blog\/abmahnung-frist\/\"><span style=\"font-weight: 400;\">Abmahnung<\/span><\/a><span style=\"font-weight: 400;\">, bei Wiederholung sogar mit <\/span><a href=\"https:\/\/factorialhr.de\/blog\/verhaltensbedingte-kuendigung\/\"><span style=\"font-weight: 400;\">K\u00fcndigung<\/span><\/a><span style=\"font-weight: 400;\"> rechnen.<\/span><\/p>\n<h3><b>Attest zur Befreiung von der Rufbereitschaft \u2013 wirksam?<\/b><\/h3>\n<p><span style=\"font-weight: 400;\">Ein \u00e4rztliches Attest allein f\u00fchrt nicht automatisch zu einer generellen Befreiung von Rufbereitschaft. Entscheidend ist, ob durch die Rufbereitschaft konkret gegen \u00e4rztliche Verbote, vertragliche Arbeitszeitvereinbarungen oder gesetzliche H\u00f6chst-\/Ruhezeiten versto\u00dfen w\u00fcrde, beispielsweise bei <\/span><a href=\"https:\/\/factorialhr.de\/blog\/mehrarbeit\/\"><span style=\"font-weight: 400;\">Mehrarbeit<\/span><\/a><span style=\"font-weight: 400;\">.<\/span><\/p>\n<ul>\n<li style=\"font-weight: 400;\" aria-level=\"1\"><span style=\"font-weight: 400;\">F\u00e4llt der Rufdienst innerhalb der regul\u00e4r vertraglich vereinbarten zu leistenden Anzahl an Arbeitsstunden, ist eine Befreiung also nicht m\u00f6glich.\u00a0<\/span><\/li>\n<li style=\"font-weight: 400;\" aria-level=\"1\"><span style=\"font-weight: 400;\">Auch ein <\/span><a href=\"https:\/\/factorialhr.de\/blog\/aerztliches-attest\/\"><span style=\"font-weight: 400;\">\u00e4rztliches Attest<\/span><\/a><span style=\"font-weight: 400;\"> kann in der Regel nur eine bestimmte Form der Arbeit verbieten, so etwa die Nachtarbeit. In einem solchen Fall w\u00e4re die <\/span><span style=\"font-weight: 400;\">Rufbereitschaft<\/span><span style=\"font-weight: 400;\"> \u00fcber Nacht nicht mehr erlaubt, \u00fcber Tag allerdings schon. Das w\u00e4re beispielsweise nach dem <\/span><a href=\"https:\/\/www.gesetze-im-internet.de\/muschg_2018\/__5.html\" target=\"_blank\" rel=\"noopener\"><span style=\"font-weight: 400;\">\u00a7 5 MuSchG<\/span><\/a><span style=\"font-weight: 400;\"> f\u00fcr Schwangere der Fall.<\/span><\/li>\n<\/ul>\n<p><span style=\"font-weight: 400;\">Wichtig: Gibt es im Unternehmen einen <\/span><a href=\"https:\/\/factorialhr.de\/blog\/betriebsrat\/\"><span style=\"font-weight: 400;\">Betriebsrat<\/span><\/a><span style=\"font-weight: 400;\">, gilt ein <\/span><b>Mitbestimmungsrecht<\/b><span style=\"font-weight: 400;\">: Laut <\/span><a href=\"https:\/\/www.gesetze-im-internet.de\/betrvg\/__87.html\" target=\"_blank\" rel=\"noopener\"><span style=\"font-weight: 400;\">\u00a7 87 BetrVG<\/span><\/a><span style=\"font-weight: 400;\"> darf der Arbeitgeber Rufbereitschaften und ihre Lage nicht einseitig festlegen.<\/span><\/p>\n<h2><b>Rufbereitschaft: Verg\u00fctung<\/b><\/h2>\n<p><span style=\"font-weight: 400;\">Im Rahmen der <\/span><span style=\"font-weight: 400;\">Rufbereitschaft<\/span><span style=\"font-weight: 400;\"> gibt es vor allem zwei unterschiedliche Modelle f\u00fcr die Verg\u00fctung der geleisteten Arbeit.<\/span><\/p>\n<ol>\n<li style=\"font-weight: 400;\" aria-level=\"1\"><span style=\"font-weight: 400;\">Besch\u00e4ftigte erhalten f\u00fcr die tats\u00e4chlich geleistete Arbeit ihren regul\u00e4ren Stundenlohn. Die Wartezeit, also das Sich-Bereithalten, wird nicht verg\u00fctet. Zuschl\u00e4ge zum regul\u00e4ren Stundenlohn erhalten Besch\u00e4ftigte f\u00fcr Arbeitseins\u00e4tze nachts sowie f\u00fcr Sonntage und f\u00fcr Feiertage.<\/span><\/li>\n<li style=\"font-weight: 400;\" aria-level=\"1\"><span style=\"font-weight: 400;\">H\u00e4ufig wird die <\/span><span style=\"font-weight: 400;\">Rufbereitschaft<\/span><span style=\"font-weight: 400;\"> unabh\u00e4ngig von der tats\u00e4chlichen Arbeitszeit mit einer t\u00e4glichen Pauschale abgegolten. Diese Variante wird oft mit einem <\/span><a href=\"https:\/\/factorialhr.de\/blog\/Freizeitausgleich\/\"><span style=\"font-weight: 400;\">Freizeitausgleich<\/span><\/a><span style=\"font-weight: 400;\"> kombiniert.\u00a0<\/span><\/li>\n<\/ol>\n<p><b>Achtung: <\/b><span style=\"font-weight: 400;\">Da die <\/span><span style=\"font-weight: 400;\">Rufbereitschaft<\/span><span style=\"font-weight: 400;\"> in der Regel au\u00dferhalb der regul\u00e4ren Arbeitszeit Anwendung findet, kommt es oft vor, dass die geleisteten Arbeitsstunden im Rahmen der <\/span><span style=\"font-weight: 400;\">Rufbereitschaft<\/span> <a href=\"https:\/\/factorialhr.de\/blog\/ueberstunden-auszahlen\/\"><span style=\"font-weight: 400;\">\u00dcberstunden<\/span><\/a><span style=\"font-weight: 400;\"> sind. Ist dies der Fall, werden die in Ihrem Unternehmen g\u00e4ngigen Regelungen in Bezug auf \u00dcberstunden angewandt.<\/span><\/p>\n<p><iframe title=\"Zeitmanagement-Funktionen von Factorial im \u00dcberblick\" width=\"500\" height=\"281\" src=\"https:\/\/www.youtube.com\/embed\/qMVpdZndkiQ?start=1&#038;feature=oembed\" frameborder=\"0\" allow=\"accelerometer; autoplay; clipboard-write; encrypted-media; gyroscope; picture-in-picture; web-share\" referrerpolicy=\"strict-origin-when-cross-origin\" allowfullscreen><\/iframe><\/p>\n<h2><b>Welche Regelungen bestehen bzgl. Rufbereitschaft und TV\u00f6D?<\/b><\/h2>\n<p><span style=\"font-weight: 400;\">Ein Beispiel f\u00fcr eine in Tarifvertr\u00e4gen festgelegte Regelung zur<\/span><span style=\"font-weight: 400;\"> Rufbereitschaft<\/span><span style=\"font-weight: 400;\"> ist der Tarifvertrag des \u00d6ffentlichen Dienstes (TV\u00f6D).<\/span><\/p>\n<p><span style=\"font-weight: 400;\">TV\u00f6D-Rufbereitschaft<\/span><span style=\"font-weight: 400;\">: Im <\/span><a href=\"https:\/\/www.der-oeffentliche-sektor.de\/infoundrat\/infothek\/1434\" target=\"_blank\" rel=\"noopener\"><span style=\"font-weight: 400;\">\u00a7 6 Abs. 5 TV\u00f6D<\/span><\/a><span style=\"font-weight: 400;\"> ist festgelegt, dass Besch\u00e4ftigte im \u00d6ffentlichen Dienst nur zur <\/span><span style=\"font-weight: 400;\">Rufbereitschaft<\/span><span style=\"font-weight: 400;\"> verpflichtet sind, wenn akute dienstliche oder betriebliche Gr\u00fcnde dies erforderlich machen.<\/span><\/p>\n<p><span style=\"font-weight: 400;\">\u00dcberschreitet die <\/span><span style=\"font-weight: 400;\">Rufbereitschaft<\/span><span style=\"font-weight: 400;\"> 12 Stunden, wird laut TV\u00f6D eine t\u00e4gliche Pauschale je Entgeltgruppe gezahlt. Liegt der Dienst darunter, liegt die Verg\u00fctung bei 12,5 Prozent des tariflichen Stundenentgelts der jeweiligen Entgeltgruppe<\/span><a href=\"https:\/\/www.der-oeffentliche-sektor.de\/infoundrat\/infothek\/1436\" target=\"_blank\" rel=\"noopener\"><span style=\"font-weight: 400;\"> (\u00a7 8 Abs. 3 Satz 8 TV\u00f6D<\/span><\/a><span style=\"font-weight: 400;\">).<\/span><\/p>\n<p><span style=\"font-weight: 400;\">Folgende Regelungen gelten also f\u00fcr die Pauschale je Entgeltgruppe:<\/span><\/p>\n<ul>\n<li style=\"font-weight: 400;\" aria-level=\"1\"><span style=\"font-weight: 400;\">F\u00fcr Rufdienste von Montag bis Freitag wird das Zweifache, f\u00fcr Samstage, Sonn- und Feiertage das Vierfache des tariflichen Stundenentgelts bezahlt.<\/span><\/li>\n<li style=\"font-weight: 400;\" aria-level=\"1\"><span style=\"font-weight: 400;\">Ma\u00dfgeblich f\u00fcr die Berechnung ist der Tag, an dem die Bereitschaft beginnt.<\/span><\/li>\n<li style=\"font-weight: 400;\" aria-level=\"1\"><span style=\"font-weight: 400;\">Eine Verg\u00fctung kann laut TV\u00f6D auch in einem Freizeitausgleich bestehen.<\/span><\/li>\n<li style=\"font-weight: 400;\" aria-level=\"1\"><span style=\"font-weight: 400;\">Tats\u00e4chliche Eins\u00e4tze (einschlie\u00dflich Wegezeiten) werden je Einsatz auf eine volle Stunde gerundet und wie \u00dcberstunden verg\u00fctet.<\/span><\/li>\n<li style=\"font-weight: 400;\" aria-level=\"1\"><span style=\"font-weight: 400;\">Bei ununterbrochener Rufbereitschaft von unter 12 Stunden wird stattdessen pro Stunde 12,5 % des tariflichen Stundenentgelts gezahlt.<\/span><\/li>\n<\/ul>\n<h3><b>Rufbereitschaft: Altersgrenze<\/b><\/h3>\n<p><span style=\"font-weight: 400;\">Gibt es eine H\u00f6chstgrenze bzgl. des Alters f\u00fcr diese Besch\u00e4ftigungsform?<\/span><\/p>\n<p><span style=\"font-weight: 400;\">\u2013 Nein. Das Gesetz kennt keine Obergrenzen, ab denen ein Einsatz im Rahmen von <\/span><span style=\"font-weight: 400;\">Rufbereitschaft<\/span><span style=\"font-weight: 400;\"> nicht mehr zul\u00e4ssig w\u00e4re. Wann kann <\/span><span style=\"font-weight: 400;\">Rufbereitschaft<\/span><span style=\"font-weight: 400;\"> also als Arbeitszeit z\u00e4hlen und wann nicht?<\/span><\/p>\n<h3><b>Rufbereitschaft: Fahrzeit<\/b><\/h3>\n<p><span style=\"font-weight: 400;\">Z\u00e4hlt die Fahrzeit zum Arbeitsort im Rahmen der <\/span><span style=\"font-weight: 400;\">Rufbereitschaft als Arbeitszeit?<\/span><\/p>\n<ul>\n<li style=\"font-weight: 400;\" aria-level=\"1\"><span style=\"font-weight: 400;\">In der Regel z\u00e4hlt die Fahrtzeit nicht zur Arbeitszeit. Unter bestimmten Umst\u00e4nden, z. B. bei sehr geringer Zeit zum Einsatzort, k\u00f6nnen diese Regelungen abweichen.<\/span><\/li>\n<li style=\"font-weight: 400;\" aria-level=\"1\"><span style=\"font-weight: 400;\">Abweichende Regelungen k\u00f6nnen in Tarifvertr\u00e4gen festgelegt sein. Im TV\u00f6D wird die Fahrzeit zum Beispiel bereits als Arbeitszeit angesehen.<\/span><\/li>\n<li style=\"font-weight: 400;\" aria-level=\"1\"><span style=\"font-weight: 400;\">Bei stark eingeschr\u00e4nkter Mobilit\u00e4t kann bereits die gesamte Rufbereitschaft Arbeitszeit sein (Einzelfallpr\u00fcfung notwendig).<\/span><\/li>\n<\/ul>\n<h3><span style=\"font-weight: 400;\">Regelungen f\u00fcr \u00d6sterreich und die Schweiz<\/span><\/h3>\n<ul>\n<li style=\"font-weight: 400;\" aria-level=\"1\"><span style=\"font-weight: 400;\">In \u00d6sterreich ist Rufbereitschaft nach <\/span><a href=\"https:\/\/www.ris.bka.gv.at\/eli\/bgbl\/1969\/461\/P20a\/NOR12113715\" target=\"_blank\" rel=\"noopener\"><span style=\"font-weight: 400;\">AZG \u00a7 20a<\/span><\/a><span style=\"font-weight: 400;\"> auf maximal 10 Tage pro Monat begrenzt und Ruhezeit-Unterbrechungen m\u00fcssen anderweitig kompensiert werden.\u00a0<\/span><\/li>\n<li style=\"font-weight: 400;\" aria-level=\"1\"><span style=\"font-weight: 400;\">In der Schweiz gibt das <\/span><a href=\"https:\/\/www.seco.admin.ch\/seco\/de\/home\/Publikationen_Dienstleistungen\/Publikationen_und_Formulare\/Arbeit\/Arbeitsbedingungen\/Merkblatter_und_Checklisten\/merkblatt-zum-pikettdienst.html\" target=\"_blank\" rel=\"noopener\"><span style=\"font-weight: 400;\">SECO-Merkblatt zum Pikettdienst<\/span><\/a><span style=\"font-weight: 400;\"> Vorgaben zur Anrechnung und Planung, wobei die Details davon abh\u00e4ngen, ob Eins\u00e4tze im Betrieb oder au\u00dferhalb erfolgen.<\/span><\/li>\n<\/ul>\n<div class=\"factorial-newsletter-widget\"><div class='fac-newsletter-banner ' id=\"newsletter-section\">\n  <div class='fac-newsletter-banner__content'>\n    <div class=\"fac-newsletter-banner_heading-container\">\n      <h4 class='fac-newsletter-banner__title'>Aktuelle Einblicke in Management, F\u00fchrung und Team-Entwicklung<\/h4>    <\/div>\n    <form class=\"fac-newsletter-banner__form\">\n      <div class=\"fac-newsletter-banner__input-button-container\">\n        <label for=\"newsletter-input\" class=\"fac-newsletter-banner__container\">\n          <div class=\"fac-newsletter-banner__input-wrapper\">\n            <div class=\"fac-newsletter-banner__icon\">\n              <svg xmlns=\"http:\/\/www.w3.org\/2000\/svg\" width=\"24\" height=\"24\" viewBox=\"0 0 24 24\" class=\"fac-newsletter-banner__icon-svg\">\n                <path d=\"M4 8a2 2 0 0 1 2-2h12a2 2 0 0 1 2 2v8a2 2 0 0 1-2 2H6a2 2 0 0 1-2-2V8Zm12.586 0H7.414l3.879 3.879a1 1 0 0 0 1.414 0L16.586 8ZM6 9.414V16h12V9.414l-3.879 3.879a3 3 0 0 1-4.242 0L6 9.414Z\"><\/path>\n              <\/svg>\n            <\/div>\n            <input id=\"newsletter-input\" class=\"fac-newsletter-banner__input\" type=\"email\" required name=\"api_qualification_entry[contact_email]\" placeholder=\"E-Mail-Adresse\">\n            <input\n              type=\"hidden\"\n              name=\"api_qualification_entry[subscribed_to_factorial_newsletter]\"\n              value=\"true\" \/>\n            <input type=\"hidden\" name=\"api_qualification_entry[gdpr_tos]\" value=\"true\" \/>\n            <input type=\"hidden\" name=\"api_qualification_entry[iso_country]\" value=\"de\" \/>\n            <input type=\"hidden\" name=\"locale\" value=\"de\" \/>\n            <input type=\"hidden\" name=\"api_qualification_entry[marketing_form_campaign]\" value=\"blog_newsletter\" \/>\n          <\/div>\n          <div class=\"fac-newsletter-banner__button-wrapper fac-newsletter-banner__button-wrapper--desktop\">\n            <button type=\"submit\" class=\"fac-newsletter-banner__button\">\n              <span>Subscribe<\/span>\n            <\/button>\n          <\/div>\n        <\/label>\n        <div class=\"fac-newsletter-banner__button-wrapper fac-newsletter-banner__button-wrapper--mobile\">\n          <button type=\"submit\" class=\"fac-newsletter-banner__button\">\n            <span>Subscribe<\/span>\n          <\/button>\n        <\/div>\n      <\/div>\n      <p class='fac-newsletter-banner__consent'>\n        Mit Eingabe Ihrer E-Mail-Adresse und Klick auf &quot;Abonnieren&quot; stimmen Sie dem Erhalt von Newslettern und Marketing-E-Mails von EVERYDAY SOFTWARE, S.L. (Factorial) zu. In unserer <a href='\/datenschutz'>Datenschutzerkl\u00e4rung<\/a> finden Sie Informationen zur Datennutzung, Ihren DSGVO-Rechten und zum Widerruf Ihrer Einwilligung.      <\/p>\n    <\/form>\n  <\/div>\n  <div class='fac-newsletter-banner_feedback fac-newsletter-banner-is-hidden'>\n    <h4 class='fac-newsletter-banner_feedback__title'>Anmeldung erfolgreich!<\/h4>    <p class='fac-newsletter-banner_feedback__subtitle'>Bleiben Sie informiert! Ab jetzt finden Sie die wichtigsten News direkt in Ihrem Postfach!<\/p>\n  <\/div>\n  <div class='fac-newsletter-banner_error fac-newsletter-banner-is-hidden'>\n    <p class='text-sm text-red-600'>Etwas ist schief gelaufen. Bitte versuchen Sie es erneut.<\/p>\n  <\/div>\n<\/div>\n\n\n<script>\n  {\n    let eventCategory = \"newsletter-banner\"\n    let formNewsletter = document.querySelector(\".fac-newsletter-banner__form\");\n    let newsletterContainer = formNewsletter.closest(\".fac-newsletter-banner__content\");\n    let feedbackNewsletter = document.querySelector(\".fac-newsletter-banner_feedback\");\n    let errorNewsletter = document.querySelector(\".fac-newsletter-banner_error\");\n    let marketingFormCampaign = formNewsletter.querySelector(\n      'input[name=\"api_qualification_entry[marketing_form_campaign]\"]'\n    ).value\n    const submitButton = formNewsletter.querySelector(\"button[type='submit']\");\n\n    if (formNewsletter) {\n      const callback = (entries, observer) => {\n        entries.forEach((entry) => {\n          if (entry.isIntersecting) {\n            window.GoogleAnalytics.trackEvent({\n              action: 'viewed_newsletter_form',\n              category: eventCategory,\n              label: marketingFormCampaign,\n              isoCode: \"de\"\n            })\n          }\n        });\n      };\n      const observer = new IntersectionObserver(callback, {});\n      observer.observe(document.querySelector(\".fac-newsletter-banner\"));\n\n      formNewsletter.onsubmit = (e) => {\n        if (formNewsletter.checkValidity()) {\n          e.preventDefault();\n          submitButton.disabled = true\n\n          window.onSubscribeNewsletter({\n            onSuccess: () => {\n              newsletterContainer.classList.add('fac-newsletter-banner-is-hidden');\n              feedbackNewsletter.classList.add('fac-newsletter-banner-is-visible');\n              errorNewsletter.classList.remove('fac-newsletter-banner-is-visible');\n              errorNewsletter.classList.add('fac-newsletter-banner-is-hidden');\n            },\n            onError: (e) => {\n              console.error(\"error\", e);\n              errorNewsletter.classList.remove('fac-newsletter-banner-is-hidden');\n              errorNewsletter.classList.add('fac-newsletter-banner-is-visible');\n              submitButton.disabled = false;\n            },\n            eventCategory\n          })(e);\n        }\n      };\n    }\n  }\n<\/script>\n\n<\/div>\n<h3><b>Noch Fragen?<\/b><\/h3>\n<p><span style=\"font-weight: 400;\">Ob die <\/span><span style=\"font-weight: 400;\">Rufbereitschaft als Arbeitszeit<\/span><span style=\"font-weight: 400;\"> angesehen wird, ist mitunter also nicht einfach zu bestimmen. F\u00fcr Arbeitgeber ist vor allem wichtig, dass Sie Ihren Besch\u00e4ftigten gen\u00fcgend Zeit geben, um den Arbeitsort erreichen zu k\u00f6nnen.\u00a0<\/span><\/p>\n<p><span style=\"font-weight: 400;\">Wichtig ist dar\u00fcber hinaus, dass Arbeitnehmende prinzipiell die Bereitschaft nicht ablehnen k\u00f6nnen, sofern es im Arbeitsvertrag festgelegt ist. Auch ein Attest hilft hier nichts.<\/span><\/p>\n<p><span style=\"font-weight: 400;\">Tipp: Letztendlich ist es jedoch im Interesse sowohl von Arbeitgebern als auch Arbeitnehmenden hier eine L\u00f6sung zu finden, mit der alle zufrieden sein k\u00f6nnen.<\/span><\/p>\n<p><a href=\"https:\/\/factorialhr.de\/eine-demo\"><span style=\"font-weight: 400;\">\ud83d\udc49 M\u00f6chten Sie erfahren, wie Sie die Arbeitszeiten einfacher organisieren k\u00f6nnen? Buchen Sie eine Demo bei Factorial.<\/span><\/a><\/p>\n<h2><b>H\u00e4ufig gestellte Fragen und Antworten<\/b><\/h2>\n<h3><span style=\"font-weight: 400;\">Wie wird Rufbereitschaft bezahlt?<\/span><\/h3>\n<p><span style=\"font-weight: 400;\">Im Rahmen der Rufbereitschaft gibt es vor allem zwei unterschiedliche Modelle f\u00fcr die Verg\u00fctung der geleisteten Arbeit. Besch\u00e4ftigte erhalten <strong>f\u00fcr die tats\u00e4chlich geleistete Arbeit ihren regul\u00e4ren Stundenlohn.<\/strong> Die Wartezeit, also das Sich-Bereithalten, wird nicht verg\u00fctet. Zuschl\u00e4ge zum regul\u00e4ren Stundenlohn erhalten Besch\u00e4ftigte f\u00fcr Arbeitseins\u00e4tze nachts sowie f\u00fcr Sonntage und f\u00fcr Feiertage.\u00a0<\/span><\/p>\n<p><span style=\"font-weight: 400;\">H\u00e4ufig wird die Rufbereitschaft <strong>unabh\u00e4ngig von der tats\u00e4chlichen Arbeitszeit mit einer t\u00e4glichen Pauschale abgegolten.<\/strong> Diese Variante wird oft mit einem Freizeitausgleich kombiniert. Da die Rufbereitschaft in der Regel au\u00dferhalb der regul\u00e4ren Arbeitszeit Anwendung findet, kommt es oft vor, dass die geleisteten Arbeitsstunden im Rahmen der Rufbereitschaft \u00dcberstunden sind. Ist dies der Fall, werden die in Ihrem Unternehmen g\u00e4ngigen Regelungen in Bezug auf \u00dcberstunden angewandt.<\/span><\/p>\n<h3><span style=\"font-weight: 400;\">Was ist bei Rufbereitschaft zu beachten?<\/span><\/h3>\n<p><span style=\"font-weight: 400;\">F\u00fcr Arbeitgeber ist vor allem wichtig, dass Sie Ihren Besch\u00e4ftigten <strong>gen\u00fcgend Zeit geben, um den Arbeitsort erreichen<\/strong> zu k\u00f6nnen. Wichtig ist dar\u00fcber hinaus, dass Arbeitnehmende prinzipiell die <strong>Rufbereitschaft nicht ablehnen k\u00f6nnen,<\/strong> sofern es im Arbeitsvertrag festgelegt ist. Auch ein Attest hilft hier nichts. Letztlich ist es jedoch im Interesse sowohl von Arbeitgebern als auch Arbeitnehmenden, eine zufriedenstellende L\u00f6sung f\u00fcr beide Seiten zu finden.<\/span><\/p>\n<h3><span style=\"font-weight: 400;\">Wie oft darf Rufbereitschaft angeordnet werden?<\/span><\/h3>\n<p><span style=\"font-weight: 400;\">In Deutschland gibt es <\/span><b>keine feste Obergrenze<\/b><span style=\"font-weight: 400;\">. Es gilt das Arbeitszeitgesetz und das Mitbestimmungsrecht im Falle eines Betriebsrats (\u00a7\u202f87 BetrVG). In <\/span><b>\u00d6sterreich<\/b><span style=\"font-weight: 400;\"> sind <\/span><b>max. 10 Tage pro Monat<\/b><span style=\"font-weight: 400;\"> zul\u00e4ssig (AZG \u00a7\u202f20a).<\/span><br \/>\n<script type=\"application\/ld+json\">\n{\n  \"@context\": \"https:\/\/schema.org\",\n  \"@type\": \"FAQPage\",\n  \"mainEntity\": [{\n    \"@type\": \"Question\",\n    \"name\": \"Z\u00e4hlt Rufbereitschaft als Arbeitszeit?\",\n    \"acceptedAnswer\": {\n      \"@type\": \"Answer\",\n      \"text\": \"Nur, wenn die Freizeit erheblich eingeschr\u00e4nkt ist \u2013 etwa durch sehr kurze Reaktionszeiten oder feste Aufenthaltsvorgaben. Ansonsten z\u00e4hlt nur der tats\u00e4chliche Einsatz (inkl. Wegezeit nach TV\u00f6D) als Arbeitszeit. Im Einzelfall entscheidet das nationale Gericht.\"\n    }\n  },{\n    \"@type\": \"Question\",\n    \"name\": \"Wie wird Rufbereitschaft bezahlt?\",\n    \"acceptedAnswer\": {\n      \"@type\": \"Answer\",\n      \"text\": \"Im Rahmen der Rufbereitschaft gibt es vor allem zwei unterschiedliche Modelle f\u00fcr die Verg\u00fctung der geleisteten Arbeit. Besch\u00e4ftigte erhalten f\u00fcr die tats\u00e4chlich geleistete Arbeit ihren regul\u00e4ren Stundenlohn. Die Wartezeit, also das Sich-Bereithalten, wird nicht verg\u00fctet. Zuschl\u00e4ge zum regul\u00e4ren Stundenlohn erhalten Besch\u00e4ftigte f\u00fcr Arbeitseins\u00e4tze nachts sowie f\u00fcr Sonntage und f\u00fcr Feiertage.\u00a0<\/p>\n<p>H\u00e4ufig wird die Rufbereitschaft unabh\u00e4ngig von der tats\u00e4chlichen Arbeitszeit mit einer t\u00e4glichen Pauschale abgegolten. Diese Variante wird oft mit einem Freizeitausgleich kombiniert. Da die Rufbereitschaft in der Regel au\u00dferhalb der regul\u00e4ren Arbeitszeit Anwendung findet, kommt es oft vor, dass die geleisteten Arbeitsstunden im Rahmen der Rufbereitschaft \u00dcberstunden sind. Ist dies der Fall, werden die in Ihrem Unternehmen g\u00e4ngigen Regelungen in Bezug auf \u00dcberstunden angewandt.\"\n    }\n  },{\n    \"@type\": \"Question\",\n    \"name\": \"Was ist bei Rufbereitschaft zu beachten?\",\n    \"acceptedAnswer\": {\n      \"@type\": \"Answer\",\n      \"text\": \"F\u00fcr Arbeitgeber ist vor allem wichtig, dass Sie Ihren Besch\u00e4ftigten gen\u00fcgend Zeit geben, um den Arbeitsort erreichen zu k\u00f6nnen. Wichtig ist dar\u00fcber hinaus, dass Arbeitnehmende prinzipiell die Rufbereitschaft nicht ablehnen k\u00f6nnen, sofern es im Arbeitsvertrag festgelegt ist. Auch ein Attest hilft hier nichts. Letztlich ist es jedoch im Interesse sowohl von Arbeitgebern als auch Arbeitnehmenden, eine zufriedenstellende L\u00f6sung f\u00fcr beide Seiten zu finden.\"\n    }\n  },{\n    \"@type\": \"Question\",\n    \"name\": \"Wie oft darf Rufbereitschaft angeordnet werden?\",\n    \"acceptedAnswer\": {\n      \"@type\": \"Answer\",\n      \"text\": \"In Deutschland gibt es keine feste Obergrenze. Es gilt das Arbeitszeitgesetz und das Mitbestimmungsrecht im Falle eines Betriebsrats (\u00a7\u202f87 BetrVG). In \u00d6sterreich sind max. 10 Tage pro Monat zul\u00e4ssig (AZG \u00a7\u202f20a).\"\n    }\n  }]\n}\n<\/script><\/p>\n","protected":false},"excerpt":{"rendered":"<p>Was w\u00fcrde die Gesellschaft ohne sie machen? Menschen, die auch nachts, am Wochenende oder an Feiertagen arbeiten. Techniker*innen, Angestellte im Gesundheitswesen oder auch Feuerwehrleute. Nicht selten erfordern es diese Berufe, auf Anordnung des Arbeitgebers au\u00dferhalb der regul\u00e4ren Arbeitszeit die Arbeit aufzunehmen \u2013 die sogenannte Rufbereitschaft.\u00a0 Was Arbeitgeber bzgl. Regelungen und Abgrenzungen zu anderen Formen von<a href=\"https:\/\/factorialhr.de\/blog\/rufbereitschaft\/\" class=\"read-more\"> [&#8230;]<\/a><\/p>\n","protected":false},"author":112,"featured_media":170035,"comment_status":"open","ping_status":"closed","sticky":false,"template":"","format":"standard","meta":{"_acf_changed":false,"footnotes":""},"categories":[185],"tags":[],"class_list":["post-90736","post","type-post","status-publish","format-standard","has-post-thumbnail","hentry","category-arbeitszeiterfassung-factorial"],"acf":{"topics":"brand-content"},"yoast_head":"<!-- This site is optimized with the Yoast SEO Premium plugin v21.5 (Yoast SEO v21.9.1) - https:\/\/yoast.com\/wordpress\/plugins\/seo\/ -->\n<title>Rufbereitschaft &amp; Arbeitszeiten: Alle Infos f\u00fcr Arbeitgeber | Factorial<\/title>\n<meta name=\"description\" content=\"Bei der Rufbereitschaft sind die Arbeitnehmenden verpflichtet, au\u00dferhalb der regul\u00e4ren Arbeitszeit zur Verf\u00fcgung zu stehen.\" \/>\n<meta name=\"robots\" content=\"index, follow, max-snippet:-1, max-image-preview:large, max-video-preview:-1\" \/>\n<link rel=\"canonical\" href=\"https:\/\/factorialhr.de\/blog\/rufbereitschaft\/\" \/>\n<meta property=\"og:locale\" content=\"de_DE\" \/>\n<meta property=\"og:type\" content=\"article\" \/>\n<meta property=\"og:title\" content=\"Rufbereitschaft: Verg\u00fctung, Arbeitsrecht und Arbeitszeiten\" \/>\n<meta property=\"og:description\" content=\"Bei der Rufbereitschaft sind die Arbeitnehmenden verpflichtet, au\u00dferhalb der regul\u00e4ren Arbeitszeit zur Verf\u00fcgung zu stehen.\" \/>\n<meta property=\"og:url\" content=\"https:\/\/factorialhr.de\/blog\/rufbereitschaft\/\" \/>\n<meta property=\"og:site_name\" content=\"Factorial\" \/>\n<meta property=\"article:publisher\" content=\"https:\/\/www.facebook.com\/people\/Factorial\/100064908455810\/\" \/>\n<meta property=\"article:published_time\" content=\"2025-10-08T08:33:10+00:00\" \/>\n<meta property=\"article:modified_time\" content=\"2025-10-08T09:18:01+00:00\" \/>\n<meta property=\"og:image\" content=\"https:\/\/factorialhr.de\/wp-content\/uploads\/2023\/01\/07110559\/rufbereitschaft.webp\" \/>\n\t<meta property=\"og:image:width\" content=\"2560\" \/>\n\t<meta property=\"og:image:height\" content=\"1440\" \/>\n\t<meta property=\"og:image:type\" content=\"image\/webp\" \/>\n<meta name=\"author\" content=\"Marie-Louise Messerschmidt\" \/>\n<meta name=\"twitter:card\" content=\"summary_large_image\" \/>\n<meta name=\"twitter:creator\" content=\"@factorialapp\" \/>\n<meta name=\"twitter:site\" content=\"@factorialapp\" \/>\n<meta name=\"twitter:label1\" content=\"Written by\" \/>\n\t<meta name=\"twitter:data1\" content=\"Marie-Louise Messerschmidt\" \/>\n\t<meta name=\"twitter:label2\" content=\"Est. reading time\" \/>\n\t<meta name=\"twitter:data2\" content=\"11 Minuten\" \/>\n<script type=\"application\/ld+json\" class=\"yoast-schema-graph\">{\"@context\":\"https:\/\/schema.org\",\"@graph\":[{\"@type\":\"Article\",\"@id\":\"https:\/\/factorialhr.de\/blog\/rufbereitschaft\/#article\",\"isPartOf\":{\"@id\":\"https:\/\/factorialhr.de\/blog\/rufbereitschaft\/\"},\"author\":{\"name\":\"Marie-Louise Messerschmidt\",\"@id\":\"https:\/\/factorialhr.de\/blog\/#\/schema\/person\/8c62dbde419683b23e49e1ddcc9cd52f\"},\"headline\":\"Rufbereitschaft: Verg\u00fctung, Arbeitsrecht und Arbeitszeiten\",\"datePublished\":\"2025-10-08T08:33:10+00:00\",\"dateModified\":\"2025-10-08T09:18:01+00:00\",\"mainEntityOfPage\":{\"@id\":\"https:\/\/factorialhr.de\/blog\/rufbereitschaft\/\"},\"wordCount\":2466,\"commentCount\":0,\"publisher\":{\"@id\":\"https:\/\/factorialhr.de\/blog\/#organization\"},\"articleSection\":[\"Arbeitszeiterfassung\"],\"inLanguage\":\"de-DE\",\"potentialAction\":[{\"@type\":\"CommentAction\",\"name\":\"Comment\",\"target\":[\"https:\/\/factorialhr.de\/blog\/rufbereitschaft\/#respond\"]}]},{\"@type\":\"WebPage\",\"@id\":\"https:\/\/factorialhr.de\/blog\/rufbereitschaft\/\",\"url\":\"https:\/\/factorialhr.de\/blog\/rufbereitschaft\/\",\"name\":\"Rufbereitschaft & Arbeitszeiten: Alle Infos f\u00fcr Arbeitgeber | Factorial\",\"isPartOf\":{\"@id\":\"https:\/\/factorialhr.de\/blog\/#website\"},\"datePublished\":\"2025-10-08T08:33:10+00:00\",\"dateModified\":\"2025-10-08T09:18:01+00:00\",\"description\":\"Bei der Rufbereitschaft sind die Arbeitnehmenden verpflichtet, au\u00dferhalb der regul\u00e4ren Arbeitszeit zur Verf\u00fcgung zu stehen.\",\"inLanguage\":\"de-DE\",\"potentialAction\":[{\"@type\":\"ReadAction\",\"target\":[\"https:\/\/factorialhr.de\/blog\/rufbereitschaft\/\"]}]},{\"@type\":\"WebSite\",\"@id\":\"https:\/\/factorialhr.de\/blog\/#website\",\"url\":\"https:\/\/factorialhr.de\/blog\/\",\"name\":\"Factorial\",\"description\":\"\",\"publisher\":{\"@id\":\"https:\/\/factorialhr.de\/blog\/#organization\"},\"potentialAction\":[{\"@type\":\"SearchAction\",\"target\":{\"@type\":\"EntryPoint\",\"urlTemplate\":\"https:\/\/factorialhr.de\/blog\/?s={search_term_string}\"},\"query-input\":\"required name=search_term_string\"}],\"inLanguage\":\"de-DE\"},{\"@type\":\"Organization\",\"@id\":\"https:\/\/factorialhr.de\/blog\/#organization\",\"name\":\"All-in-one business management software - Factorial\",\"url\":\"https:\/\/factorialhr.de\/blog\/\",\"logo\":{\"@type\":\"ImageObject\",\"inLanguage\":\"de-DE\",\"@id\":\"https:\/\/factorialhr.de\/blog\/#\/schema\/logo\/image\/\",\"url\":\"https:\/\/factorialhr.de\/wp-content\/uploads\/2023\/07\/18155144\/factorial-logo.png\",\"contentUrl\":\"https:\/\/factorialhr.de\/wp-content\/uploads\/2023\/07\/18155144\/factorial-logo.png\",\"width\":946,\"height\":880,\"caption\":\"All-in-one business management software - Factorial\"},\"image\":{\"@id\":\"https:\/\/factorialhr.de\/blog\/#\/schema\/logo\/image\/\"},\"sameAs\":[\"https:\/\/www.facebook.com\/people\/Factorial\/100064908455810\/\",\"https:\/\/twitter.com\/factorialapp\",\"https:\/\/www.linkedin.com\/company\/factorialhr\",\"https:\/\/www.youtube.com\/@factorialmedia\",\"https:\/\/www.instagram.com\/factorial\/#\"]},{\"@type\":\"Person\",\"@id\":\"https:\/\/factorialhr.de\/blog\/#\/schema\/person\/8c62dbde419683b23e49e1ddcc9cd52f\",\"name\":\"Marie-Louise Messerschmidt\",\"image\":{\"@type\":\"ImageObject\",\"inLanguage\":\"de-DE\",\"@id\":\"https:\/\/factorialhr.de\/blog\/#\/schema\/person\/image\/\",\"url\":\"https:\/\/secure.gravatar.com\/avatar\/95f420e6138a2befae05fed9d10b393a?s=96&d=identicon&r=g\",\"contentUrl\":\"https:\/\/secure.gravatar.com\/avatar\/95f420e6138a2befae05fed9d10b393a?s=96&d=identicon&r=g\",\"caption\":\"Marie-Louise Messerschmidt\"},\"description\":\"Marie-Louise Messerschmidt ist SEO Content Writer bei Factorial HR und auf rechtlich-strategische HR-Themen spezialisiert. Seit 2017 besch\u00e4ftigt sie sich intensiv mit Entwicklungen im Personalwesen \u2013 mit besonderem Blick auf Gesetzes\u00e4nderungen, Organisationsstrategien und digitale Tools. Ihr interdisziplin\u00e4rer Studienhintergrund in Betriebswirtschaftslehre und Sprachwissenschaften unterst\u00fctzt sie dabei, komplexe Inhalte pr\u00e4zise und verst\u00e4ndlich aufzubereiten.\",\"sameAs\":[\"https:\/\/www.linkedin.com\/in\/marie-m-569011177\/\"],\"url\":\"https:\/\/factorialhr.de\/blog\/author\/marie-louise-messerschmidt\/\"}]}<\/script>\n<!-- \/ Yoast SEO Premium plugin. -->","yoast_head_json":{"title":"Rufbereitschaft & Arbeitszeiten: Alle Infos f\u00fcr Arbeitgeber | Factorial","description":"Bei der Rufbereitschaft sind die Arbeitnehmenden verpflichtet, au\u00dferhalb der regul\u00e4ren Arbeitszeit zur Verf\u00fcgung zu stehen.","robots":{"index":"index","follow":"follow","max-snippet":"max-snippet:-1","max-image-preview":"max-image-preview:large","max-video-preview":"max-video-preview:-1"},"canonical":"https:\/\/factorialhr.de\/blog\/rufbereitschaft\/","og_locale":"de_DE","og_type":"article","og_title":"Rufbereitschaft: Verg\u00fctung, Arbeitsrecht und Arbeitszeiten","og_description":"Bei der Rufbereitschaft sind die Arbeitnehmenden verpflichtet, au\u00dferhalb der regul\u00e4ren Arbeitszeit zur Verf\u00fcgung zu stehen.","og_url":"https:\/\/factorialhr.de\/blog\/rufbereitschaft\/","og_site_name":"Factorial","article_publisher":"https:\/\/www.facebook.com\/people\/Factorial\/100064908455810\/","article_published_time":"2025-10-08T08:33:10+00:00","article_modified_time":"2025-10-08T09:18:01+00:00","og_image":[{"width":2560,"height":1440,"url":"https:\/\/factorialhr.de\/wp-content\/uploads\/2023\/01\/07110559\/rufbereitschaft.webp","type":"image\/webp"}],"author":"Marie-Louise Messerschmidt","twitter_card":"summary_large_image","twitter_creator":"@factorialapp","twitter_site":"@factorialapp","twitter_misc":{"Written by":"Marie-Louise Messerschmidt","Est. reading time":"11 Minuten"},"schema":{"@context":"https:\/\/schema.org","@graph":[{"@type":"Article","@id":"https:\/\/factorialhr.de\/blog\/rufbereitschaft\/#article","isPartOf":{"@id":"https:\/\/factorialhr.de\/blog\/rufbereitschaft\/"},"author":{"name":"Marie-Louise Messerschmidt","@id":"https:\/\/factorialhr.de\/blog\/#\/schema\/person\/8c62dbde419683b23e49e1ddcc9cd52f"},"headline":"Rufbereitschaft: Verg\u00fctung, Arbeitsrecht und Arbeitszeiten","datePublished":"2025-10-08T08:33:10+00:00","dateModified":"2025-10-08T09:18:01+00:00","mainEntityOfPage":{"@id":"https:\/\/factorialhr.de\/blog\/rufbereitschaft\/"},"wordCount":2466,"commentCount":0,"publisher":{"@id":"https:\/\/factorialhr.de\/blog\/#organization"},"articleSection":["Arbeitszeiterfassung"],"inLanguage":"de-DE","potentialAction":[{"@type":"CommentAction","name":"Comment","target":["https:\/\/factorialhr.de\/blog\/rufbereitschaft\/#respond"]}]},{"@type":"WebPage","@id":"https:\/\/factorialhr.de\/blog\/rufbereitschaft\/","url":"https:\/\/factorialhr.de\/blog\/rufbereitschaft\/","name":"Rufbereitschaft & Arbeitszeiten: Alle Infos f\u00fcr Arbeitgeber | Factorial","isPartOf":{"@id":"https:\/\/factorialhr.de\/blog\/#website"},"datePublished":"2025-10-08T08:33:10+00:00","dateModified":"2025-10-08T09:18:01+00:00","description":"Bei der Rufbereitschaft sind die Arbeitnehmenden verpflichtet, au\u00dferhalb der regul\u00e4ren Arbeitszeit zur Verf\u00fcgung zu stehen.","inLanguage":"de-DE","potentialAction":[{"@type":"ReadAction","target":["https:\/\/factorialhr.de\/blog\/rufbereitschaft\/"]}]},{"@type":"WebSite","@id":"https:\/\/factorialhr.de\/blog\/#website","url":"https:\/\/factorialhr.de\/blog\/","name":"Factorial","description":"","publisher":{"@id":"https:\/\/factorialhr.de\/blog\/#organization"},"potentialAction":[{"@type":"SearchAction","target":{"@type":"EntryPoint","urlTemplate":"https:\/\/factorialhr.de\/blog\/?s={search_term_string}"},"query-input":"required name=search_term_string"}],"inLanguage":"de-DE"},{"@type":"Organization","@id":"https:\/\/factorialhr.de\/blog\/#organization","name":"All-in-one business management software - Factorial","url":"https:\/\/factorialhr.de\/blog\/","logo":{"@type":"ImageObject","inLanguage":"de-DE","@id":"https:\/\/factorialhr.de\/blog\/#\/schema\/logo\/image\/","url":"https:\/\/factorialhr.de\/wp-content\/uploads\/2023\/07\/18155144\/factorial-logo.png","contentUrl":"https:\/\/factorialhr.de\/wp-content\/uploads\/2023\/07\/18155144\/factorial-logo.png","width":946,"height":880,"caption":"All-in-one business management software - Factorial"},"image":{"@id":"https:\/\/factorialhr.de\/blog\/#\/schema\/logo\/image\/"},"sameAs":["https:\/\/www.facebook.com\/people\/Factorial\/100064908455810\/","https:\/\/twitter.com\/factorialapp","https:\/\/www.linkedin.com\/company\/factorialhr","https:\/\/www.youtube.com\/@factorialmedia","https:\/\/www.instagram.com\/factorial\/#"]},{"@type":"Person","@id":"https:\/\/factorialhr.de\/blog\/#\/schema\/person\/8c62dbde419683b23e49e1ddcc9cd52f","name":"Marie-Louise Messerschmidt","image":{"@type":"ImageObject","inLanguage":"de-DE","@id":"https:\/\/factorialhr.de\/blog\/#\/schema\/person\/image\/","url":"https:\/\/secure.gravatar.com\/avatar\/95f420e6138a2befae05fed9d10b393a?s=96&d=identicon&r=g","contentUrl":"https:\/\/secure.gravatar.com\/avatar\/95f420e6138a2befae05fed9d10b393a?s=96&d=identicon&r=g","caption":"Marie-Louise Messerschmidt"},"description":"Marie-Louise Messerschmidt ist SEO Content Writer bei Factorial HR und auf rechtlich-strategische HR-Themen spezialisiert. Seit 2017 besch\u00e4ftigt sie sich intensiv mit Entwicklungen im Personalwesen \u2013 mit besonderem Blick auf Gesetzes\u00e4nderungen, Organisationsstrategien und digitale Tools. Ihr interdisziplin\u00e4rer Studienhintergrund in Betriebswirtschaftslehre und Sprachwissenschaften unterst\u00fctzt sie dabei, komplexe Inhalte pr\u00e4zise und verst\u00e4ndlich aufzubereiten.","sameAs":["https:\/\/www.linkedin.com\/in\/marie-m-569011177\/"],"url":"https:\/\/factorialhr.de\/blog\/author\/marie-louise-messerschmidt\/"}]}},"_links":{"self":[{"href":"https:\/\/factorialhr.de\/blog\/wp-json\/wp\/v2\/posts\/90736"}],"collection":[{"href":"https:\/\/factorialhr.de\/blog\/wp-json\/wp\/v2\/posts"}],"about":[{"href":"https:\/\/factorialhr.de\/blog\/wp-json\/wp\/v2\/types\/post"}],"author":[{"embeddable":true,"href":"https:\/\/factorialhr.de\/blog\/wp-json\/wp\/v2\/users\/112"}],"replies":[{"embeddable":true,"href":"https:\/\/factorialhr.de\/blog\/wp-json\/wp\/v2\/comments?post=90736"}],"version-history":[{"count":51,"href":"https:\/\/factorialhr.de\/blog\/wp-json\/wp\/v2\/posts\/90736\/revisions"}],"predecessor-version":[{"id":151692,"href":"https:\/\/factorialhr.de\/blog\/wp-json\/wp\/v2\/posts\/90736\/revisions\/151692"}],"wp:featuredmedia":[{"embeddable":true,"href":"https:\/\/factorialhr.de\/blog\/wp-json\/wp\/v2\/media\/170035"}],"wp:attachment":[{"href":"https:\/\/factorialhr.de\/blog\/wp-json\/wp\/v2\/media?parent=90736"}],"wp:term":[{"taxonomy":"category","embeddable":true,"href":"https:\/\/factorialhr.de\/blog\/wp-json\/wp\/v2\/categories?post=90736"},{"taxonomy":"post_tag","embeddable":true,"href":"https:\/\/factorialhr.de\/blog\/wp-json\/wp\/v2\/tags?post=90736"}],"curies":[{"name":"wp","href":"https:\/\/api.w.org\/{rel}","templated":true}]}}