{"id":96385,"date":"2026-04-28T12:57:41","date_gmt":"2026-04-28T10:57:41","guid":{"rendered":"https:\/\/factorialhr.com\/blog\/?p=96385"},"modified":"2026-04-28T13:12:58","modified_gmt":"2026-04-28T11:12:58","slug":"fachkraeftemangel","status":"publish","type":"post","link":"https:\/\/factorialhr.de\/blog\/fachkraeftemangel\/","title":{"rendered":"Fachkr\u00e4ftemangel bek\u00e4mpfen: So werden Sie als Arbeitgeber attraktiv"},"content":{"rendered":"<p>Der Fachkr\u00e4ftemangel ist l\u00e4ngst kein blo\u00dfes Schlagwort mehr, sondern eine der gr\u00f6\u00dften wirtschaftlichen Herausforderungen unserer Zeit. W\u00e4hrend unbesetzte Stellen das Wachstum bremsen, f\u00fchrt die d\u00fcnne Personaldecke in vielen Betrieben zu einer massiven \u00dcberlastung der bestehenden Belegschaft. In diesem Artikel erfahren Sie, welche Ursachen hinter dieser Entwicklung stecken und mit welchen Strategien Unternehmen heute aktiv gegensteuern k\u00f6nnen.<\/p>\n<h2>Kurz erkl\u00e4rt<\/h2>\n<ol>\n<li>Zu einem Fachkr\u00e4ftemangel kommt es, wenn die <strong>Nachfrage nach Fachkr\u00e4ften \u00fcber einen l\u00e4ngeren Zeitraum hinweg h\u00f6her ist als das tats\u00e4chliche Angebot.<\/strong><\/li>\n<li>Besonders die <strong>Gesundheitsbranche<\/strong> und die die <strong>Baubranche<\/strong> leiden unter dem <strong>Fachkr\u00e4ftemangel.<\/strong><\/li>\n<li>Unternehmen k\u00f6nnen dem Fachkr\u00e4ftemangel bspw. durch den <strong>Aufbau eines starken Employer Brandings entgegenwirken.<\/strong><\/li>\n<\/ol>\n<div class=\"factorial-banner inline-banner banner-other category-mitarbeiter-gewinnen\"\n    data-banner-id=\"185939\"\n    data-banner-type=\"other\"\n    data-category=\"Mitarbeiter gewinnen\">\n    <div class=\"banner-content\">\n        <div class=\"banner-text\">\n                            <h4>Neue Studie: Weniger Admin, mehr Strategie im HR<\/h4>\n            \n                            <p>Zu viel Admin blockiert strategisches HR\r\nSo schaffen Unternehmen den Wechsel zu datengetriebenen Entscheidungen<\/p>\n            \n                            <a href=\"https:\/\/factorialhr.de\/hr-data-report-2026\"\n                    class=\"factorial-cta-button not-prose freebie\" data-cta=\"other\" data-cta-position=\"inline-banner\">\n                    Jetzt herunterladen                <\/a>\n                    <\/div>\n\n        <div class=\"banner-image has-image\">\n            <img decoding=\"async\" src=\"https:\/\/factorialhr.com\/wp-content\/uploads\/2026\/04\/08130728\/1773932918-header-report-lp-1.png\" class=\"not-prose\" \/>\n        <\/div>\n    <\/div>\n<\/div>\n<h2><strong>Fachkr\u00e4ftemangel 2026: Definition und Bedeutung<\/strong><\/h2>\n<h3>Was ist Fachkr\u00e4ftemangel?<\/h3>\n<p><span style=\"font-weight: 400;\">Mit dem Begriff Fachkr\u00e4ftemangel wird ein Zustand beschrieben, in dem eine signifikante Anzahl offener Stellen langfristig nicht mit entsprechend qualifiziertem Personal besetzt werden kann. Dieser Zustand hat f\u00fcr bestimmt Berufsgruppen, Branchen und Regionen schwerwiegende Auswirkungen. Denn trotz wirtschaftlicher Flaute k\u00f6nnen<strong> 36 % der Unternehmen laut<\/strong> <a href=\"https:\/\/www.dihk.de\/de\/newsroom\/fachkraeftereport-2025-2026-engpaesse-bleiben-eine-herausforderung-159846\">DIHK-Studie<\/a> <strong>offene Stellen nicht besetzen.<\/strong><\/span><\/p>\n<p>Unter den Unternehmen, die aktuell aktiv Personal suchen, leiden laut <a href=\"https:\/\/www.ifo.de\/publikationen\/2023\/aufsatz-zeitschrift\/fachkraeftemangel-praegt-hr-strategie-von-unternehmen\" target=\"_blank\" rel=\"noopener\">ifo\/Randstad-Befragung<\/a> <b data-path-to-node=\"4,0,0\" data-index-in-node=\"122\">54 % unter einem massiven Bewerbermangel<\/b>. Weitere 34 % sind zumindest teilweise davon betroffen. Das bedeutet, dass fast 9 von 10 suchenden Unternehmen Schwierigkeiten haben, \u00fcberhaupt Kandidat*innen zu finden.<\/p>\n<h3>Was ist der Unterschied zwischen Fachkr\u00e4ftemangel und Arbeitskr\u00e4ftemangel?<\/h3>\n<p><span data-path-to-node=\"4,0\">In der Arbeitsmarktforschung wird zwischen Fachkr\u00e4ftemangel und Arbeitskr\u00e4ftemangel unterschiede. <strong>Fachkr\u00e4ftemangel<\/strong> bezieht sich spezifisch auf <strong>Personen mit einer mindestens zwei- bis dreij\u00e4hrigen Berufsausbildung<\/strong> oder einem <strong>Studium<\/strong>.<\/span><span data-path-to-node=\"4,2\"> <b data-path-to-node=\"4,2\" data-index-in-node=\"1\">Arbeitskr\u00e4ftemangel<\/b> hingegen beschreibt <strong>eine allgemeine Knappheit an Personal \u00fcber alle Qualifikationsstufen hinweg<\/strong>, also auch bei Hilfskr\u00e4ften . W\u00e4hrend es bei ungelernten Kr\u00e4ften aktuell eher ein \u00dcberangebot gibt, fehlen in Fachkraftberufen oft die passenden Qualifikationen (Qualifikations-Mismatch).<\/span><\/p>\n<h3>Fachkr\u00e4ftemangel Deutschland: Welche Branchen sind besonders vom Fachkr\u00e4ftemangel betroffen?<\/h3>\n<p><span style=\"font-weight: 400;\">In Deutschland sind besonders die Pflege, das Baugewerbe, die \u00f6ffentliche Verwaltung und Soziales sowie die Industrie betroffen. Allein im Gesundheitswesen blieben laut <a href=\"https:\/\/www.iwkoeln.de\/presse\/pressemitteilungen\/gero-kunath-valeria-quispe-sabine-koehne-finster-dirk-werner-in-diesen-branchen-ist-der-fachkraeftemangel-am-groessten.html\" target=\"_blank\" rel=\"noopener\">IW-Studie<\/a> 2024 46.000 Stellen unbesetzt. Damit liegt diese Branche an der Spitze was den Fachkr\u00e4ftemangel angeht.<\/span><\/p>\n<h3><b data-path-to-node=\"41\" data-index-in-node=\"0\">Wie wirkt sich Fachkr\u00e4ftemangel auf Unternehmen aus?<\/b><\/h3>\n<p data-path-to-node=\"3\">Der Fachkr\u00e4ftemangel ist f\u00fcr Unternehmen weit mehr als nur ein administratives Problem; er bedroht direkt die Wettbewerbsf\u00e4higkeit und das Wachstum. Die Auswirkungen lassen sich in drei Kernbereiche unterteilen:<\/p>\n<ul data-path-to-node=\"4\">\n<li>\n<p data-path-to-node=\"4,0,0\"><b data-path-to-node=\"4,0,0\" data-index-in-node=\"0\">Wirtschaftliche Einbu\u00dfen:<\/b> Wenn Stellen lange unbesetzt bleiben (<a href=\"https:\/\/factorialhr.de\/blog\/vakanzzeit\/\">Vakanzzeit<\/a>), m\u00fcssen Auftr\u00e4ge abgelehnt oder Projekte verschoben werden. Dies f\u00fchrt zu direkten Umsatzverlusten. Zudem steigen die Recruiting-Kosten pro Kopf (Cost-per-Hire) massiv an.<\/p>\n<\/li>\n<li>\n<p data-path-to-node=\"4,1,0\"><b data-path-to-node=\"4,1,0\" data-index-in-node=\"0\">\u00dcberlastung der Belegschaft:<\/b> Die Arbeit der fehlenden Fachkr\u00e4fte muss oft vom vorhandenen Personal aufgefangen werden. Die Folge sind eine h\u00f6here Arbeitsbelastung, steigende <a href=\"https:\/\/factorialhr.de\/blog\/burnout\/\">Burnout<\/a>-Quoten und ein Sinken der allgemeinen Arbeitsqualit\u00e4t. Dies kann eine Abw\u00e4rtsspirale in Gang setzen, da unzufriedene Mitarbeitende eher k\u00fcndigen. Und Studien best\u00e4tigen diese Entwicklung: Laut <a href=\"https:\/\/factorialhr.de\/hr-data-report-2026\">Factorial HR-Report<\/a> berichten <span data-path-to-node=\"16,1,0,2\"><b data-path-to-node=\"16,1,0,2\" data-index-in-node=\"0\"><span class=\"citation-117\">58,7 % der Besch\u00e4ftigten berichten von einer gestiegenen Arbeitsbelastung<\/span><\/b><span class=\"citation-117\"> in den letzten 12 Monaten. Zudem registrieren <span class=\"citation-116\">HR-Abteilungen als Folge der \u00dcberlastung bereits <\/span><b data-path-to-node=\"16,2,1,0\" data-index-in-node=\"84\"><span class=\"citation-116\">steigende Krankenst\u00e4nde (49,5 %)<\/span><\/b><span class=\"citation-116\"> und eine <\/span><b data-path-to-node=\"16,2,1,0\" data-index-in-node=\"126\"><span class=\"citation-116\">sinkende Motivation (41,7 %)<\/span><\/b><span class=\"citation-116\"> in den Betrieben<\/span>.<\/span><\/span><\/p>\n<\/li>\n<\/ul>\n<p><span style=\"font-weight: 400;\"><div class=\"factorial-banner inline-banner banner-other category-mitarbeiter-gewinnen\"\n    data-banner-id=\"164661\"\n    data-banner-type=\"other\"\n    data-category=\"Mitarbeiter gewinnen\">\n    <div class=\"banner-content\">\n        <div class=\"banner-text\">\n                            <h4>Gesundheit &amp; Mitarbeiterbindung: Kit<\/h4>\n            \n                            <p>Motivierte und zufriedene Mitarbeitende? In diesem Kit teilen wir Tipps und Best Practices f\u00fcr eine hohe Mitarbeitergesundheit &amp; Retention Rate.<\/p>\n            \n                            <a href=\"https:\/\/factorialhr.de\/vorlagen\/mitarbeitergesundheit-kit\"\n                    class=\"factorial-cta-button not-prose freebie\" data-cta=\"other\" data-cta-position=\"inline-banner\">\n                    Kostenlos herunterladen                <\/a>\n                    <\/div>\n\n        <div class=\"banner-image no-image\">\n            <img decoding=\"async\" src=\"https:\/\/factorialhr.de\/blog\/app\/plugins\/factorial-utilities\/assets\/images\/banners\/inline\/backgrounds\/default_image.svg\" class=\"not-prose\" \/>\n        <\/div>\n    <\/div>\n<\/div><\/span><\/p>\n<ul data-path-to-node=\"4\">\n<li>\n<p data-path-to-node=\"4,2,0\"><b data-path-to-node=\"4,2,0\" data-index-in-node=\"0\">Innovationsstau:<\/b> Ohne Spezialist*innen fehlen die Kapazit\u00e4ten f\u00fcr Forschung und Entwicklung. Besonders im Bereich der <a href=\"https:\/\/factorialhr.de\/blog\/eu-digitalisierungsstrategie\/\">Digitalisierung<\/a> verlieren Unternehmen den Anschluss an den globalen Markt, wenn die Expert*innen f\u00fcr die Implementierung neuer Technologien fehlen.<\/p>\n<\/li>\n<\/ul>\n<h3>Was sind die Ursachen f\u00fcr den Fachkr\u00e4ftemangel?<\/h3>\n<p data-path-to-node=\"10\">Der Mangel ist das Ergebnis mehrerer struktureller Entwicklungen.Dazu geh\u00f6ren u.a.:<\/p>\n<ul data-path-to-node=\"11\">\n<li>\n<p data-path-to-node=\"11,0,0\"><b data-path-to-node=\"11,0,0\" data-index-in-node=\"0\">Demografischer Wandel:<\/b> Die geburtenstarken Jahrg\u00e4nge der \u201eBabyboomer&#8220; gehen in Rente. So hat das <a href=\"https:\/\/www.iwkoeln.de\/presse\/pressemitteilungen\/alexander-burstedde-jurek-tiedemann-2028-fehlen-768000-fachkraefte.html\" target=\"_blank\" rel=\"noopener\">Institut der Deutsche Wirtschaft<\/a> errechnet, dass bis 2028 knapp 800.000 Fachkr\u00e4fte fehlen werden.<\/p>\n<\/li>\n<li>\n<p data-path-to-node=\"11,1,0\"><b data-path-to-node=\"11,1,0\" data-index-in-node=\"0\">Strukturwandel und Digitalisierung:<\/b> Neue Technologien (z. B. KI) ver\u00e4ndern Anforderungsprofile schneller, als das Bildungssystem reagieren kann. Dies f\u00fchrt zu einem Qualifikationsmismatch.<\/p>\n<\/li>\n<li>\n<p data-path-to-node=\"11,2,0\"><b data-path-to-node=\"11,2,0\" data-index-in-node=\"0\">Bildungstrends:<\/b> Immer mehr junge Menschen entscheiden sich f\u00fcr ein Studium, w\u00e4hrend die Zahl der Neuvertr\u00e4ge in der dualen Ausbildung sinkt (laut <a href=\"https:\/\/www.destatis.de\/DE\/Presse\/Pressemitteilungen\/2026\/04\/PD26_133_212.html\" target=\"_blank\" rel=\"noopener\">Statistischem Bundesamt<\/a> ein R\u00fcckgang um 2,8 % in 2025).<\/p>\n<\/li>\n<li>\n<p data-path-to-node=\"11,3,0\"><b data-path-to-node=\"11,3,0\" data-index-in-node=\"0\">Arbeitsbedingungen:<\/b> In Branchen wie der Pflege oder dem Handwerk schrecken unattraktive Arbeitszeiten, hohe Belastungen oder ein schlechtes Image potenzielle Bewerber*innen ab.<\/p>\n<\/li>\n<li>\n<p data-path-to-node=\"11,4,0\"><b data-path-to-node=\"11,4,0\" data-index-in-node=\"0\">Ungenutztes Potenzial:<\/b> Etwa 15 % der 15- bis 34-J\u00e4hrigen arbeiten in Jobs, f\u00fcr die sie eigentlich \u00fcberqualifiziert sind (<a href=\"https:\/\/www.destatis.de\/DE\/Presse\/Pressemitteilungen\/Zahl-der-Woche\/2026\/PD26_05_p002.html\" target=\"_blank\" rel=\"noopener\">Destatis<\/a>), w\u00e4hrend gleichzeitig 1,5 Millionen Arbeitslose keinen formalen Berufsabschluss haben (<a href=\"https:\/\/www.dihk.de\/resource\/blob\/159714\/0ae2cf7cc1789688edf318a7655ad5d4\/dihk-fachkraeftereport-2025-2026-data.pdf\" target=\"_blank\" rel=\"noopener\">DIHK-Fachkr\u00e4ftereport<\/a>).<\/p>\n<\/li>\n<\/ul>\n<h2>Analyse und Status Quo im eigenen Unternehmen<\/h2>\n<p id=\"p-c_acd67cb84be45de5_skilled_labor_factorial_full_strategy_2026-113\" data-path-to-node=\"18\"><span data-path-to-node=\"18,0\">Bevor Unternehmen externe Rekrutierungskampagnen starten, m\u00fcssen sie verstehen, welche Kompetenzen intern bereits vorhanden sind und welche in Zukunft fehlen werden.<\/span><span data-path-to-node=\"18,2\"> Eine pr\u00e4zise Status-Quo-Analyse umfasst u.a.:<\/span><\/p>\n<ol start=\"1\" data-path-to-node=\"19\">\n<li>\n<p data-path-to-node=\"19,0,0\"><b data-path-to-node=\"19,0,0\" data-index-in-node=\"0\">Skill-Mapping<\/b>: Welche Fachkenntnisse und <a href=\"https:\/\/factorialhr.de\/blog\/soft-skills\/\">Soft Skills<\/a> besitzen meine Mitarbeitenden?<\/p>\n<\/li>\n<li>\n<p data-path-to-node=\"19,1,0\"><b data-path-to-node=\"19,1,0\" data-index-in-node=\"0\">Bedarfsprognose<\/b>: Welche Rollen fallen durch Digitalisierung weg? Welche \u201eFuture Skills\u201c (z. B. KI-Kompetenz) werden ben\u00f6tigt?<\/p>\n<\/li>\n<li>\n<p data-path-to-node=\"19,2,0\"><b data-path-to-node=\"19,2,0\" data-index-in-node=\"0\">Altersstruktur-Check<\/b>: Wie viele Fachkr\u00e4fte gehen in den n\u00e4chsten 5\u201310 Jahren in Rente?<\/p>\n<\/li>\n<\/ol>\n<p data-path-to-node=\"20\">Digitale <a href=\"https:\/\/factorialhr.de\/\">HR-Software wie <span class=\"hover:entity-accent entity-underline inline cursor-pointer align-baseline\"><span class=\"whitespace-normal\">Factorial<\/span><\/span><\/a> kann diesen Prozess unterst\u00fctzen, etwa durch Performance- und Talentmanagement-Funktionen, strukturierte Mitarbeiterdaten und Auswertungen. So lassen sich Potenziale besser erkennen, erste Qualifikationsl\u00fccken identifizieren und eine datenbasierte Personal- und Nachfolgeplanung vorbereiten.<\/p>\n<p><iframe title=\"Factorial: viel mehr als eine HR-Software\" width=\"500\" height=\"281\" src=\"https:\/\/www.youtube.com\/embed\/xI1VjnXD2IM?feature=oembed\" frameborder=\"0\" allow=\"accelerometer; autoplay; clipboard-write; encrypted-media; gyroscope; picture-in-picture; web-share\" referrerpolicy=\"strict-origin-when-cross-origin\" allowfullscreen><\/iframe><\/p>\n<h2 data-path-to-node=\"18\">Strategie gegen Fachkr\u00e4ftemangel: <b data-path-to-node=\"42,0\" data-index-in-node=\"0\">Wie k\u00f6nnen Unternehmen dem Fachkr\u00e4ftemangel entgegenwirken?<\/b><\/h2>\n<p data-path-to-node=\"19\">Um den Fachkr\u00e4ftemangel zu bew\u00e4ltigen, m\u00fcssen Betriebe \u00fcber klassische <a href=\"https:\/\/factorialhr.de\/blog\/stellenanzeigen-multiposting\/\">Stellenanzeigen<\/a> hinausdenken. Es braucht eine Kombination aus verschiedenen Ans\u00e4tzen, um gegen den Mangel gewappnet zu sein. Zu den effektivsten betrieblichen L\u00f6sungen geh\u00f6ren beispielsweise:<\/p>\n<h3 data-path-to-node=\"20\">1. Digitalisierung und Automatisierung als Hebel<\/h3>\n<p data-path-to-node=\"21\">Moderne Technologie ersetzt fehlende H\u00e4nde. Viele administrative Aufgaben, die zuvor manuell erledigt wurden, k\u00f6nnen mittlerweile durch Software \u00fcbernommen werden. Insbesondere f\u00fcr KMUs, die oft ein begrenztes Budget haben oder sich keine eigene gro\u00dfe HR-Abteilung leisten k\u00f6nnen, bietet die <a href=\"https:\/\/factorialhr.de\/\">HR-Software von Factorial<\/a> die perfekte L\u00f6sung. Durch die Automatisierung von Prozessen wie der <a href=\"https:\/\/factorialhr.de\/blog\/elektronische-zeiterfassung-pflicht\/\">Zeiterfassung<\/a>, <a href=\"https:\/\/factorialhr.de\/product-launches\/automate-shift-planning-and-save-time\">automatischen Schichtplanung<\/a>, <a href=\"https:\/\/factorialhr.de\/blog\/digitale-personalakte\/\">digitalen Personalakte<\/a> oder der <a href=\"https:\/\/factorialhr.de\/blog\/payroll\/\">Payroll<\/a>-Vorbereitung lassen sich viel Arbeitszeit einsparen.<\/p>\n<h3 data-path-to-node=\"22\">2. Recruiting-Trends: Internes Reskilling und Upskilling<\/h3>\n<p data-path-to-node=\"23\">Anstatt vergeblich extern nach Fachkr\u00e4ften zu suchen, k\u00f6nnen Unternehmen gezielt in die Qualifizierung ihrer bestehenden Mitarbeitenden investieren. Das gelingt beispielsweise durch Weiterbildungen, interne <a href=\"https:\/\/factorialhr.de\/blog\/schulungssoftware\/\">Schulungen<\/a> oder digitale Lernplattformen wie LMS-Software. Unterst\u00fctzung bietet dabei das <a href=\"https:\/\/www.arbeitsagentur.de\/vor-ort\/bruehl\/qualifizierungschancengesetz\" target=\"_blank\" rel=\"noopener\">Qualifizierungschancengesetz (QCG)<\/a>, ein deutsches F\u00f6rdergesetz, das Unternehmen mit finanziellen Zusch\u00fcssen bei Weiterbildungsma\u00dfnahmen und teilweise auch bei Lohnkosten entlastet.<\/p>\n<p data-path-to-node=\"23\"><span data-path-to-node=\"6,0\"><b data-path-to-node=\"6,0\" data-index-in-node=\"0\"><span class=\"citation-161\">Tipp:<\/span><\/b><span class=\"citation-161\"> Mit Factorial verf\u00fcgen Sie \u00fcber ein umfangreiches <a href=\"https:\/\/factorialhr.de\/lms\">Lernmanagementsystem (LMS)<\/a>, in dem sich Ihre Mitarbeitenden gezielt weiterqualifizieren k\u00f6nnen<\/span><\/span><span data-path-to-node=\"6,2\">.<\/span><\/p>\n<p data-path-to-node=\"23\"><a href=\"https:\/\/factorialhr.de\/lms\"><img decoding=\"async\" class=\"alignnone size-full wp-image-182541\" src=\"https:\/\/factorialhr.de\/wp-content\/uploads\/2025\/11\/03130746\/LMS-product-screen.webp\" alt=\"LMS product screen\" width=\"1800\" height=\"1144\" srcset=\"https:\/\/factorialhr.de\/wp-content\/uploads\/2025\/11\/03130746\/LMS-product-screen.webp 1800w, https:\/\/factorialhr.de\/wp-content\/uploads\/2025\/11\/03130746\/LMS-product-screen-300x191.webp 300w, https:\/\/factorialhr.de\/wp-content\/uploads\/2025\/11\/03130746\/LMS-product-screen-1024x651.webp 1024w, https:\/\/factorialhr.de\/wp-content\/uploads\/2025\/11\/03130746\/LMS-product-screen-768x488.webp 768w, https:\/\/factorialhr.de\/wp-content\/uploads\/2025\/11\/03130746\/LMS-product-screen-1536x976.webp 1536w\" sizes=\"(max-width: 1800px) 100vw, 1800px\" \/><\/a><\/p>\n<h3 data-path-to-node=\"24\">3. Employer Branding und Flexibilit\u00e4t: Welche Rolle spielt Employer Branding beim Fachkr\u00e4ftemangel?<\/h3>\n<p data-path-to-node=\"25\">Attraktivit\u00e4t als Arbeitgebender ist heute ein entscheidender Wettbewerbsvorteil im <a href=\"https:\/\/factorialhr.de\/blog\/war-for-talents\/\">Kampf um Talente<\/a>. Besonders j\u00fcngere Generationen legen gro\u00dfen Wert auf <a href=\"https:\/\/factorialhr.de\/blog\/arbeitzeitflexibilisierung\/\">flexible Arbeitsmodelle<\/a>, sinnstiftende T\u00e4tigkeiten und eine ausgewogene <a href=\"https:\/\/factorialhr.de\/blog\/work-life-balance\/\">Work-Life-Balance<\/a>. Unternehmen sollten daher nicht nur auf klassische <a href=\"https:\/\/factorialhr.de\/blog\/corporate-benefits\/\">Benefits<\/a> setzen, sondern aktiv moderne Arbeitsbedingungen gestalten \u2013 etwa durch <a href=\"https:\/\/factorialhr.de\/blog\/remote-work\/\">Remote<\/a>-Optionen, flexible Arbeitszeiten oder individuelle Entwicklungsm\u00f6glichkeiten. Auch regulatorische Ver\u00e4nderungen wie die verpflichtende Lohntransparenz ab Juni 2026 k\u00f6nnen gezielt als Chance genutzt werden, um Vertrauen aufzubauen und Fairness sichtbar zu machen. Wer diese Aspekte glaubw\u00fcrdig in seiner Unternehmenskultur verankert und klar kommuniziert, st\u00e4rkt langfristig seine Arbeitgebermarke und positioniert sich als attraktives, zukunftsorientiertes Unternehmen.<\/p>\n<h3 data-path-to-node=\"26\">4. Inklusion und Diversit\u00e4t<\/h3>\n<p data-path-to-node=\"27\">Inklusion und Diversit\u00e4t sind l\u00e4ngst keine reinen Image-Themen mehr, sondern ein zentraler Erfolgsfaktor f\u00fcr Unternehmen. Wer gezielt unterschiedliche Perspektiven einbindet, steigert Innovationskraft, <a href=\"https:\/\/factorialhr.de\/blog\/mitarbeiterzufriedenheit\/\">Mitarbeiterzufriedenheit<\/a> und langfristig auch die Wettbewerbsf\u00e4higkeit. Dazu geh\u00f6rt, bisher ungenutzte Potenziale aktiv zu erschlie\u00dfen \u2013 etwa durch die F\u00f6rderung \u00e4lterer Arbeitskr\u00e4fte (50+), die Integration von Menschen mit Behinderungen oder die gezielte Ansprache internationaler Fachkr\u00e4fte. Entscheidend ist dabei nicht nur die <a href=\"https:\/\/factorialhr.de\/blog\/effektiver-rekrutierungsprozess\/\">Rekrutierung<\/a>, sondern auch ein inklusives Arbeitsumfeld, in dem alle Mitarbeitenden gleiche Chancen auf Entwicklung und Teilhabe haben. Gesetzliche Rahmenbedingungen wie das <a href=\"https:\/\/www.auswaertiges-amt.de\/de\/service\/visa-und-aufenthalt\/nationale-visa\/feg\">Fachkr\u00e4fteeinwanderungsgesetz (FEG)<\/a> erleichtern zus\u00e4tzlich den Zugang zu Talenten aus Drittstaaten und bieten Unternehmen die M\u00f6glichkeit, ihre Teams vielf\u00e4ltiger und zukunftsf\u00e4higer aufzustellen.<\/p>\n<h2 data-path-to-node=\"29\">Fachkr\u00e4ftemangel \u00fcberwinden: Wie k\u00f6nnen HR-Tools beim Fachkr\u00e4ftemangel helfen?<\/h2>\n<p data-path-to-node=\"30\">Tools wie die HR-Software Factorial k\u00f6nnen eine entscheidende Hilfe gegen den Personalmangel. Konkret unterst\u00fctzt die Software Unternehmen u.a. in folgenden Aspekten:<\/p>\n<ul data-path-to-node=\"31\">\n<li>\n<p data-path-to-node=\"31,0,0\"><b data-path-to-node=\"31,0,0\" data-index-in-node=\"0\">Beschleunigung und Verbesserung des Recruitings<\/b>: Automatisierte Workflows verk\u00fcrzen die <a href=\"https:\/\/factorialhr.de\/blog\/time-to-hire\/\">Time-to-Hire<\/a> drastisch, damit Top-Kandidat*innen nicht zur Konkurrenz abwandern.<\/p>\n<\/li>\n<li>\n<p data-path-to-node=\"31,1,0\"><b data-path-to-node=\"31,1,0\" data-index-in-node=\"0\">St\u00e4rkung der Mitarbeiterbindung<\/b>: Durch professionelle <a href=\"https:\/\/factorialhr.de\/blog\/digitales-onboarding\/\">Onboarding<\/a>-Prozesse und individuelle Entwicklungspl\u00e4ne f\u00fchlen sich Mitarbeitende wertgesch\u00e4tzt und bleiben l\u00e4nger im Betrieb.<\/p>\n<\/li>\n<li>\n<p data-path-to-node=\"31,2,0\"><b data-path-to-node=\"31,2,0\" data-index-in-node=\"0\">Schaffung von Transparenz<\/b>: Die Software erm\u00f6glicht Ihnen den \u00dcberblick \u00fcber Urlaubszeiten, Schichtpl\u00e4ne und Qualifikationsbedarfe in Echtzeit zu behalten.<\/p>\n<\/li>\n<li>\n<p data-path-to-node=\"31,3,0\"><b data-path-to-node=\"31,3,0\" data-index-in-node=\"0\">KI im Recruiting<\/b>: KI-gest\u00fctzte Algorithmen helfen Ihnen passende Kandidat*innen schneller zu identifizieren und anzusprechen.<\/p>\n<\/li>\n<\/ul>\n<p>Probieren Sie es noch heute aus!<\/p>\n<p><div class=\"factorial-banner inline-banner banner-discover category-mitarbeiter-gewinnen\"\n    data-banner-id=\"164393\"\n    data-banner-type=\"discover\"\n    data-category=\"Mitarbeiter gewinnen\">\n    <div class=\"banner-content\">\n        <div class=\"banner-text\">\n                            <h4>Die Software, die alles verbindet, was Sie f\u00fcr das Management Ihres Teams brauchen.<\/h4>\n            \n                            <p>Entdecken Sie jetzt Factorial und erfahren Sie, wie Sie Ihre Prozesse effizienter gestalten.<\/p>\n            \n                            <a href=\"https:\/\/factorialhr.de\/entdecken-factorial-software\"\n                    class=\"factorial-cta-button not-prose demo btn-brand\" data-cta=\"discover\" data-cta-position=\"inline-banner\">\n                    Factorial entdecken                <\/a>\n                    <\/div>\n\n        <div class=\"banner-image has-image\">\n            <img decoding=\"async\" src=\"https:\/\/factorialhr.com\/wp-content\/uploads\/2025\/07\/18113357\/Laptop_screen-3-1.png\" class=\"not-prose\" \/>\n        <\/div>\n    <\/div>\n<\/div><br \/>\n<script type=\"application\/ld+json\">\n{\n  \"@context\": \"https:\/\/schema.org\",\n  \"@type\": \"FAQPage\",\n  \"mainEntity\": [{\n    \"@type\": \"Question\",\n    \"name\": \"Was ist Fachkr\u00e4ftemangel?\",\n    \"acceptedAnswer\": {\n      \"@type\": \"Answer\",\n      \"text\": \"Mit dem Begriff Fachkr\u00e4ftemangel wird ein Zustand beschrieben, in dem eine signifikante Anzahl offener Stellen langfristig nicht mit entsprechend qualifiziertem Personal besetzt werden kann. Dieser Zustand hat f\u00fcr bestimmt Berufsgruppen, Branchen und Regionen schwerwiegende Auswirkungen. Denn trotz wirtschaftlicher Flaute k\u00f6nnen 36 % der Unternehmen laut DIHK-Studie offene Stellen nicht besetzen.<\/p>\n<p>Unter den Unternehmen, die aktuell aktiv Personal suchen, leiden laut ifo\/Randstad-Befragung 54 % unter einem massiven Bewerbermangel. Weitere 34 % sind zumindest teilweise davon betroffen. Das bedeutet, dass fast 9 von 10 suchenden Unternehmen Schwierigkeiten haben, \u00fcberhaupt Kandidat*innen zu finden.\"\n    }\n  },{\n    \"@type\": \"Question\",\n    \"name\": \"Was ist der Unterschied zwischen Fachkr\u00e4ftemangel und Arbeitskr\u00e4ftemangel?\",\n    \"acceptedAnswer\": {\n      \"@type\": \"Answer\",\n      \"text\": \"In der Arbeitsmarktforschung wird zwischen Fachkr\u00e4ftemangel und Arbeitskr\u00e4ftemangel unterschiede. Fachkr\u00e4ftemangel bezieht sich spezifisch auf Personen mit einer mindestens zwei- bis dreij\u00e4hrigen Berufsausbildung oder einem Studium. Arbeitskr\u00e4ftemangel hingegen beschreibt eine allgemeine Knappheit an Personal \u00fcber alle Qualifikationsstufen hinweg, also auch bei Hilfskr\u00e4ften . W\u00e4hrend es bei ungelernten Kr\u00e4ften aktuell eher ein \u00dcberangebot gibt, fehlen in Fachkraftberufen oft die passenden Qualifikationen (Qualifikations-Mismatch).\"\n    }\n  },{\n    \"@type\": \"Question\",\n    \"name\": \"Welche Branchen sind besonders vom Fachkr\u00e4ftemangel betroffen?\",\n    \"acceptedAnswer\": {\n      \"@type\": \"Answer\",\n      \"text\": \"In Deutschland sind besonders die Pflege, das Baugewerbe, die \u00f6ffentliche Verwaltung und Soziales sowie die Industrie betroffen. Allein im Gesundheitswesen blieben laut IW-Studie 2024 46.000 Stellen unbesetzt. Damit liegt diese Branche an der Spitze was den Fachkr\u00e4ftemangel angeht.\"\n    }\n  },{\n    \"@type\": \"Question\",\n    \"name\": \"Wie wirkt sich Fachkr\u00e4ftemangel auf Unternehmen aus?\",\n    \"acceptedAnswer\": {\n      \"@type\": \"Answer\",\n      \"text\": \"Der Fachkr\u00e4ftemangel ist f\u00fcr Unternehmen weit mehr als nur ein administratives Problem; er bedroht direkt die Wettbewerbsf\u00e4higkeit und das Wachstum. Die Auswirkungen lassen sich in drei Kernbereiche unterteilen:<\/p>\n<p>Wirtschaftliche Einbu\u00dfen: Wenn Stellen lange unbesetzt bleiben (Vakanzzeit), m\u00fcssen Auftr\u00e4ge abgelehnt oder Projekte verschoben werden. Dies f\u00fchrt zu direkten Umsatzverlusten. Zudem steigen die Recruiting-Kosten pro Kopf (Cost-per-Hire) massiv an.<\/p>\n<p>\u00dcberlastung der Belegschaft: Die Arbeit der fehlenden Fachkr\u00e4fte muss oft vom vorhandenen Personal aufgefangen werden. Die Folge sind eine h\u00f6here Arbeitsbelastung, steigende Burnout-Quoten und ein Sinken der allgemeinen Arbeitsqualit\u00e4t. Dies kann eine Abw\u00e4rtsspirale in Gang setzen, da unzufriedene Mitarbeitende eher k\u00fcndigen. Und Studien best\u00e4tigen diese Entwicklung: Laut Factorial HR-Report berichten 58,7 % der Besch\u00e4ftigten berichten von einer gestiegenen Arbeitsbelastung in den letzten 12 Monaten. Zudem registrieren HR-Abteilungen als Folge der \u00dcberlastung bereits steigende Krankenst\u00e4nde (49,5 %) und eine sinkende Motivation (41,7 %) in den Betrieben.<\/p>\n<p>Innovationsstau: Ohne Spezialist*innen fehlen die Kapazit\u00e4ten f\u00fcr Forschung und Entwicklung. Besonders im Bereich der Digitalisierung verlieren Unternehmen den Anschluss an den globalen Markt, wenn die Expert*innen f\u00fcr die Implementierung neuer Technologien fehlen.\"\n    }\n  },{\n    \"@type\": \"Question\",\n    \"name\": \"Was sind die Ursachen f\u00fcr den Fachkr\u00e4ftemangel?\",\n    \"acceptedAnswer\": {\n      \"@type\": \"Answer\",\n      \"text\": \"Der Mangel ist das Ergebnis mehrerer struktureller Entwicklungen.Dazu geh\u00f6ren u.a.:<\/p>\n<p>Demografischer Wandel: Die geburtenstarken Jahrg\u00e4nge der \u201eBabyboomer\\\" gehen in Rente. So hat das Institut der Deutsche Wirtschaft errechnet, dass bis 2028 knapp 800.000 Fachkr\u00e4fte fehlen werden.<\/p>\n<p>Strukturwandel und Digitalisierung: Neue Technologien (z. B. KI) ver\u00e4ndern Anforderungsprofile schneller, als das Bildungssystem reagieren kann. Dies f\u00fchrt zu einem Qualifikationsmismatch.<\/p>\n<p>Bildungstrends: Immer mehr junge Menschen entscheiden sich f\u00fcr ein Studium, w\u00e4hrend die Zahl der Neuvertr\u00e4ge in der dualen Ausbildung sinkt (laut Statistischem Bundesamt ein R\u00fcckgang um 2,8 % in 2025).<\/p>\n<p>Arbeitsbedingungen: In Branchen wie der Pflege oder dem Handwerk schrecken unattraktive Arbeitszeiten, hohe Belastungen oder ein schlechtes Image potenzielle Bewerber*innen ab.<\/p>\n<p>Ungenutztes Potenzial: Etwa 15 % der 15- bis 34-J\u00e4hrigen arbeiten in Jobs, f\u00fcr die sie eigentlich \u00fcberqualifiziert sind (Destatis), w\u00e4hrend gleichzeitig 1,5 Millionen Arbeitslose keinen formalen Berufsabschluss haben (DIHK-Fachkr\u00e4ftereport).\"\n    }\n  },{\n    \"@type\": \"Question\",\n    \"name\": \"Wie k\u00f6nnen Unternehmen dem Fachkr\u00e4ftemangel entgegenwirken?\",\n    \"acceptedAnswer\": {\n      \"@type\": \"Answer\",\n      \"text\": \"Um den Fachkr\u00e4ftemangel zu bew\u00e4ltigen, m\u00fcssen Betriebe \u00fcber klassische Stellenanzeigen hinausdenken. Es braucht eine Kombination aus verschiedenen Ans\u00e4tzen, um gegen den Mangel gewappnet zu sein. Zu den effektivsten betrieblichen L\u00f6sungen geh\u00f6ren beispielsweise:<\/p>\n<p>1. Digitalisierung und Automatisierung als Hebel<\/p>\n<p>Moderne Technologie ersetzt fehlende H\u00e4nde. Viele administrative Aufgaben, die zuvor manuell erledigt wurden, k\u00f6nnen mittlerweile durch Software \u00fcbernommen werden. Insbesondere f\u00fcr KMUs, die oft ein begrenztes Budget haben oder sich keine eigene gro\u00dfe HR-Abteilung leisten k\u00f6nnen, bietet die HR-Software von Factorial die perfekte L\u00f6sung. Durch die Automatisierung von Prozessen wie der Zeiterfassung, automatischen Schichtplanung, digitalen Personalakte oder der Payroll-Vorbereitung lassen sich viel Arbeitszeit einsparen.<\/p>\n<p>2. Recruiting-Trends: Internes Reskilling und Upskilling<\/p>\n<p>Anstatt vergeblich extern nach Fachkr\u00e4ften zu suchen, k\u00f6nnen Unternehmen gezielt in die Qualifizierung ihrer bestehenden Mitarbeitenden investieren. Das gelingt beispielsweise durch Weiterbildungen, interne Schulungen oder digitale Lernplattformen wie LMS-Software. Unterst\u00fctzung bietet dabei das Qualifizierungschancengesetz (QCG), ein deutsches F\u00f6rdergesetz, das Unternehmen mit finanziellen Zusch\u00fcssen bei Weiterbildungsma\u00dfnahmen und teilweise auch bei Lohnkosten entlastet.<\/p>\n<p>Tipp: Mit Factorial verf\u00fcgen Sie \u00fcber ein umfangreiches Lernmanagementsystem (LMS), in dem sich Ihre Mitarbeitenden gezielt weiterqualifizieren k\u00f6nnen.<\/p>\n<p>3. Employer Branding und Flexibilit\u00e4t: Welche Rolle spielt Employer Branding beim Fachkr\u00e4ftemangel?<\/p>\n<p>Attraktivit\u00e4t als Arbeitgebender ist heute ein entscheidender Wettbewerbsvorteil im Kampf um Talente. Besonders j\u00fcngere Generationen legen gro\u00dfen Wert auf flexible Arbeitsmodelle, sinnstiftende T\u00e4tigkeiten und eine ausgewogene Work-Life-Balance. Unternehmen sollten daher nicht nur auf klassische Benefits setzen, sondern aktiv moderne Arbeitsbedingungen gestalten \u2013 etwa durch Remote-Optionen, flexible Arbeitszeiten oder individuelle Entwicklungsm\u00f6glichkeiten. Auch regulatorische Ver\u00e4nderungen wie die verpflichtende Lohntransparenz ab Juni 2026 k\u00f6nnen gezielt als Chance genutzt werden, um Vertrauen aufzubauen und Fairness sichtbar zu machen. Wer diese Aspekte glaubw\u00fcrdig in seiner Unternehmenskultur verankert und klar kommuniziert, st\u00e4rkt langfristig seine Arbeitgebermarke und positioniert sich als attraktives, zukunftsorientiertes Unternehmen.<\/p>\n<p>4. Inklusion und Diversit\u00e4t<\/p>\n<p>Inklusion und Diversit\u00e4t sind l\u00e4ngst keine reinen Image-Themen mehr, sondern ein zentraler Erfolgsfaktor f\u00fcr Unternehmen. Wer gezielt unterschiedliche Perspektiven einbindet, steigert Innovationskraft, Mitarbeiterzufriedenheit und langfristig auch die Wettbewerbsf\u00e4higkeit. Dazu geh\u00f6rt, bisher ungenutzte Potenziale aktiv zu erschlie\u00dfen \u2013 etwa durch die F\u00f6rderung \u00e4lterer Arbeitskr\u00e4fte (50+), die Integration von Menschen mit Behinderungen oder die gezielte Ansprache internationaler Fachkr\u00e4fte. Entscheidend ist dabei nicht nur die Rekrutierung, sondern auch ein inklusives Arbeitsumfeld, in dem alle Mitarbeitenden gleiche Chancen auf Entwicklung und Teilhabe haben. Gesetzliche Rahmenbedingungen wie das Fachkr\u00e4fteeinwanderungsgesetz (FEG) erleichtern zus\u00e4tzlich den Zugang zu Talenten aus Drittstaaten und bieten Unternehmen die M\u00f6glichkeit, ihre Teams vielf\u00e4ltiger und zukunftsf\u00e4higer aufzustellen.\"\n    }\n  },{\n    \"@type\": \"Question\",\n    \"name\": \"Wie k\u00f6nnen HR-Tools beim Fachkr\u00e4ftemangel helfen?\",\n    \"acceptedAnswer\": {\n      \"@type\": \"Answer\",\n      \"text\": \"Tools wie die HR-Software Factorial k\u00f6nnen eine entscheidende Hilfe gegen den Personalmangel. Konkret unterst\u00fctzt die Software Unternehmen u.a. in folgenden Aspekten:<\/p>\n<p>Beschleunigung und Verbesserung des Recruitings: Automatisierte Workflows verk\u00fcrzen die Time-to-Hire drastisch, damit Top-Kandidat*innen nicht zur Konkurrenz abwandern.<\/p>\n<p>St\u00e4rkung der Mitarbeiterbindung: Durch professionelle Onboarding-Prozesse und individuelle Entwicklungspl\u00e4ne f\u00fchlen sich Mitarbeitende wertgesch\u00e4tzt und bleiben l\u00e4nger im Betrieb.<\/p>\n<p>Schaffung von Transparenz: Die Software erm\u00f6glicht Ihnen den \u00dcberblick \u00fcber Urlaubszeiten, Schichtpl\u00e4ne und Qualifikationsbedarfe in Echtzeit zu behalten.<\/p>\n<p>KI im Recruiting: KI-gest\u00fctzte Algorithmen helfen Ihnen passende Kandidat*innen schneller zu identifizieren und anzusprechen.\"\n    }\n  }]\n}\n<\/script><\/p>\n","protected":false},"excerpt":{"rendered":"<p>Der Fachkr\u00e4ftemangel ist l\u00e4ngst kein blo\u00dfes Schlagwort mehr, sondern eine der gr\u00f6\u00dften wirtschaftlichen Herausforderungen unserer Zeit. W\u00e4hrend unbesetzte Stellen das Wachstum bremsen, f\u00fchrt die d\u00fcnne Personaldecke in vielen Betrieben zu einer massiven \u00dcberlastung der bestehenden Belegschaft. In diesem Artikel erfahren Sie, welche Ursachen hinter dieser Entwicklung stecken und mit welchen Strategien Unternehmen heute aktiv gegensteuern<a href=\"https:\/\/factorialhr.de\/blog\/fachkraeftemangel\/\" class=\"read-more\"> [&#8230;]<\/a><\/p>\n","protected":false},"author":112,"featured_media":187730,"comment_status":"closed","ping_status":"closed","sticky":false,"template":"","format":"standard","meta":{"_acf_changed":false,"footnotes":""},"categories":[266],"tags":[],"class_list":["post-96385","post","type-post","status-publish","format-standard","has-post-thumbnail","hentry","category-mitarbeiter-gewinnen"],"acf":{"topics":"talent"},"yoast_head":"<!-- This site is optimized with the Yoast SEO Premium plugin v21.5 (Yoast SEO v21.9.1) - https:\/\/yoast.com\/wordpress\/plugins\/seo\/ -->\n<title>So bek\u00e4mpfen Unternehmen den Fachkr\u00e4ftemangel | Factorial<\/title>\n<meta name=\"description\" content=\"Fachkr\u00e4ftemangel: Erfahren Sie alles \u00fcber Ursachen, betroffene Branchen und wie Sie mit HR-Tools gegensteuern.\" \/>\n<meta name=\"robots\" content=\"index, follow, max-snippet:-1, max-image-preview:large, max-video-preview:-1\" \/>\n<link rel=\"canonical\" href=\"https:\/\/factorialhr.de\/blog\/fachkraeftemangel\/\" \/>\n<meta property=\"og:locale\" content=\"de_DE\" \/>\n<meta property=\"og:type\" content=\"article\" \/>\n<meta property=\"og:title\" content=\"Fachkr\u00e4ftemangel bek\u00e4mpfen: So werden Sie als Arbeitgeber attraktiv\" \/>\n<meta property=\"og:description\" content=\"Fachkr\u00e4ftemangel: Erfahren Sie alles \u00fcber Ursachen, betroffene Branchen und wie Sie mit HR-Tools gegensteuern.\" \/>\n<meta property=\"og:url\" content=\"https:\/\/factorialhr.de\/blog\/fachkraeftemangel\/\" \/>\n<meta property=\"og:site_name\" content=\"Factorial\" \/>\n<meta property=\"article:publisher\" content=\"https:\/\/www.facebook.com\/people\/Factorial\/100064908455810\/\" \/>\n<meta property=\"article:published_time\" content=\"2026-04-28T10:57:41+00:00\" \/>\n<meta property=\"article:modified_time\" content=\"2026-04-28T11:12:58+00:00\" \/>\n<meta property=\"og:image\" content=\"https:\/\/factorialhr.com\/wp-content\/uploads\/2023\/03\/27134233\/Fachkraftemangel-1.webp\" \/>\n\t<meta property=\"og:image:width\" content=\"2560\" \/>\n\t<meta property=\"og:image:height\" content=\"1440\" \/>\n\t<meta property=\"og:image:type\" content=\"image\/webp\" \/>\n<meta name=\"author\" content=\"Marie-Louise Messerschmidt\" \/>\n<meta name=\"twitter:card\" content=\"summary_large_image\" \/>\n<meta name=\"twitter:creator\" content=\"@factorialapp\" \/>\n<meta name=\"twitter:site\" content=\"@factorialapp\" \/>\n<meta name=\"twitter:label1\" content=\"Written by\" \/>\n\t<meta name=\"twitter:data1\" content=\"Marie-Louise Messerschmidt\" \/>\n\t<meta name=\"twitter:label2\" content=\"Est. reading time\" \/>\n\t<meta name=\"twitter:data2\" content=\"6 Minuten\" \/>\n<script type=\"application\/ld+json\" class=\"yoast-schema-graph\">{\"@context\":\"https:\/\/schema.org\",\"@graph\":[{\"@type\":\"Article\",\"@id\":\"https:\/\/factorialhr.de\/blog\/fachkraeftemangel\/#article\",\"isPartOf\":{\"@id\":\"https:\/\/factorialhr.de\/blog\/fachkraeftemangel\/\"},\"author\":{\"name\":\"Marie-Louise Messerschmidt\",\"@id\":\"https:\/\/factorialhr.de\/blog\/#\/schema\/person\/8c62dbde419683b23e49e1ddcc9cd52f\"},\"headline\":\"Fachkr\u00e4ftemangel bek\u00e4mpfen: So werden Sie als Arbeitgeber attraktiv\",\"datePublished\":\"2026-04-28T10:57:41+00:00\",\"dateModified\":\"2026-04-28T11:12:58+00:00\",\"mainEntityOfPage\":{\"@id\":\"https:\/\/factorialhr.de\/blog\/fachkraeftemangel\/\"},\"wordCount\":1393,\"publisher\":{\"@id\":\"https:\/\/factorialhr.de\/blog\/#organization\"},\"articleSection\":[\"Mitarbeiter gewinnen\"],\"inLanguage\":\"de-DE\"},{\"@type\":\"WebPage\",\"@id\":\"https:\/\/factorialhr.de\/blog\/fachkraeftemangel\/\",\"url\":\"https:\/\/factorialhr.de\/blog\/fachkraeftemangel\/\",\"name\":\"So bek\u00e4mpfen Unternehmen den Fachkr\u00e4ftemangel | Factorial\",\"isPartOf\":{\"@id\":\"https:\/\/factorialhr.de\/blog\/#website\"},\"datePublished\":\"2026-04-28T10:57:41+00:00\",\"dateModified\":\"2026-04-28T11:12:58+00:00\",\"description\":\"Fachkr\u00e4ftemangel: Erfahren Sie alles \u00fcber Ursachen, betroffene Branchen und wie Sie mit HR-Tools gegensteuern.\",\"inLanguage\":\"de-DE\",\"potentialAction\":[{\"@type\":\"ReadAction\",\"target\":[\"https:\/\/factorialhr.de\/blog\/fachkraeftemangel\/\"]}]},{\"@type\":\"WebSite\",\"@id\":\"https:\/\/factorialhr.de\/blog\/#website\",\"url\":\"https:\/\/factorialhr.de\/blog\/\",\"name\":\"Factorial\",\"description\":\"\",\"publisher\":{\"@id\":\"https:\/\/factorialhr.de\/blog\/#organization\"},\"potentialAction\":[{\"@type\":\"SearchAction\",\"target\":{\"@type\":\"EntryPoint\",\"urlTemplate\":\"https:\/\/factorialhr.de\/blog\/?s={search_term_string}\"},\"query-input\":\"required name=search_term_string\"}],\"inLanguage\":\"de-DE\"},{\"@type\":\"Organization\",\"@id\":\"https:\/\/factorialhr.de\/blog\/#organization\",\"name\":\"All-in-one business management software - Factorial\",\"url\":\"https:\/\/factorialhr.de\/blog\/\",\"logo\":{\"@type\":\"ImageObject\",\"inLanguage\":\"de-DE\",\"@id\":\"https:\/\/factorialhr.de\/blog\/#\/schema\/logo\/image\/\",\"url\":\"https:\/\/factorialhr.de\/wp-content\/uploads\/2023\/07\/18155144\/factorial-logo.png\",\"contentUrl\":\"https:\/\/factorialhr.de\/wp-content\/uploads\/2023\/07\/18155144\/factorial-logo.png\",\"width\":946,\"height\":880,\"caption\":\"All-in-one business management software - Factorial\"},\"image\":{\"@id\":\"https:\/\/factorialhr.de\/blog\/#\/schema\/logo\/image\/\"},\"sameAs\":[\"https:\/\/www.facebook.com\/people\/Factorial\/100064908455810\/\",\"https:\/\/twitter.com\/factorialapp\",\"https:\/\/www.linkedin.com\/company\/factorialhr\",\"https:\/\/www.youtube.com\/@factorialmedia\",\"https:\/\/www.instagram.com\/factorial\/#\"]},{\"@type\":\"Person\",\"@id\":\"https:\/\/factorialhr.de\/blog\/#\/schema\/person\/8c62dbde419683b23e49e1ddcc9cd52f\",\"name\":\"Marie-Louise Messerschmidt\",\"image\":{\"@type\":\"ImageObject\",\"inLanguage\":\"de-DE\",\"@id\":\"https:\/\/factorialhr.de\/blog\/#\/schema\/person\/image\/\",\"url\":\"https:\/\/secure.gravatar.com\/avatar\/95f420e6138a2befae05fed9d10b393a?s=96&d=identicon&r=g\",\"contentUrl\":\"https:\/\/secure.gravatar.com\/avatar\/95f420e6138a2befae05fed9d10b393a?s=96&d=identicon&r=g\",\"caption\":\"Marie-Louise Messerschmidt\"},\"description\":\"Marie-Louise Messerschmidt ist SEO Content Writer bei Factorial HR und auf rechtlich-strategische HR-Themen spezialisiert. Seit 2017 besch\u00e4ftigt sie sich intensiv mit Entwicklungen im Personalwesen \u2013 mit besonderem Blick auf Gesetzes\u00e4nderungen, Organisationsstrategien und digitale Tools. Ihr interdisziplin\u00e4rer Studienhintergrund in Betriebswirtschaftslehre und Sprachwissenschaften unterst\u00fctzt sie dabei, komplexe Inhalte pr\u00e4zise und verst\u00e4ndlich aufzubereiten.\",\"sameAs\":[\"https:\/\/www.linkedin.com\/in\/marie-m-569011177\/\"],\"url\":\"https:\/\/factorialhr.de\/blog\/author\/marie-louise-messerschmidt\/\"}]}<\/script>\n<!-- \/ Yoast SEO Premium plugin. -->","yoast_head_json":{"title":"So bek\u00e4mpfen Unternehmen den Fachkr\u00e4ftemangel | Factorial","description":"Fachkr\u00e4ftemangel: Erfahren Sie alles \u00fcber Ursachen, betroffene Branchen und wie Sie mit HR-Tools gegensteuern.","robots":{"index":"index","follow":"follow","max-snippet":"max-snippet:-1","max-image-preview":"max-image-preview:large","max-video-preview":"max-video-preview:-1"},"canonical":"https:\/\/factorialhr.de\/blog\/fachkraeftemangel\/","og_locale":"de_DE","og_type":"article","og_title":"Fachkr\u00e4ftemangel bek\u00e4mpfen: So werden Sie als Arbeitgeber attraktiv","og_description":"Fachkr\u00e4ftemangel: Erfahren Sie alles \u00fcber Ursachen, betroffene Branchen und wie Sie mit HR-Tools gegensteuern.","og_url":"https:\/\/factorialhr.de\/blog\/fachkraeftemangel\/","og_site_name":"Factorial","article_publisher":"https:\/\/www.facebook.com\/people\/Factorial\/100064908455810\/","article_published_time":"2026-04-28T10:57:41+00:00","article_modified_time":"2026-04-28T11:12:58+00:00","og_image":[{"width":2560,"height":1440,"url":"https:\/\/factorialhr.com\/wp-content\/uploads\/2023\/03\/27134233\/Fachkraftemangel-1.webp","type":"image\/webp"}],"author":"Marie-Louise Messerschmidt","twitter_card":"summary_large_image","twitter_creator":"@factorialapp","twitter_site":"@factorialapp","twitter_misc":{"Written by":"Marie-Louise Messerschmidt","Est. reading time":"6 Minuten"},"schema":{"@context":"https:\/\/schema.org","@graph":[{"@type":"Article","@id":"https:\/\/factorialhr.de\/blog\/fachkraeftemangel\/#article","isPartOf":{"@id":"https:\/\/factorialhr.de\/blog\/fachkraeftemangel\/"},"author":{"name":"Marie-Louise Messerschmidt","@id":"https:\/\/factorialhr.de\/blog\/#\/schema\/person\/8c62dbde419683b23e49e1ddcc9cd52f"},"headline":"Fachkr\u00e4ftemangel bek\u00e4mpfen: So werden Sie als Arbeitgeber attraktiv","datePublished":"2026-04-28T10:57:41+00:00","dateModified":"2026-04-28T11:12:58+00:00","mainEntityOfPage":{"@id":"https:\/\/factorialhr.de\/blog\/fachkraeftemangel\/"},"wordCount":1393,"publisher":{"@id":"https:\/\/factorialhr.de\/blog\/#organization"},"articleSection":["Mitarbeiter gewinnen"],"inLanguage":"de-DE"},{"@type":"WebPage","@id":"https:\/\/factorialhr.de\/blog\/fachkraeftemangel\/","url":"https:\/\/factorialhr.de\/blog\/fachkraeftemangel\/","name":"So bek\u00e4mpfen Unternehmen den Fachkr\u00e4ftemangel | Factorial","isPartOf":{"@id":"https:\/\/factorialhr.de\/blog\/#website"},"datePublished":"2026-04-28T10:57:41+00:00","dateModified":"2026-04-28T11:12:58+00:00","description":"Fachkr\u00e4ftemangel: Erfahren Sie alles \u00fcber Ursachen, betroffene Branchen und wie Sie mit HR-Tools gegensteuern.","inLanguage":"de-DE","potentialAction":[{"@type":"ReadAction","target":["https:\/\/factorialhr.de\/blog\/fachkraeftemangel\/"]}]},{"@type":"WebSite","@id":"https:\/\/factorialhr.de\/blog\/#website","url":"https:\/\/factorialhr.de\/blog\/","name":"Factorial","description":"","publisher":{"@id":"https:\/\/factorialhr.de\/blog\/#organization"},"potentialAction":[{"@type":"SearchAction","target":{"@type":"EntryPoint","urlTemplate":"https:\/\/factorialhr.de\/blog\/?s={search_term_string}"},"query-input":"required name=search_term_string"}],"inLanguage":"de-DE"},{"@type":"Organization","@id":"https:\/\/factorialhr.de\/blog\/#organization","name":"All-in-one business management software - Factorial","url":"https:\/\/factorialhr.de\/blog\/","logo":{"@type":"ImageObject","inLanguage":"de-DE","@id":"https:\/\/factorialhr.de\/blog\/#\/schema\/logo\/image\/","url":"https:\/\/factorialhr.de\/wp-content\/uploads\/2023\/07\/18155144\/factorial-logo.png","contentUrl":"https:\/\/factorialhr.de\/wp-content\/uploads\/2023\/07\/18155144\/factorial-logo.png","width":946,"height":880,"caption":"All-in-one business management software - Factorial"},"image":{"@id":"https:\/\/factorialhr.de\/blog\/#\/schema\/logo\/image\/"},"sameAs":["https:\/\/www.facebook.com\/people\/Factorial\/100064908455810\/","https:\/\/twitter.com\/factorialapp","https:\/\/www.linkedin.com\/company\/factorialhr","https:\/\/www.youtube.com\/@factorialmedia","https:\/\/www.instagram.com\/factorial\/#"]},{"@type":"Person","@id":"https:\/\/factorialhr.de\/blog\/#\/schema\/person\/8c62dbde419683b23e49e1ddcc9cd52f","name":"Marie-Louise Messerschmidt","image":{"@type":"ImageObject","inLanguage":"de-DE","@id":"https:\/\/factorialhr.de\/blog\/#\/schema\/person\/image\/","url":"https:\/\/secure.gravatar.com\/avatar\/95f420e6138a2befae05fed9d10b393a?s=96&d=identicon&r=g","contentUrl":"https:\/\/secure.gravatar.com\/avatar\/95f420e6138a2befae05fed9d10b393a?s=96&d=identicon&r=g","caption":"Marie-Louise Messerschmidt"},"description":"Marie-Louise Messerschmidt ist SEO Content Writer bei Factorial HR und auf rechtlich-strategische HR-Themen spezialisiert. Seit 2017 besch\u00e4ftigt sie sich intensiv mit Entwicklungen im Personalwesen \u2013 mit besonderem Blick auf Gesetzes\u00e4nderungen, Organisationsstrategien und digitale Tools. Ihr interdisziplin\u00e4rer Studienhintergrund in Betriebswirtschaftslehre und Sprachwissenschaften unterst\u00fctzt sie dabei, komplexe Inhalte pr\u00e4zise und verst\u00e4ndlich aufzubereiten.","sameAs":["https:\/\/www.linkedin.com\/in\/marie-m-569011177\/"],"url":"https:\/\/factorialhr.de\/blog\/author\/marie-louise-messerschmidt\/"}]}},"_links":{"self":[{"href":"https:\/\/factorialhr.de\/blog\/wp-json\/wp\/v2\/posts\/96385"}],"collection":[{"href":"https:\/\/factorialhr.de\/blog\/wp-json\/wp\/v2\/posts"}],"about":[{"href":"https:\/\/factorialhr.de\/blog\/wp-json\/wp\/v2\/types\/post"}],"author":[{"embeddable":true,"href":"https:\/\/factorialhr.de\/blog\/wp-json\/wp\/v2\/users\/112"}],"replies":[{"embeddable":true,"href":"https:\/\/factorialhr.de\/blog\/wp-json\/wp\/v2\/comments?post=96385"}],"version-history":[{"count":67,"href":"https:\/\/factorialhr.de\/blog\/wp-json\/wp\/v2\/posts\/96385\/revisions"}],"predecessor-version":[{"id":187926,"href":"https:\/\/factorialhr.de\/blog\/wp-json\/wp\/v2\/posts\/96385\/revisions\/187926"}],"wp:featuredmedia":[{"embeddable":true,"href":"https:\/\/factorialhr.de\/blog\/wp-json\/wp\/v2\/media\/187730"}],"wp:attachment":[{"href":"https:\/\/factorialhr.de\/blog\/wp-json\/wp\/v2\/media?parent=96385"}],"wp:term":[{"taxonomy":"category","embeddable":true,"href":"https:\/\/factorialhr.de\/blog\/wp-json\/wp\/v2\/categories?post=96385"},{"taxonomy":"post_tag","embeddable":true,"href":"https:\/\/factorialhr.de\/blog\/wp-json\/wp\/v2\/tags?post=96385"}],"curies":[{"name":"wp","href":"https:\/\/api.w.org\/{rel}","templated":true}]}}