{"id":97185,"date":"2023-03-28T13:55:07","date_gmt":"2023-03-28T11:55:07","guid":{"rendered":"https:\/\/factorialhr.com\/blog\/?p=97185"},"modified":"2025-03-26T14:47:07","modified_gmt":"2025-03-26T12:47:07","slug":"kurzarbeit","status":"publish","type":"post","link":"https:\/\/factorialhr.de\/blog\/kurzarbeit\/","title":{"rendered":"Erfolgsmodell f\u00fcr sichere Arbeitspl\u00e4tze: Kurzarbeit"},"content":{"rendered":"<p><span style=\"font-weight: 400;\">Kurzarbeit hat sich als Erfolgsmodell bew\u00e4hrt, um vor allem bei wirtschaftlichen Engp\u00e4ssen in Unternehmen Arbeitspl\u00e4tze zu sichern. In vielen L\u00e4ndern hat es gerade w\u00e4hrend der Corona-Pandemie f\u00fcr eine Abfederung der wirtschaftlichen, betrieblichen und privaten Folgen gesorgt. <\/span><\/p>\n<p><span style=\"font-weight: 400;\">Diese Arbeitsform ist jedoch nicht nur in Pandemiezeiten ein bew\u00e4hrtes Mittel. Als <\/span><b>Flexibilisierungsinstrument <\/b><span style=\"font-weight: 400;\">findet es aus verschiedenen Gr\u00fcnden in Betrieben Anwendung.\u00a0<\/span><\/p>\n<p><span style=\"font-weight: 400;\">Im Folgenden erl\u00e4utern wir, welche Voraussetzungen es f\u00fcr Kurzarbeit gibt, wie die Beantragung abl\u00e4uft und was f\u00fcr den Erholungsurlaub und die Urlaubsverg\u00fctung gilt.<\/span><\/p>\n<p><span class=\"font-sans max-w-full text-lg font-bold normal text-left text-neutral-100 inline\"><strong>\ud83d\udc49 <\/strong><\/span><a href=\"https:\/\/factorialhr.de\/get-started\">Testen Sie Factorial 14 Tage kostenlos. Laut dem Vergleichsportal Trusted ist Factorial die beste Personalsoftware 2023.\u00a0<\/a><\/p>\n<h2><span style=\"font-weight: 400;\">Key Facts<\/span><\/h2>\n<ol>\n<li>Bei Kurzarbeit<span style=\"font-weight: 400;\"> handelt es sich um<\/span><b> ein arbeitsmarktpolitisches Instrument<\/b><span style=\"font-weight: 400;\">, um auf saisonale Schwankungen, wirtschaftliche Flauten oder unvorhergesehene Naturereignisse zu reagieren.<\/span><\/li>\n<li>Bei ordentlicher Beantragung <b>zahlt die Bundesagentur f\u00fcr Arbeit 60 bis 67 Prozent des Lohnausfalls <\/b>der Arbeitnehmer f\u00fcr eine<b> Dauer von bis zu 12 Monaten.<\/b><\/li>\n<li>An Feiertagen und bei Krankheit wird kein Kurzarbeitergeld gezahlt.<\/li>\n<\/ol>\n<ul>\n<li><a href=\"#definition\"> Was bedeutet Kurzarbeit? <\/a><\/li>\n<li><a href=\"#gr\u00fcnde\">Was sind Gr\u00fcnde f\u00fcr Kurzarbeit?<\/a><\/li>\n<li><a href=\"#gehalt\">Wie viel Geld bekommt man w\u00e4hrend der Kurzarbeit? <\/a><\/li>\n<li><a href=\"#steuer\">Kurzarbeit \u2013 Steuererkl\u00e4rung <\/a><\/li>\n<li><a href=\"#ausgestaltung\">Konkrete Ausgestaltung der Kurzarbeit<\/a><\/li>\n<li><a href=\"#urlaub\">Kurzarbeit: Urlaub &amp; Urlaubsanspruch<\/a><\/li>\n<li><a href=\"#vorteile\">Vor- und Nachteile der Kurzarbeit<\/a><\/li>\n<li><a href=\"#pflichten\">Rechte und Pflichten f\u00fcr Arbeitgeber und Angestellte<\/a><\/li>\n<\/ul>\n<p><!--HubSpot Call-to-Action Code --><span id=\"hs-cta-wrapper-f26536a0-17d9-496a-93fb-73421fb7de35\" class=\"hs-cta-wrapper\"><span id=\"hs-cta-f26536a0-17d9-496a-93fb-73421fb7de35\" class=\"hs-cta-node hs-cta-f26536a0-17d9-496a-93fb-73421fb7de35\"><!-- [if lte IE 8]>\n\n\n<div id=\"hs-cta-ie-element\"><\/div>\n\n\n<![endif]--><a href=\"https:\/\/cta-redirect.hubspot.com\/cta\/redirect\/4960096\/f26536a0-17d9-496a-93fb-73421fb7de35\"><img decoding=\"async\" id=\"hs-cta-img-f26536a0-17d9-496a-93fb-73421fb7de35\" class=\"hs-cta-img\" style=\"border-width: 0px;\" src=\"https:\/\/no-cache.hubspot.com\/cta\/default\/4960096\/f26536a0-17d9-496a-93fb-73421fb7de35.png\" alt=\"New call-to-action\" width=\"900\" height=\"308\" \/><\/a><\/span><script charset=\"utf-8\" src=\"https:\/\/js.hscta.net\/cta\/current.js\"><\/script><script type=\"text\/javascript\"> hbspt.cta.load(4960096, 'f26536a0-17d9-496a-93fb-73421fb7de35', {\"useNewLoader\":\"true\",\"region\":\"na1\"}); <\/script><\/span><!-- end HubSpot Call-to-Action Code --><a name=\"definition\"><\/a><\/p>\n<h2><strong>Was bedeutet Kurzarbeit?<\/strong><\/h2>\n<p><span style=\"font-weight: 400;\">Dabei handelt es sich um ein <a href=\"https:\/\/factorialhr.de\/blog\/arbeitszeitmodelle\/\">Arbeitszeitmodell<\/a>, bei dem Arbeitnehmer*innen vor\u00fcbergehend weniger Stunden, als in ihrem Arbeitsvertrag festgelegt, arbeiten. Sie erhalten in der Zeit entsprechend weniger Gehalt.\u00a0<\/span><\/p>\n<p><span style=\"font-weight: 400;\">Das Ziel ist es, vor allem in wirtschaftlich schwierigen Zeiten Arbeitspl\u00e4tze zu erhalten und K\u00fcndigungen zu vermeiden. Kurzarbeit ist ein wirtschaftliches Flexibilisierungsinstrument f\u00fcr Unternehmen, mit dem sie schnell und effektiv auf eine schwankende Nachfrage und\/oder Auftragslage reagieren k\u00f6nnen.\u00a0<\/span><\/p>\n<h3><span style=\"font-weight: 400;\">Aktuelle Lage<\/span><\/h3>\n<p><span style=\"font-weight: 400;\">Kurzarbeit findet also aktuell auch Anwendung in der Wirtschaft. So waren laut <\/span><a href=\"https:\/\/www.ifo.de\/pressemitteilung\/2023-02-07\/kurzarbeit-steigt-leicht\" target=\"_blank\" rel=\"noopener\"><span style=\"font-weight: 400;\">Ifo-Institut <\/span><\/a><span style=\"font-weight: 400;\">im <\/span><b>Januar 2023 etwa 200.000 Menschen in Kurzarbeit gemeldet<\/b><span style=\"font-weight: 400;\">. Das entspricht ca. 0,6 Prozent der Bev\u00f6lkerung. Im Vergleich: Auf dem H\u00f6chststand der Corona-Pandemie im April 2020 waren etwa 6 Millionen Mitarbeiter*innen betroffen.<\/span><\/p>\n<h3><span style=\"font-weight: 400;\">Arbeitsrecht<\/span><\/h3>\n<p><span style=\"font-weight: 400;\">Es handelt sich um ein <strong>staatlich reguliertes Instrument<\/strong>, das im Arbeitsrecht verankert ist. Das bedeutet, dass Kurzarbeit beim Staat, genauer bei der Bundesagentur f\u00fcr Arbeit, beantragt werden muss. Der Staat legt die Bedingungen fest. Dar\u00fcber hinaus sorgt er \u00fcber das sogenannte Kurzarbeitergeld f\u00fcr einen Ausgleich des Lohnausfalls.<\/span><\/p>\n<h3><span style=\"font-weight: 400;\">Was bedeutet Kurzarbeit f\u00fcr die Mitarbeitenden?<\/span><\/h3>\n<p><span style=\"font-weight: 400;\">F\u00fcr Besch\u00e4ftigte bedeutet die Ma\u00dfnahme:<\/span><\/p>\n<ul>\n<li style=\"font-weight: 400;\" aria-level=\"1\"><span style=\"font-weight: 400;\">Eine Reduzierung der Arbeitszeit,<\/span><\/li>\n<li style=\"font-weight: 400;\" aria-level=\"1\"><span style=\"font-weight: 400;\">Reduktion des Gehalts,<\/span><\/li>\n<li style=\"font-weight: 400;\" aria-level=\"1\"><span style=\"font-weight: 400;\">Erhalt eines staatlichen Ausgleichs f\u00fcr den Gehaltsausfall, das sogenannte Kurzarbeitergeld und\u00a0<\/span><\/li>\n<li style=\"font-weight: 400;\" aria-level=\"1\"><span style=\"font-weight: 400;\">die Sicherung des Arbeitsplatzes.\u00a0<\/span><\/li>\n<\/ul>\n<h3><span style=\"font-weight: 400;\">Die 3 Arten von Kurzarbeit<\/span><\/h3>\n<p><span style=\"font-weight: 400;\">In Deutschland gibt es drei verschiedene Arten von Kurzarbeit, die aus unterschiedlichen Gr\u00fcnden zum Einsatz kommen. Der Einsatz geht stets mit einer staatlichen Unterst\u00fctzung einher, die den Lohnausfall abfedern soll.\u00a0<\/span><\/p>\n<p><span style=\"font-weight: 400;\">a.)<strong> Saisonales Kurzarbeitergeld<\/strong><\/span><\/p>\n<p><span style=\"font-weight: 400;\">Dieses findet vor allem im Baugewerbe w\u00e4hrend der <strong>Wintermonate Anwendung<\/strong>, wenn aufgrund der Wetterlage das regul\u00e4re Arbeiten nicht m\u00f6glich ist. <\/span><span style=\"font-weight: 400;\">Unternehmen k\u00f6nnen also bei jahreszeitlich bedingtem Arbeitsausfall dieses Entgelt f\u00fcr die Wintermonate (Dezember-M\u00e4rz) beantragen.<\/span><\/p>\n<p><span style=\"font-weight: 400;\">b.) <strong>Transferkurzarbeitergeld<\/strong><\/span><\/p>\n<p><span style=\"font-weight: 400;\">Diese Form findet vor allem in insolventen Betrieben Anwendung. Dabei soll da<\/span><span style=\"font-weight: 400;\">s Transfergeld den \u00dcbergang vom alten zum neuen Arbeitgeber erleichtern. Arbeitnehmer k\u00f6nnen in der <strong>Transferphase an Weiterbildungsma\u00dfnahmen<\/strong> teilnehmen, die von der Bundesagentur f\u00fcr Arbeit gef\u00f6rdert werden. Geregelt ist diese Form in <\/span><a href=\"https:\/\/www.gesetze-im-internet.de\/sgb_3\/__111.html\" target=\"_blank\" rel=\"noopener\"><span style=\"font-weight: 400;\">\u00a7 111 SGB<\/span><\/a><span style=\"font-weight: 400;\">.<\/span><\/p>\n<p><span style=\"font-weight: 400;\">c.) <strong>Konjunkturelles Kurzarbeitergeld<\/strong><\/span><\/p>\n<p><span style=\"font-weight: 400;\">Dies ist die weitaus verbreitete und bekannte Form, die vor allem w\u00e4hrend der Corona-Pandemie fl\u00e4chendeckend zum Einsatz kam. <\/span><span style=\"font-weight: 400;\">Das konjunkturelle Entgelt wird bei vor\u00fcbergehendem <strong>Auftragsmangel oder unvorhergesehen Naturereignissen<\/strong> wie z. B. Pandemien, aber auch \u00dcberschwemmungen gezahlt. Es soll Arbeitslosigkeit abwenden und die entstandenen finanzielle Einbu\u00dfe ausgleichen.<\/span><\/p>\n<p><span style=\"font-weight: 400;\"><span style=\"color: green;\">\u27a1\ufe0f <\/span><\/span><a href=\"https:\/\/factorialhr.de\/zeiterfassung-mitarbeiter\">Lassen Sie Ihre Mitarbeiter*innen ganz einfach ein- und ausstempeln, \u00fcber den Computer, die App oder per QR Code.\u00a0<\/a><\/p>\n<p><img decoding=\"async\" class=\"alignnone wp-image-97202 size-full\" src=\"https:\/\/factorialhr.de\/wp-content\/uploads\/2023\/03\/28102759\/Kurzarbeit-Urlaubsanspruch.jpg\" alt=\"Kurzarbeit Urlaubsanspruch\" width=\"830\" height=\"400\" srcset=\"https:\/\/factorialhr.de\/wp-content\/uploads\/2023\/03\/28102759\/Kurzarbeit-Urlaubsanspruch.jpg 830w, https:\/\/factorialhr.de\/wp-content\/uploads\/2023\/03\/28102759\/Kurzarbeit-Urlaubsanspruch-300x145.jpg 300w, https:\/\/factorialhr.de\/wp-content\/uploads\/2023\/03\/28102759\/Kurzarbeit-Urlaubsanspruch-768x370.jpg 768w\" sizes=\"(max-width: 830px) 100vw, 830px\" \/><a name=\"gr\u00fcnde\"><\/a><\/p>\n<h2><strong>Was sind Gr\u00fcnde f\u00fcr Kurzarbeit?<\/strong><\/h2>\n<p><span style=\"font-weight: 400;\">Gr\u00fcnde f\u00fcr diese Arbeitsform sind festgelegt in <\/span><a href=\"https:\/\/www.gesetze-im-internet.de\/sgb_3\/__96.html\" target=\"_blank\" rel=\"noopener\"><span style=\"font-weight: 400;\">\u00a7 96 SGB III<\/span><\/a><span style=\"font-weight: 400;\">. Hierunter fallen die folgenden w<\/span><span style=\"font-weight: 400;\">irtschaftlichen Gr\u00fcnde:<\/span><\/p>\n<ul>\n<li style=\"font-weight: 400;\" aria-level=\"1\"><span style=\"font-weight: 400;\">Konjunkturflauten (wie z. B. die Finanzkrise 2008),<\/span><\/li>\n<li style=\"font-weight: 400;\" aria-level=\"1\"><span style=\"font-weight: 400;\">niedrige Auftragslage,<\/span><\/li>\n<li style=\"font-weight: 400;\" aria-level=\"1\"><span style=\"font-weight: 400;\">vor\u00fcbergehender Rohstoffengpass oder<\/span><\/li>\n<li style=\"font-weight: 400;\" aria-level=\"1\"><span style=\"font-weight: 400;\">unvorhergesehene und unabwendbare Ereignisse wie Naturkatastrophen oder Pandemien.<\/span><\/li>\n<\/ul>\n<h3><span style=\"font-weight: 400;\">Voraussetzungen Kurzarbeit<\/span><\/h3>\n<p><span style=\"font-weight: 400;\">Damit Kurzarbeit laut<\/span><a href=\"https:\/\/www.gesetze-im-internet.de\/sgb_3\/__96.html\" target=\"_blank\" rel=\"noopener\"><span style=\"font-weight: 400;\"> Gesetz<\/span><\/a><span style=\"font-weight: 400;\"> vorliegt und das Entgelt von der Bundesagentur f\u00fcr Arbeit \u00fcbernommen wird, m\u00fcssen Unternehmen bestimmte Voraussetzungen erf\u00fcllen.\u00a0<\/span><\/p>\n<ul>\n<li style=\"font-weight: 400;\" aria-level=\"1\"><span style=\"font-weight: 400;\">Die HR Abteilung muss <\/span><b>vor Implementierung <\/b><span style=\"font-weight: 400;\">versucht haben, den <\/span><b>Arbeitsausfall zu verhindern<\/b><span style=\"font-weight: 400;\"> (z.B. durch Urlaubsgew\u00e4hrung oder <a href=\"https:\/\/factorialhr.de\/blog\/ueberstundenabbau\/\">\u00dcberstundenabbau<\/a>).<\/span><\/li>\n<li style=\"font-weight: 400;\" aria-level=\"1\"><span style=\"font-weight: 400;\">Der Arbeitsausfall muss sich aus <\/span><b>bestimmten wirtschaftlichen Gr\u00fcnden <\/b>und\/oder unvorhersehbaren Ereignissen<span style=\"font-weight: 400;\"> ergeben haben.<\/span><\/li>\n<li style=\"font-weight: 400;\" aria-level=\"1\"><span style=\"font-weight: 400;\">Die <\/span><b>R\u00fcckkehr zum normalen Betrieb <\/b>muss absehbar sein<span style=\"font-weight: 400;\">, was im Falle einer drohenden Insolvenz nicht der Fall w\u00e4re.<\/span><\/li>\n<li style=\"font-weight: 400;\" aria-level=\"1\"><b>10 Prozent der Besch\u00e4ftigte<\/b><span style=\"font-weight: 400;\">n m\u00fcssen von einem <\/span><b>Entgeltausfall von mindestens 10 Prozent <\/b><span style=\"font-weight: 400;\">betroffen sein.<\/span><\/li>\n<\/ul>\n<p>Diesen vereinfachten Zugang regelt eine aktuelle Sonderreglung noch bis Ende Juni 2023. Normalerweise sind die Voraussetzungen zum Bezug von Kurzarbeitergeld erst erf\u00fcllt, wenn einem Drittel der Arbeitnehmer einen Lohnausfall von 10 Prozent droht.<\/p>\n<h3><span style=\"font-weight: 400;\">Wann lohnt sich die Kurzarbeit?<\/span><\/h3>\n<p><span style=\"font-weight: 400;\">Unter diesen Voraussetzungen ergibt Kurzarbeit also Sinn, wenn sie dazu beitragen kann, Arbeitspl\u00e4tze zu sichern und den Betrieb durch tempor\u00e4re Schw\u00e4chephasen zu f\u00fchren.<\/span><\/p>\n<h3><span style=\"font-weight: 400;\">Kurzarbeit beantragen<\/span><\/h3>\n<p><span style=\"font-weight: 400;\">Gibt es in einem Unternehmen einen Betriebsrat, muss von diesem eine Zustimmung zur Nutzung von Kurzarbeitergeld vorliegen. In Betrieben ohne Betriebsrat muss Kurzarbeit mit jedem Mitarbeiter einzeln vereinbart werden.<\/span><\/p>\n<p><span style=\"font-weight: 400;\">Die Personalabteilung<\/span> beantragt die <span style=\"font-weight: 400;\">Kurzarbeit<\/span> bzw. die \u00dcbernahme des Kurzarbeitergeldes <span style=\"font-weight: 400;\">bei der <\/span><a href=\"https:\/\/www.arbeitsagentur.de\/k\/corona-kurzarbeit\" target=\"_blank\" rel=\"noopener\"><span style=\"font-weight: 400;\">Bundesagentur der Arbeit.<\/span><\/a><span style=\"font-weight: 400;\"> Eine Bearbeitung dauert in der Regel 15 Arbeitstage.<\/span><\/p>\n<p><a href=\"https:\/\/factorialhr.de\/zeiterfassung-mitarbeiter\"><span style=\"font-weight: 400;\"><span style=\"color: green;\">\u27a1\ufe0f\u00a0 <\/span>Laden Sie monatlich Berichte zur Arbeitszeiterfassung herunter. <\/span><\/a><br \/>\n<a name=\"gehalt\"><\/a><\/p>\n<h2><strong>Wie viel Geld bekommt man w\u00e4hrend der Kurzarbeit?<\/strong><\/h2>\n<h3><span style=\"font-weight: 400;\">Was ist Kurzarbeitergeld?<\/span><\/h3>\n<p><span style=\"font-weight: 400;\">Um den Lohnausfall auszugleichen, zahlt die Regierung den Unternehmen das Geld, das diese an ihre Arbeitnehmer weiterleiten. Das <\/span>Kurzarbeitergeld ist eine <b>Leistung der Arbeitslosenversicherung <\/b>und <span style=\"font-weight: 400;\">ergibt sich somit aus den Beitr\u00e4gen zur Sozialversicherung.<\/span><\/p>\n<h3><span style=\"font-weight: 400;\">H\u00f6he des Kurzarbeitergeldes \u2013 Wie wird das Gehalt bei Kurzarbeit gek\u00fcrzt?<\/span><\/h3>\n<p><span style=\"font-weight: 400;\">In Deutschland betr\u00e4gt das <\/span>Entgelt derzeit <b>60 Prozent des Nettoentgelts<\/b><span style=\"font-weight: 400;\">. Bei einem Kind im Haushalt erh\u00f6ht sich der Prozentsatz auf <strong>67 Prozent<\/strong>.\u00a0<\/span><\/p>\n<p><span style=\"font-weight: 400;\">F\u00fcr die Berechnung wird stets der <strong>Lohnausfall als <\/strong><\/span><b>Bemessungsgrundlage genommen<\/b>, d. h. die Differenz zwischen Ist- und Sollentgelt<span style=\"font-weight: 400;\">. Dabei gibt es jedoch eine Grenze f\u00fcr das zugrunde liegende Sollentgelt.\u00a0<\/span><\/p>\n<p><span style=\"font-weight: 400;\">Diese ergibt sich aus einer jahresaktuellen Tabelle der Bundesagentur f\u00fcr Arbeit. F\u00fcr das Jahr 2023 liegt die Grenze der Beitragsbemessungsgrenze f\u00fcr die neuen Bundesl\u00e4nder bei etwa <strong>7.100 Euro Brutto<\/strong> und f\u00fcr die alten L\u00e4nder bei knapp <strong>7.300 Euro<\/strong>. Die einzelne Richtwerte sind der <\/span><a href=\"https:\/\/www.arbeitsagentur.de\/datei\/berechnung-des-kurzarbeitergeldes-2023-67-60-prozent_ba042254.pdf\" target=\"_blank\" rel=\"noopener\"><span style=\"font-weight: 400;\">Tabelle der Bundesagentur f\u00fcr Arbeit<\/span><\/a><span style=\"font-weight: 400;\"> zu entnehmen.\u00a0<\/span><\/p>\n<p><span style=\"font-weight: 400;\">Alternativ k\u00f6nnen Personalabteilungen auch das Faktorverfahren nach <\/span><a href=\"https:\/\/www.gesetze-im-internet.de\/estg\/__39f.html\" target=\"_blank\" rel=\"noopener\"><span style=\"font-weight: 400;\">\u00a7 39f EStG <\/span><\/a><span style=\"font-weight: 400;\">anwenden. In diesem Fall k\u00f6nnen die Werte nicht der Tabelle entnommen werden. Die Berechnung erfolgt dann maschinell.<\/span><\/p>\n<p><span style=\"font-weight: 400;\">Deutschland liegt mit dem <strong>Satz von 60 Prozent<\/strong> im europ\u00e4ischen Vergleich auf dem vorletzten Platz. Schlechter schneidet nur Portugal ab. Laut einer Aufstellung von <\/span><a href=\"https:\/\/www.agenda-austria.at\/grafiken\/wie-unterschiedlich-europa-die-kurzarbeit-regelt\/\" target=\"_blank\" rel=\"noopener\"><span style=\"font-weight: 400;\">Agenda Austria<\/span><\/a><span style=\"font-weight: 400;\"> zum Kurzarbeitergeld in Coronazeiten erhielten Arbeitnehmer in Irland sogar 100 Prozent ihres Bruttogehalts. 30 Prozent wurden davon vom Arbeitgeber \u00fcbernommen.\u00a0<\/span><\/p>\n<p><span style=\"font-weight: 400;\">In \u00d6sterreich liegt das Entgelt bei 80 Prozent des Nettogehalts, in der Schweiz bei 80 Prozent des Bruttogehalts laut <\/span><a href=\"https:\/\/www.agenda-austria.at\/grafiken\/wie-unterschiedlich-europa-die-kurzarbeit-regelt\/\" target=\"_blank\" rel=\"noopener\"><span style=\"font-weight: 400;\">Agenda Austria<\/span><\/a><span style=\"font-weight: 400;\">.<\/span><\/p>\n<p><a href=\"https:\/\/factorialhr.de\/lohn-und-gehaltsabrechnung\"><span style=\"font-weight: 400;\"><span style=\"color: green;\">\u27a1\ufe0f\u00a0 <\/span><\/span>F\u00fchren Sie ganz einfach Gehaltsabrechnungen online auf nur einer Plattform durch.\u00a0<\/a><\/p>\n<p><iframe title=\"F\u00fcrsorgepflicht erkl\u00e4rt \ud83d\udca1 HR KOMPAKT #13\" width=\"500\" height=\"281\" src=\"https:\/\/www.youtube.com\/embed\/UvbrfFTbfxs?start=1&#038;feature=oembed\" frameborder=\"0\" allow=\"accelerometer; autoplay; clipboard-write; encrypted-media; gyroscope; picture-in-picture; web-share\" referrerpolicy=\"strict-origin-when-cross-origin\" allowfullscreen><\/iframe><\/p>\n<h3><span style=\"font-weight: 400;\">Beispiel \u2013 Was bleibt vom Kurzarbeitergeld \u00fcbrig?<\/span><\/h3>\n<p><span style=\"font-weight: 400;\">Eine kinderlose Arbeitnehmerin in Vollzeit erh\u00e4lt 2000 Euro brutto in Steuerklasse I, also ca. 1.400 Euro netto. Ihre Arbeitszeit wurde hier um die H\u00e4lfte gek\u00fcrzt. Dies bedeutet f\u00fcr die Arbeitnehmerin einen neuen Lohn von etwa 800 Euro netto.\u00a0<\/span><\/p>\n<p><span style=\"font-weight: 400;\">Die Differenz zwischen Ist- und Sollentgelt betr\u00e4gt etwa 600 Euro. Der angewendete Prozentsatz von 60 bezieht sich nun auf diese Differenz von 600 Euro. Etwa 360 Euro betr\u00e4gt also in diesem Fall das Kurzarbeitergeld der Bundesagentur f\u00fcr Arbeit.<\/span><\/p>\n<p><span style=\"font-weight: 400;\">Die Arbeitnehmerin erh\u00e4lt also ein monatliches Entgelt von etwa 1.160 Euro.<\/span><\/p>\n<h3><span style=\"font-weight: 400;\">Kurzarbeitergeld \u2013 Rechner<\/span><\/h3>\n<p><span style=\"font-weight: 400;\">F\u00fcr einen ersten \u00dcberblick \u00fcber das Entgelt finden sich im Internet verschiedene Rechner, die die Berechnung einfach machen, wie bspw. der Rechner von <\/span><a href=\"https:\/\/www.randstad.de\/karriere\/gehalt\/kurzarbeitergeld-rechner\/\" target=\"_blank\" rel=\"noopener\"><span style=\"font-weight: 400;\">Randstad<\/span><\/a><span style=\"font-weight: 400;\">.<\/span><\/p>\n<h3><span style=\"font-weight: 400;\">Sozialversicherungsbeitr\u00e4ge \u2013 Rechner\u00a0<\/span><\/h3>\n<p><span style=\"font-weight: 400;\">Dar\u00fcber hinaus bieten auch einige Krankenversicherungen Rechner speziell f\u00fcr Personalabteilungen an, wie beispielsweise der <\/span><a href=\"https:\/\/www.tk.de\/firmenkunden\/service\/fachthemen\/fachthema-beitraege\/kurzarbeit-abgaben-rechner-2081694\" target=\"_blank\" rel=\"noopener\"><span style=\"font-weight: 400;\">Techniker Krankenkasse Online-Rechner.<\/span><\/a><span style=\"font-weight: 400;\"> Mit diesen k\u00f6nnen Sie die reduzierten Arbeitgeberbeitr\u00e4ge zur Sozialversicherung ganz einfach berechnen.<\/span><\/p>\n<h3><span style=\"font-weight: 400;\">Aufstockung<\/span><\/h3>\n<p><span style=\"font-weight: 400;\">F\u00fchrungskr\u00e4fte haben auch in Deutschland die M\u00f6glichkeit, das Kurzarbeitergeld ihrer Arbeitnehmer aufzustocken. Es gibt jedoch kein Recht auf Aufstockung. Die <\/span>Aufstockung durch den Arbeitgeber ist dar\u00fcber hinaus steuerpflichtig<span style=\"font-weight: 400;\">.\u00a0<\/span><br \/>\n<a name=\"steuer\"><\/a><\/p>\n<h2><strong>Kurzarbeit \u2013 Steuererkl\u00e4rung<\/strong><\/h2>\n<p><span style=\"font-weight: 400;\">Das <\/span><b>Kurzarbeitergeld<\/b> <b>ist nicht steuerpflichtig<\/b><span style=\"font-weight: 400;\">. Es handelt sich hierbei um eine Lohnersatzleistung, wie bspw. auch das Mutterschaftsgeld. <\/span><span style=\"font-weight: 400;\">Das Kurzarbeitergeld <\/span>unterliegt allerdings dem sogenannten<b> Progressionsvorbehalt<\/b><span style=\"font-weight: 400;\">. Es wird also beim Ermitteln des individuellen Steuersatzes ber\u00fccksichtigt.\u00a0<\/span><\/p>\n<h3><span style=\"font-weight: 400;\">Progressionsvorbehalt \u2013 Wie viel muss ich nachzahlen?<\/span><\/h3>\n<p><span style=\"font-weight: 400;\">Das erhaltene Kurzarbeitergeld wird in der Steuererkl\u00e4rung zu den \u00fcbrigen steuerpflichtigen Eink\u00fcnften des Jahres hinzugerechnet. Aus dieser Summe wird dann der individuelle Steuersatz berechnet.<\/span><\/p>\n<ul>\n<li><b>Kurzarbeit Steuernachzahlung<\/b><span style=\"font-weight: 400;\">: <\/span>Dabei kann es unter Umst\u00e4nden zu Steuernachzahlungen f\u00fcr Angestellte kommen. Denn durch die Einbeziehung des steuerfreien Entgeltes k\u00f6nnen diese am Ende des Jahres in der Steuererkl\u00e4rung in eine h\u00f6here Steuerklasse rutschen.<\/li>\n<\/ul>\n<p><span style=\"font-weight: 400;\">Eine eventuelle Nachzahlung h\u00e4ngt jedoch von individuellen Faktoren ab.<\/span><\/p>\n<h3><span style=\"font-weight: 400;\">Steuererkl\u00e4rung Kurzarbeit Pflicht<\/span><\/h3>\n<p><span style=\"font-weight: 400;\">Alle Arbeitnehmer, deren Leistungen <\/span><b>mehr als 410 \u20ac monatlich <\/b>betragen, m\u00fcssen eine Steuererkl\u00e4rung machen<span style=\"font-weight: 400;\">. Hier muss der Erhalt des Entgelts ausgewiesen werden.\u00a0<\/span><\/p>\n<p><img decoding=\"async\" class=\"alignnone wp-image-97203 size-full\" src=\"https:\/\/factorialhr.de\/wp-content\/uploads\/2023\/03\/28102801\/Kurzarbeit-Verla%CC%88ngerung.jpg\" alt=\"Kurzarbeit Verla\u0308ngerung\" width=\"830\" height=\"400\" srcset=\"https:\/\/factorialhr.de\/wp-content\/uploads\/2023\/03\/28102801\/Kurzarbeit-Verla%CC%88ngerung.jpg 830w, https:\/\/factorialhr.de\/wp-content\/uploads\/2023\/03\/28102801\/Kurzarbeit-Verla%CC%88ngerung-300x145.jpg 300w, https:\/\/factorialhr.de\/wp-content\/uploads\/2023\/03\/28102801\/Kurzarbeit-Verla%CC%88ngerung-768x370.jpg 768w\" sizes=\"(max-width: 830px) 100vw, 830px\" \/><\/p>\n<h3><span style=\"font-weight: 400;\">Dauer Kurzarbeit<\/span><\/h3>\n<p><span style=\"font-weight: 400;\">In Deutschland ist die Arbeitsform aktuell auf <\/span><b>maximal 12 Monate <\/b><span style=\"font-weight: 400;\">begrenzt. <\/span><span style=\"font-weight: 400;\">W\u00e4hrend der schlimmsten Welle der Coronapandemie war diese Dauer verl\u00e4ngert worden. Diese Sonderregelung ist jedoch 2022 ausgelaufen. <\/span><span style=\"font-weight: 400;\">Eine <\/span><b>erneute Verl\u00e4ngerung <\/b><span style=\"font-weight: 400;\">ist erst wieder na<\/span>ch einer<b> Unterbrechung von 3 Monaten<\/b><span style=\"font-weight: 400;\"> m\u00f6glich.<\/span><br \/>\n<a name=\"ausgestaltung\"><\/a><\/p>\n<h2><strong>Konkrete Ausgestaltung der Kurzarbeit<\/strong><\/h2>\n<p><span style=\"font-weight: 400;\">Die wichtigsten Fragen zur Umsetzung haben wir nachfolgend f\u00fcr Sie zusammengestellt.<\/span><\/p>\n<h3><span style=\"font-weight: 400;\">Was darf ich w\u00e4hrend der Kurzarbeit machen?<\/span><\/h3>\n<p><span style=\"font-weight: 400;\">W\u00e4hrend der Kurzarbeit sind Besch\u00e4ftigte in der Regel verpflichtet, f\u00fcr ihren Arbeitgeber zur Verf\u00fcgung zu stehen und entsprechende Arbeiten auszuf\u00fchren, wenn sie ben\u00f6tigt werden.<\/span><\/p>\n<p><span style=\"font-weight: 400;\">Als Personalabteilung k\u00f6nnen Sie Ihrem Arbeitnehmer im Rahmen einer Vereinbarung auch Fortbildungsma\u00dfnahmen oder eine andere bezahlte T\u00e4tigkeit erlauben. Wichtig f\u00fcr die Anrechnung ist, dass diese Nebent\u00e4tigkeit mit dem Manager abgesprochen ist. Angestellte, die bereits zuvor eine Nebent\u00e4tigkeit ausge\u00fcbt haben, d\u00fcrfen dies auch weiterhin tun.<\/span><\/p>\n<h3><span style=\"font-weight: 400;\">Wie oft muss ich bei Kurzarbeit arbeiten?<\/span><\/h3>\n<p><span style=\"font-weight: 400;\">Die Anzahl der Arbeitsstunden, die Arbeitnehmer*innen w\u00e4hrenddessen leisten m\u00fcssen, h\u00e4ngen von den individuellen oder betrieblichen Vereinbarungen ab. Die Arbeitszeit kann dabei sogar <strong>um 100 Prozent reduziert<\/strong> werden. Das nennt man dann \u201eKurzarbeit Null&#8220;.<\/span><\/p>\n<p><span style=\"font-weight: 400;\">Grunds\u00e4tzlich sollten Arbeitnehmer jedoch flexibel sein. Denn eine gesetzliche Frist zu einer Ank\u00fcndigung zum Arbeitsantritt gibt es nicht. Gleiches gilt f\u00fcr die Aufhebung der Ma\u00dfnahme.\u00a0<\/span><\/p>\n<h3><span style=\"font-weight: 400;\">Wie viel darf man in Kurzarbeit arbeiten?<\/span><\/h3>\n<p><span style=\"font-weight: 400;\">Damit die Voraussetzungen f\u00fcr die \u00dcbernahme des Entgelts erf\u00fcllt bleiben, d\u00fcrfen Arbeitnehmer*innen maximal 90 Prozent der \u00fcblichen Stunden arbeiten.<\/span><\/p>\n<h3><span style=\"font-weight: 400;\">Wie viele \u00dcberstunden darf man bei Kurzarbeit haben?<\/span><\/h3>\n<p><span style=\"font-weight: 400;\">Um als Personalabteilung die Voraussetzungen zu erf\u00fcllen, sollten Arbeitnehmer vor Einf\u00fchrung alle \u00dcberstunden abgebummelt haben. Das Leisten von \u00dcberstunden ist generell nicht zul\u00e4ssig.<\/span><br \/>\n<a name=\"urlaub\"><\/a><\/p>\n<h3><span style=\"font-weight: 400;\">Urlaubsanspruch Kurzarbeit Beispiel:<\/span><\/h3>\n<p><span style=\"font-weight: 400;\">Ein Betrieb meldet f\u00fcr eine <strong>Dauer von 3 Monaten Kurzarbeit Null<\/strong> an. Arbeitnehmer haben normalerweise einen Urlaubsanspruch von 2,5 Urlaubstagen pro Monat. F\u00fcr die drei Monate entf\u00e4llt der Urlaubsanspruch. Statt 30 Tage Urlaubstage im Jahr gelten aufgerundet nur noch <strong>23 Tage Jahresurlaub<\/strong>. Es kommt also zu einer K\u00fcrzung von 7 Tagen.<\/span><\/p>\n<h3><span style=\"font-weight: 400;\">Reduzierte Stunden \u2013 Urlaubsanspruch: Was gilt?<\/span><\/h3>\n<p><span style=\"font-weight: 400;\">Bei lediglich gek\u00fcrzten Arbeitszeiten \u00e4ndert sich das Anrecht auf die Urlaubstage nicht.<\/span><\/p>\n<h3><span style=\"font-weight: 400;\">Wie wird der Urlaub in der Kurzarbeit berechnet?<\/span><\/h3>\n<p><span style=\"font-weight: 400;\">Auch w\u00e4hrend der Arbeitsform besteht f\u00fcr Besch\u00e4ftigte ein Anspruch auf <a href=\"https:\/\/factorialhr.de\/blog\/urlaubsentgelt\/\">Urlaubsentgelt<\/a>. Das Urlaubsentgelt richtet sich <\/span>nach dem <strong>ungek\u00fcrzten Gehalt der letzten 13 Wochen<\/strong> vor Urlaubsbeginn<span style=\"font-weight: 400;\">.<\/span><\/p>\n<h3><span style=\"font-weight: 400;\">Kann ich w\u00e4hrend der Kurzarbeit Urlaubstage nehmen?<\/span><\/h3>\n<p><span style=\"font-weight: 400;\">Ja, Arbeitnehmer k\u00f6nnen w\u00e4hrenddessen Urlaub nehmen. Dies sollte jedoch mit der F\u00fchrungskraft abgesprochen werden.<\/span><\/p>\n<h3><span style=\"font-weight: 400;\">Wie werden Feiertage bei Kurzarbeit berechnet?<\/span><\/h3>\n<p><span style=\"font-weight: 400;\">Grunds\u00e4tzlich gilt: Die <\/span><strong>Entgeltfortzahlung an Feiertagen<\/strong> erstattet die Bundesagentur f\u00fcr Arbeit nicht<span style=\"font-weight: 400;\">. Begr\u00fcndet wird dies damit, dass Sie als Vorgesetzte diese ohnehin ohne Gegenleistung verg\u00fcten m\u00fcssten, wie in <\/span><a href=\"https:\/\/www.gesetze-im-internet.de\/entgfg\/__2.html#:~:text=%C2%A7%202%20Entgeltzahlung%20an%20Feiertagen,ohne%20den%20Arbeitsausfall%20erhalten%20h%C3%A4tte.\" target=\"_blank\" rel=\"noopener\"><span style=\"font-weight: 400;\">\u00a7 2 des Entgeltfortzahlungsgesetzes<\/span><\/a><span style=\"font-weight: 400;\"> festgelegt ist.\u00a0<\/span><\/p>\n<p><span style=\"font-weight: 400;\">Es \u00e4ndert sich also an den Prinzipien der Entgeltfortzahlung nichts. Besch\u00e4ftigte haben Anspruch auf den gleichen Lohn, der ohne den Feiertag entstanden w\u00e4re. Bei Kurzarbeit bedeutet dies, dass lediglich ein Anspruch in H\u00f6he des reduzierten Lohns besteht \u2013 der sogenannte \u201eKurzlohn\u201c.<\/span><\/p>\n<p><iframe title=\"Zeiterfassung mit Factorial? So funktioniert&#039;s!\" width=\"500\" height=\"281\" src=\"https:\/\/www.youtube.com\/embed\/ARqgwEUOk4U?start=13&#038;feature=oembed\" frameborder=\"0\" allow=\"accelerometer; autoplay; clipboard-write; encrypted-media; gyroscope; picture-in-picture; web-share\" referrerpolicy=\"strict-origin-when-cross-origin\" allowfullscreen><\/iframe><\/p>\n<h3><span style=\"font-weight: 400;\">Wie wird Krankheit bei Kurzarbeit bezahlt?<\/span><\/h3>\n<p><span style=\"font-weight: 400;\">Sind Besch\u00e4ftigte krank, gelten die \u00fcblichen Regelungen f\u00fcr den Krankheitsfall. Die H\u00f6he der Entgeltfortzahlung kann sich jedoch durch die reduzierte Arbeitszeit verringern. Auch hier gilt das<strong> Lohnausfallprinzip<\/strong>. Die H\u00f6he der Entgeltfortzahlung orientiert sich ebenso am reduzierten Lohn.<\/span><\/p>\n<p><span style=\"font-weight: 400;\"><strong>Krankengeld bei Kurzarbeit<\/strong>: Die Zahlung des Krankengeldes richtet sich nach Zeitpunkt der Erkrankung des Besch\u00e4ftigten \u2013 ob die Erkrankung vor oder w\u00e4hrend der Kurzarbeit auftrat. Eine \u00dcbersicht \u00fcber die m\u00f6glichen Konstellationen und Zahlungen bietet die <\/span><a href=\"https:\/\/www.tk.de\/resource\/blob\/2083372\/1c7e18506dd6a92492e354846af49a83\/beratungsblatt-kurzarbeit-und-arbeitsunfaehigkeit-mit-bild-data.pdf\" target=\"_blank\" rel=\"noopener\"><span style=\"font-weight: 400;\">Techniker Krankenkasse<\/span><\/a><span style=\"font-weight: 400;\">.<\/span><br \/>\n<a name=\"vorteile\"><\/a><\/p>\n<h2><strong>Vor- und Nachteile der Kurzarbeit<\/strong><\/h2>\n<h3><span style=\"font-weight: 400;\">Welche Vorteile hat Kurzarbeit?<\/span><\/h3>\n<p><span style=\"font-weight: 400;\">Die Vorteile f\u00fcr Besch\u00e4ftigte sind:<\/span><\/p>\n<ul>\n<li style=\"font-weight: 400;\" aria-level=\"1\"><span style=\"font-weight: 400;\">Arbeitsplatzsicherung,<\/span><\/li>\n<li style=\"font-weight: 400;\" aria-level=\"1\"><span style=\"font-weight: 400;\">M\u00f6glichkeit zur Weiterbildung,<\/span><\/li>\n<li style=\"font-weight: 400;\" aria-level=\"1\"><span style=\"font-weight: 400;\">mehr Zeit f\u00fcr Familie und Freunde,<\/span><\/li>\n<li style=\"font-weight: 400;\" aria-level=\"1\"><span style=\"font-weight: 400;\">eventuelle Verbesserung von Work-Life-Balance.<\/span><\/li>\n<\/ul>\n<p><span style=\"font-weight: 400;\">Die Vorteile f\u00fcr Betriebe sind:\u00a0<\/span><\/p>\n<ul>\n<li style=\"font-weight: 400;\" aria-level=\"1\"><span style=\"font-weight: 400;\">Vermeidung von K\u00fcndigungen,<\/span><\/li>\n<li style=\"font-weight: 400;\" aria-level=\"1\"><span style=\"font-weight: 400;\">Flexibilit\u00e4t bei Personalplanung je nach Lage.<\/span><\/li>\n<\/ul>\n<h3><span style=\"font-weight: 400;\">Welche Nachteile hat man bei Kurzarbeit?<\/span><\/h3>\n<p><span style=\"font-weight: 400;\">Hat Kurzarbeit Nachteile f\u00fcr Arbeitnehmer*innen?<\/span><\/p>\n<p><span style=\"font-weight: 400;\">Ja, zu den Nachteilen z\u00e4hlen:<\/span><\/p>\n<ul>\n<li style=\"font-weight: 400;\" aria-level=\"1\"><span style=\"font-weight: 400;\">Reduziertes Einkommen,<\/span><\/li>\n<li style=\"font-weight: 400;\" aria-level=\"1\"><span style=\"font-weight: 400;\">Eventuelle Einschr\u00e4nkungen und K\u00fcrzungen bei der Urlaubsverg\u00fctung,<\/span><\/li>\n<li style=\"font-weight: 400;\" aria-level=\"1\"><span style=\"font-weight: 400;\">Reduzierte Sozialversicherungsbeitr\u00e4ge (z. B. Rentenversicherung),<\/span><\/li>\n<li style=\"font-weight: 400;\" aria-level=\"1\"><span style=\"font-weight: 400;\">Steuernachzahlung bei Kurzarbeit.<\/span><\/li>\n<\/ul>\n<p><span style=\"font-weight: 400;\">Generell ist der Bezug steuerfrei. Allerdings <strong>erh\u00f6ht das Kurzarbeitergeld den Progressionsvorbehalt<\/strong>.<\/span><\/p>\n<p><span style=\"font-weight: 400;\">Es gibt auch einige Nachteile f\u00fcr die Personalabteilung:<\/span><\/p>\n<ul>\n<li style=\"font-weight: 400;\" aria-level=\"1\"><span style=\"font-weight: 400;\">Verringerte Produktivit\u00e4t,<\/span><\/li>\n<li style=\"font-weight: 400;\" aria-level=\"1\"><span style=\"font-weight: 400;\">Potenziell negative Auswirkungen auf Mitarbeiterbindung und -motivation von Angestellten.<\/span><\/li>\n<li style=\"font-weight: 400;\" aria-level=\"1\"><span style=\"font-weight: 400;\">M\u00f6glicher Verlust von erfahrenen und qualifizierten Mitarbeitenden.<\/span><\/li>\n<li style=\"font-weight: 400;\" aria-level=\"1\"><span style=\"font-weight: 400;\">B\u00fcrokratischer Aufwand.<\/span><\/li>\n<\/ul>\n<p><a name=\"pflichten\"><\/a><\/p>\n<h2><strong>Rechte und Pflichten f\u00fcr Arbeitgeber und Angestellte<\/strong><\/h2>\n<h3><span style=\"font-weight: 400;\">Welche Pflichten gibt es?<\/span><\/h3>\n<p><span style=\"font-weight: 400;\">Besch\u00e4ftigte haben grunds\u00e4tzlich folgende Pflichten:<\/span><\/p>\n<ol>\n<li style=\"font-weight: 400;\" aria-level=\"1\"><span style=\"font-weight: 400;\">Arbeitspflicht: Besch\u00e4ftigte sind weiterhin verpflichtet, in dem Umfang zu arbeiten, der abgesprochen wurde.<\/span><\/li>\n<li style=\"font-weight: 400;\" aria-level=\"1\"><span style=\"font-weight: 400;\">Information: Nehmen Besch\u00e4ftigte eine weitere Besch\u00e4ftigung w\u00e4hrend dieses Zeitraums auf, sind sie verpflichtet, dies den regul\u00e4ren Arbeitgebern mitzuteilen.<\/span><\/li>\n<li style=\"font-weight: 400;\" aria-level=\"1\"><span style=\"font-weight: 400;\">Erreichbarkeit: Besch\u00e4ftigte m\u00fcssen f\u00fcr eventuelle \u00c4nderungen, beispielweise bzgl. des Arbeitsumfangs erreichbar bleiben.<\/span><\/li>\n<li style=\"font-weight: 400;\" aria-level=\"1\"><span style=\"font-weight: 400;\">Lohnreduktion: Kurzarbeit bedeutet eine Reduktion des regul\u00e4ren Lohns f\u00fcr Besch\u00e4ftigte.<\/span><\/li>\n<li style=\"font-weight: 400;\" aria-level=\"1\"><span style=\"font-weight: 400;\">Steuererkl\u00e4rung Kurzarbeit Pflicht: Ab einer <strong>H\u00f6he von 410 \u20ac Kurzarbeitergeld<\/strong> besteht die Pflicht eine <strong>Einkommensteuererkl\u00e4rung<\/strong> einzureichen.<\/span><\/li>\n<\/ol>\n<p><span style=\"font-weight: 400;\">Vorgesetzte haben in der Regel folgende Pflichten:<\/span><\/p>\n<ol>\n<li style=\"font-weight: 400;\" aria-level=\"1\"><span style=\"font-weight: 400;\">Informationen: Arbeitgeber m\u00fcssen den Arbeitnehmern rechtzeitig bzgl. der Kurzarbeit Bescheid geben bzw. diese mit den Mitarbeiter*innen oder dem Betriebsrat vereinbaren.\u00a0<\/span><\/li>\n<li style=\"font-weight: 400;\" aria-level=\"1\"><span style=\"font-weight: 400;\">Anzeigepflicht: F\u00fchrungskr\u00e4fte m\u00fcssen Kurzarbeit bei der zust\u00e4ndigen Arbeitsagentur anzeigen und beantragen. Auch etwaige \u00c4nderungen m\u00fcssen der Beh\u00f6rde mitgeteilt werden.<\/span><\/li>\n<li style=\"font-weight: 400;\" aria-level=\"1\"><span style=\"font-weight: 400;\"><strong>Fortzahlungspflicht<\/strong>: Arbeitgeber m\u00fcssen das von der Bundesagentur f\u00fcr Arbeit gezahlte Kurzarbeitergeld plus das gek\u00fcrzte Nettogehalt an die Besch\u00e4ftigten zahlen.<\/span><\/li>\n<li style=\"font-weight: 400;\" aria-level=\"1\"><span style=\"font-weight: 400;\"><strong>Sozialversicherungsbeitr\u00e4ge<\/strong>: Die Sozialversicherungsbeitr\u00e4ge werden vom Unternehmen allein bezahlt.<\/span><\/li>\n<\/ol>\n<h3><span style=\"font-weight: 400;\">Welche Rechte habe ich bei Kurzarbeit?<\/span><\/h3>\n<p><span style=\"font-weight: 400;\">Arbeitnehmer haben die folgenden Rechte:<\/span><\/p>\n<ol>\n<li style=\"font-weight: 400;\" aria-level=\"1\"><span style=\"font-weight: 400;\">Fortsetzung des Arbeitsverh\u00e4ltnisses: Durch die Arbeit wird das Arbeitsverh\u00e4ltnis nicht beendet. Arbeitnehmer behalten ihren Arbeitsplatz und haben nach Ende der Kurzarbeit das Recht auf R\u00fcckkehr zum urspr\u00fcnglichen Arbeitsumfang.<\/span><\/li>\n<li style=\"font-weight: 400;\" aria-level=\"1\"><span style=\"font-weight: 400;\">Anspruch auf Kurzarbeitergeld: Hat die F\u00fchrungskraft Kurzarbeit\u00a0 angemeldet, haben Besch\u00e4ftigte Anspruch auf die Zahlung.<\/span><\/li>\n<li style=\"font-weight: 400;\" aria-level=\"1\"><span style=\"font-weight: 400;\"><strong>Mitbestimmungsrechte<\/strong>: Ist ein Betriebsrat vertreten, haben Arbeitnehmende \u00fcber den Betriebsrecht ein Mitbestimmungsrecht bzgl. der Einf\u00fchrung des Entgelts.<\/span><\/li>\n<li style=\"font-weight: 400;\" aria-level=\"1\"><span style=\"font-weight: 400;\">Informationen: Arbeitgeber sind verpflichtet, Arbeitnehmern die Gr\u00fcnde der Kurzarbeit darzulegen.\u00a0<\/span><\/li>\n<li style=\"font-weight: 400;\" aria-level=\"1\"><span style=\"font-weight: 400;\">Recht auf Weiterbildung: Besch\u00e4ftigt haben w\u00e4hrend der Kurzarbeit ein <strong>Recht auf <\/strong><\/span><strong><a href=\"https:\/\/www.arbeitsagentur.de\/unternehmen\/finanziell\/weiterbildung-waehrend-kurzarbeit\" target=\"_blank\" rel=\"noopener\">staatlich gef\u00f6rderte Weiterbildungsma\u00dfnahmen<\/a><\/strong><span style=\"font-weight: 400;\">.<\/span><\/li>\n<\/ol>\n<p><span style=\"font-weight: 400;\">Arbeitgeber, die Kurzarbeit anordnen, haben ebenso bestimmte Rechte. Dazu geh\u00f6ren:<\/span><\/p>\n<ol>\n<li style=\"font-weight: 400;\" aria-level=\"1\"><span style=\"font-weight: 400;\">Recht auf Anordnung der Kurzarbeit: Manager*in haben das Recht Kurzarbeit anzuordnen, wenn die bereits aufgef\u00fchrten Voraussetzungen erf\u00fcllt sind.<\/span><\/li>\n<li style=\"font-weight: 400;\" aria-level=\"1\"><span style=\"font-weight: 400;\">Flexibilit\u00e4t: Im Rahmen der Kurzarbeit d\u00fcrfen Arbeitgeber, die vertraglich vereinbarten Stunden der Nutzer*innen reduzieren und anpassen.<\/span><\/li>\n<li style=\"font-weight: 400;\" aria-level=\"1\"><span style=\"font-weight: 400;\"><strong>Recht auf Kostenerstattung<\/strong>: Bis Ende des Jahres 2022 gab es eine Erstattung der Sozialversicherungsbeitr\u00e4ge von 50 Prozent. Diese gilt in 2023 nicht mehr.<\/span><\/li>\n<li style=\"font-weight: 400;\" aria-level=\"1\"><strong>Kurzarbeitergeld<\/strong>: Bei ordentlicher Beantragung zahlt die Bundesagentur der Arbeit einen Teil des ausgefallenen Lohns.<\/li>\n<li style=\"font-weight: 400;\" aria-level=\"1\"><span style=\"font-weight: 400;\">Neueinstellungen: <strong>Neueinstellungen<\/strong> d\u00fcrfen dann vorgenommen werden, wenn diese zwingend erforderlich sind. Ausgenommen davon sind Ausbildungsvertr\u00e4ge. Eine Abstimmung \u00fcber Neueinstellungen ist mit der Bundesagentur f\u00fcr Arbeit vorzunehmen.<\/span><\/li>\n<\/ol>\n<p><!--HubSpot Call-to-Action Code --><span id=\"hs-cta-wrapper-e591e885-2e75-4e28-bc26-40220a0941b6\" class=\"hs-cta-wrapper\"><span id=\"hs-cta-e591e885-2e75-4e28-bc26-40220a0941b6\" class=\"hs-cta-node hs-cta-e591e885-2e75-4e28-bc26-40220a0941b6\"><!-- [if lte IE 8]>\n\n\n<div id=\"hs-cta-ie-element\"><\/div>\n\n\n<![endif]--><a href=\"https:\/\/cta-redirect.hubspot.com\/cta\/redirect\/4960096\/e591e885-2e75-4e28-bc26-40220a0941b6\" target=\"_blank\" rel=\"noopener\"><img decoding=\"async\" id=\"hs-cta-img-e591e885-2e75-4e28-bc26-40220a0941b6\" class=\"hs-cta-img\" style=\"border-width: 0px;\" src=\"https:\/\/no-cache.hubspot.com\/cta\/default\/4960096\/e591e885-2e75-4e28-bc26-40220a0941b6.png\" alt=\"DE MKT FREEBIE Zielvereinbarung\" width=\"900\" height=\"308\" \/><\/a><\/span><script charset=\"utf-8\" src=\"https:\/\/js.hscta.net\/cta\/current.js\"><\/script><script type=\"text\/javascript\"> hbspt.cta.load(4960096, 'e591e885-2e75-4e28-bc26-40220a0941b6', {\"useNewLoader\":\"true\",\"region\":\"na1\"}); <\/script><\/span><!-- end HubSpot Call-to-Action Code --><\/p>\n<h3><span style=\"font-weight: 400;\">Was passiert mit Minijobbern?<\/span><\/h3>\n<p><span style=\"font-weight: 400;\">Diese haben keinen Anspruch auf die Arbeitsform, da es sich bei Minijobs um keine sozialversicherungspflichtigen Besch\u00e4ftigungen handelt.<\/span><\/p>\n<h3><span style=\"font-weight: 400;\">Was passiert mit Leiharbeitern?<\/span><\/h3>\n<p><span style=\"font-weight: 400;\">Leiharbeiter*innen haben durch eine befristete Verordnung noch bis<strong> 30. Juni 2023 ein Recht auf Kurzarbeit<\/strong> und den Lohnausgleich durch das entsprechende Entgelt.<\/span><\/p>\n<h3><span style=\"font-weight: 400;\">Zusammenfassung\u00a0<\/span><\/h3>\n<p><span style=\"font-weight: 400;\">Es handelt sich um eine <strong>vor\u00fcbergehende Ma\u00dfnahme<\/strong> zur Reduzierung der Arbeitszeit in Unternehmen aus bestimmten wirtschaftlichen Gr\u00fcnden oder bei unvorhergesehenen Naturereignissen. Aufgrund von Kurzarbeit ist es wahrscheinlicher, dass eine Arbeitslosigkeit vermieden wird.<\/span><\/p>\n<p><span style=\"font-weight: 400;\">Die Mitarbeitenden behalten ihr Arbeitsverh\u00e4ltnis in einem reduzierten Umfang. Der Lohn wird anteilig auf den Umfang gek\u00fcrzt. Die Einbu\u00dfen werden \u00fcber das Kurzarbeitergeld der Bundesagentur f\u00fcr Arbeit ausgeglichen. Die Dauer beschr\u00e4nkt sich aktuell auf 12 Monate.<\/span><\/p>\n<p><span style=\"font-weight: 400;\">Ob Kurzarbeit oder Arbeitslosigkeit besser ist, h\u00e4ngt von der individuellen Situation ab.<\/span><\/p>\n<ul>\n<li><span style=\"font-weight: 400;\">Lohn: So erhalten Arbeitnehmer zwar weniger Lohn bei Kurzarbeit. <\/span><span style=\"font-weight: 400;\">In der Regel ist dieser jedoch noch h\u00f6her als das Arbeitslosengeld. Gerade bei Geringverdienern kann das jedoch auch anders sein.<\/span><\/li>\n<li><strong>Zeitliche Beschr\u00e4nkung<\/strong>: Kurzarbeit ist zeitlich beschr\u00e4nkt und Arbeitnehmer haben das Recht auf R\u00fcckkehr zum normalen Arbeitsverh\u00e4ltnis nach Ablauf der Kurzarbeit.<\/li>\n<\/ul>\n<p>Eine etwaige Arbeitslosigkeit beinhaltet:<\/p>\n<ul>\n<li>ein dauerhaft beendetes Arbeitsverh\u00e4ltnis und eine <strong>unbestimmte Dauer der Arbeitslosigkeit<\/strong>.<\/li>\n<li>Gerade f\u00fcr <a href=\"https:\/\/factorialhr.de\/blog\/fuersorgepflicht-des-arbeitgebers-bei-aelteren-mitarbeitern\/\">\u00e4ltere Mitarbeitende<\/a> kann Arbeitslosigkeit nachteiliger sein als Kurzarbeit. F\u00fcr diese sind die Chancen auf einen neuen Arbeitsplatz auf dem Arbeitsmarkt eher schlechter.<\/li>\n<\/ul>\n<p><span style=\"font-weight: 400;\">Kurzarbeit ist in der Regel also auch f\u00fcr Besch\u00e4ftigte eine bessere Option als Arbeitslosigkeit.\u00a0<\/span><\/p>\n<p><span style=\"font-weight: 400;\">Schlimm kann es trotzdem f\u00fcr Arbeitnehmer*innen sein, da der Lohnausfall eine Belastung darstellt. <\/span><span style=\"font-weight: 400;\">F\u00fcr F\u00fchrungskr\u00e4fte stellt Kurzarbeit in der Regel ein positives arbeitsmarktpolitisches Instrument, mit dem sie in schwierigen Situationen ihren Betrieb sichern k\u00f6nnen.<\/span><\/p>\n<p><a href=\"https:\/\/factorialhr.de\/get-started\"><span style=\"font-weight: 400;\"><span style=\"color: green;\">\u27a1\ufe0f\u00a0 <\/span><\/span>Testen Sie Factorial. Laut dem Vergleichsportal Trusted ist Factorial die beste Personalsoftware 2023.\u00a0<\/a><\/p>\n<p><script type=\"application\/ld+json\">\n    {\n      \"@context\": \"https:\/\/schema.org\",\n      \"@type\": \"FAQPage\",\n      \"mainEntity\": [{\n        \"@type\": \"Question\",\n        \"name\": \"Was genau ist Kurzarbeit?\",\n        \"acceptedAnswer\": {\n          \"@type\": \"Answer\",\n          \"text\": \"Dabei handelt es sich um ein Modell, bei dem Arbeitnehmer*innen vor\u00fcbergehend weniger Stunden, als in ihrem Arbeitsvertrag festgelegt, arbeiten. Sie erhalten in der Zeit entsprechend weniger Gehalt. Das Ziel ist es, vor allem in wirtschaftlich schwierigen Zeiten Arbeitspl\u00e4tze zu erhalten und K\u00fcndigungen zu vermeiden. Kurzarbeit ist ein wirtschaftliches Flexibilisierungsinstrument f\u00fcr Unternehmen, mit dem sie schnell und effektiv z. B. auf eine schwankende Nachfrage und\/oder Auftragslage reagieren k\u00f6nnen.\"\n        }\n      }, {\n        \"@type\": \"Question\",\n        \"name\": \"Wie lange darf man in Kurzarbeit sein ?\",\n        \"acceptedAnswer\": {\n          \"@type\": \"Answer\",\n          \"text\": \"In Deutschland ist die Arbeitsform aktuell auf maximal 12 Monate begrenzt. W\u00e4hrend der schlimmsten Welle der Coronapandemie war diese Dauer verl\u00e4ngert worden. Diese Sonderregelung ist jedoch 2022 ausgelaufen. Eine erneute Verl\u00e4ngerung ist erst wieder nach einer Unterbrechung von 3 Monaten m\u00f6glich.\n.\"\n        }\n      }, {\n        \"@type\": \"Question\",\n        \"name\": \"Wie viel darf man in Kurzarbeit arbeiten?\",\n        \"acceptedAnswer\": {\n          \"@type\": \"Answer\",\n          \"text\": \"Damit die Voraussetzungen f\u00fcr die \u00dcbernahme des Entgelts erf\u00fcllt bleiben, d\u00fcrfen Arbeitnehmer*innen maximal 90 Prozent der \u00fcblichen Stunden arbeiten.\"}\n        }]\n    }\n{\n    \"@type\": \"Question\",\n    \"name\": \"Was passiert mit meinem Urlaub in Kurzarbeit?\",\n    \"acceptedAnswer\": {\n      \"@type\": \"Answer\",\n      \"text\": \"Um die Voraussetzungen zu erf\u00fcllen, sind Unternehmen angehalten, alles M\u00f6gliche zu tun, um Arbeitsausfall zu vermeiden. Dazu geh\u00f6rt auch das Einbringen des Jahresurlaubs und die Zahlung von Urlaubsentgelt. Als F\u00fchrungskr\u00e4fte d\u00fcrfen Sie Besch\u00e4ftigte grunds\u00e4tzlich auffordern, Ferien einzubringen. Auf die Verpflichtung, ein negatives Zeitkonto aufbauen zu m\u00fcssen (Minusstunden), wird noch bis Ende Juni 2023 verzichtet. <\/p>\n<p>Urlaubsanspruch bei Kurzarbeit:<\/p>\n<p>Die Verpflichtung Urlaub zu nehmen, um Kurzarbeit zu vermeiden, gilt allerdings nur f\u00fcr Urlaub aus dem Vorjahr. Bei Urlaubstagen aus dem aktuellen Jahr m\u00fcssen diese nicht zwangsweise genommen werden, um Kurzarbeit zu vermeiden. <\/p>\n<p>Hinweis: Auch bereits verplante Urlaubstage, die in der Kurzarbeit liegen, d\u00fcrfen weiterhin zum geplanten Zeitpunkt genommen werden.<\/p>\n<p>Und: Die Einf\u00fchrung einer Urlaubsliste kann praktisch sein, um den \u00dcberblick \u00fcber die Urlaubsplanung zu behalten.\"\n    }]<span data-mce-type=\"bookmark\" style=\"display: inline-block; width: 0px; overflow: hidden; line-height: 0;\" class=\"mce_SELRES_start\">\ufeff<\/span>\n  }\n{\n    \"@type\": \"Question\",\n    \"name\": \"Wird der Urlaubsanspruch bei Kurzarbeit gek\u00fcrzt?\",\n    \"acceptedAnswer\": {\n      \"@type\": \"Answer\",\n      \"text\": \"Ja, eine anteilige K\u00fcrzung des Urlaubsanspruchs ist bei einem Ausfall von ganzen Arbeitstagen erlaubt. Das entschied das Bundesarbeitsgericht in einem Urteil vom 30.11.2021. Diese Grunds\u00e4tze gelten auch dann, wenn Kurzarbeit \u00fcber eine Betriebsvereinbarung eingef\u00fchrt wurde.\"\n    }\n  }]\n}\n<\/script><\/p>\n","protected":false},"excerpt":{"rendered":"<p>Kurzarbeit hat sich als Erfolgsmodell bew\u00e4hrt, um vor allem bei wirtschaftlichen Engp\u00e4ssen in Unternehmen Arbeitspl\u00e4tze zu sichern. In vielen L\u00e4ndern hat es gerade w\u00e4hrend der Corona-Pandemie f\u00fcr eine Abfederung der wirtschaftlichen, betrieblichen und privaten Folgen gesorgt. Diese Arbeitsform ist jedoch nicht nur in Pandemiezeiten ein bew\u00e4hrtes Mittel. Als Flexibilisierungsinstrument findet es aus verschiedenen Gr\u00fcnden in<a href=\"https:\/\/factorialhr.de\/blog\/kurzarbeit\/\" class=\"read-more\"> [&#8230;]<\/a><\/p>\n","protected":false},"author":112,"featured_media":97201,"comment_status":"closed","ping_status":"closed","sticky":false,"template":"","format":"standard","meta":{"_acf_changed":false,"footnotes":""},"categories":[384],"tags":[],"class_list":["post-97185","post","type-post","status-publish","format-standard","has-post-thumbnail","hentry","category-employer-branding-trends"],"acf":{"topics":"payroll"},"yoast_head":"<!-- This site is optimized with the Yoast SEO Premium plugin v21.5 (Yoast SEO v21.9.1) - https:\/\/yoast.com\/wordpress\/plugins\/seo\/ -->\n<title>Kurzarbeit: Modelle, Steuern und Urlaubsanspruch - Factorial<\/title>\n<meta name=\"description\" content=\"Bei Kurzarbeit handelt es sich um ein Arbeitszeitmodell, bei dem Arbeitnehmer*innen vor\u00fcbergehend weniger Stunden arbeiten.\" \/>\n<meta name=\"robots\" content=\"index, follow, max-snippet:-1, max-image-preview:large, max-video-preview:-1\" \/>\n<link rel=\"canonical\" href=\"https:\/\/factorialhr.de\/blog\/kurzarbeit\/\" \/>\n<meta property=\"og:locale\" content=\"de_DE\" \/>\n<meta property=\"og:type\" content=\"article\" \/>\n<meta property=\"og:title\" content=\"Erfolgsmodell f\u00fcr sichere Arbeitspl\u00e4tze: Kurzarbeit\" \/>\n<meta property=\"og:description\" content=\"Bei Kurzarbeit handelt es sich um ein Arbeitszeitmodell, bei dem Arbeitnehmer*innen vor\u00fcbergehend weniger Stunden arbeiten.\" \/>\n<meta property=\"og:url\" content=\"https:\/\/factorialhr.de\/blog\/kurzarbeit\/\" \/>\n<meta property=\"og:site_name\" content=\"Factorial\" \/>\n<meta property=\"article:publisher\" content=\"https:\/\/www.facebook.com\/people\/Factorial\/100064908455810\/\" \/>\n<meta property=\"article:published_time\" content=\"2023-03-28T11:55:07+00:00\" \/>\n<meta property=\"article:modified_time\" content=\"2025-03-26T12:47:07+00:00\" \/>\n<meta property=\"og:image\" content=\"https:\/\/factorialhr.de\/wp-content\/uploads\/2023\/03\/28102757\/Kurzarbeit-1.jpg\" \/>\n\t<meta property=\"og:image:width\" content=\"830\" \/>\n\t<meta property=\"og:image:height\" content=\"400\" \/>\n\t<meta property=\"og:image:type\" content=\"image\/jpeg\" \/>\n<meta name=\"author\" content=\"Marie-Louise Messerschmidt\" \/>\n<meta name=\"twitter:card\" content=\"summary_large_image\" \/>\n<meta name=\"twitter:creator\" content=\"@factorialapp\" \/>\n<meta name=\"twitter:site\" content=\"@factorialapp\" \/>\n<meta name=\"twitter:label1\" content=\"Written by\" \/>\n\t<meta name=\"twitter:data1\" content=\"Marie-Louise Messerschmidt\" \/>\n\t<meta name=\"twitter:label2\" content=\"Est. reading time\" \/>\n\t<meta name=\"twitter:data2\" content=\"13 Minuten\" \/>\n<script type=\"application\/ld+json\" class=\"yoast-schema-graph\">{\"@context\":\"https:\/\/schema.org\",\"@graph\":[{\"@type\":\"Article\",\"@id\":\"https:\/\/factorialhr.de\/blog\/kurzarbeit\/#article\",\"isPartOf\":{\"@id\":\"https:\/\/factorialhr.de\/blog\/kurzarbeit\/\"},\"author\":{\"name\":\"Marie-Louise Messerschmidt\",\"@id\":\"https:\/\/factorialhr.de\/blog\/#\/schema\/person\/8c62dbde419683b23e49e1ddcc9cd52f\"},\"headline\":\"Erfolgsmodell f\u00fcr sichere Arbeitspl\u00e4tze: Kurzarbeit\",\"datePublished\":\"2023-03-28T11:55:07+00:00\",\"dateModified\":\"2025-03-26T12:47:07+00:00\",\"mainEntityOfPage\":{\"@id\":\"https:\/\/factorialhr.de\/blog\/kurzarbeit\/\"},\"wordCount\":2935,\"publisher\":{\"@id\":\"https:\/\/factorialhr.de\/blog\/#organization\"},\"articleSection\":[\"Employer Branding\"],\"inLanguage\":\"de-DE\"},{\"@type\":\"WebPage\",\"@id\":\"https:\/\/factorialhr.de\/blog\/kurzarbeit\/\",\"url\":\"https:\/\/factorialhr.de\/blog\/kurzarbeit\/\",\"name\":\"Kurzarbeit: Modelle, Steuern und Urlaubsanspruch - Factorial\",\"isPartOf\":{\"@id\":\"https:\/\/factorialhr.de\/blog\/#website\"},\"datePublished\":\"2023-03-28T11:55:07+00:00\",\"dateModified\":\"2025-03-26T12:47:07+00:00\",\"description\":\"Bei Kurzarbeit handelt es sich um ein Arbeitszeitmodell, bei dem Arbeitnehmer*innen vor\u00fcbergehend weniger Stunden arbeiten.\",\"inLanguage\":\"de-DE\",\"potentialAction\":[{\"@type\":\"ReadAction\",\"target\":[\"https:\/\/factorialhr.de\/blog\/kurzarbeit\/\"]}]},{\"@type\":\"WebSite\",\"@id\":\"https:\/\/factorialhr.de\/blog\/#website\",\"url\":\"https:\/\/factorialhr.de\/blog\/\",\"name\":\"Factorial\",\"description\":\"\",\"publisher\":{\"@id\":\"https:\/\/factorialhr.de\/blog\/#organization\"},\"potentialAction\":[{\"@type\":\"SearchAction\",\"target\":{\"@type\":\"EntryPoint\",\"urlTemplate\":\"https:\/\/factorialhr.de\/blog\/?s={search_term_string}\"},\"query-input\":\"required name=search_term_string\"}],\"inLanguage\":\"de-DE\"},{\"@type\":\"Organization\",\"@id\":\"https:\/\/factorialhr.de\/blog\/#organization\",\"name\":\"All-in-one business management software - Factorial\",\"url\":\"https:\/\/factorialhr.de\/blog\/\",\"logo\":{\"@type\":\"ImageObject\",\"inLanguage\":\"de-DE\",\"@id\":\"https:\/\/factorialhr.de\/blog\/#\/schema\/logo\/image\/\",\"url\":\"https:\/\/factorialhr.de\/wp-content\/uploads\/2023\/07\/18155144\/factorial-logo.png\",\"contentUrl\":\"https:\/\/factorialhr.de\/wp-content\/uploads\/2023\/07\/18155144\/factorial-logo.png\",\"width\":946,\"height\":880,\"caption\":\"All-in-one business management software - Factorial\"},\"image\":{\"@id\":\"https:\/\/factorialhr.de\/blog\/#\/schema\/logo\/image\/\"},\"sameAs\":[\"https:\/\/www.facebook.com\/people\/Factorial\/100064908455810\/\",\"https:\/\/twitter.com\/factorialapp\",\"https:\/\/www.linkedin.com\/company\/factorialhr\",\"https:\/\/www.youtube.com\/@factorialmedia\",\"https:\/\/www.instagram.com\/factorial\/#\"]},{\"@type\":\"Person\",\"@id\":\"https:\/\/factorialhr.de\/blog\/#\/schema\/person\/8c62dbde419683b23e49e1ddcc9cd52f\",\"name\":\"Marie-Louise Messerschmidt\",\"image\":{\"@type\":\"ImageObject\",\"inLanguage\":\"de-DE\",\"@id\":\"https:\/\/factorialhr.de\/blog\/#\/schema\/person\/image\/\",\"url\":\"https:\/\/secure.gravatar.com\/avatar\/95f420e6138a2befae05fed9d10b393a?s=96&d=identicon&r=g\",\"contentUrl\":\"https:\/\/secure.gravatar.com\/avatar\/95f420e6138a2befae05fed9d10b393a?s=96&d=identicon&r=g\",\"caption\":\"Marie-Louise Messerschmidt\"},\"description\":\"Marie-Louise Messerschmidt ist SEO Content Writer bei Factorial HR und auf rechtlich-strategische HR-Themen spezialisiert. Seit 2017 besch\u00e4ftigt sie sich intensiv mit Entwicklungen im Personalwesen \u2013 mit besonderem Blick auf Gesetzes\u00e4nderungen, Organisationsstrategien und digitale Tools. Ihr interdisziplin\u00e4rer Studienhintergrund in Betriebswirtschaftslehre und Sprachwissenschaften unterst\u00fctzt sie dabei, komplexe Inhalte pr\u00e4zise und verst\u00e4ndlich aufzubereiten.\",\"sameAs\":[\"https:\/\/www.linkedin.com\/in\/marie-m-569011177\/\"],\"url\":\"https:\/\/factorialhr.de\/blog\/author\/marie-louise-messerschmidt\/\"}]}<\/script>\n<!-- \/ Yoast SEO Premium plugin. -->","yoast_head_json":{"title":"Kurzarbeit: Modelle, Steuern und Urlaubsanspruch - Factorial","description":"Bei Kurzarbeit handelt es sich um ein Arbeitszeitmodell, bei dem Arbeitnehmer*innen vor\u00fcbergehend weniger Stunden arbeiten.","robots":{"index":"index","follow":"follow","max-snippet":"max-snippet:-1","max-image-preview":"max-image-preview:large","max-video-preview":"max-video-preview:-1"},"canonical":"https:\/\/factorialhr.de\/blog\/kurzarbeit\/","og_locale":"de_DE","og_type":"article","og_title":"Erfolgsmodell f\u00fcr sichere Arbeitspl\u00e4tze: Kurzarbeit","og_description":"Bei Kurzarbeit handelt es sich um ein Arbeitszeitmodell, bei dem Arbeitnehmer*innen vor\u00fcbergehend weniger Stunden arbeiten.","og_url":"https:\/\/factorialhr.de\/blog\/kurzarbeit\/","og_site_name":"Factorial","article_publisher":"https:\/\/www.facebook.com\/people\/Factorial\/100064908455810\/","article_published_time":"2023-03-28T11:55:07+00:00","article_modified_time":"2025-03-26T12:47:07+00:00","og_image":[{"width":830,"height":400,"url":"https:\/\/factorialhr.de\/wp-content\/uploads\/2023\/03\/28102757\/Kurzarbeit-1.jpg","type":"image\/jpeg"}],"author":"Marie-Louise Messerschmidt","twitter_card":"summary_large_image","twitter_creator":"@factorialapp","twitter_site":"@factorialapp","twitter_misc":{"Written by":"Marie-Louise Messerschmidt","Est. reading time":"13 Minuten"},"schema":{"@context":"https:\/\/schema.org","@graph":[{"@type":"Article","@id":"https:\/\/factorialhr.de\/blog\/kurzarbeit\/#article","isPartOf":{"@id":"https:\/\/factorialhr.de\/blog\/kurzarbeit\/"},"author":{"name":"Marie-Louise Messerschmidt","@id":"https:\/\/factorialhr.de\/blog\/#\/schema\/person\/8c62dbde419683b23e49e1ddcc9cd52f"},"headline":"Erfolgsmodell f\u00fcr sichere Arbeitspl\u00e4tze: Kurzarbeit","datePublished":"2023-03-28T11:55:07+00:00","dateModified":"2025-03-26T12:47:07+00:00","mainEntityOfPage":{"@id":"https:\/\/factorialhr.de\/blog\/kurzarbeit\/"},"wordCount":2935,"publisher":{"@id":"https:\/\/factorialhr.de\/blog\/#organization"},"articleSection":["Employer Branding"],"inLanguage":"de-DE"},{"@type":"WebPage","@id":"https:\/\/factorialhr.de\/blog\/kurzarbeit\/","url":"https:\/\/factorialhr.de\/blog\/kurzarbeit\/","name":"Kurzarbeit: Modelle, Steuern und Urlaubsanspruch - Factorial","isPartOf":{"@id":"https:\/\/factorialhr.de\/blog\/#website"},"datePublished":"2023-03-28T11:55:07+00:00","dateModified":"2025-03-26T12:47:07+00:00","description":"Bei Kurzarbeit handelt es sich um ein Arbeitszeitmodell, bei dem Arbeitnehmer*innen vor\u00fcbergehend weniger Stunden arbeiten.","inLanguage":"de-DE","potentialAction":[{"@type":"ReadAction","target":["https:\/\/factorialhr.de\/blog\/kurzarbeit\/"]}]},{"@type":"WebSite","@id":"https:\/\/factorialhr.de\/blog\/#website","url":"https:\/\/factorialhr.de\/blog\/","name":"Factorial","description":"","publisher":{"@id":"https:\/\/factorialhr.de\/blog\/#organization"},"potentialAction":[{"@type":"SearchAction","target":{"@type":"EntryPoint","urlTemplate":"https:\/\/factorialhr.de\/blog\/?s={search_term_string}"},"query-input":"required name=search_term_string"}],"inLanguage":"de-DE"},{"@type":"Organization","@id":"https:\/\/factorialhr.de\/blog\/#organization","name":"All-in-one business management software - Factorial","url":"https:\/\/factorialhr.de\/blog\/","logo":{"@type":"ImageObject","inLanguage":"de-DE","@id":"https:\/\/factorialhr.de\/blog\/#\/schema\/logo\/image\/","url":"https:\/\/factorialhr.de\/wp-content\/uploads\/2023\/07\/18155144\/factorial-logo.png","contentUrl":"https:\/\/factorialhr.de\/wp-content\/uploads\/2023\/07\/18155144\/factorial-logo.png","width":946,"height":880,"caption":"All-in-one business management software - Factorial"},"image":{"@id":"https:\/\/factorialhr.de\/blog\/#\/schema\/logo\/image\/"},"sameAs":["https:\/\/www.facebook.com\/people\/Factorial\/100064908455810\/","https:\/\/twitter.com\/factorialapp","https:\/\/www.linkedin.com\/company\/factorialhr","https:\/\/www.youtube.com\/@factorialmedia","https:\/\/www.instagram.com\/factorial\/#"]},{"@type":"Person","@id":"https:\/\/factorialhr.de\/blog\/#\/schema\/person\/8c62dbde419683b23e49e1ddcc9cd52f","name":"Marie-Louise Messerschmidt","image":{"@type":"ImageObject","inLanguage":"de-DE","@id":"https:\/\/factorialhr.de\/blog\/#\/schema\/person\/image\/","url":"https:\/\/secure.gravatar.com\/avatar\/95f420e6138a2befae05fed9d10b393a?s=96&d=identicon&r=g","contentUrl":"https:\/\/secure.gravatar.com\/avatar\/95f420e6138a2befae05fed9d10b393a?s=96&d=identicon&r=g","caption":"Marie-Louise Messerschmidt"},"description":"Marie-Louise Messerschmidt ist SEO Content Writer bei Factorial HR und auf rechtlich-strategische HR-Themen spezialisiert. Seit 2017 besch\u00e4ftigt sie sich intensiv mit Entwicklungen im Personalwesen \u2013 mit besonderem Blick auf Gesetzes\u00e4nderungen, Organisationsstrategien und digitale Tools. Ihr interdisziplin\u00e4rer Studienhintergrund in Betriebswirtschaftslehre und Sprachwissenschaften unterst\u00fctzt sie dabei, komplexe Inhalte pr\u00e4zise und verst\u00e4ndlich aufzubereiten.","sameAs":["https:\/\/www.linkedin.com\/in\/marie-m-569011177\/"],"url":"https:\/\/factorialhr.de\/blog\/author\/marie-louise-messerschmidt\/"}]}},"_links":{"self":[{"href":"https:\/\/factorialhr.de\/blog\/wp-json\/wp\/v2\/posts\/97185"}],"collection":[{"href":"https:\/\/factorialhr.de\/blog\/wp-json\/wp\/v2\/posts"}],"about":[{"href":"https:\/\/factorialhr.de\/blog\/wp-json\/wp\/v2\/types\/post"}],"author":[{"embeddable":true,"href":"https:\/\/factorialhr.de\/blog\/wp-json\/wp\/v2\/users\/112"}],"replies":[{"embeddable":true,"href":"https:\/\/factorialhr.de\/blog\/wp-json\/wp\/v2\/comments?post=97185"}],"version-history":[{"count":44,"href":"https:\/\/factorialhr.de\/blog\/wp-json\/wp\/v2\/posts\/97185\/revisions"}],"predecessor-version":[{"id":154590,"href":"https:\/\/factorialhr.de\/blog\/wp-json\/wp\/v2\/posts\/97185\/revisions\/154590"}],"wp:featuredmedia":[{"embeddable":true,"href":"https:\/\/factorialhr.de\/blog\/wp-json\/wp\/v2\/media\/97201"}],"wp:attachment":[{"href":"https:\/\/factorialhr.de\/blog\/wp-json\/wp\/v2\/media?parent=97185"}],"wp:term":[{"taxonomy":"category","embeddable":true,"href":"https:\/\/factorialhr.de\/blog\/wp-json\/wp\/v2\/categories?post=97185"},{"taxonomy":"post_tag","embeddable":true,"href":"https:\/\/factorialhr.de\/blog\/wp-json\/wp\/v2\/tags?post=97185"}],"curies":[{"name":"wp","href":"https:\/\/api.w.org\/{rel}","templated":true}]}}