{"id":98293,"date":"2025-11-19T14:42:08","date_gmt":"2025-11-19T12:42:08","guid":{"rendered":"https:\/\/factorialhr.com\/blog\/?p=98293"},"modified":"2025-11-21T12:23:36","modified_gmt":"2025-11-21T10:23:36","slug":"urlaubsanspruch-minijobber","status":"publish","type":"post","link":"https:\/\/factorialhr.de\/blog\/urlaubsanspruch-minijobber\/","title":{"rendered":"Urlaubsanspruch Minijobber*innen: Berechnung und Bezahlung"},"content":{"rendered":"<p><span style=\"font-weight: 400;\">Wie sieht der Urlaubsanspruch von Minijobber*innen aus? <a href=\"https:\/\/www.minijob-zentrale.de\/DE\/service\/minijob-statistik\/minijob-statistik_node.html\" target=\"_blank\" rel=\"noopener\">Knapp <\/a><\/span><a href=\"https:\/\/www.minijob-zentrale.de\/DE\/service\/minijob-statistik\/minijob-statistik_node.html\">20 Prozent der Besch\u00e4ftigten<\/a> auf dem deutschen Arbeitsmarkt sind geringf\u00fcgig Besch\u00e4ftigte<span style=\"font-weight: 400;\">, sogenannte Minijobber*innen. <\/span><\/p>\n<p><span style=\"font-weight: 400;\">Im Gegensatz zu Vollzeit- und Teilzeitbesch\u00e4ftigten k\u00f6nnen sie bis zu einer gesetzlich festgelegten Verdienstgrenze von derzeit <strong>556 Euro<\/strong> im Monat (<a href=\"https:\/\/www.deutsche-rentenversicherung.de\/DRV\/DE\/Ueber-uns-und-Presse\/Presse\/Meldungen\/2025\/250124_minijob_grenze_steigt.html\" target=\"_blank\" rel=\"noopener\">Stand 2025<\/a>) verdienen. Wie bei Teilzeitkr\u00e4ften ist auch bei Minijobber*innen die <\/span><b>Berechnung des Urlaubs nicht immer ganz einfach<\/b><span style=\"font-weight: 400;\">. <\/span><span style=\"font-weight: 400;\">Sind bei Ihnen im Unternehmen auch Minijobber*innen besch\u00e4ftigt? <\/span><\/p>\n<p><span style=\"font-weight: 400;\">Im folgenden Blogbeitrag<\/span><span style=\"font-weight: 400;\"> kl\u00e4ren wir Sie \u00fcber die Urlaubsanspr\u00fcche und deren Berechnung auf.<\/span><\/p>\n<h2><strong>Das Wichtigste in K\u00fcrze<\/strong><\/h2>\n<ol>\n<li><span style=\"font-weight: 400;\"><strong>Minijobber*innen<\/strong>\u00a0haben <strong>vollen Anspruch auf bezahlten Urlaub.<\/strong><\/span><a href=\"https:\/\/www.gesetze-im-internet.de\/burlg\/\" target=\"_blank\" rel=\"noopener\"><span style=\"font-weight: 400;\"><br \/>\n<\/span><\/a><\/li>\n<li><span style=\"font-weight: 400;\">Die Berechnung erfolgt nach Arbeitstagen, nicht nach Stunden: <\/span><b>(Arbeitstage pro Woche \u00d7 24) \u00f7 6<\/b><span style=\"font-weight: 400;\">.<\/span><span style=\"font-weight: 400;\"><br \/>\n<\/span><\/li>\n<\/ol>\n<h2>Gesetzliche Grundlage<\/h2>\n<ol>\n<li>Der Anspruch auf Urlaub auch im Minijob ergibt sich aus dem <a href=\"https:\/\/www.gesetze-im-internet.de\/burlg\/\" target=\"_blank\" rel=\"noopener\">Bundesurlaubsgesetz<\/a>.<\/li>\n<\/ol>\n<div class=\"factorial-banner inline-banner banner-freebie category-urlaub-und-abwesenheiten\"\n    data-banner-id=\"164352\"\n    data-banner-type=\"freebie\"\n    data-category=\"Urlaub und Abwesenheiten\">\n    <div class=\"banner-content\">\n        <div class=\"banner-text\">\n                            <h4>Excel-Vorlage: Einsatz-\/Dienstplan<\/h4>\n            \n                            <p>Behalten Sie den \u00dcberblick \u00fcber Arbeitstage, Abwesenheiten und Dienste mit dieser anpassbaren Excel-Tabelle \u2013 aktuell und automatisch!<\/p>\n            \n                            <a href=\"https:\/\/factorialhr.de\/vorlagen\/excel-einsatzplan-dienstplan\"\n                    class=\"factorial-cta-button not-prose freebie\" data-cta=\"freebie\" data-cta-position=\"inline-banner\">\n                    Kostenlos herunterladen                <\/a>\n                    <\/div>\n\n        <div class=\"banner-image no-image\">\n            <img decoding=\"async\" src=\"https:\/\/factorialhr.de\/blog\/app\/plugins\/factorial-utilities\/assets\/images\/banners\/inline\/backgrounds\/default_image.svg\" class=\"not-prose\" \/>\n        <\/div>\n    <\/div>\n<\/div>\n<h2><strong>Was sind geringf\u00fcgig Besch\u00e4ftigte?<\/strong><\/h2>\n<p><span style=\"font-weight: 400;\">Unter <a href=\"https:\/\/factorialhr.de\/blog\/minijob\/\">geringf\u00fcgiger Besch\u00e4ftigung<\/a> versteht man <\/span>ein Arbeitsverh\u00e4ltnis, dessen<b> regelm\u00e4\u00dfiges Arbeitsentgelt 556 Euro nicht \u00fcbersteig<\/b><span style=\"font-weight: 400;\"><strong>t<\/strong>.\u00a0<\/span><span style=\"font-weight: 400;\">Die geringf\u00fcgige Besch\u00e4ftigung ist eine <\/span><b>Sonderform des Teilzeitarbeitsverh\u00e4ltnisses<\/b><span style=\"font-weight: 400;\"> gem\u00e4\u00df <\/span><a href=\"https:\/\/www.gesetze-im-internet.de\/sgb_4\/__8.html#:~:text=die%20Besch%C3%A4ftigung%20innerhalb%20eines%20Kalenderjahres,wird%20und%20die%20Geringf%C3%BCgigkeitsgrenze%20%C3%BCbersteigt.\" target=\"_blank\" rel=\"noopener\"><span style=\"font-weight: 400;\">\u00a7 8 SGB IV<\/span><\/a><span style=\"font-weight: 400;\">.<\/span><\/p>\n<p><span style=\"font-weight: 400;\">Dar\u00fcber hinaus z\u00e4hlt eine geringf\u00fcgige Besch\u00e4ftigung <\/span>auch als Minijob, wenn es sich um eine<b> kurzfristige Besch\u00e4ftigung von maximal 3 Monaten oder h\u00f6chstens 70 Kalendertagen <\/b><span style=\"font-weight: 400;\">im Jahr handelt. <\/span><span style=\"font-weight: 400;\">Ziel der Minijobs ist es, vor allem Langzeitarbeitslosen den Einstieg in den Arbeitsmarkt zu erleichtern. Arbeitslosigkeit soll mit diesem Konzept also abgebaut werden.<\/span><\/p>\n<h3>Verdienstobergrenze f\u00fcr Minijobs<\/h3>\n<p><span style=\"font-weight: 400;\">Durch die dynamische Kopplung an den <a href=\"https:\/\/factorialhr.de\/blog\/mindestlohn-2024\/\">Mindestlohn<\/a> steigt die Minijob-Grenze automatisch. F\u00fcr 2026 ist bei einem Mindestlohn von 13,90 Euro eine Erh\u00f6hung auf 603 Euro monatlich geplant. 2027 folgt voraussichtlich eine weitere Anhebung auf etwa 633 Euro (bei 14,60 Euro Mindestlohn). Diese Anpassungen wurden von der <a href=\"https:\/\/www.mindestlohn-kommission.de\/de\/Mindestlohnkommission\/Beschluesse-der-Mindestlohnkommission\/beschluesse-der-mindestlohnkommission_node?\" target=\"_blank\" rel=\"noopener\">Mindestlohnkommission<\/a> im Juni 2025 beschlossen und vom Bundeskabinett best\u00e4tigt.<\/span><\/p>\n<p><span style=\"font-weight: 400;\">Im zweiten Quartal 2025 waren laut <a href=\"https:\/\/www.minijob-zentrale.de\/DE\/service\/minijob-statistik\/Digitaler_Quartalsbericht_\/node.html\" target=\"_blank\" rel=\"noopener\">Minijob-Zentrale<\/a> 7,023 Millionen Menschen geringf\u00fcgig besch\u00e4ftigt \u2013 davon 6,76 Millionen im gewerblichen Bereich und 259.000 in Privathaushalten. Der Frauenanteil liegt bei 63 Prozent, wobei dieser Wert seit Jahren kontinuierlich sinkt.<\/span><\/p>\n<h2><strong>556-Euro-Job Urlaubsanspruch \u2013 Wie viele Urlaubstage hat man als geringf\u00fcgig Besch\u00e4ftigter?<\/strong><\/h2>\n<p><span style=\"font-weight: 400;\">Im Zusammenhang mit den Minijobs ergeben sich oft rechtliche Fragen, so beispielsweise zur Umsetzung und rechtlichen Lage bzgl. des Urlaubsanspruchs bei Minijobs.<\/span><\/p>\n<p><span style=\"font-weight: 400;\"><strong>Denn:<\/strong> Grunds\u00e4tzlich haben Arbeitnehmende auch bei Teilzeit einen Urlaubsanspruch. Der gesetzliche Urlaubsanspruch auf bezahlten <a href=\"https:\/\/factorialhr.de\/blog\/urlaubsverwaltung-guide\/\">Urlaub<\/a> gilt damit auch f\u00fcr geringf\u00fcgig Besch\u00e4ftigte. Dieser h\u00e4ngt jedoch von ganz bestimmten Faktoren ab, die wir im Folgenden erl\u00e4utern.<\/span><\/p>\n<h3><strong>Minijob Urlaub: Wie viele Tage Freizeit hat man bei 556-Euro-Jobs?<\/strong><\/h3>\n<p><span style=\"font-weight: 400;\">Nach dem <\/span><a href=\"https:\/\/www.gesetze-im-internet.de\/burlg\/\" target=\"_blank\" rel=\"noopener\"><span style=\"font-weight: 400;\">Bundesurlaubsgesetz<\/span><\/a><span style=\"font-weight: 400;\"> steht jedem Besch\u00e4ftigten gr<\/span>unds\u00e4tzlich ein <b>Urlaub von mindestens 4 Wochen bzw. 24 Tagen zu<\/b><span style=\"font-weight: 400;\">. <\/span><\/p>\n<p><span style=\"font-weight: 400;\">Prinzipiell gilt dieses Gesetz gem\u00e4\u00df dem Grundsatz der Gleichbehandlung auch f\u00fcr Minijobber*innen. Entscheidend ist in diesem Zusammenhang nicht, wie viele Stunden die Arbeitnehmenden arbeiten, sondern<strong> an wie vielen Tagen<\/strong> sie einer Arbeit nachgehen. <\/span><\/p>\n<p><span style=\"font-weight: 400;\">Dennoch sollten Arbeitgebende auch hier die Arbeitsstunden Ihrer Mitarbeitenden z. B. mit einer <a href=\"https:\/\/factorialhr.de\/zeiterfassung-mitarbeiter\">Software f\u00fcr Arbeitszeiterfassung<\/a> festhalten.<\/span><\/p>\n<p>Das Bundesurlaubsgesetz geht von einer<b> 6-Tage-Woche <\/b>aus. Nur, wenn Minijobber*innen also an 6 Tagen in der Woche arbeiten, haben sie einen Urlaubsanspruch auf 24 Tage Urlaub im Jahr. Die Berechnung des Urlaubsanspruchs im Minijob kann, \u00e4hnlich wie bei Teilzeitbesch\u00e4ftigten, etwas knifflig sein. Das trifft besonders dann zu, wenn an unregelm\u00e4\u00dfigen Tagen gearbeitet wird.<\/p>\n<p><span style=\"font-weight: 400;\"><strong>Hinweis:<\/strong> Wenn Sie mit Ihren Besch\u00e4ftigten einen Urlaubsanspruch \u00fcber dem gesetzlichen Minimum festgelegt haben, erh\u00f6ht sich auch der prozentuale Urlaubsanspruch der Mitarbeitenden.<\/span><\/p>\n<p>Abhilfe beim \u00dcberblick \u00fcber die Urlaubsanspr\u00fcche aller Ihrer Mitarbeitenden kann eine <a href=\"https:\/\/factorialhr.de\/\" rel=\"noopener\">HR-Software<\/a> wie die von Factorial schaffen.<\/p>\n<p><div class=\"factorial-banner inline-banner banner-discover category-urlaub-und-abwesenheiten\"\n    data-banner-id=\"164393\"\n    data-banner-type=\"discover\"\n    data-category=\"Urlaub und Abwesenheiten\">\n    <div class=\"banner-content\">\n        <div class=\"banner-text\">\n                            <h4>Die Software, die alles verbindet, was Sie f\u00fcr das Management Ihres Teams brauchen.<\/h4>\n            \n                            <p>Entdecken Sie jetzt Factorial und erfahren Sie, wie Sie Ihre Prozesse effizienter gestalten.<\/p>\n            \n                            <a href=\"https:\/\/factorialhr.de\/entdecken-factorial-software\"\n                    class=\"factorial-cta-button not-prose demo btn-brand\" data-cta=\"discover\" data-cta-position=\"inline-banner\">\n                    Factorial entdecken                <\/a>\n                    <\/div>\n\n        <div class=\"banner-image has-image\">\n            <img decoding=\"async\" src=\"https:\/\/factorialhr.com\/wp-content\/uploads\/2025\/07\/18113357\/Laptop_screen-3-1.png\" class=\"not-prose\" \/>\n        <\/div>\n    <\/div>\n<\/div><br \/>\n<!-- end HubSpot Call-to-Action Code --><\/p>\n<h3><strong>556-Euro-Job Urlaub Unbezahlt<\/strong><\/h3>\n<p><span style=\"font-weight: 400;\">Minijobber*innen d\u00fcrfen auch <a href=\"https:\/\/factorialhr.de\/blog\/unbezahlter-urlaub\/\">unbezahlten Urlaub<\/a> nehmen. Dies allerdings nur in Absprache mit dem Arbeitgebenden.\u00a0<\/span><\/p>\n<p><span style=\"font-weight: 400;\">Andersherum d\u00fcrfen Unternehmen geringf\u00fcgig Besch\u00e4ftigte nur in den unbezahlten Urlaub schicken, wenn diese einverstanden sind. Bei einem unbezahlten Urlaub, der<strong> l\u00e4nger als einen Monat<\/strong> dauert, m\u00fcssen Minijobber*innen in der <strong>Minijobzentrale abgemeldet<\/strong> werden.<\/span><\/p>\n<h2><strong>Minijob-Urlaubsanspruch: Berechnung<\/strong><\/h2>\n<p><span style=\"font-weight: 400;\">Viele Minijobber*innen arbeiten nicht an 6 Tagen die Woche. Ein Anspruch auf bezahlten Urlaub besteht trotzdem. Mit der folgenden Formel berechnen Sie als Arbeitgebender den Urlaubsanspruch f\u00fcr Minijobber*innen:<\/span><\/p>\n<p><img decoding=\"async\" class=\"alignnone size-full wp-image-173869\" src=\"https:\/\/factorialhr.de\/wp-content\/uploads\/2025\/08\/19154445\/Name-Tag.webp\" alt=\"Formel f\u00fcr die Berechnung des Urlaubsanspruchs\" width=\"1262\" height=\"306\" srcset=\"https:\/\/factorialhr.de\/wp-content\/uploads\/2025\/08\/19154445\/Name-Tag.webp 1262w, https:\/\/factorialhr.de\/wp-content\/uploads\/2025\/08\/19154445\/Name-Tag-300x73.webp 300w, https:\/\/factorialhr.de\/wp-content\/uploads\/2025\/08\/19154445\/Name-Tag-1024x248.webp 1024w, https:\/\/factorialhr.de\/wp-content\/uploads\/2025\/08\/19154445\/Name-Tag-768x186.webp 768w\" sizes=\"(max-width: 1262px) 100vw, 1262px\" \/><\/p>\n<p>Generell sind bei der Aus\u00fcbung eines Minijobs nicht die Stunden, sondern die Arbeitstage entscheidend. Daraus ergeben sich folgende Urlaubstage, abh\u00e4ngig von der Anzahl der Arbeitstage pro Woche:<\/p>\n<table class=\"aligncenter\" dir=\"ltr\" style=\"width: 35.1455%; height: 206px;\" border=\"1\" cellspacing=\"0\" cellpadding=\"0\" data-sheets-root=\"1\" data-sheets-baot=\"1\" data-sheets-original-selection=\"A2:C8\" data-sheets-named-table-range=\"A2:C8\" data-sheets-named-table=\"{&quot;1&quot;:{&quot;1&quot;:{&quot;1&quot;:{&quot;4&quot;:{&quot;1&quot;:2,&quot;2&quot;:3500116}},&quot;2&quot;:{&quot;4&quot;:{&quot;1&quot;:2,&quot;2&quot;:16777215}},&quot;3&quot;:1,&quot;4&quot;:{&quot;4&quot;:{&quot;1&quot;:2,&quot;2&quot;:16185593}},&quot;5&quot;:1}},&quot;2&quot;:&quot;Tabelle1&quot;,&quot;3&quot;:[{&quot;1&quot;:0,&quot;2&quot;:1,&quot;3&quot;:{&quot;2&quot;:2},&quot;4&quot;:3}],&quot;5&quot;:{&quot;1&quot;:62,&quot;3&quot;:0,&quot;4&quot;:1,&quot;5&quot;:0,&quot;6&quot;:0,&quot;7&quot;:0}}\">\n<colgroup>\n<col width=\"158\" \/>\n<col width=\"114\" \/>\n<col width=\"211\" \/><\/colgroup>\n<tbody>\n<tr style=\"height: 24px;\">\n<td style=\"width: 156px; height: 24px;\">Arbeitstage\/Woche<\/td>\n<td style=\"width: 112px; height: 24px;\">Berechnung<\/td>\n<td style=\"width: 209px; height: 24px;\">Urlaubstage\/Jahr<\/td>\n<\/tr>\n<tr style=\"height: 24px;\">\n<td style=\"width: 156px; height: 24px;\">1 Tag<\/td>\n<td style=\"width: 112px; height: 24px;\">(1 \u00d7 24) \u00f7 6<\/td>\n<td style=\"width: 209px; height: 24px;\">4 Tage<\/td>\n<\/tr>\n<tr style=\"height: 24px;\">\n<td style=\"width: 156px; height: 24px;\">2 Tage<\/td>\n<td style=\"width: 112px; height: 24px;\">(2 \u00d7 24) \u00f7 6<\/td>\n<td style=\"width: 209px; height: 24px;\">8 Tage<\/td>\n<\/tr>\n<tr style=\"height: 24px;\">\n<td style=\"width: 156px; height: 24px;\">3 Tage<\/td>\n<td style=\"width: 112px; height: 24px;\">(3 \u00d7 24) \u00f7 6<\/td>\n<td style=\"width: 209px; height: 24px;\">12 Tage<\/td>\n<\/tr>\n<tr style=\"height: 24px;\">\n<td style=\"width: 156px; height: 24px;\">4 Tage<\/td>\n<td style=\"width: 112px; height: 24px;\">(4 \u00d7 24) \u00f7 6<\/td>\n<td style=\"width: 209px; height: 24px;\">16 Tage<\/td>\n<\/tr>\n<tr style=\"height: 24px;\">\n<td style=\"width: 156px; height: 24px;\">5 Tage<\/td>\n<td style=\"width: 112px; height: 24px;\">(5 \u00d7 24) \u00f7 6<\/td>\n<td style=\"width: 209px; height: 24px;\">20 Tage<\/td>\n<\/tr>\n<tr style=\"height: 48px;\">\n<td style=\"width: 156px; height: 48px;\">6 Tage<\/td>\n<td style=\"width: 112px; height: 48px;\">(6 \u00d7 24) \u00f7 6<\/td>\n<td style=\"width: 209px; height: 48px;\">24 Tage (gesetzliches Minimum)<\/td>\n<\/tr>\n<\/tbody>\n<\/table>\n<h3 style=\"text-align: center;\"><\/h3>\n<h3><strong>Urlaubsanspruch 556-Euro-Job bei gleicher Anzahl an Arbeitstagen in der Woche<\/strong><\/h3>\n<p><span style=\"font-weight: 400;\">Am einfachsten l\u00e4sst sich der <a href=\"https:\/\/factorialhr.de\/blog\/urlaubsanspruch-berechnen\/\">Urlaubsanspruch berechnen<\/a> f\u00fcr Arbeitnehmende, die regelm\u00e4\u00dfig eine gleiche Anzahl an Tagen arbeiten.<\/span><\/p>\n<p><strong>Beispiel 1: Urlaubsanspruch von Minijobber*in bei einer 2-Tage-Woche:<\/strong><\/p>\n<p><em><span style=\"font-weight: 400;\">Arbeitnehmerin X arbeitet als Minijobberin immer an 2 Tagen pro Woche, jeweils am Dienstag und Donnerstag im Betrieb. Ihr <\/span><span style=\"font-weight: 400;\">Urlaubsanspruch lautet wie folgt: <\/span><span style=\"font-weight: 400;\">2 x 24 \/ 6 = 8<\/span><\/em><\/p>\n<p><em><span style=\"font-weight: 400;\">Die Besch\u00e4ftigte hat einen Anspruch von 8 Urlaubstagen im Jahr.<\/span><\/em><\/p>\n<p><strong>Beispiel 2: Urlaubsanspruch von Minijobber Y bei 1-Tages-Woche<\/strong><\/p>\n<p><em><span style=\"font-weight: 400;\">An einem Tag die Woche besch\u00e4ftigt ein Unternehmen eine Putzkraft. Wie viel Urlaub steht ihm zu?<\/span><\/em><\/p>\n<p><em><span style=\"font-weight: 400;\">1 x 24\/6 = 4. <\/span><span style=\"font-weight: 400;\">Der Putzkraft stehen 4 Urlaubstage im Jahr zu.<\/span><\/em><\/p>\n<p><strong>Beispiel 3: Urlaubsanspruch von Minijobber Z im dreiw\u00f6chigen Rhythmus<\/strong><\/p>\n<p><em><span style=\"font-weight: 400;\">F\u00fcr ein kleines Gesch\u00e4ft kommt alle 3 Woche f\u00fcr jeweils 2 Vormittage ein Minijobber. Wie erfolgt in diesem Fall die Urlaubsberechnung?<\/span><\/em><\/p>\n<p><em><span style=\"font-weight: 400;\">Obwohl der oder die Minijobber nicht w\u00f6chentlich arbeitet, ist die Arbeitszeit als regelm\u00e4\u00dfig anzusehen. Die geleisteten Arbeitstage werden zur Berechnung auf w\u00f6chentliche Arbeitstage umgerechnet.<\/span><\/em><\/p>\n<p><em><span style=\"font-weight: 400;\">Berechnung der w\u00f6chentlichen Arbeitstage: <\/span><\/em><\/p>\n<ul>\n<li><em><span style=\"font-weight: 400;\">2 Arbeitstage\/3 Wochen = 0, 67 Arbeitstage pro Woche<\/span><\/em><\/li>\n<li><em><span style=\"font-weight: 400;\">Anwendung der Formel:\u00a0 <\/span><span style=\"font-weight: 400;\">0,67 x 24\/6 = 2,68 \u2192 3 Tage (die Zahl wird ab 0,5 aufgerundet).<\/span><\/em><\/li>\n<li><em><span style=\"font-weight: 400;\">Der oder die Minijobber*in hat somit einen Urlaubsanspruch von 3 Tagen im Jahr.<\/span><\/em><\/li>\n<\/ul>\n<p><strong>Tipp:<\/strong> Mit Factorial wird Abwesenheitsmanagement zum Kinderspiel! Ihre Mitarbeitenden sehen jederzeit, wie viel Urlaub Ihnen zusteht und k\u00f6nnen Abwesenheiten einfach \u00fcber die App beantragen.<\/p>\n<p><iframe title=\"Zeitmanagement-Funktionen von Factorial im \u00dcberblick\" width=\"500\" height=\"281\" src=\"https:\/\/www.youtube.com\/embed\/qMVpdZndkiQ?feature=oembed\" frameborder=\"0\" allow=\"accelerometer; autoplay; clipboard-write; encrypted-media; gyroscope; picture-in-picture; web-share\" referrerpolicy=\"strict-origin-when-cross-origin\" allowfullscreen><\/iframe><\/p>\n<h3><strong>Urlaub Minijob: Unregelm\u00e4\u00dfige Arbeitszeit<\/strong><\/h3>\n<p><span style=\"font-weight: 400;\">Auch bei einer unregelm\u00e4\u00dfigen Anzahl an Arbeitstagen l\u00e4sst sich der Urlaubsanspruch berechnen. Hierf\u00fcr nutzen Sie am besten den <\/span><a href=\"https:\/\/www.minijob-zentrale.de\/DE\/die-minijobs\/urlaubsanspruch-im-minijob\/urlaubsanspruch-im-minijob_node.html\" target=\"_blank\" rel=\"noopener\"><span style=\"font-weight: 400;\">Urlaubsrechner der Minijobzentrale<\/span><\/a><span style=\"font-weight: 400;\">. <\/span><span style=\"font-weight: 400;\">Grundlage der Berechnung ist hierbei der durchschnittliche w\u00f6chentliche Einsatz \u00fcber einen repr\u00e4sentativen Zeitraum (z.\u202fB. Dienstplan\/\u00d8\u2011Woche), den Sie dann in die Formel einsetzen.<\/span><\/p>\n<p><strong>Beispiel unregelm\u00e4\u00dfige Arbeitszeit:<\/strong><\/p>\n<ul>\n<li data-start=\"1123\" data-end=\"1230\">\n<p data-start=\"1125\" data-end=\"1230\">Annahme: Im Schnitt <strong data-start=\"1145\" data-end=\"1170\">1,5 Arbeitstage\/Woche<\/strong> (z. B. 18 Einsatztage in 12 Wochen; Tagesl\u00e4nge beliebig).<\/p>\n<\/li>\n<li data-start=\"1231\" data-end=\"1278\">\n<p data-start=\"1233\" data-end=\"1278\">Berechnung: 1,5 \u00d7 24 \u00f7 6 = <strong data-start=\"1258\" data-end=\"1275\">6 Urlaubstage<\/strong>.<\/p>\n<\/li>\n<li data-start=\"1279\" data-end=\"1410\">\n<p data-start=\"1281\" data-end=\"1410\">Hinweis: Die <strong data-start=\"1294\" data-end=\"1337\">Stunden beeinflussen das Urlaubsentgelt<\/strong>, nicht die Anzahl der Urlaubstage.<\/p>\n<\/li>\n<\/ul>\n<h3><strong>Urlaubstage im Minijob: Wartezeit<\/strong><\/h3>\n<p><span style=\"font-weight: 400;\"><strong>Wichtig!<\/strong><\/span><span style=\"font-weight: 400;\">\u00a0Der <b>volle Jahresurlaub<\/b> entsteht erst nach <b>6 Monaten Betriebszugeh\u00f6rigkeit<\/b><a href=\"https:\/\/www.gesetze-im-internet.de\/burlg\/__4.html\" target=\"_blank\" rel=\"noopener\"> (\u00a74 BUrlG)<\/a>. <b>Vorher<\/b> besteht <b>Teilurlaub<\/b>: <b>1\/12<\/b> des Jahresurlaubs <b>pro vollem Monat<\/b> des Arbeitsverh\u00e4ltnisses.<br \/>\n<\/span><\/p>\n<p>Bruchteile von Urlaubstagen ab 0,5 sind aufzurunden.<\/p>\n<p><strong>Beispiel:<\/strong><\/p>\n<p><em><span style=\"font-weight: 400;\">Eine Minijobberin arbeitet w\u00e4hrend der Saison von Mai bis September im Schwimmbad. Sie arbeitet an 3 Tagen die Woche. Da das Verh\u00e4ltnis keine 6 Monate besteht, kann nur <strong>Teilurlaub<\/strong> genommen werden. Die Berechnung kann in diesem Fall nicht mit dem Urlaubsrechner durchgef\u00fchrt werden.<\/span><\/em><\/p>\n<p><span style=\"font-weight: 400;\">Sie erfolgt stattdessen so:\u00a0<\/span><\/p>\n<p><em><span style=\"font-weight: 400;\">Bei einer w\u00f6chentlichen Arbeitszeit von 3 Tagen die Woche ergibt sich \u00fcber den Urlaubsrechner ein Anspruch von 12 Tagen. Da die Minijobberin jedoch nur in 5 Monaten des Jahres arbeitet, wird der Anspruch anteilig gek\u00fcrzt.<\/span><\/em><\/p>\n<p><em><span style=\"font-weight: 400;\">Die Formel hierf\u00fcr lautet: <\/span><\/em><em><span style=\"font-weight: 400;\">12 Urlaubstage\/12 Monate x 5 Monate = 5. <\/span><\/em><em><span style=\"font-weight: 400;\">Die Minijobberin kann in ihrer f\u00fcnfmonatigen Saison also 5 Urlaubstage in Anspruch nehmen.<\/span><\/em><\/p>\n<p><strong>Tipp:<\/strong> Um Urlaubstage korrekt zu beantragen und rechtliche Fehler zu vermeiden, k\u00f6nnen Sie hier direkt unsere kostenlose Vorlage f\u00fcr den Urlaubsantrag herunterladen.<\/p>\n<p><span style=\"font-weight: 400;\"><div class=\"factorial-banner inline-banner banner-freebie category-urlaub-und-abwesenheiten\"\n    data-banner-id=\"164342\"\n    data-banner-type=\"freebie\"\n    data-category=\"Urlaub und Abwesenheiten\">\n    <div class=\"banner-content\">\n        <div class=\"banner-text\">\n                            <h4>Vorlage: Urlaubsantrag<\/h4>\n            \n                            <p>Verwenden Sie unsere kostenlose Vorlage, um Ihren Urlaubsantrag korrekt und unkompliziert einzureichen. Jetzt herunterladen und ausf\u00fcllen!<\/p>\n            \n                            <a href=\"https:\/\/factorialhr.de\/vorlagen\/vorlage-urlaubsantrag\"\n                    class=\"factorial-cta-button not-prose freebie\" data-cta=\"freebie\" data-cta-position=\"inline-banner\">\n                    Kostenlos herunterladen                <\/a>\n                    <\/div>\n\n        <div class=\"banner-image no-image\">\n            <img decoding=\"async\" src=\"https:\/\/factorialhr.de\/blog\/app\/plugins\/factorial-utilities\/assets\/images\/banners\/inline\/backgrounds\/default_image.svg\" class=\"not-prose\" \/>\n        <\/div>\n    <\/div>\n<\/div><\/span><\/p>\n<h2><strong>Bezahlung Minijob \u2013 Wie wird der Urlaub bei 556-Euro-Jobs bezahlt?<\/strong><\/h2>\n<p><span style=\"font-weight: 400;\">Arbeitgebende sind verpflichtet, Ihren Besch\u00e4ftigten ein <a href=\"https:\/\/factorialhr.de\/blog\/urlaubsentgelt\/\">Urlaubsentgelt<\/a> zu zahlen. Das gilt auch f\u00fcr geringf\u00fcgig Besch\u00e4ftigte. Denn auch diese haben einen Anspruch auf bezahlten Urlaub.<\/span><\/p>\n<p><strong>Achtung:\u00a0<\/strong>Verwechseln Sie nicht Urlaubsentgelt mit <a href=\"https:\/\/factorialhr.de\/blog\/urlaubsgeld\/\">Urlaubsgeld<\/a> (freiwillige Arbeitgeberleistung).<\/p>\n<p><span style=\"font-weight: 400;\">Minijobber*innen erhalten pro Urlaubstag den durchschnittlichen Verdienst, den sie die letzten 13 Wochen vor Urlaubsbeginn erhalten haben (<a href=\"https:\/\/factorialhr.de\/blog\/mehrarbeit\/\">\u00dcberstunden<\/a> ausgeschlossen). <\/span><span style=\"font-weight: 400;\">Laut <\/span><a href=\"https:\/\/www.gesetze-im-internet.de\/burlg\/__11.html\" target=\"_blank\" rel=\"noopener\"><span style=\"font-weight: 400;\">\u00a7 11 des Bundesurlaubsgesetzes<\/span><\/a><span style=\"font-weight: 400;\"> m\u00fcssen Arbeitgebende das Urlaubsentgelt vor Antritt des Urlaubs auszahlen.<\/span><\/p>\n<h3>Unterschied zwischen Urlaubsentgelt und Urlaubsgeld<\/h3>\n<p><span style=\"font-weight: 400;\">Viele Minijobber*innen verwechseln zwei unterschiedliche Begriffe, die rechtlich klar getrennt sind:<\/span><\/p>\n<p><b>Urlaubsentgelt (gesetzlich verpflichtend):<\/b><b><br \/>\n<\/b><span style=\"font-weight: 400;\"> Das ist Ihr normaler Lohn, den Besch\u00e4ftigte im Minijob w\u00e4hrend ihres Urlaubs weiterbezahlt bekommen. Alle Minijobber*innen haben darauf einen gesetzlichen Anspruch nach <a href=\"https:\/\/www.gesetze-im-internet.de\/burlg\/__11.html\" target=\"_blank\" rel=\"noopener\">\u00a7 11 BUrlG<\/a>. Die H\u00f6he entspricht dem durchschnittlichen Verdienst der letzten 13 Wochen vor Urlaubsbeginn und muss sp\u00e4testens bei Urlaubsantritt ausgezahlt werden.<\/span><\/p>\n<p><b>Urlaubsgeld (freiwillige Sonderzahlung):<\/b><b><br \/>\n<\/b><span style=\"font-weight: 400;\"> Das ist eine zus\u00e4tzliche Zahlung, die manche Vorgesetzte gew\u00e4hren \u2013 vergleichbar mit einem <a href=\"https:\/\/factorialhr.de\/blog\/mitarbeiter-bonussystem\/\">Bonus<\/a> oder <a href=\"https:\/\/factorialhr.de\/blog\/weihnachtsgeld-2023\/\">Weihnachtsgeld<\/a>. Darauf besteht kein gesetzlicher Anspruch. Urlaubsgeld wird nur gezahlt, wenn es im <a href=\"https:\/\/factorialhr.de\/blog\/arbeitsvertrag-minijob\/\">Arbeitsvertrag<\/a>, <a href=\"https:\/\/factorialhr.de\/blog\/tarifvertrag\/\">Tarifvertrag<\/a> oder einer <a href=\"https:\/\/factorialhr.de\/blog\/betriebsvereinbarung\/\">Betriebsvereinbarung<\/a> ausdr\u00fccklich vereinbart wurde.<\/span><\/p>\n<h2>Werden Feiertage im Minijob bezahlt?<\/h2>\n<p><span style=\"font-weight: 400;\">Minijobber*innen haben grunds\u00e4tzlich <\/span><b>Anspruch auf bezahlte <\/b><a href=\"https:\/\/factorialhr.de\/blog\/arbeiten-am-feiertag\/\">Feiertage<\/a><span style=\"font-weight: 400;\"> \u2013 allerdings nur dann, wenn der Feiertag auf einen Tag f\u00e4llt, an dem sie normalerweise arbeiten w\u00fcrden. Dies regelt das <\/span><b>Ausfallprinzip<\/b><span style=\"font-weight: 400;\"> nach <a href=\"https:\/\/www.gesetze-im-internet.de\/entgfg\/__2.html\" target=\"_blank\" rel=\"noopener\">\u00a7 2 Entgeltfortzahlungsgesetz (EFZG)<\/a>.<\/span><\/p>\n<p><b>Konkret bedeutet das:<\/b><\/p>\n<p><span style=\"font-weight: 400;\">Arbeiten Minijobber*innen beispielsweise jeden Montag und ein Feiertag f\u00e4llt auf einen Montag, erhalten diese ihr Entgelt f\u00fcr diesen Tag weiter. Vorgesetzte m\u00fcsen dann den Betrag, den die Besch\u00e4ftigten im Minijob an diesem Tag normalerweise verdient h\u00e4tten, zahlen. F\u00e4llt der Feiertag jedoch auf einen Dienstag und die jeweiligen Minijobber*innen arbeiten nie dienstags, haben diese auch keinen Anspruch auf Bezahlung.<\/span><\/p>\n<p><b>Wichtig:<\/b><span style=\"font-weight: 400;\"> Die Feiertagsverg\u00fctung darf bei der Pr\u00fcfung der 556-Euro-Grenze nicht zum regelm\u00e4\u00dfigen Arbeitsentgelt gez\u00e4hlt werden, da Feiertage unvorhersehbar und nicht planbar sind. Der Minijob bleibt auch dann sozialversicherungsfrei, wenn Sie durch Feiertagszahlungen gelegentlich \u00fcber die Verdienstgrenze kommen.<\/span><\/p>\n<p><b>Berechnungsbeispiel:<\/b><b><br \/>\n<\/b><em><span style=\"font-weight: 400;\"> Minijobber X arbeitet jeden Freitag 5 Stunden \u00e0 12,82 Euro = 64,10 Euro. Pfingstmontag f\u00e4llt auf seinen regul\u00e4ren Arbeitstag. Er erh\u00e4lt 64,10 Euro Feiertagsverg\u00fctung, ohne dass dies seinen Minijob-Status gef\u00e4hrdet.<\/span><\/em><\/p>\n<p><span style=\"font-weight: 400;\">Die Regelung gilt f\u00fcr alle gesetzlichen Feiertage des jeweiligen Bundeslandes \u2013 Baden-W\u00fcrttemberg hat beispielsweise mehr Feiertage als Schleswig-Holstein.<\/span><\/p>\n<h2>Verf\u00e4llt Resturlaub im Minijob?<\/h2>\n<p>Auch an dieser Stelle ist der Erholungsurlaub beim Minijob nach geltendem Recht des Bundesurlaubsgesetzes zu behandeln:<\/p>\n<p><a href=\"https:\/\/www.bundesarbeitsgericht.de\/entscheidung\/9-azr-401-19\/\" target=\"_blank\" rel=\"noopener\">Laut einem Urteil des Bundesarbeitsgerichts (BAG)<\/a> aus dem Jahr 2022 <strong>verf\u00e4llt Resturlaub nur dann<\/strong>, <span style=\"font-weight: 400;\">wenn der Arbeitgebende <\/span><b>rechtzeitig<\/b><span style=\"font-weight: 400;\"> auf drohenden Verfall <\/span><b>hingeweisen<\/b><span style=\"font-weight: 400;\">\u00a0und Urlaub <\/span>erm\u00f6glicht hat.<\/p>\n<h3>Unbezahlter Urlaub: Wann ist eine Abmeldung n\u00f6tig?<\/h3>\n<p><span style=\"font-weight: 400;\">Grunds\u00e4tzlich haben Minijobber*innen keinen gesetzlichen Anspruch auf <\/span><b>unbezahlten Urlaub<\/b><span style=\"font-weight: 400;\"> \u2013 Vorgesetzte k\u00f6nnen diesen aber kulanzweise gew\u00e4hren. Hier gibt es jedoch eine wichtige Meldepflicht zu beachten:<\/span><\/p>\n<p><b>Regelung:<\/b><span style=\"font-weight: 400;\"> Dauert der unbezahlte Urlaub <\/span><b>l\u00e4nger als einen Kalendermonat<\/b><span style=\"font-weight: 400;\">, m\u00fcssen Vorgesetzte die geringf\u00fcgig Besch\u00e4ftigten bei der Minijob-Zentrale abmelden und danach wieder anmelden. Dies gilt, weil in diesem Zeitraum kein Arbeitsentgelt gezahlt wird und die Besch\u00e4ftigung formal ruht.<\/span><\/p>\n<p><b>Achtung bei der Jahresgrenze:<\/b><span style=\"font-weight: 400;\"> Beachten Sie, dass bei l\u00e4ngeren unbezahlten Urlauben der Urlaubsanspruch Ihrer geringf\u00fcgigesch\u00e4ftigten anteilig gek\u00fcrzt werden kann, da diese nicht das gesamte Kalenderjahr besch\u00e4ftigt waren. Die Berechnung erfolgt nach der Teilurlaubs-Formel: (Anzahl voller Besch\u00e4ftigungsmonate \u00f7 12) \u00d7 Jahresurlaubsanspruch.<\/span><\/p>\n<h3><b>Wann verf\u00e4llt Resturlaub im Minijob?<\/b><\/h3>\n<p data-start=\"151\" data-end=\"406\">Grunds\u00e4tzlich muss Urlaub bis zum <strong data-start=\"185\" data-end=\"213\">31. M\u00e4rz des Folgejahres<\/strong> genommen werden (<a href=\"https:\/\/www.gesetze-im-internet.de\/burlg\/__7.html\" target=\"_blank\" rel=\"noopener\">\u00a7 7 Abs. 3 BUrlG<\/a>). Ein Verfall ist jedoch nur m\u00f6glich, wenn Vorgesetzte zuvor ihre <strong data-start=\"371\" data-end=\"391\">Hinweispflichten<\/strong> erf\u00fcllt haben.<\/p>\n<p data-start=\"442\" data-end=\"500\">Urlaub verf\u00e4llt <strong data-start=\"458\" data-end=\"479\">nicht automatisch<\/strong>. Arbeitgebende m\u00fcssen:<\/p>\n<ul data-start=\"502\" data-end=\"684\">\n<li data-start=\"502\" data-end=\"564\">\n<p data-start=\"504\" data-end=\"564\">Besch\u00e4ftigte <strong data-start=\"517\" data-end=\"543\">rechtzeitig auffordern<\/strong>, Urlaub zu nehmen,<\/p>\n<\/li>\n<li data-start=\"565\" data-end=\"618\">\n<p data-start=\"567\" data-end=\"618\"><strong data-start=\"567\" data-end=\"579\">deutlich<\/strong> auf den drohenden Verfall hinweisen,<\/p>\n<\/li>\n<li data-start=\"619\" data-end=\"684\">\n<p data-start=\"621\" data-end=\"684\">und die <strong data-start=\"629\" data-end=\"657\">tats\u00e4chliche M\u00f6glichkeit<\/strong> zur Urlaubsnahme schaffen.<\/p>\n<\/li>\n<\/ul>\n<p data-start=\"686\" data-end=\"849\">Das entschied das Bundesarbeitsgericht am <strong data-start=\"728\" data-end=\"749\">20. Dezember 2022 <\/strong>(<a href=\"https:\/\/www.bundesarbeitsgericht.de\/entscheidung\/9-azr-401-19\/\" target=\"_blank\" rel=\"noopener\">BAG, Urteil 9 AZR 401\/19<\/a>). Ohne diese Hinweise bleibt Urlaub bestehen \u2013 auch nach dem 31. M\u00e4rz.<\/p>\n<h3 data-start=\"921\" data-end=\"951\"><strong data-start=\"925\" data-end=\"949\">Sonderfall Krankheit<\/strong><\/h3>\n<p data-start=\"952\" data-end=\"1072\">Auch bei Langzeiterkrankung verf\u00e4llt Urlaub erst nach <strong data-start=\"1006\" data-end=\"1020\">15 Monaten<\/strong>, und nur, wenn die Hinweispflichten erf\u00fcllt wurden.<\/p>\n<h3 data-start=\"1074\" data-end=\"1114\"><strong data-start=\"1078\" data-end=\"1112\">Urlaubsabgeltung beim Austritt<\/strong><\/h3>\n<p data-start=\"1115\" data-end=\"1229\">Bei Beendigung des Arbeitsverh\u00e4ltnisses muss offener <a href=\"https:\/\/factorialhr.de\/blog\/urlaubsabgeltung-berechnen\/\">Urlaub ausgezahlt werden<\/a>. Ein Verzicht ist nicht m\u00f6glich.<\/p>\n<div class=\"factorial-newsletter-widget\"><div class='fac-newsletter-banner ' id=\"newsletter-section\">\n  <div class='fac-newsletter-banner__content'>\n    <div class=\"fac-newsletter-banner_heading-container\">\n      <h4 class='fac-newsletter-banner__title'>Aktuelle Einblicke in Management, F\u00fchrung und Team-Entwicklung<\/h4>    <\/div>\n    <form class=\"fac-newsletter-banner__form\">\n      <div class=\"fac-newsletter-banner__input-button-container\">\n        <label for=\"newsletter-input\" class=\"fac-newsletter-banner__container\">\n          <div class=\"fac-newsletter-banner__input-wrapper\">\n            <div class=\"fac-newsletter-banner__icon\">\n              <svg xmlns=\"http:\/\/www.w3.org\/2000\/svg\" width=\"24\" height=\"24\" viewBox=\"0 0 24 24\" class=\"fac-newsletter-banner__icon-svg\">\n                <path d=\"M4 8a2 2 0 0 1 2-2h12a2 2 0 0 1 2 2v8a2 2 0 0 1-2 2H6a2 2 0 0 1-2-2V8Zm12.586 0H7.414l3.879 3.879a1 1 0 0 0 1.414 0L16.586 8ZM6 9.414V16h12V9.414l-3.879 3.879a3 3 0 0 1-4.242 0L6 9.414Z\"><\/path>\n              <\/svg>\n            <\/div>\n            <input id=\"newsletter-input\" class=\"fac-newsletter-banner__input\" type=\"email\" required name=\"api_qualification_entry[contact_email]\" placeholder=\"E-Mail-Adresse\">\n            <input\n              type=\"hidden\"\n              name=\"api_qualification_entry[subscribed_to_factorial_newsletter]\"\n              value=\"true\" \/>\n            <input type=\"hidden\" name=\"api_qualification_entry[gdpr_tos]\" value=\"true\" \/>\n            <input type=\"hidden\" name=\"api_qualification_entry[iso_country]\" value=\"de\" \/>\n            <input type=\"hidden\" name=\"locale\" value=\"de\" \/>\n            <input type=\"hidden\" name=\"api_qualification_entry[marketing_form_campaign]\" value=\"blog_newsletter\" \/>\n          <\/div>\n          <div class=\"fac-newsletter-banner__button-wrapper fac-newsletter-banner__button-wrapper--desktop\">\n            <button type=\"submit\" class=\"fac-newsletter-banner__button\">\n              <span>Subscribe<\/span>\n            <\/button>\n          <\/div>\n        <\/label>\n        <div class=\"fac-newsletter-banner__button-wrapper fac-newsletter-banner__button-wrapper--mobile\">\n          <button type=\"submit\" class=\"fac-newsletter-banner__button\">\n            <span>Subscribe<\/span>\n          <\/button>\n        <\/div>\n      <\/div>\n      <p class='fac-newsletter-banner__consent'>\n        Mit Eingabe Ihrer E-Mail-Adresse und Klick auf &quot;Abonnieren&quot; stimmen Sie dem Erhalt von Newslettern und Marketing-E-Mails von EVERYDAY SOFTWARE, S.L. (Factorial) zu. In unserer <a href='\/datenschutz'>Datenschutzerkl\u00e4rung<\/a> finden Sie Informationen zur Datennutzung, Ihren DSGVO-Rechten und zum Widerruf Ihrer Einwilligung.      <\/p>\n    <\/form>\n  <\/div>\n  <div class='fac-newsletter-banner_feedback fac-newsletter-banner-is-hidden'>\n    <h4 class='fac-newsletter-banner_feedback__title'>Anmeldung erfolgreich!<\/h4>    <p class='fac-newsletter-banner_feedback__subtitle'>Bleiben Sie informiert! Ab jetzt finden Sie die wichtigsten News direkt in Ihrem Postfach!<\/p>\n  <\/div>\n  <div class='fac-newsletter-banner_error fac-newsletter-banner-is-hidden'>\n    <p class='text-sm text-red-600'>Etwas ist schief gelaufen. Bitte versuchen Sie es erneut.<\/p>\n  <\/div>\n<\/div>\n\n\n<script>\n  {\n    let eventCategory = \"newsletter-banner\"\n    let formNewsletter = document.querySelector(\".fac-newsletter-banner__form\");\n    let newsletterContainer = formNewsletter.closest(\".fac-newsletter-banner__content\");\n    let feedbackNewsletter = document.querySelector(\".fac-newsletter-banner_feedback\");\n    let errorNewsletter = document.querySelector(\".fac-newsletter-banner_error\");\n    let marketingFormCampaign = formNewsletter.querySelector(\n      'input[name=\"api_qualification_entry[marketing_form_campaign]\"]'\n    ).value\n    const submitButton = formNewsletter.querySelector(\"button[type='submit']\");\n\n    if (formNewsletter) {\n      const callback = (entries, observer) => {\n        entries.forEach((entry) => {\n          if (entry.isIntersecting) {\n            window.GoogleAnalytics.trackEvent({\n              action: 'viewed_newsletter_form',\n              category: eventCategory,\n              label: marketingFormCampaign,\n              isoCode: \"de\"\n            })\n          }\n        });\n      };\n      const observer = new IntersectionObserver(callback, {});\n      observer.observe(document.querySelector(\".fac-newsletter-banner\"));\n\n      formNewsletter.onsubmit = (e) => {\n        if (formNewsletter.checkValidity()) {\n          e.preventDefault();\n          submitButton.disabled = true\n\n          window.onSubscribeNewsletter({\n            onSuccess: () => {\n              newsletterContainer.classList.add('fac-newsletter-banner-is-hidden');\n              feedbackNewsletter.classList.add('fac-newsletter-banner-is-visible');\n              errorNewsletter.classList.remove('fac-newsletter-banner-is-visible');\n              errorNewsletter.classList.add('fac-newsletter-banner-is-hidden');\n            },\n            onError: (e) => {\n              console.error(\"error\", e);\n              errorNewsletter.classList.remove('fac-newsletter-banner-is-hidden');\n              errorNewsletter.classList.add('fac-newsletter-banner-is-visible');\n              submitButton.disabled = false;\n            },\n            eventCategory\n          })(e);\n        }\n      };\n    }\n  }\n<\/script>\n\n<\/div>\n<h2>FAQ zum Urlaubsanspruch im Minijob<\/h2>\n<h3><b>Haben Minijobber*innen Anspruch auf Urlaub?<\/b><\/h3>\n<p><span style=\"font-weight: 400;\">Ja. Der gesetzliche <\/span><b>Mindesturlaub<\/b><span style=\"font-weight: 400;\"> gilt auch im Minijob. Die Berechnung richtet sich nach <\/span><b>Arbeitstagen pro Woche<\/b><span style=\"font-weight: 400;\">, nicht nach Stunden. Nach <a href=\"https:\/\/www.gesetze-im-internet.de\/burlg\/__3.html\" target=\"_blank\" rel=\"noopener\">\u00a7 3 Bundesurlaubsgesetz<\/a> stehen mindestens 24 Werktage bei einer 6-Tage-Woche zu. Der tats\u00e4chliche Anspruch wird proportional zu den w\u00f6chentlichen Arbeitstagen der geringf\u00fcgig Besch\u00e4ftigten berechnet.<\/span><\/p>\n<h3>Wie viele Urlaubstage bei 556 Euro Job?<b><\/b><\/h3>\n<p><span style=\"font-weight: 400;\">Die Verdiensth\u00f6he ist f\u00fcr den Urlaubsanspruch irrelevant. Entscheidend sind ausschlie\u00dflich Ihre w\u00f6chentlichen Arbeitstage. Die Formel lautet: <strong>(Arbeitstage pro Woche \u00d7 24) \u00f7 6<\/strong>. Bei 2 Arbeitstagen pro Woche stehen Ihnen 8 Urlaubstage zu, bei 5 Tagen sind es 20 Urlaubstage \u2013 unabh\u00e4ngig davon, ob Sie 450, 520 oder 556 Euro monatlich verdienen.<\/span><\/p>\n<h3><b>Wie berechnet sich der Urlaubsanspruch im Minijob?<\/b><\/h3>\n<p data-start=\"138\" data-end=\"251\">Der Urlaubsanspruch wird auf Basis der gesetzlichen Vorgabe (24 Tage bei einer 6-Tage-Woche) wie folgt berechnet:<\/p>\n<p data-start=\"253\" data-end=\"325\">Urlaubstage pro Jahr = <strong>(Arbeitstage pro Woche \u00d7 24 Tage) \u00f7 6 Arbeitstage<\/strong><\/p>\n<p data-start=\"327\" data-end=\"341\"><strong data-start=\"327\" data-end=\"341\">Beispiele:<\/strong><\/p>\n<ul data-start=\"343\" data-end=\"543\">\n<li data-start=\"343\" data-end=\"408\">\n<p data-start=\"345\" data-end=\"408\">1 Arbeitstag pro Woche: (1 \u00d7 24) \u00f7 6 = 4 Urlaubstage pro Jahr<\/p>\n<\/li>\n<li data-start=\"409\" data-end=\"475\">\n<p data-start=\"411\" data-end=\"475\">2 Arbeitstage pro Woche: (2 \u00d7 24) \u00f7 6 = 8 Urlaubstage pro Jahr<\/p>\n<\/li>\n<li data-start=\"476\" data-end=\"543\">\n<p data-start=\"478\" data-end=\"543\">3 Arbeitstage pro Woche: (3 \u00d7 24) \u00f7 6 = 12 Urlaubstage pro Jahr<\/p>\n<\/li>\n<\/ul>\n<p data-start=\"545\" data-end=\"671\">Der Urlaubsanspruch entspricht jeweils <strong data-start=\"584\" data-end=\"610\">bezahlten Urlaubstagen<\/strong>, an denen die Besch\u00e4ftigten ihr normales Entgelt erhalten.<\/p>\n<h3><b>Wie viel Urlaubsanspruch bei 2-Tage-Woche?<\/b><\/h3>\n<p><b><\/b>Bei zwei Arbeitstagen pro Woche haben geringf\u00fcgig Besch\u00e4ftigte nach dieser Formel Anspruch auf <strong data-start=\"155\" data-end=\"181\">8 Urlaubstage pro Jahr<\/strong>. Die Berechnung lautet: <strong data-start=\"206\" data-end=\"226\">(2 \u00d7 24) \u00f7 6 = 8<\/strong>. Diese 8 Tage sind <strong data-start=\"246\" data-end=\"270\">bezahlte Urlaubstage<\/strong>, an denen die Besch\u00e4ftigten ihr normales Entgelt weiter erhalten.<\/p>\n<h3><b>Wann entsteht voller Urlaubsanspruch?<\/b><\/h3>\n<p>Der volle Urlaubsanspruch entsteht nach <strong data-start=\"148\" data-end=\"188\">sechsmonatiger Betriebszugeh\u00f6rigkeit<\/strong>. Davor besteht ein <strong data-start=\"208\" data-end=\"238\">anteiliger Urlaubsanspruch<\/strong>: F\u00fcr jeden vollen Monat der Besch\u00e4ftigung wird <strong data-start=\"286\" data-end=\"320\" data-is-only-node=\"\">ein Zw\u00f6lftel des Jahresurlaubs<\/strong> gew\u00e4hrt.<\/p>\n<h3><b>Gibt es Urlaubsgeld im Minijob?<\/b><\/h3>\n<p><b><\/b><span style=\"font-weight: 400;\"> Nur, wenn es <\/span><b>vertraglich bzw. tariflich<\/b><span style=\"font-weight: 400;\"> vereinbart ist. Gesetzlich verpflichtend ist nur die Auszahlung von <\/span><b>Urlaubsentgelt<\/b><span style=\"font-weight: 400;\">, nicht aber Urlaubsgeld.<\/span><\/p>\n<h3><b>Kann man sich Minijob-Urlaub auszahlen lassen?<\/b><\/h3>\n<p data-start=\"179\" data-end=\"316\">Grunds\u00e4tzlich <strong data-start=\"193\" data-end=\"247\">nicht w\u00e4hrend eines laufenden Arbeitsverh\u00e4ltnisses<\/strong>. Urlaub dient der Erholung und darf daher nicht ausgezahlt werden.<\/p>\n<p data-start=\"318\" data-end=\"457\"><strong data-start=\"318\" data-end=\"331\">Ausnahme:<\/strong> Bei <strong data-start=\"336\" data-end=\"363\">Beendigung des Minijobs<\/strong> muss nicht genommener Urlaub als <strong data-start=\"397\" data-end=\"417\">Urlaubsabgeltung<\/strong> ausgezahlt werden (<a href=\"https:\/\/www.gesetze-im-internet.de\/burlg\/__7.html\" target=\"_blank\" rel=\"noopener\">\u00a7\u202f7 Abs.\u202f4 BUrlG<\/a>).<\/p>\n<p data-start=\"459\" data-end=\"704\"><strong data-start=\"459\" data-end=\"471\">Hinweis:<\/strong> Eine Auszahlung w\u00e4hrend des laufenden Besch\u00e4ftigungsverh\u00e4ltnisses kann die <strong data-start=\"547\" data-end=\"566\">556-Euro-Grenze<\/strong> \u00fcberschreiten. In diesem Fall k\u00f6nnte der Minijob-Status verloren gehen.<\/p>\n<h3><b>Werden Feiertage im Minijob bezahlt?<\/b><\/h3>\n<p><b><\/b><span style=\"font-weight: 400;\"> \u00a0Ja, aber nur nach dem Ausfallprinzip: F\u00e4llt ein gesetzlicher Feiertag auf einen Tag, an dem Minijobber*innen normalerweise arbeiten, erhalten Sie Ihr Entgelt weiter (<a href=\"https:\/\/www.gesetze-im-internet.de\/entgfg\/__2.html\">\u00a7\u202f2 EFZG<\/a>). Arbeiten diese beispielsweise nur montags und der Feiertag ist ein Montag, werden Minijobber*innen f\u00fcr diesen Tag ganz normal bezahlt. F\u00e4llt der Feiertag auf einen Tag, an dem diese nie arbeiten, besteht kein Anspruch auf Bezahlung.<\/span><\/p>\n<h3><b>Urlaubsanspruch Minijob in der Probezeit?<\/b><\/h3>\n<p><b><\/b><span style=\"font-weight: 400;\"> Ja, auch w\u00e4hrend der Probezeit haben geringf\u00fcgig Besch\u00e4ftigte Urlaubsanspruch. In den ersten 6 Monaten gilt Teilurlaub: 1\/12 des Jahresurlaubs pro vollem Besch\u00e4ftigungsmonat. Nach 3 Monaten Besch\u00e4ftigung stehen ihnen also 3\/12 Ihres Jahresurlaubs zu. Ab dem 7. Besch\u00e4ftigungsmonat erwerben sie den vollen Jahresurlaub. Die Wartezeit nach <a href=\"https:\/\/www.gesetze-im-internet.de\/burlg\/__4.html\" target=\"_blank\" rel=\"noopener\">\u00a7 4 BUrlG<\/a> gilt unabh\u00e4ngig von einer eventuellen Probezeit.<\/span><\/p>\n<p><script type=\"application\/ld+json\">\n{\n  \"@context\": \"https:\/\/schema.org\",\n  \"@type\": \"FAQPage\",\n  \"mainEntity\": [{\n    \"@type\": \"Question\",\n    \"name\": \"Haben Minijobber*innen Anspruch auf Urlaub?\",\n    \"acceptedAnswer\": {\n      \"@type\": \"Answer\",\n      \"text\": \"Ja. Der gesetzliche Mindesturlaub gilt auch im Minijob. Die Berechnung richtet sich nach Arbeitstagen pro Woche, nicht nach Stunden. Nach \u00a7 3 Bundesurlaubsgesetz stehen mindestens 24 Werktage bei einer 6-Tage-Woche zu. Der tats\u00e4chliche Anspruch wird proportional zu den w\u00f6chentlichen Arbeitstagen der geringf\u00fcgig Besch\u00e4ftigten berechnet.\"\n    }\n  },{\n    \"@type\": \"Question\",\n    \"name\": \"Wie viele Urlaubstage bei 556 Euro Job?\",\n    \"acceptedAnswer\": {\n      \"@type\": \"Answer\",\n      \"text\": \"Die Verdiensth\u00f6he ist f\u00fcr den Urlaubsanspruch irrelevant. Entscheidend sind ausschlie\u00dflich Ihre w\u00f6chentlichen Arbeitstage. Die Formel lautet: (Arbeitstage pro Woche \u00d7 24) \u00f7 6. Bei 2 Arbeitstagen pro Woche stehen Ihnen 8 Urlaubstage zu, bei 5 Tagen sind es 20 Urlaubstage \u2013 unabh\u00e4ngig davon, ob Sie 450, 520 oder 556 Euro monatlich verdienen.\"\n    }\n  },{\n    \"@type\": \"Question\",\n    \"name\": \"Wie berechnet sich der Urlaubsanspruch im Minijob?\",\n    \"acceptedAnswer\": {\n      \"@type\": \"Answer\",\n      \"text\": \"Der Urlaubsanspruch wird auf Basis der gesetzlichen Vorgabe (24 Tage bei einer 6-Tage-Woche) wie folgt berechnet:<\/p>\n<p>Urlaubstage pro Jahr = (Arbeitstage pro Woche \u00d7 24 Tage) \u00f7 6 Arbeitstage<\/p>\n<p>Beispiele:<\/p>\n<p>1 Arbeitstag pro Woche: (1 \u00d7 24) \u00f7 6 = 4 Urlaubstage pro Jahr<\/p>\n<p>2 Arbeitstage pro Woche: (2 \u00d7 24) \u00f7 6 = 8 Urlaubstage pro Jahr<\/p>\n<p>3 Arbeitstage pro Woche: (3 \u00d7 24) \u00f7 6 = 12 Urlaubstage pro Jahr<\/p>\n<p>Der Urlaubsanspruch entspricht jeweils bezahlten Urlaubstagen, an denen die Besch\u00e4ftigten ihr normales Entgelt erhalten.\"\n    }\n  },{\n    \"@type\": \"Question\",\n    \"name\": \"Wie viel Urlaubsanspruch bei 2-Tage-Woche?\",\n    \"acceptedAnswer\": {\n      \"@type\": \"Answer\",\n      \"text\": \"Bei zwei Arbeitstagen pro Woche haben geringf\u00fcgig Besch\u00e4ftigte nach dieser Formel Anspruch auf 8 Urlaubstage pro Jahr. Die Berechnung lautet: (2 \u00d7 24) \u00f7 6 = 8. Diese 8 Tage sind bezahlte Urlaubstage, an denen die Besch\u00e4ftigten ihr normales Entgelt weiter erhalten.\"\n    }\n  },{\n    \"@type\": \"Question\",\n    \"name\": \"Wann entsteht voller Urlaubsanspruch?\",\n    \"acceptedAnswer\": {\n      \"@type\": \"Answer\",\n      \"text\": \"Der volle Urlaubsanspruch entsteht nach sechsmonatiger Betriebszugeh\u00f6rigkeit. Davor besteht ein anteiliger Urlaubsanspruch: F\u00fcr jeden vollen Monat der Besch\u00e4ftigung wird ein Zw\u00f6lftel des Jahresurlaubs gew\u00e4hrt.\"\n    }\n  },{\n    \"@type\": \"Question\",\n    \"name\": \"Gibt es Urlaubsgeld im Minijob?\",\n    \"acceptedAnswer\": {\n      \"@type\": \"Answer\",\n      \"text\": \"Nur, wenn es vertraglich bzw. tariflich vereinbart ist. Gesetzlich verpflichtend ist nur die Auszahlung von Urlaubsentgelt, nicht aber Urlaubsgeld.\"\n    }\n  },{\n    \"@type\": \"Question\",\n    \"name\": \"Kann man sich Minijob-Urlaub auszahlen lassen?\",\n    \"acceptedAnswer\": {\n      \"@type\": \"Answer\",\n      \"text\": \"Grunds\u00e4tzlich nicht w\u00e4hrend eines laufenden Arbeitsverh\u00e4ltnisses. Urlaub dient der Erholung und darf daher nicht ausgezahlt werden.<\/p>\n<p>Ausnahme: Bei Beendigung des Minijobs muss nicht genommener Urlaub als Urlaubsabgeltung ausgezahlt werden (\u00a7\u202f7 Abs.\u202f4 BUrlG).<\/p>\n<p>Hinweis: Eine Auszahlung w\u00e4hrend des laufenden Besch\u00e4ftigungsverh\u00e4ltnisses kann die 556-Euro-Grenze \u00fcberschreiten. In diesem Fall k\u00f6nnte der Minijob-Status verloren gehen.\"\n    }\n  },{\n    \"@type\": \"Question\",\n    \"name\": \"Werden Feiertage im Minijob bezahlt?\",\n    \"acceptedAnswer\": {\n      \"@type\": \"Answer\",\n      \"text\": \"Ja, aber nur nach dem Ausfallprinzip: F\u00e4llt ein gesetzlicher Feiertag auf einen Tag, an dem Minijobber*innen normalerweise arbeiten, erhalten Sie Ihr Entgelt weiter (\u00a7\u202f2 EFZG). Arbeiten diese beispielsweise nur montags und der Feiertag ist ein Montag, werden Minijobber*innen f\u00fcr diesen Tag ganz normal bezahlt. F\u00e4llt der Feiertag auf einen Tag, an dem diese nie arbeiten, besteht kein Anspruch auf Bezahlung.\"\n    }\n  },{\n    \"@type\": \"Question\",\n    \"name\": \"Urlaubsanspruch Minijob in der Probezeit?\",\n    \"acceptedAnswer\": {\n      \"@type\": \"Answer\",\n      \"text\": \"Ja, auch w\u00e4hrend der Probezeit haben geringf\u00fcgig Besch\u00e4ftigte Urlaubsanspruch. In den ersten 6 Monaten gilt Teilurlaub: 1\/12 des Jahresurlaubs pro vollem Besch\u00e4ftigungsmonat. Nach 3 Monaten Besch\u00e4ftigung stehen ihnen also 3\/12 Ihres Jahresurlaubs zu. Ab dem 7. Besch\u00e4ftigungsmonat erwerben sie den vollen Jahresurlaub. Die Wartezeit nach \u00a7 4 BUrlG gilt unabh\u00e4ngig von einer eventuellen Probezeit.\"\n    }\n  }]\n}\n<\/script><\/p>\n","protected":false},"excerpt":{"rendered":"<p>Wie sieht der Urlaubsanspruch von Minijobber*innen aus? Knapp 20 Prozent der Besch\u00e4ftigten auf dem deutschen Arbeitsmarkt sind geringf\u00fcgig Besch\u00e4ftigte, sogenannte Minijobber*innen. Im Gegensatz zu Vollzeit- und Teilzeitbesch\u00e4ftigten k\u00f6nnen sie bis zu einer gesetzlich festgelegten Verdienstgrenze von derzeit 556 Euro im Monat (Stand 2025) verdienen. Wie bei Teilzeitkr\u00e4ften ist auch bei Minijobber*innen die Berechnung des Urlaubs<a href=\"https:\/\/factorialhr.de\/blog\/urlaubsanspruch-minijobber\/\" class=\"read-more\"> [&#8230;]<\/a><\/p>\n","protected":false},"author":112,"featured_media":166463,"comment_status":"closed","ping_status":"closed","sticky":false,"template":"","format":"standard","meta":{"_acf_changed":false,"footnotes":""},"categories":[188],"tags":[],"class_list":["post-98293","post","type-post","status-publish","format-standard","has-post-thumbnail","hentry","category-urlaubsmanagement"],"acf":{"topics":"time-time-off"},"yoast_head":"<!-- This site is optimized with the Yoast SEO Premium plugin v21.5 (Yoast SEO v21.9.1) - https:\/\/yoast.com\/wordpress\/plugins\/seo\/ -->\n<title>Urlaubsanspruch Minijobber: Was gilt? - Factorial<\/title>\n<meta name=\"description\" content=\"Urlaubsanspruch Minijobber. Formel: (Arbeitstage \u00d7 24) \u00f7 6. Bei 2 Tagen\/Woche = 8 Urlaubstage. Alle Regelungen 2025 + Rechner\" \/>\n<meta name=\"robots\" content=\"index, follow, max-snippet:-1, max-image-preview:large, max-video-preview:-1\" \/>\n<link rel=\"canonical\" href=\"https:\/\/factorialhr.de\/blog\/urlaubsanspruch-minijobber\/\" \/>\n<meta property=\"og:locale\" content=\"de_DE\" \/>\n<meta property=\"og:type\" content=\"article\" \/>\n<meta property=\"og:title\" content=\"Urlaubsanspruch Minijobber*innen: Berechnung und Bezahlung\" \/>\n<meta property=\"og:description\" content=\"Urlaubsanspruch Minijobber. Formel: (Arbeitstage \u00d7 24) \u00f7 6. Bei 2 Tagen\/Woche = 8 Urlaubstage. Alle Regelungen 2025 + Rechner\" \/>\n<meta property=\"og:url\" content=\"https:\/\/factorialhr.de\/blog\/urlaubsanspruch-minijobber\/\" \/>\n<meta property=\"og:site_name\" content=\"Factorial\" \/>\n<meta property=\"article:publisher\" content=\"https:\/\/www.facebook.com\/people\/Factorial\/100064908455810\/\" \/>\n<meta property=\"article:published_time\" content=\"2025-11-19T12:42:08+00:00\" \/>\n<meta property=\"article:modified_time\" content=\"2025-11-21T10:23:36+00:00\" \/>\n<meta property=\"og:image\" content=\"https:\/\/factorialhr.de\/wp-content\/uploads\/2025\/02\/20093622\/urlaubsanspruch-minijob.webp\" \/>\n\t<meta property=\"og:image:width\" content=\"1280\" \/>\n\t<meta property=\"og:image:height\" content=\"720\" \/>\n\t<meta property=\"og:image:type\" content=\"image\/webp\" \/>\n<meta name=\"author\" content=\"Marie-Louise Messerschmidt\" \/>\n<meta name=\"twitter:card\" content=\"summary_large_image\" \/>\n<meta name=\"twitter:creator\" content=\"@factorialapp\" \/>\n<meta name=\"twitter:site\" content=\"@factorialapp\" \/>\n<meta name=\"twitter:label1\" content=\"Written by\" \/>\n\t<meta name=\"twitter:data1\" content=\"Marie-Louise Messerschmidt\" \/>\n\t<meta name=\"twitter:label2\" content=\"Est. reading time\" \/>\n\t<meta name=\"twitter:data2\" content=\"11 Minuten\" \/>\n<script type=\"application\/ld+json\" class=\"yoast-schema-graph\">{\"@context\":\"https:\/\/schema.org\",\"@graph\":[{\"@type\":\"Article\",\"@id\":\"https:\/\/factorialhr.de\/blog\/urlaubsanspruch-minijobber\/#article\",\"isPartOf\":{\"@id\":\"https:\/\/factorialhr.de\/blog\/urlaubsanspruch-minijobber\/\"},\"author\":{\"name\":\"Marie-Louise Messerschmidt\",\"@id\":\"https:\/\/factorialhr.de\/blog\/#\/schema\/person\/8c62dbde419683b23e49e1ddcc9cd52f\"},\"headline\":\"Urlaubsanspruch Minijobber*innen: Berechnung und Bezahlung\",\"datePublished\":\"2025-11-19T12:42:08+00:00\",\"dateModified\":\"2025-11-21T10:23:36+00:00\",\"mainEntityOfPage\":{\"@id\":\"https:\/\/factorialhr.de\/blog\/urlaubsanspruch-minijobber\/\"},\"wordCount\":2325,\"publisher\":{\"@id\":\"https:\/\/factorialhr.de\/blog\/#organization\"},\"articleSection\":[\"Urlaub und Abwesenheiten\"],\"inLanguage\":\"de-DE\"},{\"@type\":\"WebPage\",\"@id\":\"https:\/\/factorialhr.de\/blog\/urlaubsanspruch-minijobber\/\",\"url\":\"https:\/\/factorialhr.de\/blog\/urlaubsanspruch-minijobber\/\",\"name\":\"Urlaubsanspruch Minijobber: Was gilt? - Factorial\",\"isPartOf\":{\"@id\":\"https:\/\/factorialhr.de\/blog\/#website\"},\"datePublished\":\"2025-11-19T12:42:08+00:00\",\"dateModified\":\"2025-11-21T10:23:36+00:00\",\"description\":\"Urlaubsanspruch Minijobber. Formel: (Arbeitstage \u00d7 24) \u00f7 6. Bei 2 Tagen\/Woche = 8 Urlaubstage. Alle Regelungen 2025 + Rechner\",\"inLanguage\":\"de-DE\",\"potentialAction\":[{\"@type\":\"ReadAction\",\"target\":[\"https:\/\/factorialhr.de\/blog\/urlaubsanspruch-minijobber\/\"]}]},{\"@type\":\"WebSite\",\"@id\":\"https:\/\/factorialhr.de\/blog\/#website\",\"url\":\"https:\/\/factorialhr.de\/blog\/\",\"name\":\"Factorial\",\"description\":\"\",\"publisher\":{\"@id\":\"https:\/\/factorialhr.de\/blog\/#organization\"},\"potentialAction\":[{\"@type\":\"SearchAction\",\"target\":{\"@type\":\"EntryPoint\",\"urlTemplate\":\"https:\/\/factorialhr.de\/blog\/?s={search_term_string}\"},\"query-input\":\"required name=search_term_string\"}],\"inLanguage\":\"de-DE\"},{\"@type\":\"Organization\",\"@id\":\"https:\/\/factorialhr.de\/blog\/#organization\",\"name\":\"All-in-one business management software - Factorial\",\"url\":\"https:\/\/factorialhr.de\/blog\/\",\"logo\":{\"@type\":\"ImageObject\",\"inLanguage\":\"de-DE\",\"@id\":\"https:\/\/factorialhr.de\/blog\/#\/schema\/logo\/image\/\",\"url\":\"https:\/\/factorialhr.de\/wp-content\/uploads\/2023\/07\/18155144\/factorial-logo.png\",\"contentUrl\":\"https:\/\/factorialhr.de\/wp-content\/uploads\/2023\/07\/18155144\/factorial-logo.png\",\"width\":946,\"height\":880,\"caption\":\"All-in-one business management software - Factorial\"},\"image\":{\"@id\":\"https:\/\/factorialhr.de\/blog\/#\/schema\/logo\/image\/\"},\"sameAs\":[\"https:\/\/www.facebook.com\/people\/Factorial\/100064908455810\/\",\"https:\/\/twitter.com\/factorialapp\",\"https:\/\/www.linkedin.com\/company\/factorialhr\",\"https:\/\/www.youtube.com\/@factorialmedia\",\"https:\/\/www.instagram.com\/factorial\/#\"]},{\"@type\":\"Person\",\"@id\":\"https:\/\/factorialhr.de\/blog\/#\/schema\/person\/8c62dbde419683b23e49e1ddcc9cd52f\",\"name\":\"Marie-Louise Messerschmidt\",\"image\":{\"@type\":\"ImageObject\",\"inLanguage\":\"de-DE\",\"@id\":\"https:\/\/factorialhr.de\/blog\/#\/schema\/person\/image\/\",\"url\":\"https:\/\/secure.gravatar.com\/avatar\/95f420e6138a2befae05fed9d10b393a?s=96&d=identicon&r=g\",\"contentUrl\":\"https:\/\/secure.gravatar.com\/avatar\/95f420e6138a2befae05fed9d10b393a?s=96&d=identicon&r=g\",\"caption\":\"Marie-Louise Messerschmidt\"},\"description\":\"Marie-Louise Messerschmidt ist SEO Content Writer bei Factorial HR und auf rechtlich-strategische HR-Themen spezialisiert. Seit 2017 besch\u00e4ftigt sie sich intensiv mit Entwicklungen im Personalwesen \u2013 mit besonderem Blick auf Gesetzes\u00e4nderungen, Organisationsstrategien und digitale Tools. Ihr interdisziplin\u00e4rer Studienhintergrund in Betriebswirtschaftslehre und Sprachwissenschaften unterst\u00fctzt sie dabei, komplexe Inhalte pr\u00e4zise und verst\u00e4ndlich aufzubereiten.\",\"sameAs\":[\"https:\/\/www.linkedin.com\/in\/marie-m-569011177\/\"],\"url\":\"https:\/\/factorialhr.de\/blog\/author\/marie-louise-messerschmidt\/\"}]}<\/script>\n<!-- \/ Yoast SEO Premium plugin. -->","yoast_head_json":{"title":"Urlaubsanspruch Minijobber: Was gilt? - Factorial","description":"Urlaubsanspruch Minijobber. Formel: (Arbeitstage \u00d7 24) \u00f7 6. Bei 2 Tagen\/Woche = 8 Urlaubstage. Alle Regelungen 2025 + Rechner","robots":{"index":"index","follow":"follow","max-snippet":"max-snippet:-1","max-image-preview":"max-image-preview:large","max-video-preview":"max-video-preview:-1"},"canonical":"https:\/\/factorialhr.de\/blog\/urlaubsanspruch-minijobber\/","og_locale":"de_DE","og_type":"article","og_title":"Urlaubsanspruch Minijobber*innen: Berechnung und Bezahlung","og_description":"Urlaubsanspruch Minijobber. Formel: (Arbeitstage \u00d7 24) \u00f7 6. Bei 2 Tagen\/Woche = 8 Urlaubstage. Alle Regelungen 2025 + Rechner","og_url":"https:\/\/factorialhr.de\/blog\/urlaubsanspruch-minijobber\/","og_site_name":"Factorial","article_publisher":"https:\/\/www.facebook.com\/people\/Factorial\/100064908455810\/","article_published_time":"2025-11-19T12:42:08+00:00","article_modified_time":"2025-11-21T10:23:36+00:00","og_image":[{"width":1280,"height":720,"url":"https:\/\/factorialhr.de\/wp-content\/uploads\/2025\/02\/20093622\/urlaubsanspruch-minijob.webp","type":"image\/webp"}],"author":"Marie-Louise Messerschmidt","twitter_card":"summary_large_image","twitter_creator":"@factorialapp","twitter_site":"@factorialapp","twitter_misc":{"Written by":"Marie-Louise Messerschmidt","Est. reading time":"11 Minuten"},"schema":{"@context":"https:\/\/schema.org","@graph":[{"@type":"Article","@id":"https:\/\/factorialhr.de\/blog\/urlaubsanspruch-minijobber\/#article","isPartOf":{"@id":"https:\/\/factorialhr.de\/blog\/urlaubsanspruch-minijobber\/"},"author":{"name":"Marie-Louise Messerschmidt","@id":"https:\/\/factorialhr.de\/blog\/#\/schema\/person\/8c62dbde419683b23e49e1ddcc9cd52f"},"headline":"Urlaubsanspruch Minijobber*innen: Berechnung und Bezahlung","datePublished":"2025-11-19T12:42:08+00:00","dateModified":"2025-11-21T10:23:36+00:00","mainEntityOfPage":{"@id":"https:\/\/factorialhr.de\/blog\/urlaubsanspruch-minijobber\/"},"wordCount":2325,"publisher":{"@id":"https:\/\/factorialhr.de\/blog\/#organization"},"articleSection":["Urlaub und Abwesenheiten"],"inLanguage":"de-DE"},{"@type":"WebPage","@id":"https:\/\/factorialhr.de\/blog\/urlaubsanspruch-minijobber\/","url":"https:\/\/factorialhr.de\/blog\/urlaubsanspruch-minijobber\/","name":"Urlaubsanspruch Minijobber: Was gilt? - Factorial","isPartOf":{"@id":"https:\/\/factorialhr.de\/blog\/#website"},"datePublished":"2025-11-19T12:42:08+00:00","dateModified":"2025-11-21T10:23:36+00:00","description":"Urlaubsanspruch Minijobber. Formel: (Arbeitstage \u00d7 24) \u00f7 6. Bei 2 Tagen\/Woche = 8 Urlaubstage. Alle Regelungen 2025 + Rechner","inLanguage":"de-DE","potentialAction":[{"@type":"ReadAction","target":["https:\/\/factorialhr.de\/blog\/urlaubsanspruch-minijobber\/"]}]},{"@type":"WebSite","@id":"https:\/\/factorialhr.de\/blog\/#website","url":"https:\/\/factorialhr.de\/blog\/","name":"Factorial","description":"","publisher":{"@id":"https:\/\/factorialhr.de\/blog\/#organization"},"potentialAction":[{"@type":"SearchAction","target":{"@type":"EntryPoint","urlTemplate":"https:\/\/factorialhr.de\/blog\/?s={search_term_string}"},"query-input":"required name=search_term_string"}],"inLanguage":"de-DE"},{"@type":"Organization","@id":"https:\/\/factorialhr.de\/blog\/#organization","name":"All-in-one business management software - Factorial","url":"https:\/\/factorialhr.de\/blog\/","logo":{"@type":"ImageObject","inLanguage":"de-DE","@id":"https:\/\/factorialhr.de\/blog\/#\/schema\/logo\/image\/","url":"https:\/\/factorialhr.de\/wp-content\/uploads\/2023\/07\/18155144\/factorial-logo.png","contentUrl":"https:\/\/factorialhr.de\/wp-content\/uploads\/2023\/07\/18155144\/factorial-logo.png","width":946,"height":880,"caption":"All-in-one business management software - Factorial"},"image":{"@id":"https:\/\/factorialhr.de\/blog\/#\/schema\/logo\/image\/"},"sameAs":["https:\/\/www.facebook.com\/people\/Factorial\/100064908455810\/","https:\/\/twitter.com\/factorialapp","https:\/\/www.linkedin.com\/company\/factorialhr","https:\/\/www.youtube.com\/@factorialmedia","https:\/\/www.instagram.com\/factorial\/#"]},{"@type":"Person","@id":"https:\/\/factorialhr.de\/blog\/#\/schema\/person\/8c62dbde419683b23e49e1ddcc9cd52f","name":"Marie-Louise Messerschmidt","image":{"@type":"ImageObject","inLanguage":"de-DE","@id":"https:\/\/factorialhr.de\/blog\/#\/schema\/person\/image\/","url":"https:\/\/secure.gravatar.com\/avatar\/95f420e6138a2befae05fed9d10b393a?s=96&d=identicon&r=g","contentUrl":"https:\/\/secure.gravatar.com\/avatar\/95f420e6138a2befae05fed9d10b393a?s=96&d=identicon&r=g","caption":"Marie-Louise Messerschmidt"},"description":"Marie-Louise Messerschmidt ist SEO Content Writer bei Factorial HR und auf rechtlich-strategische HR-Themen spezialisiert. Seit 2017 besch\u00e4ftigt sie sich intensiv mit Entwicklungen im Personalwesen \u2013 mit besonderem Blick auf Gesetzes\u00e4nderungen, Organisationsstrategien und digitale Tools. Ihr interdisziplin\u00e4rer Studienhintergrund in Betriebswirtschaftslehre und Sprachwissenschaften unterst\u00fctzt sie dabei, komplexe Inhalte pr\u00e4zise und verst\u00e4ndlich aufzubereiten.","sameAs":["https:\/\/www.linkedin.com\/in\/marie-m-569011177\/"],"url":"https:\/\/factorialhr.de\/blog\/author\/marie-louise-messerschmidt\/"}]}},"_links":{"self":[{"href":"https:\/\/factorialhr.de\/blog\/wp-json\/wp\/v2\/posts\/98293"}],"collection":[{"href":"https:\/\/factorialhr.de\/blog\/wp-json\/wp\/v2\/posts"}],"about":[{"href":"https:\/\/factorialhr.de\/blog\/wp-json\/wp\/v2\/types\/post"}],"author":[{"embeddable":true,"href":"https:\/\/factorialhr.de\/blog\/wp-json\/wp\/v2\/users\/112"}],"replies":[{"embeddable":true,"href":"https:\/\/factorialhr.de\/blog\/wp-json\/wp\/v2\/comments?post=98293"}],"version-history":[{"count":60,"href":"https:\/\/factorialhr.de\/blog\/wp-json\/wp\/v2\/posts\/98293\/revisions"}],"predecessor-version":[{"id":173882,"href":"https:\/\/factorialhr.de\/blog\/wp-json\/wp\/v2\/posts\/98293\/revisions\/173882"}],"wp:featuredmedia":[{"embeddable":true,"href":"https:\/\/factorialhr.de\/blog\/wp-json\/wp\/v2\/media\/166463"}],"wp:attachment":[{"href":"https:\/\/factorialhr.de\/blog\/wp-json\/wp\/v2\/media?parent=98293"}],"wp:term":[{"taxonomy":"category","embeddable":true,"href":"https:\/\/factorialhr.de\/blog\/wp-json\/wp\/v2\/categories?post=98293"},{"taxonomy":"post_tag","embeddable":true,"href":"https:\/\/factorialhr.de\/blog\/wp-json\/wp\/v2\/tags?post=98293"}],"curies":[{"name":"wp","href":"https:\/\/api.w.org\/{rel}","templated":true}]}}